{"id":5144,"date":"2020-10-28T12:14:23","date_gmt":"2020-10-28T11:14:23","guid":{"rendered":"https:\/\/www.sgeaj.ch\/actualite\/non-classifiee\/pensee-histoire-et-projections-du-religieux-au-tournant-des-lumieres-germaine-de-stael-benjamin-constant-et-leurs-contemporains\/"},"modified":"2025-04-23T17:59:31","modified_gmt":"2025-04-23T15:59:31","slug":"pensee-histoire-et-projections-du-religieux-au-tournant-des-lumieres-germaine-de-stael-benjamin-constant-et-leurs-contemporains","status":"publish","type":"post","link":"https:\/\/www.sgeaj.ch\/fr\/projets-recherche\/pensee-histoire-et-projections-du-religieux-au-tournant-des-lumieres-germaine-de-stael-benjamin-constant-et-leurs-contemporains\/","title":{"rendered":"Germaine de Sta\u00ebl, Benjamin Constant et leurs contemporains"},"content":{"rendered":"\n<h3 class=\"wp-block-heading\">Projet du Fonds National Suisse 2019-2022 <\/h3>\n\n\n\n<h3 class=\"wp-block-heading\">Pens\u00e9e, histoire et projections du religieux au tournant des Lumi\u00e8res : Germaine de Sta\u00ebl, Benjamin Constant et leurs contemporains<\/h3>\n\n\n<p style=\"text-align: justify;\">Longtemps n\u00e9glig\u00e9e dans le champ des \u00e9tudes fran\u00e7aises, la p\u00e9riode 1780-1830 a fait l\u2019objet, ces derni\u00e8res d\u00e9cennies, d\u2019un int\u00e9r\u00eat grandissant manifest\u00e9 par la publication d\u2019ouvrages importants qui ont permis de remettre en lumi\u00e8re la richesse de ce temps d\u2019entre-deux. Le pr\u00e9sent projet s\u2019inscrit dans ce mouvement. Il a pour objectif g\u00e9n\u00e9ral d\u2019offrir un examen diff\u00e9renci\u00e9 de plusieurs manifestations des relations que l\u2019on peut observer, en ce temps, entre les \u00e9l\u00e9ments d\u2019une culture religieuse en plein questionnement et la production litt\u00e9raire au sens large (de la fiction \u00e0 l\u2019historiographie). Il ne s\u2019agit donc pas d\u2019\u00e9clairer des questions de religion dans le champ des sciences religieuses et moins encore de la th\u00e9ologie, mais de les aborder dans une perspective d\u2019histoire culturelle et litt\u00e9raire.<br \/>Le Groupe de Coppet, r\u00e9uni informellement autour de Germaine de Sta\u00ebl depuis son premier salon parisien au milieu des ann\u00e9es 1780 jusqu\u2019apr\u00e8s son d\u00e9c\u00e8s en 1817, offre un cadre ad\u00e9quat pour notre projet, m\u00eame si nous ne pr\u00e9tendons pas aborder la question de la religion chez tous les auteurs qui ont \u00e9t\u00e9 li\u00e9s \u00e0 ce groupe. Il s\u2019agit ici de se concentrer sur deux aspects qui nous semblent compl\u00e9mentaires : 1. la pens\u00e9e \u00ab religieuse \u00bb de G. de Sta\u00ebl telle qu\u2019elle se d\u00e9ploie de fa\u00e7on diffract\u00e9e et transverse dans l\u2019ensemble de son oeuvre (les trait\u00e9s, les essais, les fictions, la correspondance) et 2. l\u2019approche historique de la religion exerc\u00e9e par Benjamin Constant dans l\u2019immense entreprise qui l\u2019a occup\u00e9 pendant une quarantaine d\u2019ann\u00e9es pour aboutir \u00e0 la publication du vaste essai <em>De la Religion<\/em> (1824-1831) et de l\u2019ouvrage posthume <em>Du Polyth\u00e9isme romain<\/em> (1833). Autour de ces deux \u00e9tudes sp\u00e9cifiques, le projet envisage d\u2019approcher aussi les formes de la culture religieuse \u00e0 la m\u00eame \u00e9poque, dans une perspective plus g\u00e9n\u00e9rale et th\u00e9matique, quoique totalement in\u00e9dite, en d\u00e9veloppant une recherche sur les oeuvres de fiction de langue fran\u00e7aise qui proposent, sous diverses formes, des reformulations du r\u00e9cit de la cr\u00e9ation du monde tel qu\u2019il a \u00e9t\u00e9 fix\u00e9 dans la Gen\u00e8se. Ainsi, ce sont trois chantiers qui sont envisag\u00e9s, dans une articulation suffisamment solide et coh\u00e9rente pour que les recherches puissent b\u00e9n\u00e9ficier des avantages d\u2019un v\u00e9ritable travail d\u2019\u00e9quipe et que les r\u00e9sultats puissent apporter une contribution pluridimensionnelle \u00e0 la connaissance sur le sujet.<\/p>\n<p>Le projet pr\u00e9voit donc de se d\u00e9velopper autour des approches, productions et activit\u00e9s suivantes :<\/p>\n<ol>\n<li>Une th\u00e8se de doctorat en litt\u00e9rature fran\u00e7aise sur le motif de la cr\u00e9ation du monde revu par les romanciers de la p\u00e9riode 1780-1830 (1 poste de doctorant pour 4 ans) ;<\/li>\n<li>Une th\u00e8se de doctorat en histoire des id\u00e9es et litt\u00e9rature sur la religion dans la pens\u00e9e et l\u2019oeuvre de Germaine de Sta\u00ebl (1 poste de doctorant pour 4 ans) ;<\/li>\n<li>La pr\u00e9paration de l\u2019\u00e9dition scientifique de l\u2019ouvrage de B. Constant <em>Du Polyth\u00e9isme romain<\/em> pour la s\u00e9rie des <em>Oeuvres compl\u00e8tes<\/em> de B. Constant (1 poste de postdoctorant pour 3 ans) ;<\/li>\n<\/ol>\n<p>Parall\u00e8lement, l\u2019\u00e9quipe du projet sera l\u2019acteur principal dans l\u2019organisation scientifique du XIIe Colloque international de Coppet consacr\u00e9 \u00e0 l\u2019\u00e9tude de la religion dans le Groupe de Coppet, pr\u00e9vu \u00e0 l\u2019Universit\u00e9 de G\u00f6ttingen en \u00e9t\u00e9 2022.<\/p>\n<p>Direction du projet : Prof. Fran\u00e7ois Rosset (Universit\u00e9 de Lausanne)<\/p>\n\n\n<p><\/p>\n","protected":false},"excerpt":{"rendered":"<p>Projet du Fonds National Suisse 2019-2022 Pens\u00e9e, histoire et projections du religieux au tournant des Lumi\u00e8res : Germaine de Sta\u00ebl, Benjamin Constant et leurs contemporains Longtemps n\u00e9glig\u00e9e dans le champ des \u00e9tudes fran\u00e7aises, la p\u00e9riode 1780-1830 a fait l\u2019objet, ces derni\u00e8res d\u00e9cennies, d\u2019un int\u00e9r\u00eat grandissant manifest\u00e9 par la publication d\u2019ouvrages importants qui ont permis de [&hellip;]<\/p>\n","protected":false},"author":7,"featured_media":3734,"comment_status":"closed","ping_status":"closed","sticky":false,"template":"","format":"standard","meta":{"footnotes":""},"categories":[45,52],"tags":[],"class_list":{"0":"post-5144","1":"post","2":"type-post","3":"status-publish","4":"format-standard","5":"has-post-thumbnail","7":"category-projets-recherche","8":"category-recherches-achevees","9":"czr-hentry"},"yoast_head":"<!-- This site is optimized with the Yoast SEO plugin v26.9 - https:\/\/yoast.com\/product\/yoast-seo-wordpress\/ -->\n<title>Germaine de Sta\u00ebl, Benjamin Constant et leurs contemporains - Schweizerische Gesellschaft f\u00fcr die Erforschung des 18. Jahrhunderts (SGEAJ - SSEDS)<\/title>\n<meta name=\"robots\" content=\"index, follow, max-snippet:-1, max-image-preview:large, max-video-preview:-1\" \/>\n<link rel=\"canonical\" href=\"https:\/\/www.sgeaj.ch\/fr\/projets-recherche\/pensee-histoire-et-projections-du-religieux-au-tournant-des-lumieres-germaine-de-stael-benjamin-constant-et-leurs-contemporains\/\" \/>\n<meta name=\"twitter:label1\" content=\"\u00c9crit par\" \/>\n\t<meta name=\"twitter:data1\" content=\"Nadja Ackermann\" \/>\n\t<meta name=\"twitter:label2\" content=\"Dur\u00e9e de lecture estim\u00e9e\" \/>\n\t<meta name=\"twitter:data2\" content=\"3 minutes\" \/>\n<script type=\"application\/ld+json\" class=\"yoast-schema-graph\">{\"@context\":\"https:\/\/schema.org\",\"@graph\":[{\"@type\":\"Article\",\"@id\":\"https:\/\/www.sgeaj.ch\/fr\/projets-recherche\/pensee-histoire-et-projections-du-religieux-au-tournant-des-lumieres-germaine-de-stael-benjamin-constant-et-leurs-contemporains\/#article\",\"isPartOf\":{\"@id\":\"https:\/\/www.sgeaj.ch\/fr\/projets-recherche\/pensee-histoire-et-projections-du-religieux-au-tournant-des-lumieres-germaine-de-stael-benjamin-constant-et-leurs-contemporains\/\"},\"author\":{\"name\":\"Nadja Ackermann\",\"@id\":\"https:\/\/www.sgeaj.ch\/fr\/#\/schema\/person\/2cd839eed625879a17645fc9f307c8e7\"},\"headline\":\"Germaine de Sta\u00ebl, Benjamin Constant et leurs contemporains\",\"datePublished\":\"2020-10-28T11:14:23+00:00\",\"dateModified\":\"2025-04-23T15:59:31+00:00\",\"mainEntityOfPage\":{\"@id\":\"https:\/\/www.sgeaj.ch\/fr\/projets-recherche\/pensee-histoire-et-projections-du-religieux-au-tournant-des-lumieres-germaine-de-stael-benjamin-constant-et-leurs-contemporains\/\"},\"wordCount\":639,\"publisher\":{\"@id\":\"https:\/\/www.sgeaj.ch\/fr\/#organization\"},\"image\":{\"@id\":\"https:\/\/www.sgeaj.ch\/fr\/projets-recherche\/pensee-histoire-et-projections-du-religieux-au-tournant-des-lumieres-germaine-de-stael-benjamin-constant-et-leurs-contemporains\/#primaryimage\"},\"thumbnailUrl\":\"https:\/\/www.sgeaj.ch\/wp-content\/uploads\/2019\/01\/2019-projet-FNS-Rosset.jpg\",\"articleSection\":[\"Projets de recherche\",\"Recherches achev\u00e9es\"],\"inLanguage\":\"fr-FR\"},{\"@type\":\"WebPage\",\"@id\":\"https:\/\/www.sgeaj.ch\/fr\/projets-recherche\/pensee-histoire-et-projections-du-religieux-au-tournant-des-lumieres-germaine-de-stael-benjamin-constant-et-leurs-contemporains\/\",\"url\":\"https:\/\/www.sgeaj.ch\/fr\/projets-recherche\/pensee-histoire-et-projections-du-religieux-au-tournant-des-lumieres-germaine-de-stael-benjamin-constant-et-leurs-contemporains\/\",\"name\":\"Germaine de Sta\u00ebl, Benjamin Constant et leurs contemporains - Schweizerische Gesellschaft f\u00fcr die Erforschung des 18. Jahrhunderts (SGEAJ - SSEDS)\",\"isPartOf\":{\"@id\":\"https:\/\/www.sgeaj.ch\/fr\/#website\"},\"primaryImageOfPage\":{\"@id\":\"https:\/\/www.sgeaj.ch\/fr\/projets-recherche\/pensee-histoire-et-projections-du-religieux-au-tournant-des-lumieres-germaine-de-stael-benjamin-constant-et-leurs-contemporains\/#primaryimage\"},\"image\":{\"@id\":\"https:\/\/www.sgeaj.ch\/fr\/projets-recherche\/pensee-histoire-et-projections-du-religieux-au-tournant-des-lumieres-germaine-de-stael-benjamin-constant-et-leurs-contemporains\/#primaryimage\"},\"thumbnailUrl\":\"https:\/\/www.sgeaj.ch\/wp-content\/uploads\/2019\/01\/2019-projet-FNS-Rosset.jpg\",\"datePublished\":\"2020-10-28T11:14:23+00:00\",\"dateModified\":\"2025-04-23T15:59:31+00:00\",\"breadcrumb\":{\"@id\":\"https:\/\/www.sgeaj.ch\/fr\/projets-recherche\/pensee-histoire-et-projections-du-religieux-au-tournant-des-lumieres-germaine-de-stael-benjamin-constant-et-leurs-contemporains\/#breadcrumb\"},\"inLanguage\":\"fr-FR\",\"potentialAction\":[{\"@type\":\"ReadAction\",\"target\":[\"https:\/\/www.sgeaj.ch\/fr\/projets-recherche\/pensee-histoire-et-projections-du-religieux-au-tournant-des-lumieres-germaine-de-stael-benjamin-constant-et-leurs-contemporains\/\"]}]},{\"@type\":\"ImageObject\",\"inLanguage\":\"fr-FR\",\"@id\":\"https:\/\/www.sgeaj.ch\/fr\/projets-recherche\/pensee-histoire-et-projections-du-religieux-au-tournant-des-lumieres-germaine-de-stael-benjamin-constant-et-leurs-contemporains\/#primaryimage\",\"url\":\"https:\/\/www.sgeaj.ch\/wp-content\/uploads\/2019\/01\/2019-projet-FNS-Rosset.jpg\",\"contentUrl\":\"https:\/\/www.sgeaj.ch\/wp-content\/uploads\/2019\/01\/2019-projet-FNS-Rosset.jpg\",\"width\":627,\"height\":471},{\"@type\":\"BreadcrumbList\",\"@id\":\"https:\/\/www.sgeaj.ch\/fr\/projets-recherche\/pensee-histoire-et-projections-du-religieux-au-tournant-des-lumieres-germaine-de-stael-benjamin-constant-et-leurs-contemporains\/#breadcrumb\",\"itemListElement\":[{\"@type\":\"ListItem\",\"position\":1,\"name\":\"Recherche\",\"item\":\"https:\/\/www.sgeaj.ch\/fr\/recherche\/\"},{\"@type\":\"ListItem\",\"position\":2,\"name\":\"Projets de recherche\",\"item\":\"https:\/\/www.sgeaj.ch\/fr\/recherche\/projets-de-recherche\/\"},{\"@type\":\"ListItem\",\"position\":3,\"name\":\"Germaine de Sta\u00ebl, Benjamin Constant et leurs contemporains\"}]},{\"@type\":\"WebSite\",\"@id\":\"https:\/\/www.sgeaj.ch\/fr\/#website\",\"url\":\"https:\/\/www.sgeaj.ch\/fr\/\",\"name\":\"Schweizerische Gesellschaft f\u00fcr die Erforschung des 18. Jahrhunderts (SGEAJ - SSEDS)\",\"description\":\"Schweizerische Gesellschaft f\u00fcr die Erforschung des 18. Jahrhunderts\",\"publisher\":{\"@id\":\"https:\/\/www.sgeaj.ch\/fr\/#organization\"},\"potentialAction\":[{\"@type\":\"SearchAction\",\"target\":{\"@type\":\"EntryPoint\",\"urlTemplate\":\"https:\/\/www.sgeaj.ch\/fr\/?s={search_term_string}\"},\"query-input\":{\"@type\":\"PropertyValueSpecification\",\"valueRequired\":true,\"valueName\":\"search_term_string\"}}],\"inLanguage\":\"fr-FR\"},{\"@type\":\"Organization\",\"@id\":\"https:\/\/www.sgeaj.ch\/fr\/#organization\",\"name\":\"Schweizerische Gesellschaft f\u00fcr die Erforschung des 18. Jahrhunderts (SGEAJ - SSEDS)\",\"url\":\"https:\/\/www.sgeaj.ch\/fr\/\",\"logo\":{\"@type\":\"ImageObject\",\"inLanguage\":\"fr-FR\",\"@id\":\"https:\/\/www.sgeaj.ch\/fr\/#\/schema\/logo\/image\/\",\"url\":\"https:\/\/www.sgeaj.ch\/wp-content\/uploads\/2021\/06\/cropped-logo-xviiies-horiz-abreuviations-bleues.png\",\"contentUrl\":\"https:\/\/www.sgeaj.ch\/wp-content\/uploads\/2021\/06\/cropped-logo-xviiies-horiz-abreuviations-bleues.png\",\"width\":659,\"height\":335,\"caption\":\"Schweizerische Gesellschaft f\u00fcr die Erforschung des 18. Jahrhunderts (SGEAJ - SSEDS)\"},\"image\":{\"@id\":\"https:\/\/www.sgeaj.ch\/fr\/#\/schema\/logo\/image\/\"}},{\"@type\":\"Person\",\"@id\":\"https:\/\/www.sgeaj.ch\/fr\/#\/schema\/person\/2cd839eed625879a17645fc9f307c8e7\",\"name\":\"Nadja Ackermann\",\"url\":\"https:\/\/www.sgeaj.ch\/fr\/author\/naackermann\/\"}]}<\/script>\n<!-- \/ Yoast SEO plugin. -->","yoast_head_json":{"title":"Germaine de Sta\u00ebl, Benjamin Constant et leurs contemporains - Schweizerische Gesellschaft f\u00fcr die Erforschung des 18. Jahrhunderts (SGEAJ - SSEDS)","robots":{"index":"index","follow":"follow","max-snippet":"max-snippet:-1","max-image-preview":"max-image-preview:large","max-video-preview":"max-video-preview:-1"},"canonical":"https:\/\/www.sgeaj.ch\/fr\/projets-recherche\/pensee-histoire-et-projections-du-religieux-au-tournant-des-lumieres-germaine-de-stael-benjamin-constant-et-leurs-contemporains\/","twitter_misc":{"\u00c9crit par":"Nadja Ackermann","Dur\u00e9e de lecture estim\u00e9e":"3 minutes"},"schema":{"@context":"https:\/\/schema.org","@graph":[{"@type":"Article","@id":"https:\/\/www.sgeaj.ch\/fr\/projets-recherche\/pensee-histoire-et-projections-du-religieux-au-tournant-des-lumieres-germaine-de-stael-benjamin-constant-et-leurs-contemporains\/#article","isPartOf":{"@id":"https:\/\/www.sgeaj.ch\/fr\/projets-recherche\/pensee-histoire-et-projections-du-religieux-au-tournant-des-lumieres-germaine-de-stael-benjamin-constant-et-leurs-contemporains\/"},"author":{"name":"Nadja Ackermann","@id":"https:\/\/www.sgeaj.ch\/fr\/#\/schema\/person\/2cd839eed625879a17645fc9f307c8e7"},"headline":"Germaine de Sta\u00ebl, Benjamin Constant et leurs contemporains","datePublished":"2020-10-28T11:14:23+00:00","dateModified":"2025-04-23T15:59:31+00:00","mainEntityOfPage":{"@id":"https:\/\/www.sgeaj.ch\/fr\/projets-recherche\/pensee-histoire-et-projections-du-religieux-au-tournant-des-lumieres-germaine-de-stael-benjamin-constant-et-leurs-contemporains\/"},"wordCount":639,"publisher":{"@id":"https:\/\/www.sgeaj.ch\/fr\/#organization"},"image":{"@id":"https:\/\/www.sgeaj.ch\/fr\/projets-recherche\/pensee-histoire-et-projections-du-religieux-au-tournant-des-lumieres-germaine-de-stael-benjamin-constant-et-leurs-contemporains\/#primaryimage"},"thumbnailUrl":"https:\/\/www.sgeaj.ch\/wp-content\/uploads\/2019\/01\/2019-projet-FNS-Rosset.jpg","articleSection":["Projets de recherche","Recherches achev\u00e9es"],"inLanguage":"fr-FR"},{"@type":"WebPage","@id":"https:\/\/www.sgeaj.ch\/fr\/projets-recherche\/pensee-histoire-et-projections-du-religieux-au-tournant-des-lumieres-germaine-de-stael-benjamin-constant-et-leurs-contemporains\/","url":"https:\/\/www.sgeaj.ch\/fr\/projets-recherche\/pensee-histoire-et-projections-du-religieux-au-tournant-des-lumieres-germaine-de-stael-benjamin-constant-et-leurs-contemporains\/","name":"Germaine de Sta\u00ebl, Benjamin Constant et leurs contemporains - Schweizerische Gesellschaft f\u00fcr die Erforschung des 18. Jahrhunderts (SGEAJ - SSEDS)","isPartOf":{"@id":"https:\/\/www.sgeaj.ch\/fr\/#website"},"primaryImageOfPage":{"@id":"https:\/\/www.sgeaj.ch\/fr\/projets-recherche\/pensee-histoire-et-projections-du-religieux-au-tournant-des-lumieres-germaine-de-stael-benjamin-constant-et-leurs-contemporains\/#primaryimage"},"image":{"@id":"https:\/\/www.sgeaj.ch\/fr\/projets-recherche\/pensee-histoire-et-projections-du-religieux-au-tournant-des-lumieres-germaine-de-stael-benjamin-constant-et-leurs-contemporains\/#primaryimage"},"thumbnailUrl":"https:\/\/www.sgeaj.ch\/wp-content\/uploads\/2019\/01\/2019-projet-FNS-Rosset.jpg","datePublished":"2020-10-28T11:14:23+00:00","dateModified":"2025-04-23T15:59:31+00:00","breadcrumb":{"@id":"https:\/\/www.sgeaj.ch\/fr\/projets-recherche\/pensee-histoire-et-projections-du-religieux-au-tournant-des-lumieres-germaine-de-stael-benjamin-constant-et-leurs-contemporains\/#breadcrumb"},"inLanguage":"fr-FR","potentialAction":[{"@type":"ReadAction","target":["https:\/\/www.sgeaj.ch\/fr\/projets-recherche\/pensee-histoire-et-projections-du-religieux-au-tournant-des-lumieres-germaine-de-stael-benjamin-constant-et-leurs-contemporains\/"]}]},{"@type":"ImageObject","inLanguage":"fr-FR","@id":"https:\/\/www.sgeaj.ch\/fr\/projets-recherche\/pensee-histoire-et-projections-du-religieux-au-tournant-des-lumieres-germaine-de-stael-benjamin-constant-et-leurs-contemporains\/#primaryimage","url":"https:\/\/www.sgeaj.ch\/wp-content\/uploads\/2019\/01\/2019-projet-FNS-Rosset.jpg","contentUrl":"https:\/\/www.sgeaj.ch\/wp-content\/uploads\/2019\/01\/2019-projet-FNS-Rosset.jpg","width":627,"height":471},{"@type":"BreadcrumbList","@id":"https:\/\/www.sgeaj.ch\/fr\/projets-recherche\/pensee-histoire-et-projections-du-religieux-au-tournant-des-lumieres-germaine-de-stael-benjamin-constant-et-leurs-contemporains\/#breadcrumb","itemListElement":[{"@type":"ListItem","position":1,"name":"Recherche","item":"https:\/\/www.sgeaj.ch\/fr\/recherche\/"},{"@type":"ListItem","position":2,"name":"Projets de recherche","item":"https:\/\/www.sgeaj.ch\/fr\/recherche\/projets-de-recherche\/"},{"@type":"ListItem","position":3,"name":"Germaine de Sta\u00ebl, Benjamin Constant et leurs contemporains"}]},{"@type":"WebSite","@id":"https:\/\/www.sgeaj.ch\/fr\/#website","url":"https:\/\/www.sgeaj.ch\/fr\/","name":"Schweizerische Gesellschaft f\u00fcr die Erforschung des 18. Jahrhunderts (SGEAJ - SSEDS)","description":"Schweizerische Gesellschaft f\u00fcr die Erforschung des 18. Jahrhunderts","publisher":{"@id":"https:\/\/www.sgeaj.ch\/fr\/#organization"},"potentialAction":[{"@type":"SearchAction","target":{"@type":"EntryPoint","urlTemplate":"https:\/\/www.sgeaj.ch\/fr\/?s={search_term_string}"},"query-input":{"@type":"PropertyValueSpecification","valueRequired":true,"valueName":"search_term_string"}}],"inLanguage":"fr-FR"},{"@type":"Organization","@id":"https:\/\/www.sgeaj.ch\/fr\/#organization","name":"Schweizerische Gesellschaft f\u00fcr die Erforschung des 18. Jahrhunderts (SGEAJ - SSEDS)","url":"https:\/\/www.sgeaj.ch\/fr\/","logo":{"@type":"ImageObject","inLanguage":"fr-FR","@id":"https:\/\/www.sgeaj.ch\/fr\/#\/schema\/logo\/image\/","url":"https:\/\/www.sgeaj.ch\/wp-content\/uploads\/2021\/06\/cropped-logo-xviiies-horiz-abreuviations-bleues.png","contentUrl":"https:\/\/www.sgeaj.ch\/wp-content\/uploads\/2021\/06\/cropped-logo-xviiies-horiz-abreuviations-bleues.png","width":659,"height":335,"caption":"Schweizerische Gesellschaft f\u00fcr die Erforschung des 18. Jahrhunderts (SGEAJ - SSEDS)"},"image":{"@id":"https:\/\/www.sgeaj.ch\/fr\/#\/schema\/logo\/image\/"}},{"@type":"Person","@id":"https:\/\/www.sgeaj.ch\/fr\/#\/schema\/person\/2cd839eed625879a17645fc9f307c8e7","name":"Nadja Ackermann","url":"https:\/\/www.sgeaj.ch\/fr\/author\/naackermann\/"}]}},"_links":{"self":[{"href":"https:\/\/www.sgeaj.ch\/fr\/wp-json\/wp\/v2\/posts\/5144","targetHints":{"allow":["GET"]}}],"collection":[{"href":"https:\/\/www.sgeaj.ch\/fr\/wp-json\/wp\/v2\/posts"}],"about":[{"href":"https:\/\/www.sgeaj.ch\/fr\/wp-json\/wp\/v2\/types\/post"}],"author":[{"embeddable":true,"href":"https:\/\/www.sgeaj.ch\/fr\/wp-json\/wp\/v2\/users\/7"}],"replies":[{"embeddable":true,"href":"https:\/\/www.sgeaj.ch\/fr\/wp-json\/wp\/v2\/comments?post=5144"}],"version-history":[{"count":2,"href":"https:\/\/www.sgeaj.ch\/fr\/wp-json\/wp\/v2\/posts\/5144\/revisions"}],"predecessor-version":[{"id":5972,"href":"https:\/\/www.sgeaj.ch\/fr\/wp-json\/wp\/v2\/posts\/5144\/revisions\/5972"}],"wp:featuredmedia":[{"embeddable":true,"href":"https:\/\/www.sgeaj.ch\/fr\/wp-json\/wp\/v2\/media\/3734"}],"wp:attachment":[{"href":"https:\/\/www.sgeaj.ch\/fr\/wp-json\/wp\/v2\/media?parent=5144"}],"wp:term":[{"taxonomy":"category","embeddable":true,"href":"https:\/\/www.sgeaj.ch\/fr\/wp-json\/wp\/v2\/categories?post=5144"},{"taxonomy":"post_tag","embeddable":true,"href":"https:\/\/www.sgeaj.ch\/fr\/wp-json\/wp\/v2\/tags?post=5144"}],"curies":[{"name":"wp","href":"https:\/\/api.w.org\/{rel}","templated":true}]}}