{"id":5145,"date":"2020-10-28T12:36:29","date_gmt":"2020-10-28T11:36:29","guid":{"rendered":"https:\/\/www.sgeaj.ch\/actualite\/non-classifiee\/valorisation-scientifique-des-ecrits-personnels-de-lepoque-moderne-en-suisse-latine-xvie-debut-xixe-siecle\/"},"modified":"2021-04-02T15:50:43","modified_gmt":"2021-04-02T13:50:43","slug":"valorisation-scientifique-des-ecrits-personnels-de-lepoque-moderne-en-suisse-latine-xvie-debut-xixe-siecle","status":"publish","type":"post","link":"https:\/\/www.sgeaj.ch\/fr\/projets-recherche\/recherches-achevees\/valorisation-scientifique-des-ecrits-personnels-de-lepoque-moderne-en-suisse-latine-xvie-debut-xixe-siecle\/","title":{"rendered":"Les \u00e9crits personnels de l\u2019\u00e9poque moderne en Suisse latine"},"content":{"rendered":"\n<h3 class=\"wp-block-heading\">Projet du Fonds National Suisse 2011-2018<\/h3>\n\n\n\n<h3 class=\"wp-block-heading\">Valorisation scientifique des \u00e9crits personnels de l\u2019\u00e9poque moderne en Suisse latine (XVIe \u2013 d\u00e9but XIXe si\u00e8cle)<\/h3>\n\n\n\n<p>Ce projet vise le d\u00e9veloppement d\u2019une base de donn\u00e9es d\u2019\u00e9crits du for priv\u00e9 de Suisse latine \u00e0 l\u2019\u00e9poque moderne ainsi que son exploitation scientifique autour de trois axes de recherches articul\u00e9s respectivement autour des \u00e9crits du for priv\u00e9 de Suisse italienne (1), des pratiques d\u2019\u00e9criture du voyage (2) et de l\u2019\u00e9criture ordinaire f\u00e9minine (3). A l\u2019instar de projets lanc\u00e9s en Hollande, en France et, plus r\u00e9cemment, en Espagne, les \u00e9crits personnels (journaux, livres de raison, m\u00e9moires etc.) r\u00e9dig\u00e9s entre 1500 et 1800 et d\u00e9pos\u00e9s dans les principales archives et biblioth\u00e8ques suisses ont fait l\u2019objet, \u00e0 partir des ann\u00e9es 1990, d\u2019un recensement pour le territoire suisse-al\u00e9manique. Dans le cadre du projet \u00ab Selbstzeugnisse als Quelle der Mentalit\u00e4tsgeschichte \u00bb, dirig\u00e9 par K. von Greyerz (Universit\u00e9 de B\u00e2le), une base de donn\u00e9es informatis\u00e9e riche de plus de 800 textes a vu le jour.<\/p>\n\n\n\n<p>Plus r\u00e9cemment un projet similaire, visant \u00e0 moyen terme une r\u00e9union des donn\u00e9es avec le projet b\u00e2lois, a \u00e9t\u00e9 entam\u00e9 pour la Suisse romande, sous la direction de D. Tosato-Rigo : plus de 2\u2019000 documents ont \u00e9t\u00e9 rep\u00e9r\u00e9s, dont 500, en majorit\u00e9 du XVIIIe-d\u00e9but du XIXe si\u00e8cles ont \u00e9t\u00e9 inventori\u00e9s entre 2010 et 2012 par deux collaboratrices (F. Fleischner et S. Moret Petrini). C\u2019est cette base de donn\u00e9es que le projet se propose d\u2019\u00e9largir, en tenant compte du fait que les chercheurs en Suisse et \u00e0 l\u2019\u00e9tranger sont toujours plus nombreux \u00e0 recourir \u00e0 de telles sources, irrempla\u00e7ables pour l\u2019\u00e9tude des pratiques socio-culturelles d\u2019Ancien R\u00e9gime. D\u2019une part, il s\u2019agira de visibiliser au profit des chercheurs, non seulement en histoire, mais en histoire de l\u2019art, en langues et litt\u00e9rature etc. plusieurs centaines d\u2019\u00e9crits du for priv\u00e9 rep\u00e9r\u00e9s dans les archives romandes \u2013 tr\u00e8s riches en fonds de familles \u2013 mais non encore fich\u00e9s dans la base romande, tout en offrant de nouvelles possibilit\u00e9s de les exploiter. A c\u00f4t\u00e9 de cet \u00e9largissement quantitatif, le projet permettra en effet une valorisation qualitative de telles sources, en s\u2019int\u00e9ressant plus particuli\u00e8rement aux pratiques du voyage des Romand-e-s au XVIIIe si\u00e8cle, bien moins connues que ceux des \u00e9trangers en Suisse, ainsi qu\u2019aux rapports sociaux de sexe, sous l\u2019angle d\u2019une analyse contextualis\u00e9e des pratiques de l\u2019\u00e9criture ordinaire. Ce faisant, le projet entend lancer une passerelle entre les recherches sur les \u00e9crits du for priv\u00e9 qui prennent toujours plus en consid\u00e9ration les liens entre individus et soci\u00e9t\u00e9, autour du concept d\u2019agentivit\u00e9 (agency) et celles sur la culture de l\u2019\u00e9crit, plus attentive aux formes des textes, aux conventions qui les r\u00e9gissent et aux contraintes qui s\u2019exercent sur les pratiques d\u2019\u00e9criture. Enfin, il s\u2019agira d\u2019\u00e9largir g\u00e9ographiquement la base, en y incluant la Suisse italienne ce qui permettra l\u2019\u00e9laboration d\u2019un outil de recherche sur les \u00e9crits du for priv\u00e9 \u00e0 l\u2019\u00e9chelle suisse.<\/p>\n\n\n\n<p><a href=\"http:\/\/wp.unil.ch\/egodocuments\" target=\"_blank\" rel=\"noreferrer noopener\">\u2192 Lien vers la base de donn\u00e9es.<\/a><\/p>\n","protected":false},"excerpt":{"rendered":"<p>Projet du Fonds National Suisse 2011-2018 Valorisation scientifique des \u00e9crits personnels de l\u2019\u00e9poque moderne en Suisse latine (XVIe \u2013 d\u00e9but XIXe si\u00e8cle) Ce projet vise le d\u00e9veloppement d\u2019une base de donn\u00e9es d\u2019\u00e9crits du for priv\u00e9 de Suisse latine \u00e0 l\u2019\u00e9poque moderne ainsi que son exploitation scientifique autour de trois axes de recherches articul\u00e9s respectivement autour [&hellip;]<\/p>\n","protected":false},"author":7,"featured_media":3469,"comment_status":"closed","ping_status":"closed","sticky":false,"template":"","format":"standard","meta":{"footnotes":""},"categories":[45,52],"tags":[],"class_list":{"0":"post-5145","1":"post","2":"type-post","3":"status-publish","4":"format-standard","5":"has-post-thumbnail","7":"category-projets-recherche","8":"category-recherches-achevees","9":"czr-hentry"},"yoast_head":"<!-- This site is optimized with the Yoast SEO plugin v26.9 - https:\/\/yoast.com\/product\/yoast-seo-wordpress\/ -->\n<title>Les \u00e9crits personnels de l\u2019\u00e9poque moderne en Suisse latine - Schweizerische Gesellschaft f\u00fcr die Erforschung des 18. Jahrhunderts (SGEAJ - SSEDS)<\/title>\n<meta name=\"robots\" content=\"index, follow, max-snippet:-1, max-image-preview:large, max-video-preview:-1\" \/>\n<link rel=\"canonical\" href=\"https:\/\/www.sgeaj.ch\/fr\/projets-recherche\/recherches-achevees\/valorisation-scientifique-des-ecrits-personnels-de-lepoque-moderne-en-suisse-latine-xvie-debut-xixe-siecle\/\" \/>\n<meta name=\"twitter:label1\" content=\"\u00c9crit par\" \/>\n\t<meta name=\"twitter:data1\" content=\"Nadja Ackermann\" \/>\n\t<meta name=\"twitter:label2\" content=\"Dur\u00e9e de lecture estim\u00e9e\" \/>\n\t<meta name=\"twitter:data2\" content=\"3 minutes\" \/>\n<script type=\"application\/ld+json\" class=\"yoast-schema-graph\">{\"@context\":\"https:\/\/schema.org\",\"@graph\":[{\"@type\":\"Article\",\"@id\":\"https:\/\/www.sgeaj.ch\/fr\/projets-recherche\/recherches-achevees\/valorisation-scientifique-des-ecrits-personnels-de-lepoque-moderne-en-suisse-latine-xvie-debut-xixe-siecle\/#article\",\"isPartOf\":{\"@id\":\"https:\/\/www.sgeaj.ch\/fr\/projets-recherche\/recherches-achevees\/valorisation-scientifique-des-ecrits-personnels-de-lepoque-moderne-en-suisse-latine-xvie-debut-xixe-siecle\/\"},\"author\":{\"name\":\"Nadja Ackermann\",\"@id\":\"https:\/\/www.sgeaj.ch\/fr\/#\/schema\/person\/2cd839eed625879a17645fc9f307c8e7\"},\"headline\":\"Les \u00e9crits personnels de l\u2019\u00e9poque moderne en Suisse latine\",\"datePublished\":\"2020-10-28T11:36:29+00:00\",\"dateModified\":\"2021-04-02T13:50:43+00:00\",\"mainEntityOfPage\":{\"@id\":\"https:\/\/www.sgeaj.ch\/fr\/projets-recherche\/recherches-achevees\/valorisation-scientifique-des-ecrits-personnels-de-lepoque-moderne-en-suisse-latine-xvie-debut-xixe-siecle\/\"},\"wordCount\":545,\"publisher\":{\"@id\":\"https:\/\/www.sgeaj.ch\/fr\/#organization\"},\"image\":{\"@id\":\"https:\/\/www.sgeaj.ch\/fr\/projets-recherche\/recherches-achevees\/valorisation-scientifique-des-ecrits-personnels-de-lepoque-moderne-en-suisse-latine-xvie-debut-xixe-siecle\/#primaryimage\"},\"thumbnailUrl\":\"https:\/\/www.sgeaj.ch\/wp-content\/uploads\/2013\/08\/Recherche-base-egodocuments.jpg\",\"articleSection\":[\"Projets de recherche\",\"Recherches achev\u00e9es\"],\"inLanguage\":\"fr-FR\"},{\"@type\":\"WebPage\",\"@id\":\"https:\/\/www.sgeaj.ch\/fr\/projets-recherche\/recherches-achevees\/valorisation-scientifique-des-ecrits-personnels-de-lepoque-moderne-en-suisse-latine-xvie-debut-xixe-siecle\/\",\"url\":\"https:\/\/www.sgeaj.ch\/fr\/projets-recherche\/recherches-achevees\/valorisation-scientifique-des-ecrits-personnels-de-lepoque-moderne-en-suisse-latine-xvie-debut-xixe-siecle\/\",\"name\":\"Les \u00e9crits personnels de l\u2019\u00e9poque moderne en Suisse latine - Schweizerische Gesellschaft f\u00fcr die Erforschung des 18. Jahrhunderts (SGEAJ - SSEDS)\",\"isPartOf\":{\"@id\":\"https:\/\/www.sgeaj.ch\/fr\/#website\"},\"primaryImageOfPage\":{\"@id\":\"https:\/\/www.sgeaj.ch\/fr\/projets-recherche\/recherches-achevees\/valorisation-scientifique-des-ecrits-personnels-de-lepoque-moderne-en-suisse-latine-xvie-debut-xixe-siecle\/#primaryimage\"},\"image\":{\"@id\":\"https:\/\/www.sgeaj.ch\/fr\/projets-recherche\/recherches-achevees\/valorisation-scientifique-des-ecrits-personnels-de-lepoque-moderne-en-suisse-latine-xvie-debut-xixe-siecle\/#primaryimage\"},\"thumbnailUrl\":\"https:\/\/www.sgeaj.ch\/wp-content\/uploads\/2013\/08\/Recherche-base-egodocuments.jpg\",\"datePublished\":\"2020-10-28T11:36:29+00:00\",\"dateModified\":\"2021-04-02T13:50:43+00:00\",\"breadcrumb\":{\"@id\":\"https:\/\/www.sgeaj.ch\/fr\/projets-recherche\/recherches-achevees\/valorisation-scientifique-des-ecrits-personnels-de-lepoque-moderne-en-suisse-latine-xvie-debut-xixe-siecle\/#breadcrumb\"},\"inLanguage\":\"fr-FR\",\"potentialAction\":[{\"@type\":\"ReadAction\",\"target\":[\"https:\/\/www.sgeaj.ch\/fr\/projets-recherche\/recherches-achevees\/valorisation-scientifique-des-ecrits-personnels-de-lepoque-moderne-en-suisse-latine-xvie-debut-xixe-siecle\/\"]}]},{\"@type\":\"ImageObject\",\"inLanguage\":\"fr-FR\",\"@id\":\"https:\/\/www.sgeaj.ch\/fr\/projets-recherche\/recherches-achevees\/valorisation-scientifique-des-ecrits-personnels-de-lepoque-moderne-en-suisse-latine-xvie-debut-xixe-siecle\/#primaryimage\",\"url\":\"https:\/\/www.sgeaj.ch\/wp-content\/uploads\/2013\/08\/Recherche-base-egodocuments.jpg\",\"contentUrl\":\"https:\/\/www.sgeaj.ch\/wp-content\/uploads\/2013\/08\/Recherche-base-egodocuments.jpg\",\"width\":1127,\"height\":853},{\"@type\":\"BreadcrumbList\",\"@id\":\"https:\/\/www.sgeaj.ch\/fr\/projets-recherche\/recherches-achevees\/valorisation-scientifique-des-ecrits-personnels-de-lepoque-moderne-en-suisse-latine-xvie-debut-xixe-siecle\/#breadcrumb\",\"itemListElement\":[{\"@type\":\"ListItem\",\"position\":1,\"name\":\"Recherche\",\"item\":\"https:\/\/www.sgeaj.ch\/fr\/recherche\/\"},{\"@type\":\"ListItem\",\"position\":2,\"name\":\"Projets de recherche\",\"item\":\"https:\/\/www.sgeaj.ch\/fr\/recherche\/projets-de-recherche\/\"},{\"@type\":\"ListItem\",\"position\":3,\"name\":\"Les \u00e9crits personnels de l\u2019\u00e9poque moderne en Suisse latine\"}]},{\"@type\":\"WebSite\",\"@id\":\"https:\/\/www.sgeaj.ch\/fr\/#website\",\"url\":\"https:\/\/www.sgeaj.ch\/fr\/\",\"name\":\"Schweizerische Gesellschaft f\u00fcr die Erforschung des 18. Jahrhunderts (SGEAJ - SSEDS)\",\"description\":\"Schweizerische Gesellschaft f\u00fcr die Erforschung des 18. Jahrhunderts\",\"publisher\":{\"@id\":\"https:\/\/www.sgeaj.ch\/fr\/#organization\"},\"potentialAction\":[{\"@type\":\"SearchAction\",\"target\":{\"@type\":\"EntryPoint\",\"urlTemplate\":\"https:\/\/www.sgeaj.ch\/fr\/?s={search_term_string}\"},\"query-input\":{\"@type\":\"PropertyValueSpecification\",\"valueRequired\":true,\"valueName\":\"search_term_string\"}}],\"inLanguage\":\"fr-FR\"},{\"@type\":\"Organization\",\"@id\":\"https:\/\/www.sgeaj.ch\/fr\/#organization\",\"name\":\"Schweizerische Gesellschaft f\u00fcr die Erforschung des 18. Jahrhunderts (SGEAJ - SSEDS)\",\"url\":\"https:\/\/www.sgeaj.ch\/fr\/\",\"logo\":{\"@type\":\"ImageObject\",\"inLanguage\":\"fr-FR\",\"@id\":\"https:\/\/www.sgeaj.ch\/fr\/#\/schema\/logo\/image\/\",\"url\":\"https:\/\/www.sgeaj.ch\/wp-content\/uploads\/2021\/06\/cropped-logo-xviiies-horiz-abreuviations-bleues.png\",\"contentUrl\":\"https:\/\/www.sgeaj.ch\/wp-content\/uploads\/2021\/06\/cropped-logo-xviiies-horiz-abreuviations-bleues.png\",\"width\":659,\"height\":335,\"caption\":\"Schweizerische Gesellschaft f\u00fcr die Erforschung des 18. Jahrhunderts (SGEAJ - SSEDS)\"},\"image\":{\"@id\":\"https:\/\/www.sgeaj.ch\/fr\/#\/schema\/logo\/image\/\"}},{\"@type\":\"Person\",\"@id\":\"https:\/\/www.sgeaj.ch\/fr\/#\/schema\/person\/2cd839eed625879a17645fc9f307c8e7\",\"name\":\"Nadja Ackermann\",\"url\":\"https:\/\/www.sgeaj.ch\/fr\/author\/naackermann\/\"}]}<\/script>\n<!-- \/ Yoast SEO plugin. -->","yoast_head_json":{"title":"Les \u00e9crits personnels de l\u2019\u00e9poque moderne en Suisse latine - Schweizerische Gesellschaft f\u00fcr die Erforschung des 18. Jahrhunderts (SGEAJ - SSEDS)","robots":{"index":"index","follow":"follow","max-snippet":"max-snippet:-1","max-image-preview":"max-image-preview:large","max-video-preview":"max-video-preview:-1"},"canonical":"https:\/\/www.sgeaj.ch\/fr\/projets-recherche\/recherches-achevees\/valorisation-scientifique-des-ecrits-personnels-de-lepoque-moderne-en-suisse-latine-xvie-debut-xixe-siecle\/","twitter_misc":{"\u00c9crit par":"Nadja Ackermann","Dur\u00e9e de lecture estim\u00e9e":"3 minutes"},"schema":{"@context":"https:\/\/schema.org","@graph":[{"@type":"Article","@id":"https:\/\/www.sgeaj.ch\/fr\/projets-recherche\/recherches-achevees\/valorisation-scientifique-des-ecrits-personnels-de-lepoque-moderne-en-suisse-latine-xvie-debut-xixe-siecle\/#article","isPartOf":{"@id":"https:\/\/www.sgeaj.ch\/fr\/projets-recherche\/recherches-achevees\/valorisation-scientifique-des-ecrits-personnels-de-lepoque-moderne-en-suisse-latine-xvie-debut-xixe-siecle\/"},"author":{"name":"Nadja Ackermann","@id":"https:\/\/www.sgeaj.ch\/fr\/#\/schema\/person\/2cd839eed625879a17645fc9f307c8e7"},"headline":"Les \u00e9crits personnels de l\u2019\u00e9poque moderne en Suisse latine","datePublished":"2020-10-28T11:36:29+00:00","dateModified":"2021-04-02T13:50:43+00:00","mainEntityOfPage":{"@id":"https:\/\/www.sgeaj.ch\/fr\/projets-recherche\/recherches-achevees\/valorisation-scientifique-des-ecrits-personnels-de-lepoque-moderne-en-suisse-latine-xvie-debut-xixe-siecle\/"},"wordCount":545,"publisher":{"@id":"https:\/\/www.sgeaj.ch\/fr\/#organization"},"image":{"@id":"https:\/\/www.sgeaj.ch\/fr\/projets-recherche\/recherches-achevees\/valorisation-scientifique-des-ecrits-personnels-de-lepoque-moderne-en-suisse-latine-xvie-debut-xixe-siecle\/#primaryimage"},"thumbnailUrl":"https:\/\/www.sgeaj.ch\/wp-content\/uploads\/2013\/08\/Recherche-base-egodocuments.jpg","articleSection":["Projets de recherche","Recherches achev\u00e9es"],"inLanguage":"fr-FR"},{"@type":"WebPage","@id":"https:\/\/www.sgeaj.ch\/fr\/projets-recherche\/recherches-achevees\/valorisation-scientifique-des-ecrits-personnels-de-lepoque-moderne-en-suisse-latine-xvie-debut-xixe-siecle\/","url":"https:\/\/www.sgeaj.ch\/fr\/projets-recherche\/recherches-achevees\/valorisation-scientifique-des-ecrits-personnels-de-lepoque-moderne-en-suisse-latine-xvie-debut-xixe-siecle\/","name":"Les \u00e9crits personnels de l\u2019\u00e9poque moderne en Suisse latine - Schweizerische Gesellschaft f\u00fcr die Erforschung des 18. Jahrhunderts (SGEAJ - SSEDS)","isPartOf":{"@id":"https:\/\/www.sgeaj.ch\/fr\/#website"},"primaryImageOfPage":{"@id":"https:\/\/www.sgeaj.ch\/fr\/projets-recherche\/recherches-achevees\/valorisation-scientifique-des-ecrits-personnels-de-lepoque-moderne-en-suisse-latine-xvie-debut-xixe-siecle\/#primaryimage"},"image":{"@id":"https:\/\/www.sgeaj.ch\/fr\/projets-recherche\/recherches-achevees\/valorisation-scientifique-des-ecrits-personnels-de-lepoque-moderne-en-suisse-latine-xvie-debut-xixe-siecle\/#primaryimage"},"thumbnailUrl":"https:\/\/www.sgeaj.ch\/wp-content\/uploads\/2013\/08\/Recherche-base-egodocuments.jpg","datePublished":"2020-10-28T11:36:29+00:00","dateModified":"2021-04-02T13:50:43+00:00","breadcrumb":{"@id":"https:\/\/www.sgeaj.ch\/fr\/projets-recherche\/recherches-achevees\/valorisation-scientifique-des-ecrits-personnels-de-lepoque-moderne-en-suisse-latine-xvie-debut-xixe-siecle\/#breadcrumb"},"inLanguage":"fr-FR","potentialAction":[{"@type":"ReadAction","target":["https:\/\/www.sgeaj.ch\/fr\/projets-recherche\/recherches-achevees\/valorisation-scientifique-des-ecrits-personnels-de-lepoque-moderne-en-suisse-latine-xvie-debut-xixe-siecle\/"]}]},{"@type":"ImageObject","inLanguage":"fr-FR","@id":"https:\/\/www.sgeaj.ch\/fr\/projets-recherche\/recherches-achevees\/valorisation-scientifique-des-ecrits-personnels-de-lepoque-moderne-en-suisse-latine-xvie-debut-xixe-siecle\/#primaryimage","url":"https:\/\/www.sgeaj.ch\/wp-content\/uploads\/2013\/08\/Recherche-base-egodocuments.jpg","contentUrl":"https:\/\/www.sgeaj.ch\/wp-content\/uploads\/2013\/08\/Recherche-base-egodocuments.jpg","width":1127,"height":853},{"@type":"BreadcrumbList","@id":"https:\/\/www.sgeaj.ch\/fr\/projets-recherche\/recherches-achevees\/valorisation-scientifique-des-ecrits-personnels-de-lepoque-moderne-en-suisse-latine-xvie-debut-xixe-siecle\/#breadcrumb","itemListElement":[{"@type":"ListItem","position":1,"name":"Recherche","item":"https:\/\/www.sgeaj.ch\/fr\/recherche\/"},{"@type":"ListItem","position":2,"name":"Projets de recherche","item":"https:\/\/www.sgeaj.ch\/fr\/recherche\/projets-de-recherche\/"},{"@type":"ListItem","position":3,"name":"Les \u00e9crits personnels de l\u2019\u00e9poque moderne en Suisse latine"}]},{"@type":"WebSite","@id":"https:\/\/www.sgeaj.ch\/fr\/#website","url":"https:\/\/www.sgeaj.ch\/fr\/","name":"Schweizerische Gesellschaft f\u00fcr die Erforschung des 18. Jahrhunderts (SGEAJ - SSEDS)","description":"Schweizerische Gesellschaft f\u00fcr die Erforschung des 18. Jahrhunderts","publisher":{"@id":"https:\/\/www.sgeaj.ch\/fr\/#organization"},"potentialAction":[{"@type":"SearchAction","target":{"@type":"EntryPoint","urlTemplate":"https:\/\/www.sgeaj.ch\/fr\/?s={search_term_string}"},"query-input":{"@type":"PropertyValueSpecification","valueRequired":true,"valueName":"search_term_string"}}],"inLanguage":"fr-FR"},{"@type":"Organization","@id":"https:\/\/www.sgeaj.ch\/fr\/#organization","name":"Schweizerische Gesellschaft f\u00fcr die Erforschung des 18. Jahrhunderts (SGEAJ - SSEDS)","url":"https:\/\/www.sgeaj.ch\/fr\/","logo":{"@type":"ImageObject","inLanguage":"fr-FR","@id":"https:\/\/www.sgeaj.ch\/fr\/#\/schema\/logo\/image\/","url":"https:\/\/www.sgeaj.ch\/wp-content\/uploads\/2021\/06\/cropped-logo-xviiies-horiz-abreuviations-bleues.png","contentUrl":"https:\/\/www.sgeaj.ch\/wp-content\/uploads\/2021\/06\/cropped-logo-xviiies-horiz-abreuviations-bleues.png","width":659,"height":335,"caption":"Schweizerische Gesellschaft f\u00fcr die Erforschung des 18. Jahrhunderts (SGEAJ - SSEDS)"},"image":{"@id":"https:\/\/www.sgeaj.ch\/fr\/#\/schema\/logo\/image\/"}},{"@type":"Person","@id":"https:\/\/www.sgeaj.ch\/fr\/#\/schema\/person\/2cd839eed625879a17645fc9f307c8e7","name":"Nadja Ackermann","url":"https:\/\/www.sgeaj.ch\/fr\/author\/naackermann\/"}]}},"_links":{"self":[{"href":"https:\/\/www.sgeaj.ch\/fr\/wp-json\/wp\/v2\/posts\/5145","targetHints":{"allow":["GET"]}}],"collection":[{"href":"https:\/\/www.sgeaj.ch\/fr\/wp-json\/wp\/v2\/posts"}],"about":[{"href":"https:\/\/www.sgeaj.ch\/fr\/wp-json\/wp\/v2\/types\/post"}],"author":[{"embeddable":true,"href":"https:\/\/www.sgeaj.ch\/fr\/wp-json\/wp\/v2\/users\/7"}],"replies":[{"embeddable":true,"href":"https:\/\/www.sgeaj.ch\/fr\/wp-json\/wp\/v2\/comments?post=5145"}],"version-history":[{"count":2,"href":"https:\/\/www.sgeaj.ch\/fr\/wp-json\/wp\/v2\/posts\/5145\/revisions"}],"predecessor-version":[{"id":5948,"href":"https:\/\/www.sgeaj.ch\/fr\/wp-json\/wp\/v2\/posts\/5145\/revisions\/5948"}],"wp:featuredmedia":[{"embeddable":true,"href":"https:\/\/www.sgeaj.ch\/fr\/wp-json\/wp\/v2\/media\/3469"}],"wp:attachment":[{"href":"https:\/\/www.sgeaj.ch\/fr\/wp-json\/wp\/v2\/media?parent=5145"}],"wp:term":[{"taxonomy":"category","embeddable":true,"href":"https:\/\/www.sgeaj.ch\/fr\/wp-json\/wp\/v2\/categories?post=5145"},{"taxonomy":"post_tag","embeddable":true,"href":"https:\/\/www.sgeaj.ch\/fr\/wp-json\/wp\/v2\/tags?post=5145"}],"curies":[{"name":"wp","href":"https:\/\/api.w.org\/{rel}","templated":true}]}}