{"id":5146,"date":"2020-10-28T12:34:47","date_gmt":"2020-10-28T11:34:47","guid":{"rendered":"https:\/\/www.sgeaj.ch\/actualite\/non-classifiee\/reconstruire-delille\/"},"modified":"2021-04-02T15:52:14","modified_gmt":"2021-04-02T13:52:14","slug":"reconstruire-delille","status":"publish","type":"post","link":"https:\/\/www.sgeaj.ch\/fr\/projets-recherche\/recherches-achevees\/reconstruire-delille\/","title":{"rendered":"Reconstruire Delille"},"content":{"rendered":"\n<h3 class=\"wp-block-heading\">Projet du Fonds National Suisse 2015-2018<\/h3>\n\n\n\n<p>Le projet \u00ab Reconstruire Delille \u00bb entend remettre en lumi\u00e8re le po\u00e8te fran\u00e7ais Jacques Delille (1738-1813).<br>Port\u00e9 aux nues des ann\u00e9es 1770 \u00e0 la fin de l\u2019\u00e9poque napol\u00e9onienne, diffus\u00e9 dans toute l\u2019Europe, puis transform\u00e9 en contre-mod\u00e8le par le romantisme, Delille est graduellement sorti du canon au fil du XIXe si\u00e8cle. C\u00e9l\u00e9br\u00e9e par Voltaire, annot\u00e9e par Cuvier, censur\u00e9e par Napol\u00e9on, illustr\u00e9e par Girodet, conspu\u00e9e par Sainte-Beuve ou Francis Ponge, parodi\u00e9e par Flaubert ou Balzac, son \u0153uvre se trouve \u00e0 la charni\u00e8re des esth\u00e9tiques de l\u2019Ancien R\u00e9gime et de la modernit\u00e9. Elle soul\u00e8ve des enjeux passionnants en mati\u00e8re d\u2019histoire litt\u00e9raire, de conception de la po\u00e9sie ou encore de relations entre lettres et sciences, et elle a jou\u00e9 un r\u00f4le consid\u00e9rable et d\u00e9sormais sous-estim\u00e9 dans la culture fran\u00e7aise et europ\u00e9enne des XVIIIe et XIXe s., avec des prolongements jusqu\u2019\u00e0 Jean Paulhan, pour qui le \u00ab faible \u00bb du po\u00e8te \u00e9tait\u2026 \u00ab qu\u2019on l\u2019ait tellement imit\u00e9 \u00bb.<\/p>\n\n\n\n<p>Le projet lie \u00e9troitement deux approches. D\u2019une part, l\u2019\u00e9quipe produira la premi\u00e8re \u00e9dition scientifique des po\u00e8mes de Delille et d\u2019une s\u00e9lection d\u2019autres \u0153uvres, dans une approche attentive \u00e0 l\u2019histoire \u00e9ditoriale des textes, \u00e0 leurs enjeux contextuels et po\u00e9tiques, et aux alt\u00e9rations dont ils ont fait l\u2019objet. D\u2019autre part, l\u2019\u00e9quipe proc\u00e8dera \u00e0 une reconstruction de la r\u00e9ception de Delille, des premi\u00e8res \u0153uvres aux ann\u00e9es 1900, avec deux objectifs : montrer que la po\u00e9sie de Delille a int\u00e9gr\u00e9 dans sa gen\u00e8se comme dans sa pr\u00e9sentation mat\u00e9rielle des formes de dialogue avec ses r\u00e9cepteurs ; tenter de comprendre la dynamique de canonisation puis de rejet dont il fait l\u2019objet.<\/p>\n\n\n\n<p>Tout en relevant au premier chef de l\u2019histoire litt\u00e9raire et de la th\u00e9orie critique, le projet comporte donc une forte dimension interdisciplinaire : il s\u2019inscrit dans le champ des digital humanities et dialogue avec l\u2019esth\u00e9tique (arts visuels et paysagers) et l\u2019histoire des sciences et des techniques, en raison de la place que ces th\u00e8mes occupent dans l\u2019\u0153uvre de Delille.<\/p>\n\n\n\n<p>Requ\u00e9rants<br>Hugues Marchal, Professeur assistant de litt\u00e9rature, Universit\u00e9 de B\u00e2le<br>Claire Jaquier, Professeur de litt\u00e9rature, Universit\u00e9 de Neuch\u00e2tel<\/p>\n\n\n\n<p><a href=\"https:\/\/delille.philhist.unibas.ch\/projet.html\" target=\"_blank\" rel=\"noreferrer noopener\">Lien vers le projet<\/a><\/p>\n","protected":false},"excerpt":{"rendered":"<p>Projet du Fonds National Suisse 2015-2018 Le projet \u00ab Reconstruire Delille \u00bb entend remettre en lumi\u00e8re le po\u00e8te fran\u00e7ais Jacques Delille (1738-1813).Port\u00e9 aux nues des ann\u00e9es 1770 \u00e0 la fin de l\u2019\u00e9poque napol\u00e9onienne, diffus\u00e9 dans toute l\u2019Europe, puis transform\u00e9 en contre-mod\u00e8le par le romantisme, Delille est graduellement sorti du canon au fil du XIXe si\u00e8cle. [&hellip;]<\/p>\n","protected":false},"author":7,"featured_media":3457,"comment_status":"closed","ping_status":"closed","sticky":false,"template":"","format":"standard","meta":{"footnotes":""},"categories":[45,52],"tags":[],"class_list":{"0":"post-5146","1":"post","2":"type-post","3":"status-publish","4":"format-standard","5":"has-post-thumbnail","7":"category-projets-recherche","8":"category-recherches-achevees","9":"czr-hentry"},"yoast_head":"<!-- This site is optimized with the Yoast SEO plugin v26.9 - https:\/\/yoast.com\/product\/yoast-seo-wordpress\/ -->\n<title>Reconstruire Delille - Schweizerische Gesellschaft f\u00fcr die Erforschung des 18. Jahrhunderts (SGEAJ - SSEDS)<\/title>\n<meta name=\"robots\" content=\"index, follow, max-snippet:-1, max-image-preview:large, max-video-preview:-1\" \/>\n<link rel=\"canonical\" href=\"https:\/\/www.sgeaj.ch\/fr\/projets-recherche\/recherches-achevees\/reconstruire-delille\/\" \/>\n<meta name=\"twitter:label1\" content=\"\u00c9crit par\" \/>\n\t<meta name=\"twitter:data1\" content=\"Nadja Ackermann\" \/>\n\t<meta name=\"twitter:label2\" content=\"Dur\u00e9e de lecture estim\u00e9e\" \/>\n\t<meta name=\"twitter:data2\" content=\"2 minutes\" \/>\n<script type=\"application\/ld+json\" class=\"yoast-schema-graph\">{\"@context\":\"https:\/\/schema.org\",\"@graph\":[{\"@type\":\"Article\",\"@id\":\"https:\/\/www.sgeaj.ch\/fr\/projets-recherche\/recherches-achevees\/reconstruire-delille\/#article\",\"isPartOf\":{\"@id\":\"https:\/\/www.sgeaj.ch\/fr\/projets-recherche\/recherches-achevees\/reconstruire-delille\/\"},\"author\":{\"name\":\"Nadja Ackermann\",\"@id\":\"https:\/\/www.sgeaj.ch\/fr\/#\/schema\/person\/2cd839eed625879a17645fc9f307c8e7\"},\"headline\":\"Reconstruire Delille\",\"datePublished\":\"2020-10-28T11:34:47+00:00\",\"dateModified\":\"2021-04-02T13:52:14+00:00\",\"mainEntityOfPage\":{\"@id\":\"https:\/\/www.sgeaj.ch\/fr\/projets-recherche\/recherches-achevees\/reconstruire-delille\/\"},\"wordCount\":403,\"publisher\":{\"@id\":\"https:\/\/www.sgeaj.ch\/fr\/#organization\"},\"image\":{\"@id\":\"https:\/\/www.sgeaj.ch\/fr\/projets-recherche\/recherches-achevees\/reconstruire-delille\/#primaryimage\"},\"thumbnailUrl\":\"https:\/\/www.sgeaj.ch\/wp-content\/uploads\/2013\/08\/Projet-Delille_Jacques.jpg\",\"articleSection\":[\"Projets de recherche\",\"Recherches achev\u00e9es\"],\"inLanguage\":\"fr-FR\"},{\"@type\":\"WebPage\",\"@id\":\"https:\/\/www.sgeaj.ch\/fr\/projets-recherche\/recherches-achevees\/reconstruire-delille\/\",\"url\":\"https:\/\/www.sgeaj.ch\/fr\/projets-recherche\/recherches-achevees\/reconstruire-delille\/\",\"name\":\"Reconstruire Delille - Schweizerische Gesellschaft f\u00fcr die Erforschung des 18. Jahrhunderts (SGEAJ - SSEDS)\",\"isPartOf\":{\"@id\":\"https:\/\/www.sgeaj.ch\/fr\/#website\"},\"primaryImageOfPage\":{\"@id\":\"https:\/\/www.sgeaj.ch\/fr\/projets-recherche\/recherches-achevees\/reconstruire-delille\/#primaryimage\"},\"image\":{\"@id\":\"https:\/\/www.sgeaj.ch\/fr\/projets-recherche\/recherches-achevees\/reconstruire-delille\/#primaryimage\"},\"thumbnailUrl\":\"https:\/\/www.sgeaj.ch\/wp-content\/uploads\/2013\/08\/Projet-Delille_Jacques.jpg\",\"datePublished\":\"2020-10-28T11:34:47+00:00\",\"dateModified\":\"2021-04-02T13:52:14+00:00\",\"breadcrumb\":{\"@id\":\"https:\/\/www.sgeaj.ch\/fr\/projets-recherche\/recherches-achevees\/reconstruire-delille\/#breadcrumb\"},\"inLanguage\":\"fr-FR\",\"potentialAction\":[{\"@type\":\"ReadAction\",\"target\":[\"https:\/\/www.sgeaj.ch\/fr\/projets-recherche\/recherches-achevees\/reconstruire-delille\/\"]}]},{\"@type\":\"ImageObject\",\"inLanguage\":\"fr-FR\",\"@id\":\"https:\/\/www.sgeaj.ch\/fr\/projets-recherche\/recherches-achevees\/reconstruire-delille\/#primaryimage\",\"url\":\"https:\/\/www.sgeaj.ch\/wp-content\/uploads\/2013\/08\/Projet-Delille_Jacques.jpg\",\"contentUrl\":\"https:\/\/www.sgeaj.ch\/wp-content\/uploads\/2013\/08\/Projet-Delille_Jacques.jpg\",\"width\":600,\"height\":688},{\"@type\":\"BreadcrumbList\",\"@id\":\"https:\/\/www.sgeaj.ch\/fr\/projets-recherche\/recherches-achevees\/reconstruire-delille\/#breadcrumb\",\"itemListElement\":[{\"@type\":\"ListItem\",\"position\":1,\"name\":\"Recherche\",\"item\":\"https:\/\/www.sgeaj.ch\/fr\/recherche\/\"},{\"@type\":\"ListItem\",\"position\":2,\"name\":\"Projets de recherche\",\"item\":\"https:\/\/www.sgeaj.ch\/fr\/recherche\/projets-de-recherche\/\"},{\"@type\":\"ListItem\",\"position\":3,\"name\":\"Reconstruire Delille\"}]},{\"@type\":\"WebSite\",\"@id\":\"https:\/\/www.sgeaj.ch\/fr\/#website\",\"url\":\"https:\/\/www.sgeaj.ch\/fr\/\",\"name\":\"Schweizerische Gesellschaft f\u00fcr die Erforschung des 18. Jahrhunderts (SGEAJ - SSEDS)\",\"description\":\"Schweizerische Gesellschaft f\u00fcr die Erforschung des 18. Jahrhunderts\",\"publisher\":{\"@id\":\"https:\/\/www.sgeaj.ch\/fr\/#organization\"},\"potentialAction\":[{\"@type\":\"SearchAction\",\"target\":{\"@type\":\"EntryPoint\",\"urlTemplate\":\"https:\/\/www.sgeaj.ch\/fr\/?s={search_term_string}\"},\"query-input\":{\"@type\":\"PropertyValueSpecification\",\"valueRequired\":true,\"valueName\":\"search_term_string\"}}],\"inLanguage\":\"fr-FR\"},{\"@type\":\"Organization\",\"@id\":\"https:\/\/www.sgeaj.ch\/fr\/#organization\",\"name\":\"Schweizerische Gesellschaft f\u00fcr die Erforschung des 18. Jahrhunderts (SGEAJ - SSEDS)\",\"url\":\"https:\/\/www.sgeaj.ch\/fr\/\",\"logo\":{\"@type\":\"ImageObject\",\"inLanguage\":\"fr-FR\",\"@id\":\"https:\/\/www.sgeaj.ch\/fr\/#\/schema\/logo\/image\/\",\"url\":\"https:\/\/www.sgeaj.ch\/wp-content\/uploads\/2021\/06\/cropped-logo-xviiies-horiz-abreuviations-bleues.png\",\"contentUrl\":\"https:\/\/www.sgeaj.ch\/wp-content\/uploads\/2021\/06\/cropped-logo-xviiies-horiz-abreuviations-bleues.png\",\"width\":659,\"height\":335,\"caption\":\"Schweizerische Gesellschaft f\u00fcr die Erforschung des 18. Jahrhunderts (SGEAJ - SSEDS)\"},\"image\":{\"@id\":\"https:\/\/www.sgeaj.ch\/fr\/#\/schema\/logo\/image\/\"}},{\"@type\":\"Person\",\"@id\":\"https:\/\/www.sgeaj.ch\/fr\/#\/schema\/person\/2cd839eed625879a17645fc9f307c8e7\",\"name\":\"Nadja Ackermann\",\"url\":\"https:\/\/www.sgeaj.ch\/fr\/author\/naackermann\/\"}]}<\/script>\n<!-- \/ Yoast SEO plugin. -->","yoast_head_json":{"title":"Reconstruire Delille - Schweizerische Gesellschaft f\u00fcr die Erforschung des 18. Jahrhunderts (SGEAJ - SSEDS)","robots":{"index":"index","follow":"follow","max-snippet":"max-snippet:-1","max-image-preview":"max-image-preview:large","max-video-preview":"max-video-preview:-1"},"canonical":"https:\/\/www.sgeaj.ch\/fr\/projets-recherche\/recherches-achevees\/reconstruire-delille\/","twitter_misc":{"\u00c9crit par":"Nadja Ackermann","Dur\u00e9e de lecture estim\u00e9e":"2 minutes"},"schema":{"@context":"https:\/\/schema.org","@graph":[{"@type":"Article","@id":"https:\/\/www.sgeaj.ch\/fr\/projets-recherche\/recherches-achevees\/reconstruire-delille\/#article","isPartOf":{"@id":"https:\/\/www.sgeaj.ch\/fr\/projets-recherche\/recherches-achevees\/reconstruire-delille\/"},"author":{"name":"Nadja Ackermann","@id":"https:\/\/www.sgeaj.ch\/fr\/#\/schema\/person\/2cd839eed625879a17645fc9f307c8e7"},"headline":"Reconstruire Delille","datePublished":"2020-10-28T11:34:47+00:00","dateModified":"2021-04-02T13:52:14+00:00","mainEntityOfPage":{"@id":"https:\/\/www.sgeaj.ch\/fr\/projets-recherche\/recherches-achevees\/reconstruire-delille\/"},"wordCount":403,"publisher":{"@id":"https:\/\/www.sgeaj.ch\/fr\/#organization"},"image":{"@id":"https:\/\/www.sgeaj.ch\/fr\/projets-recherche\/recherches-achevees\/reconstruire-delille\/#primaryimage"},"thumbnailUrl":"https:\/\/www.sgeaj.ch\/wp-content\/uploads\/2013\/08\/Projet-Delille_Jacques.jpg","articleSection":["Projets de recherche","Recherches achev\u00e9es"],"inLanguage":"fr-FR"},{"@type":"WebPage","@id":"https:\/\/www.sgeaj.ch\/fr\/projets-recherche\/recherches-achevees\/reconstruire-delille\/","url":"https:\/\/www.sgeaj.ch\/fr\/projets-recherche\/recherches-achevees\/reconstruire-delille\/","name":"Reconstruire Delille - Schweizerische Gesellschaft f\u00fcr die Erforschung des 18. Jahrhunderts (SGEAJ - SSEDS)","isPartOf":{"@id":"https:\/\/www.sgeaj.ch\/fr\/#website"},"primaryImageOfPage":{"@id":"https:\/\/www.sgeaj.ch\/fr\/projets-recherche\/recherches-achevees\/reconstruire-delille\/#primaryimage"},"image":{"@id":"https:\/\/www.sgeaj.ch\/fr\/projets-recherche\/recherches-achevees\/reconstruire-delille\/#primaryimage"},"thumbnailUrl":"https:\/\/www.sgeaj.ch\/wp-content\/uploads\/2013\/08\/Projet-Delille_Jacques.jpg","datePublished":"2020-10-28T11:34:47+00:00","dateModified":"2021-04-02T13:52:14+00:00","breadcrumb":{"@id":"https:\/\/www.sgeaj.ch\/fr\/projets-recherche\/recherches-achevees\/reconstruire-delille\/#breadcrumb"},"inLanguage":"fr-FR","potentialAction":[{"@type":"ReadAction","target":["https:\/\/www.sgeaj.ch\/fr\/projets-recherche\/recherches-achevees\/reconstruire-delille\/"]}]},{"@type":"ImageObject","inLanguage":"fr-FR","@id":"https:\/\/www.sgeaj.ch\/fr\/projets-recherche\/recherches-achevees\/reconstruire-delille\/#primaryimage","url":"https:\/\/www.sgeaj.ch\/wp-content\/uploads\/2013\/08\/Projet-Delille_Jacques.jpg","contentUrl":"https:\/\/www.sgeaj.ch\/wp-content\/uploads\/2013\/08\/Projet-Delille_Jacques.jpg","width":600,"height":688},{"@type":"BreadcrumbList","@id":"https:\/\/www.sgeaj.ch\/fr\/projets-recherche\/recherches-achevees\/reconstruire-delille\/#breadcrumb","itemListElement":[{"@type":"ListItem","position":1,"name":"Recherche","item":"https:\/\/www.sgeaj.ch\/fr\/recherche\/"},{"@type":"ListItem","position":2,"name":"Projets de recherche","item":"https:\/\/www.sgeaj.ch\/fr\/recherche\/projets-de-recherche\/"},{"@type":"ListItem","position":3,"name":"Reconstruire Delille"}]},{"@type":"WebSite","@id":"https:\/\/www.sgeaj.ch\/fr\/#website","url":"https:\/\/www.sgeaj.ch\/fr\/","name":"Schweizerische Gesellschaft f\u00fcr die Erforschung des 18. Jahrhunderts (SGEAJ - SSEDS)","description":"Schweizerische Gesellschaft f\u00fcr die Erforschung des 18. Jahrhunderts","publisher":{"@id":"https:\/\/www.sgeaj.ch\/fr\/#organization"},"potentialAction":[{"@type":"SearchAction","target":{"@type":"EntryPoint","urlTemplate":"https:\/\/www.sgeaj.ch\/fr\/?s={search_term_string}"},"query-input":{"@type":"PropertyValueSpecification","valueRequired":true,"valueName":"search_term_string"}}],"inLanguage":"fr-FR"},{"@type":"Organization","@id":"https:\/\/www.sgeaj.ch\/fr\/#organization","name":"Schweizerische Gesellschaft f\u00fcr die Erforschung des 18. Jahrhunderts (SGEAJ - SSEDS)","url":"https:\/\/www.sgeaj.ch\/fr\/","logo":{"@type":"ImageObject","inLanguage":"fr-FR","@id":"https:\/\/www.sgeaj.ch\/fr\/#\/schema\/logo\/image\/","url":"https:\/\/www.sgeaj.ch\/wp-content\/uploads\/2021\/06\/cropped-logo-xviiies-horiz-abreuviations-bleues.png","contentUrl":"https:\/\/www.sgeaj.ch\/wp-content\/uploads\/2021\/06\/cropped-logo-xviiies-horiz-abreuviations-bleues.png","width":659,"height":335,"caption":"Schweizerische Gesellschaft f\u00fcr die Erforschung des 18. Jahrhunderts (SGEAJ - SSEDS)"},"image":{"@id":"https:\/\/www.sgeaj.ch\/fr\/#\/schema\/logo\/image\/"}},{"@type":"Person","@id":"https:\/\/www.sgeaj.ch\/fr\/#\/schema\/person\/2cd839eed625879a17645fc9f307c8e7","name":"Nadja Ackermann","url":"https:\/\/www.sgeaj.ch\/fr\/author\/naackermann\/"}]}},"_links":{"self":[{"href":"https:\/\/www.sgeaj.ch\/fr\/wp-json\/wp\/v2\/posts\/5146","targetHints":{"allow":["GET"]}}],"collection":[{"href":"https:\/\/www.sgeaj.ch\/fr\/wp-json\/wp\/v2\/posts"}],"about":[{"href":"https:\/\/www.sgeaj.ch\/fr\/wp-json\/wp\/v2\/types\/post"}],"author":[{"embeddable":true,"href":"https:\/\/www.sgeaj.ch\/fr\/wp-json\/wp\/v2\/users\/7"}],"replies":[{"embeddable":true,"href":"https:\/\/www.sgeaj.ch\/fr\/wp-json\/wp\/v2\/comments?post=5146"}],"version-history":[{"count":2,"href":"https:\/\/www.sgeaj.ch\/fr\/wp-json\/wp\/v2\/posts\/5146\/revisions"}],"predecessor-version":[{"id":5951,"href":"https:\/\/www.sgeaj.ch\/fr\/wp-json\/wp\/v2\/posts\/5146\/revisions\/5951"}],"wp:featuredmedia":[{"embeddable":true,"href":"https:\/\/www.sgeaj.ch\/fr\/wp-json\/wp\/v2\/media\/3457"}],"wp:attachment":[{"href":"https:\/\/www.sgeaj.ch\/fr\/wp-json\/wp\/v2\/media?parent=5146"}],"wp:term":[{"taxonomy":"category","embeddable":true,"href":"https:\/\/www.sgeaj.ch\/fr\/wp-json\/wp\/v2\/categories?post=5146"},{"taxonomy":"post_tag","embeddable":true,"href":"https:\/\/www.sgeaj.ch\/fr\/wp-json\/wp\/v2\/tags?post=5146"}],"curies":[{"name":"wp","href":"https:\/\/api.w.org\/{rel}","templated":true}]}}