{"id":5305,"date":"2017-10-15T17:29:09","date_gmt":"2017-10-15T15:29:09","guid":{"rendered":"https:\/\/www.sgeaj.ch\/actualite\/non-classifiee\/republique-helvetique-2017\/"},"modified":"2021-04-11T16:09:49","modified_gmt":"2021-04-11T14:09:49","slug":"republique-helvetique-2017","status":"publish","type":"post","link":"https:\/\/www.sgeaj.ch\/fr\/actualite\/colloques\/republique-helvetique-2017\/","title":{"rendered":"La R\u00e9publique helv\u00e9tique"},"content":{"rendered":"<h2 style=\"text-align: center;\">\u00ab La R\u00e9publique helv\u00e9tique : un objet historique m\u00e9connu \u00bb<\/h2>\n<p>Universit\u00e9 de Lausanne<br \/>\nG\u00e9opolis salle 2215 | 8 d\u00e9cembre 2017<br \/>\nAvec la collaboration de l\u2019Institut d\u2019\u00e9tudes politiques, historiques et internationales (IEPHI)<\/p>\n<p>9.45\u00a0\u00a0 \u00a0\u00a0\u00a0 \u00a0Accueil<br \/>\n10.00-10.15 \u00a0\u00a0 Biancamaria Fontana &amp; Alexandre Fontaine: <em>Introduction<\/em><br \/>\n10.15-11.00 \u00a0\u00a0 \u00a0Maxime Mellina (Lausanne): <em>Le tirage au sort dans la R\u00e9publique helv\u00e9tique<\/em><br \/>\n11.00-11.45 \u00a0\u00a0 \u00a0Lorenz Theilk\u00e4z (Berne): <em>Philipp Albert Stapfer : un r\u00e9formateur lib\u00e9ral ?<\/em><br \/>\n11.45-12.30 \u00a0\u00a0 \u00a0Dani\u00e8le Tosato-Rigo (Lausanne): <em>Le mythe centralisateur helv\u00e9tique<\/em><\/p>\n<p>14.30-15.15 \u00a0\u00a0 \u00a0Pierre de Saint-Phalle (Lausanne): <em>R\u00e9seaux financiers et dette publique<\/em><br \/>\n15.15-16.00 \u00a0\u00a0 \u00a0Henri-Pierre Mottironi (Lausanne): <em>L\u2019influence de Thomas Paine sur la constitution helv\u00e9tique<\/em><br \/>\n16.15-17.00 \u00a0\u00a0 \u00a0Biancamaria Fontana (Lausanne): \u00ab <em>Un \u00c9tat pas comme les autres<\/em> \u00bb : <em>la R\u00e9publique helv\u00e9tique entre la Suisse et la France<\/em><br \/>\n17.00-17.30 \u00a0\u00a0 \u00a0Conclusion de la journ\u00e9e<\/p>\n","protected":false},"excerpt":{"rendered":"<p>\u00ab La R\u00e9publique helv\u00e9tique : un objet historique m\u00e9connu \u00bb Universit\u00e9 de Lausanne G\u00e9opolis salle 2215 | 8 d\u00e9cembre 2017 Avec la collaboration de l\u2019Institut d\u2019\u00e9tudes politiques, historiques et internationales (IEPHI) 9.45\u00a0\u00a0 \u00a0\u00a0\u00a0 \u00a0Accueil 10.00-10.15 \u00a0\u00a0 Biancamaria Fontana &amp; Alexandre Fontaine: Introduction 10.15-11.00 \u00a0\u00a0 \u00a0Maxime Mellina (Lausanne): Le tirage au sort dans la R\u00e9publique helv\u00e9tique [&hellip;]<\/p>\n","protected":false},"author":5,"featured_media":3629,"comment_status":"closed","ping_status":"open","sticky":false,"template":"","format":"standard","meta":{"footnotes":""},"categories":[42,27],"tags":[],"class_list":{"0":"post-5305","1":"post","2":"type-post","3":"status-publish","4":"format-standard","5":"has-post-thumbnail","7":"category-actualite","8":"category-colloques","9":"czr-hentry"},"yoast_head":"<!-- This site is optimized with the Yoast SEO plugin v26.9 - https:\/\/yoast.com\/product\/yoast-seo-wordpress\/ -->\n<title>La R\u00e9publique helv\u00e9tique - Schweizerische Gesellschaft f\u00fcr die Erforschung des 18. Jahrhunderts (SGEAJ - SSEDS)<\/title>\n<meta name=\"robots\" content=\"index, follow, max-snippet:-1, max-image-preview:large, max-video-preview:-1\" \/>\n<link rel=\"canonical\" href=\"https:\/\/www.sgeaj.ch\/fr\/actualite\/colloques\/republique-helvetique-2017\/\" \/>\n<meta name=\"twitter:label1\" content=\"\u00c9crit par\" \/>\n\t<meta name=\"twitter:data1\" content=\"Meike Knittel\" \/>\n\t<meta name=\"twitter:label2\" content=\"Dur\u00e9e de lecture estim\u00e9e\" \/>\n\t<meta name=\"twitter:data2\" content=\"1 minute\" \/>\n<script type=\"application\/ld+json\" class=\"yoast-schema-graph\">{\"@context\":\"https:\/\/schema.org\",\"@graph\":[{\"@type\":\"Article\",\"@id\":\"https:\/\/www.sgeaj.ch\/fr\/actualite\/colloques\/republique-helvetique-2017\/#article\",\"isPartOf\":{\"@id\":\"https:\/\/www.sgeaj.ch\/fr\/actualite\/colloques\/republique-helvetique-2017\/\"},\"author\":{\"name\":\"Meike Knittel\",\"@id\":\"https:\/\/www.sgeaj.ch\/fr\/#\/schema\/person\/4987b659851959f54148884461da99ca\"},\"headline\":\"La R\u00e9publique helv\u00e9tique\",\"datePublished\":\"2017-10-15T15:29:09+00:00\",\"dateModified\":\"2021-04-11T14:09:49+00:00\",\"mainEntityOfPage\":{\"@id\":\"https:\/\/www.sgeaj.ch\/fr\/actualite\/colloques\/republique-helvetique-2017\/\"},\"wordCount\":133,\"publisher\":{\"@id\":\"https:\/\/www.sgeaj.ch\/fr\/#organization\"},\"image\":{\"@id\":\"https:\/\/www.sgeaj.ch\/fr\/actualite\/colloques\/republique-helvetique-2017\/#primaryimage\"},\"thumbnailUrl\":\"https:\/\/www.sgeaj.ch\/wp-content\/uploads\/2017\/10\/CUSO-JdE2017.jpg\",\"articleSection\":[\"Actualit\u00e9\",\"Colloques\"],\"inLanguage\":\"fr-FR\"},{\"@type\":\"WebPage\",\"@id\":\"https:\/\/www.sgeaj.ch\/fr\/actualite\/colloques\/republique-helvetique-2017\/\",\"url\":\"https:\/\/www.sgeaj.ch\/fr\/actualite\/colloques\/republique-helvetique-2017\/\",\"name\":\"La R\u00e9publique helv\u00e9tique - Schweizerische Gesellschaft f\u00fcr die Erforschung des 18. Jahrhunderts (SGEAJ - SSEDS)\",\"isPartOf\":{\"@id\":\"https:\/\/www.sgeaj.ch\/fr\/#website\"},\"primaryImageOfPage\":{\"@id\":\"https:\/\/www.sgeaj.ch\/fr\/actualite\/colloques\/republique-helvetique-2017\/#primaryimage\"},\"image\":{\"@id\":\"https:\/\/www.sgeaj.ch\/fr\/actualite\/colloques\/republique-helvetique-2017\/#primaryimage\"},\"thumbnailUrl\":\"https:\/\/www.sgeaj.ch\/wp-content\/uploads\/2017\/10\/CUSO-JdE2017.jpg\",\"datePublished\":\"2017-10-15T15:29:09+00:00\",\"dateModified\":\"2021-04-11T14:09:49+00:00\",\"inLanguage\":\"fr-FR\",\"potentialAction\":[{\"@type\":\"ReadAction\",\"target\":[\"https:\/\/www.sgeaj.ch\/fr\/actualite\/colloques\/republique-helvetique-2017\/\"]}]},{\"@type\":\"ImageObject\",\"inLanguage\":\"fr-FR\",\"@id\":\"https:\/\/www.sgeaj.ch\/fr\/actualite\/colloques\/republique-helvetique-2017\/#primaryimage\",\"url\":\"https:\/\/www.sgeaj.ch\/wp-content\/uploads\/2017\/10\/CUSO-JdE2017.jpg\",\"contentUrl\":\"https:\/\/www.sgeaj.ch\/wp-content\/uploads\/2017\/10\/CUSO-JdE2017.jpg\",\"width\":1412,\"height\":460},{\"@type\":\"WebSite\",\"@id\":\"https:\/\/www.sgeaj.ch\/fr\/#website\",\"url\":\"https:\/\/www.sgeaj.ch\/fr\/\",\"name\":\"Schweizerische Gesellschaft f\u00fcr die Erforschung des 18. Jahrhunderts (SGEAJ - SSEDS)\",\"description\":\"Schweizerische Gesellschaft f\u00fcr die Erforschung des 18. Jahrhunderts\",\"publisher\":{\"@id\":\"https:\/\/www.sgeaj.ch\/fr\/#organization\"},\"potentialAction\":[{\"@type\":\"SearchAction\",\"target\":{\"@type\":\"EntryPoint\",\"urlTemplate\":\"https:\/\/www.sgeaj.ch\/fr\/?s={search_term_string}\"},\"query-input\":{\"@type\":\"PropertyValueSpecification\",\"valueRequired\":true,\"valueName\":\"search_term_string\"}}],\"inLanguage\":\"fr-FR\"},{\"@type\":\"Organization\",\"@id\":\"https:\/\/www.sgeaj.ch\/fr\/#organization\",\"name\":\"Schweizerische Gesellschaft f\u00fcr die Erforschung des 18. Jahrhunderts (SGEAJ - SSEDS)\",\"url\":\"https:\/\/www.sgeaj.ch\/fr\/\",\"logo\":{\"@type\":\"ImageObject\",\"inLanguage\":\"fr-FR\",\"@id\":\"https:\/\/www.sgeaj.ch\/fr\/#\/schema\/logo\/image\/\",\"url\":\"https:\/\/www.sgeaj.ch\/wp-content\/uploads\/2021\/06\/cropped-logo-xviiies-horiz-abreuviations-bleues.png\",\"contentUrl\":\"https:\/\/www.sgeaj.ch\/wp-content\/uploads\/2021\/06\/cropped-logo-xviiies-horiz-abreuviations-bleues.png\",\"width\":659,\"height\":335,\"caption\":\"Schweizerische Gesellschaft f\u00fcr die Erforschung des 18. Jahrhunderts (SGEAJ - SSEDS)\"},\"image\":{\"@id\":\"https:\/\/www.sgeaj.ch\/fr\/#\/schema\/logo\/image\/\"}},{\"@type\":\"Person\",\"@id\":\"https:\/\/www.sgeaj.ch\/fr\/#\/schema\/person\/4987b659851959f54148884461da99ca\",\"name\":\"Meike Knittel\",\"url\":\"https:\/\/www.sgeaj.ch\/fr\/author\/mknittel\/\"}]}<\/script>\n<!-- \/ Yoast SEO plugin. -->","yoast_head_json":{"title":"La R\u00e9publique helv\u00e9tique - Schweizerische Gesellschaft f\u00fcr die Erforschung des 18. Jahrhunderts (SGEAJ - SSEDS)","robots":{"index":"index","follow":"follow","max-snippet":"max-snippet:-1","max-image-preview":"max-image-preview:large","max-video-preview":"max-video-preview:-1"},"canonical":"https:\/\/www.sgeaj.ch\/fr\/actualite\/colloques\/republique-helvetique-2017\/","twitter_misc":{"\u00c9crit par":"Meike Knittel","Dur\u00e9e de lecture estim\u00e9e":"1 minute"},"schema":{"@context":"https:\/\/schema.org","@graph":[{"@type":"Article","@id":"https:\/\/www.sgeaj.ch\/fr\/actualite\/colloques\/republique-helvetique-2017\/#article","isPartOf":{"@id":"https:\/\/www.sgeaj.ch\/fr\/actualite\/colloques\/republique-helvetique-2017\/"},"author":{"name":"Meike Knittel","@id":"https:\/\/www.sgeaj.ch\/fr\/#\/schema\/person\/4987b659851959f54148884461da99ca"},"headline":"La R\u00e9publique helv\u00e9tique","datePublished":"2017-10-15T15:29:09+00:00","dateModified":"2021-04-11T14:09:49+00:00","mainEntityOfPage":{"@id":"https:\/\/www.sgeaj.ch\/fr\/actualite\/colloques\/republique-helvetique-2017\/"},"wordCount":133,"publisher":{"@id":"https:\/\/www.sgeaj.ch\/fr\/#organization"},"image":{"@id":"https:\/\/www.sgeaj.ch\/fr\/actualite\/colloques\/republique-helvetique-2017\/#primaryimage"},"thumbnailUrl":"https:\/\/www.sgeaj.ch\/wp-content\/uploads\/2017\/10\/CUSO-JdE2017.jpg","articleSection":["Actualit\u00e9","Colloques"],"inLanguage":"fr-FR"},{"@type":"WebPage","@id":"https:\/\/www.sgeaj.ch\/fr\/actualite\/colloques\/republique-helvetique-2017\/","url":"https:\/\/www.sgeaj.ch\/fr\/actualite\/colloques\/republique-helvetique-2017\/","name":"La R\u00e9publique helv\u00e9tique - Schweizerische Gesellschaft f\u00fcr die Erforschung des 18. Jahrhunderts (SGEAJ - SSEDS)","isPartOf":{"@id":"https:\/\/www.sgeaj.ch\/fr\/#website"},"primaryImageOfPage":{"@id":"https:\/\/www.sgeaj.ch\/fr\/actualite\/colloques\/republique-helvetique-2017\/#primaryimage"},"image":{"@id":"https:\/\/www.sgeaj.ch\/fr\/actualite\/colloques\/republique-helvetique-2017\/#primaryimage"},"thumbnailUrl":"https:\/\/www.sgeaj.ch\/wp-content\/uploads\/2017\/10\/CUSO-JdE2017.jpg","datePublished":"2017-10-15T15:29:09+00:00","dateModified":"2021-04-11T14:09:49+00:00","inLanguage":"fr-FR","potentialAction":[{"@type":"ReadAction","target":["https:\/\/www.sgeaj.ch\/fr\/actualite\/colloques\/republique-helvetique-2017\/"]}]},{"@type":"ImageObject","inLanguage":"fr-FR","@id":"https:\/\/www.sgeaj.ch\/fr\/actualite\/colloques\/republique-helvetique-2017\/#primaryimage","url":"https:\/\/www.sgeaj.ch\/wp-content\/uploads\/2017\/10\/CUSO-JdE2017.jpg","contentUrl":"https:\/\/www.sgeaj.ch\/wp-content\/uploads\/2017\/10\/CUSO-JdE2017.jpg","width":1412,"height":460},{"@type":"WebSite","@id":"https:\/\/www.sgeaj.ch\/fr\/#website","url":"https:\/\/www.sgeaj.ch\/fr\/","name":"Schweizerische Gesellschaft f\u00fcr die Erforschung des 18. Jahrhunderts (SGEAJ - SSEDS)","description":"Schweizerische Gesellschaft f\u00fcr die Erforschung des 18. Jahrhunderts","publisher":{"@id":"https:\/\/www.sgeaj.ch\/fr\/#organization"},"potentialAction":[{"@type":"SearchAction","target":{"@type":"EntryPoint","urlTemplate":"https:\/\/www.sgeaj.ch\/fr\/?s={search_term_string}"},"query-input":{"@type":"PropertyValueSpecification","valueRequired":true,"valueName":"search_term_string"}}],"inLanguage":"fr-FR"},{"@type":"Organization","@id":"https:\/\/www.sgeaj.ch\/fr\/#organization","name":"Schweizerische Gesellschaft f\u00fcr die Erforschung des 18. Jahrhunderts (SGEAJ - SSEDS)","url":"https:\/\/www.sgeaj.ch\/fr\/","logo":{"@type":"ImageObject","inLanguage":"fr-FR","@id":"https:\/\/www.sgeaj.ch\/fr\/#\/schema\/logo\/image\/","url":"https:\/\/www.sgeaj.ch\/wp-content\/uploads\/2021\/06\/cropped-logo-xviiies-horiz-abreuviations-bleues.png","contentUrl":"https:\/\/www.sgeaj.ch\/wp-content\/uploads\/2021\/06\/cropped-logo-xviiies-horiz-abreuviations-bleues.png","width":659,"height":335,"caption":"Schweizerische Gesellschaft f\u00fcr die Erforschung des 18. Jahrhunderts (SGEAJ - SSEDS)"},"image":{"@id":"https:\/\/www.sgeaj.ch\/fr\/#\/schema\/logo\/image\/"}},{"@type":"Person","@id":"https:\/\/www.sgeaj.ch\/fr\/#\/schema\/person\/4987b659851959f54148884461da99ca","name":"Meike Knittel","url":"https:\/\/www.sgeaj.ch\/fr\/author\/mknittel\/"}]}},"_links":{"self":[{"href":"https:\/\/www.sgeaj.ch\/fr\/wp-json\/wp\/v2\/posts\/5305","targetHints":{"allow":["GET"]}}],"collection":[{"href":"https:\/\/www.sgeaj.ch\/fr\/wp-json\/wp\/v2\/posts"}],"about":[{"href":"https:\/\/www.sgeaj.ch\/fr\/wp-json\/wp\/v2\/types\/post"}],"author":[{"embeddable":true,"href":"https:\/\/www.sgeaj.ch\/fr\/wp-json\/wp\/v2\/users\/5"}],"replies":[{"embeddable":true,"href":"https:\/\/www.sgeaj.ch\/fr\/wp-json\/wp\/v2\/comments?post=5305"}],"version-history":[{"count":2,"href":"https:\/\/www.sgeaj.ch\/fr\/wp-json\/wp\/v2\/posts\/5305\/revisions"}],"predecessor-version":[{"id":6210,"href":"https:\/\/www.sgeaj.ch\/fr\/wp-json\/wp\/v2\/posts\/5305\/revisions\/6210"}],"wp:featuredmedia":[{"embeddable":true,"href":"https:\/\/www.sgeaj.ch\/fr\/wp-json\/wp\/v2\/media\/3629"}],"wp:attachment":[{"href":"https:\/\/www.sgeaj.ch\/fr\/wp-json\/wp\/v2\/media?parent=5305"}],"wp:term":[{"taxonomy":"category","embeddable":true,"href":"https:\/\/www.sgeaj.ch\/fr\/wp-json\/wp\/v2\/categories?post=5305"},{"taxonomy":"post_tag","embeddable":true,"href":"https:\/\/www.sgeaj.ch\/fr\/wp-json\/wp\/v2\/tags?post=5305"}],"curies":[{"name":"wp","href":"https:\/\/api.w.org\/{rel}","templated":true}]}}