{"id":5308,"date":"2018-04-30T19:20:35","date_gmt":"2018-04-30T17:20:35","guid":{"rendered":"https:\/\/www.sgeaj.ch\/actualite\/non-classifiee\/2018biblio\/"},"modified":"2023-01-23T16:10:25","modified_gmt":"2023-01-23T15:10:25","slug":"2018biblio","status":"publish","type":"post","link":"https:\/\/www.sgeaj.ch\/fr\/actualite\/2018biblio\/","title":{"rendered":"Biblioth\u00e8ques et mus\u00e9es en Suisse"},"content":{"rendered":"<h2 style=\"text-align: center;\">Colloque international :<br \/>\u00ab\u00a0Biblioth\u00e8ques et mus\u00e9es en Suisse :<br \/>histoires crois\u00e9es (XVIIIe-XIXe si\u00e8cles)\u00a0\u00bb<\/h2>\n<p style=\"text-align: left;\">Lausanne\u00a0| 24-25 mai 2018<\/p>\n<p>Mus\u00e9e historique de Lausanne | Place de la Cath\u00e9drale 4, 1005 Lausanne<\/p>\n<p><strong>24 mai 2018<br \/><\/strong><\/p>\n<p>10h00\u00a0 Laurent Golay (Directeur du Mus\u00e9e historique Lausanne),\u00a0<em>Mot de bienvenue<\/em><em><br \/><\/em>10h15\u00a0 Rossella Baldi (Universit\u00e9 de Neuch\u00e2tel), <em>Introduction<\/em><em><br \/><\/em>10h45\u00a0 Nikolaus Bernau (Berlin), <em>Suche nach der Architektur der Bildung<\/em><\/p>\n<p>11h30\u00a0 Visite du Mus\u00e9e historique de Lausanne, sous la conduite de Claude-Alain K\u00fcnzi, conservateur<\/p>\n<p><em>Livres et objets en dialogue<\/em><em><br \/><\/em>14h30\u00a0 Cecilia Hurley (Universit\u00e9 de Neuch\u00e2tel\/Ecole du Louvre), Chantal Lafontant Vallotton (Mus\u00e9e d\u2019art et d\u2019histoire de Neuch\u00e2tel), <em>Des livres et des objets\u00a0: entre la Biblioth\u00e8que des Pasteurs et le Mus\u00e9e Historique<\/em><em><br \/><\/em>15h00\u00a0 Adelheid M\u00fcller (Freie Universit\u00e4t Berlin), <em>Performative Inszenierung im Wissenskosmos. <\/em><em>Die Bibliothek des F\u00fcrsten Franz von Anhalt-Dessau in W\u00f6rlitz<\/em><em><br \/><\/em>15h30\u00a0 Discussion<\/p>\n<p>16h30\u00a0 Claire Brizon (Universit\u00e9 de Berne), <em>Artefacts et Acad\u00e9mies\u00a0: les origines multiples des collections cantonales vaudoises<\/em><em><br \/><\/em>17h00\u00a0 Discussion<\/p>\n<p>18h15\u00a0 <em>Conf\u00e9rence publique :\u00a0<\/em>Michel Melot (ancien directeur de l\u2019Inventaire g\u00e9n\u00e9ral du patrimoine culturel fran\u00e7ais),<em>\u00a0Les biblioth\u00e8ques \u00e0 l\u2019\u00e8re du num\u00e9rique<\/em><\/p>\n<p><strong>25 mai 2018<\/strong><\/p>\n<p><em>Objets de biblioth\u00e8que, une vocation p\u00e9dagogique<\/em><em><br \/><\/em>09h30\u00a0 Susanne Bieri (Biblioth\u00e8que nationale Suisse, Berne), <em>Bild und Bibliothek \u2013 Genese und geschichtlicher Wandel der Graphischen Sammlung der Schweizerischen Nationalbibliothek<\/em><em><br \/><\/em>10h00\u00a0 Claude Lorentz (Biblioth\u00e8que nationale et universitaire de Strasbourg), <em>Des collections au service d\u2019une grande ambition politique et scientifique : gen\u00e8se et r\u00f4le des collections mus\u00e9ales de la Kaiserliche Universit\u00e4ts-und\u00a0Landesbibliothek zu Strassburg (1871-1918)<\/em><em><br \/><\/em>10h30\u00a0 Discussion<\/p>\n<p>11h30\u00a0 Isaline Del\u00e9derray-Oguey (Universit\u00e9 de Neuch\u00e2tel), <em>Les biblioth\u00e8ques des mus\u00e9es industriels et d\u2019art industriel en Suisse<\/em><em><br \/><\/em>12h00\u00a0 Amandine Cabrio (Biblioth\u00e8que de La Chaux-de-Fonds), <em>Objets p\u00e9dagogiques et patrimoniaux. Le statut des collections horlog\u00e8res \u00e0 La Chaux-de-Fonds et Le Locle (1850-1950)<\/em><\/p>\n<p><em>Livres et objets \u00e0 l\u2019aube de la sp\u00e9cialisation mus\u00e9ale<\/em><em><br \/><\/em>14h30\u00a0\u00a0Vincent Fontana (Universit\u00e9 de Gen\u00e8ve, Mus\u00e9e cantonal d\u2019arch\u00e9ologie et d\u2019histoire de Lausanne), <em>\u00ab\u00a0D\u00e9terminer et d\u00e9crire divers objets d\u2019antiquit\u00e9s \u00bb\u00a0: collections et biblioth\u00e8ques du Mus\u00e9e cantonal vaudois\u00a0(1818-1840)<\/em><em><br \/><\/em>15h00\u00a0 Danielle Buyssens (Gen\u00e8ve), <em>D\u2019une institution \u00e0 l\u2019autre, quel (changement de) regard sur les objets venus des lointains\u00a0?<\/em><em><br \/><\/em>15h30\u00a0 Discussion<\/p>\n<p>16h30\u00a0 Vincent Chenal (Universit\u00e9 de Gen\u00e8ve), <em>La collection de portraits de la Biblioth\u00e8que publique de Gen\u00e8ve, un enjeu de l\u2019histoire de la Cit\u00e9<\/em><em><br \/><\/em>17h00\u00a0 Laurent Naas (Biblioth\u00e8que Humaniste de S\u00e9lestat), <em>De la biblioth\u00e8que au mus\u00e9e : l\u2019exemple de la mus\u00e9ification des collections pr\u00e9cieuses de la Biblioth\u00e8que Humaniste de S\u00e9lestat<\/em><\/p>\n<p>17h30\u00a0 Discussion<\/p>\n<p>Organisation : Association Histoire, Biblioth\u00e8ques et Mus\u00e9es (Neuch\u00e2tel). En collaboration avec le Mus\u00e9e historique Lausanne.<\/p>\n<p>Avec le g\u00e9n\u00e9reux soutien de la Fondation Alice Grossenbacher (Neuch\u00e2tel) et de l\u2019Association pour l\u2019histoire de la lecture en Suisse romande (Porrentruy)<\/p>\n<p>Comit\u00e9 scientifique\u00a0: Rossella Baldi, Danielle Buyssens, Val\u00e9rie Kobi, Claude-Alain K\u00fcnzi, Matthias Oberli, Michel Schlup, Martin Schultz<\/p>\n<p>Contact\u00a0: Rossella Baldi (rossella.baldi[at]unine.ch)\u00a0; Val\u00e9rie Kobi (valerie.kobi[at]uni-bielefeld.de)<\/p>\n<p>Nombre de places limit\u00e9es\u00a0: inscription jusqu\u2019au <strong>lundi 21 mai 2018<\/strong><\/p>\n\n\n<p><\/p>\n","protected":false},"excerpt":{"rendered":"<p>Colloque international :\u00ab\u00a0Biblioth\u00e8ques et mus\u00e9es en Suisse :histoires crois\u00e9es (XVIIIe-XIXe si\u00e8cles)\u00a0\u00bb Lausanne\u00a0| 24-25 mai 2018 Mus\u00e9e historique de Lausanne | Place de la Cath\u00e9drale 4, 1005 Lausanne 24 mai 2018 10h00\u00a0 Laurent Golay (Directeur du Mus\u00e9e historique Lausanne),\u00a0Mot de bienvenue10h15\u00a0 Rossella Baldi (Universit\u00e9 de Neuch\u00e2tel), Introduction10h45\u00a0 Nikolaus Bernau (Berlin), Suche nach der Architektur der Bildung [&hellip;]<\/p>\n","protected":false},"author":5,"featured_media":3690,"comment_status":"closed","ping_status":"open","sticky":false,"template":"","format":"standard","meta":{"footnotes":""},"categories":[42,27],"tags":[],"class_list":{"0":"post-5308","1":"post","2":"type-post","3":"status-publish","4":"format-standard","5":"has-post-thumbnail","7":"category-actualite","8":"category-colloques","9":"czr-hentry"},"yoast_head":"<!-- This site is optimized with the Yoast SEO plugin v26.9 - https:\/\/yoast.com\/product\/yoast-seo-wordpress\/ -->\n<title>Biblioth\u00e8ques et mus\u00e9es en Suisse - Schweizerische Gesellschaft f\u00fcr die Erforschung des 18. Jahrhunderts (SGEAJ - SSEDS)<\/title>\n<meta name=\"robots\" content=\"index, follow, max-snippet:-1, max-image-preview:large, max-video-preview:-1\" \/>\n<link rel=\"canonical\" href=\"https:\/\/www.sgeaj.ch\/fr\/actualite\/2018biblio\/\" \/>\n<meta name=\"twitter:label1\" content=\"\u00c9crit par\" \/>\n\t<meta name=\"twitter:data1\" content=\"Meike Knittel\" \/>\n\t<meta name=\"twitter:label2\" content=\"Dur\u00e9e de lecture estim\u00e9e\" \/>\n\t<meta name=\"twitter:data2\" content=\"3 minutes\" \/>\n<script type=\"application\/ld+json\" class=\"yoast-schema-graph\">{\"@context\":\"https:\/\/schema.org\",\"@graph\":[{\"@type\":\"Article\",\"@id\":\"https:\/\/www.sgeaj.ch\/fr\/actualite\/2018biblio\/#article\",\"isPartOf\":{\"@id\":\"https:\/\/www.sgeaj.ch\/fr\/actualite\/2018biblio\/\"},\"author\":{\"name\":\"Meike Knittel\",\"@id\":\"https:\/\/www.sgeaj.ch\/fr\/#\/schema\/person\/4987b659851959f54148884461da99ca\"},\"headline\":\"Biblioth\u00e8ques et mus\u00e9es en Suisse\",\"datePublished\":\"2018-04-30T17:20:35+00:00\",\"dateModified\":\"2023-01-23T15:10:25+00:00\",\"mainEntityOfPage\":{\"@id\":\"https:\/\/www.sgeaj.ch\/fr\/actualite\/2018biblio\/\"},\"wordCount\":538,\"publisher\":{\"@id\":\"https:\/\/www.sgeaj.ch\/fr\/#organization\"},\"image\":{\"@id\":\"https:\/\/www.sgeaj.ch\/fr\/actualite\/2018biblio\/#primaryimage\"},\"thumbnailUrl\":\"https:\/\/www.sgeaj.ch\/wp-content\/uploads\/2018\/04\/2018_Biblios-et-Musees.jpg\",\"articleSection\":[\"Actualit\u00e9\",\"Colloques\"],\"inLanguage\":\"fr-FR\"},{\"@type\":\"WebPage\",\"@id\":\"https:\/\/www.sgeaj.ch\/fr\/actualite\/2018biblio\/\",\"url\":\"https:\/\/www.sgeaj.ch\/fr\/actualite\/2018biblio\/\",\"name\":\"Biblioth\u00e8ques et mus\u00e9es en Suisse - Schweizerische Gesellschaft f\u00fcr die Erforschung des 18. Jahrhunderts (SGEAJ - SSEDS)\",\"isPartOf\":{\"@id\":\"https:\/\/www.sgeaj.ch\/fr\/#website\"},\"primaryImageOfPage\":{\"@id\":\"https:\/\/www.sgeaj.ch\/fr\/actualite\/2018biblio\/#primaryimage\"},\"image\":{\"@id\":\"https:\/\/www.sgeaj.ch\/fr\/actualite\/2018biblio\/#primaryimage\"},\"thumbnailUrl\":\"https:\/\/www.sgeaj.ch\/wp-content\/uploads\/2018\/04\/2018_Biblios-et-Musees.jpg\",\"datePublished\":\"2018-04-30T17:20:35+00:00\",\"dateModified\":\"2023-01-23T15:10:25+00:00\",\"inLanguage\":\"fr-FR\",\"potentialAction\":[{\"@type\":\"ReadAction\",\"target\":[\"https:\/\/www.sgeaj.ch\/fr\/actualite\/2018biblio\/\"]}]},{\"@type\":\"ImageObject\",\"inLanguage\":\"fr-FR\",\"@id\":\"https:\/\/www.sgeaj.ch\/fr\/actualite\/2018biblio\/#primaryimage\",\"url\":\"https:\/\/www.sgeaj.ch\/wp-content\/uploads\/2018\/04\/2018_Biblios-et-Musees.jpg\",\"contentUrl\":\"https:\/\/www.sgeaj.ch\/wp-content\/uploads\/2018\/04\/2018_Biblios-et-Musees.jpg\",\"width\":1119,\"height\":561},{\"@type\":\"WebSite\",\"@id\":\"https:\/\/www.sgeaj.ch\/fr\/#website\",\"url\":\"https:\/\/www.sgeaj.ch\/fr\/\",\"name\":\"Schweizerische Gesellschaft f\u00fcr die Erforschung des 18. Jahrhunderts (SGEAJ - SSEDS)\",\"description\":\"Schweizerische Gesellschaft f\u00fcr die Erforschung des 18. Jahrhunderts\",\"publisher\":{\"@id\":\"https:\/\/www.sgeaj.ch\/fr\/#organization\"},\"potentialAction\":[{\"@type\":\"SearchAction\",\"target\":{\"@type\":\"EntryPoint\",\"urlTemplate\":\"https:\/\/www.sgeaj.ch\/fr\/?s={search_term_string}\"},\"query-input\":{\"@type\":\"PropertyValueSpecification\",\"valueRequired\":true,\"valueName\":\"search_term_string\"}}],\"inLanguage\":\"fr-FR\"},{\"@type\":\"Organization\",\"@id\":\"https:\/\/www.sgeaj.ch\/fr\/#organization\",\"name\":\"Schweizerische Gesellschaft f\u00fcr die Erforschung des 18. Jahrhunderts (SGEAJ - SSEDS)\",\"url\":\"https:\/\/www.sgeaj.ch\/fr\/\",\"logo\":{\"@type\":\"ImageObject\",\"inLanguage\":\"fr-FR\",\"@id\":\"https:\/\/www.sgeaj.ch\/fr\/#\/schema\/logo\/image\/\",\"url\":\"https:\/\/www.sgeaj.ch\/wp-content\/uploads\/2021\/06\/cropped-logo-xviiies-horiz-abreuviations-bleues.png\",\"contentUrl\":\"https:\/\/www.sgeaj.ch\/wp-content\/uploads\/2021\/06\/cropped-logo-xviiies-horiz-abreuviations-bleues.png\",\"width\":659,\"height\":335,\"caption\":\"Schweizerische Gesellschaft f\u00fcr die Erforschung des 18. Jahrhunderts (SGEAJ - SSEDS)\"},\"image\":{\"@id\":\"https:\/\/www.sgeaj.ch\/fr\/#\/schema\/logo\/image\/\"}},{\"@type\":\"Person\",\"@id\":\"https:\/\/www.sgeaj.ch\/fr\/#\/schema\/person\/4987b659851959f54148884461da99ca\",\"name\":\"Meike Knittel\",\"url\":\"https:\/\/www.sgeaj.ch\/fr\/author\/mknittel\/\"}]}<\/script>\n<!-- \/ Yoast SEO plugin. -->","yoast_head_json":{"title":"Biblioth\u00e8ques et mus\u00e9es en Suisse - Schweizerische Gesellschaft f\u00fcr die Erforschung des 18. Jahrhunderts (SGEAJ - SSEDS)","robots":{"index":"index","follow":"follow","max-snippet":"max-snippet:-1","max-image-preview":"max-image-preview:large","max-video-preview":"max-video-preview:-1"},"canonical":"https:\/\/www.sgeaj.ch\/fr\/actualite\/2018biblio\/","twitter_misc":{"\u00c9crit par":"Meike Knittel","Dur\u00e9e de lecture estim\u00e9e":"3 minutes"},"schema":{"@context":"https:\/\/schema.org","@graph":[{"@type":"Article","@id":"https:\/\/www.sgeaj.ch\/fr\/actualite\/2018biblio\/#article","isPartOf":{"@id":"https:\/\/www.sgeaj.ch\/fr\/actualite\/2018biblio\/"},"author":{"name":"Meike Knittel","@id":"https:\/\/www.sgeaj.ch\/fr\/#\/schema\/person\/4987b659851959f54148884461da99ca"},"headline":"Biblioth\u00e8ques et mus\u00e9es en Suisse","datePublished":"2018-04-30T17:20:35+00:00","dateModified":"2023-01-23T15:10:25+00:00","mainEntityOfPage":{"@id":"https:\/\/www.sgeaj.ch\/fr\/actualite\/2018biblio\/"},"wordCount":538,"publisher":{"@id":"https:\/\/www.sgeaj.ch\/fr\/#organization"},"image":{"@id":"https:\/\/www.sgeaj.ch\/fr\/actualite\/2018biblio\/#primaryimage"},"thumbnailUrl":"https:\/\/www.sgeaj.ch\/wp-content\/uploads\/2018\/04\/2018_Biblios-et-Musees.jpg","articleSection":["Actualit\u00e9","Colloques"],"inLanguage":"fr-FR"},{"@type":"WebPage","@id":"https:\/\/www.sgeaj.ch\/fr\/actualite\/2018biblio\/","url":"https:\/\/www.sgeaj.ch\/fr\/actualite\/2018biblio\/","name":"Biblioth\u00e8ques et mus\u00e9es en Suisse - Schweizerische Gesellschaft f\u00fcr die Erforschung des 18. Jahrhunderts (SGEAJ - SSEDS)","isPartOf":{"@id":"https:\/\/www.sgeaj.ch\/fr\/#website"},"primaryImageOfPage":{"@id":"https:\/\/www.sgeaj.ch\/fr\/actualite\/2018biblio\/#primaryimage"},"image":{"@id":"https:\/\/www.sgeaj.ch\/fr\/actualite\/2018biblio\/#primaryimage"},"thumbnailUrl":"https:\/\/www.sgeaj.ch\/wp-content\/uploads\/2018\/04\/2018_Biblios-et-Musees.jpg","datePublished":"2018-04-30T17:20:35+00:00","dateModified":"2023-01-23T15:10:25+00:00","inLanguage":"fr-FR","potentialAction":[{"@type":"ReadAction","target":["https:\/\/www.sgeaj.ch\/fr\/actualite\/2018biblio\/"]}]},{"@type":"ImageObject","inLanguage":"fr-FR","@id":"https:\/\/www.sgeaj.ch\/fr\/actualite\/2018biblio\/#primaryimage","url":"https:\/\/www.sgeaj.ch\/wp-content\/uploads\/2018\/04\/2018_Biblios-et-Musees.jpg","contentUrl":"https:\/\/www.sgeaj.ch\/wp-content\/uploads\/2018\/04\/2018_Biblios-et-Musees.jpg","width":1119,"height":561},{"@type":"WebSite","@id":"https:\/\/www.sgeaj.ch\/fr\/#website","url":"https:\/\/www.sgeaj.ch\/fr\/","name":"Schweizerische Gesellschaft f\u00fcr die Erforschung des 18. Jahrhunderts (SGEAJ - SSEDS)","description":"Schweizerische Gesellschaft f\u00fcr die Erforschung des 18. Jahrhunderts","publisher":{"@id":"https:\/\/www.sgeaj.ch\/fr\/#organization"},"potentialAction":[{"@type":"SearchAction","target":{"@type":"EntryPoint","urlTemplate":"https:\/\/www.sgeaj.ch\/fr\/?s={search_term_string}"},"query-input":{"@type":"PropertyValueSpecification","valueRequired":true,"valueName":"search_term_string"}}],"inLanguage":"fr-FR"},{"@type":"Organization","@id":"https:\/\/www.sgeaj.ch\/fr\/#organization","name":"Schweizerische Gesellschaft f\u00fcr die Erforschung des 18. Jahrhunderts (SGEAJ - SSEDS)","url":"https:\/\/www.sgeaj.ch\/fr\/","logo":{"@type":"ImageObject","inLanguage":"fr-FR","@id":"https:\/\/www.sgeaj.ch\/fr\/#\/schema\/logo\/image\/","url":"https:\/\/www.sgeaj.ch\/wp-content\/uploads\/2021\/06\/cropped-logo-xviiies-horiz-abreuviations-bleues.png","contentUrl":"https:\/\/www.sgeaj.ch\/wp-content\/uploads\/2021\/06\/cropped-logo-xviiies-horiz-abreuviations-bleues.png","width":659,"height":335,"caption":"Schweizerische Gesellschaft f\u00fcr die Erforschung des 18. Jahrhunderts (SGEAJ - SSEDS)"},"image":{"@id":"https:\/\/www.sgeaj.ch\/fr\/#\/schema\/logo\/image\/"}},{"@type":"Person","@id":"https:\/\/www.sgeaj.ch\/fr\/#\/schema\/person\/4987b659851959f54148884461da99ca","name":"Meike Knittel","url":"https:\/\/www.sgeaj.ch\/fr\/author\/mknittel\/"}]}},"_links":{"self":[{"href":"https:\/\/www.sgeaj.ch\/fr\/wp-json\/wp\/v2\/posts\/5308","targetHints":{"allow":["GET"]}}],"collection":[{"href":"https:\/\/www.sgeaj.ch\/fr\/wp-json\/wp\/v2\/posts"}],"about":[{"href":"https:\/\/www.sgeaj.ch\/fr\/wp-json\/wp\/v2\/types\/post"}],"author":[{"embeddable":true,"href":"https:\/\/www.sgeaj.ch\/fr\/wp-json\/wp\/v2\/users\/5"}],"replies":[{"embeddable":true,"href":"https:\/\/www.sgeaj.ch\/fr\/wp-json\/wp\/v2\/comments?post=5308"}],"version-history":[{"count":3,"href":"https:\/\/www.sgeaj.ch\/fr\/wp-json\/wp\/v2\/posts\/5308\/revisions"}],"predecessor-version":[{"id":6964,"href":"https:\/\/www.sgeaj.ch\/fr\/wp-json\/wp\/v2\/posts\/5308\/revisions\/6964"}],"wp:featuredmedia":[{"embeddable":true,"href":"https:\/\/www.sgeaj.ch\/fr\/wp-json\/wp\/v2\/media\/3690"}],"wp:attachment":[{"href":"https:\/\/www.sgeaj.ch\/fr\/wp-json\/wp\/v2\/media?parent=5308"}],"wp:term":[{"taxonomy":"category","embeddable":true,"href":"https:\/\/www.sgeaj.ch\/fr\/wp-json\/wp\/v2\/categories?post=5308"},{"taxonomy":"post_tag","embeddable":true,"href":"https:\/\/www.sgeaj.ch\/fr\/wp-json\/wp\/v2\/tags?post=5308"}],"curies":[{"name":"wp","href":"https:\/\/api.w.org\/{rel}","templated":true}]}}