{"id":5310,"date":"2018-04-30T20:03:12","date_gmt":"2018-04-30T18:03:12","guid":{"rendered":"https:\/\/www.sgeaj.ch\/actualite\/non-classifiee\/2018nature\/"},"modified":"2023-01-23T16:09:45","modified_gmt":"2023-01-23T15:09:45","slug":"2018nature","status":"publish","type":"post","link":"https:\/\/www.sgeaj.ch\/fr\/actualite\/2018nature\/","title":{"rendered":"Philosophies de la nature et litt\u00e9rature"},"content":{"rendered":"\n<h2 class=\"wp-block-heading\">Philosophies de la nature et litt\u00e9rature au XVIIIe si\u00e8cle\u00a0\u00bb, <strong>Universit\u00e9 de Neuch\u00e2tel, 17 mai 2018<\/strong><\/h2>\n\n\n<p><a href=\"https:\/\/www.sgeaj.ch\/wp-content\/uploads\/2018\/04\/2018_JdE_philosophies-de-la-nature.pdf\" target=\"_blank\" rel=\"noopener noreferrer\">\u2192 Programme<\/a><\/p>\n<p><strong>Jeudi 17 mai 2018<\/strong><\/p>\n<p>14h15\u00a0 Introduction<br \/>14h30\u00a0 Catherine Larr\u00e8re (Universit\u00e9 Paris-I Panth\u00e9on-Sorbonne) : <em>L&rsquo;\u00e9conomie de la nature : entre th\u00e9ologie naturelle et \u00e9conomie politique<\/em><br \/>15h20\u00a0 R\u00e9ponse: Guillaume Kaufmann (Universit\u00e9 de Neuch\u00e2tel) : Discussion<\/p>\n<p>16h10\u00a0 Thierry Hoquet (Universit\u00e9 Parix-X Paris-Nanterre) : <em>Peut-on parler d&rsquo;une \u00ab\u00a0cha\u00eene des \u00eatres\u00a0\u00bb ?<\/em><br \/>17h00\u00a0 R\u00e9ponse: Capucine Lebreton (Universit\u00e9 de Gen\u00e8ve) : Discussion<\/p>\n<p><strong>Conf\u00e9rence de Claire Jaquier, \u00e0 l&rsquo;occasion de son d\u00e9part \u00e0 la retraite<\/strong><br \/>B\u00e2timent principal <strong>|<\/strong> aula<\/p>\n<p>18h00\u00a0 Allocution du Doyen de la Facult\u00e9 des lettres et sciences humaines<br \/>Introduction de Nathalie Vuillemin (directrice de l&rsquo;Institut de litt\u00e9rature fran\u00e7aise),<br \/>et Timoth\u00e9e L\u00e9chot (Universit\u00e9s de B\u00e2le et de Berne)<br \/>18h20\u00a0 Claire Jaquier (Universit\u00e9 de Neuch\u00e2tel) : <em>Po\u00e9sie et pouvoir des fleurs. De l&rsquo;amor florum aux Amours des plantes<\/em><\/p>\n<p>Contact : nathalie.vuillemin[at]unine.ch ; timothee.lechot[at]unibas.ch<\/p>\n<p>Programme doctoral CUSO \u00ab \u00c9tudes sur le si\u00e8cle des Lumi\u00e8res\u00bb<\/p>","protected":false},"excerpt":{"rendered":"<p>Philosophies de la nature et litt\u00e9rature au XVIIIe si\u00e8cle\u00a0\u00bb, Universit\u00e9 de Neuch\u00e2tel, 17 mai 2018 \u2192 Programme Jeudi 17 mai 2018 14h15\u00a0 Introduction14h30\u00a0 Catherine Larr\u00e8re (Universit\u00e9 Paris-I Panth\u00e9on-Sorbonne) : L&rsquo;\u00e9conomie de la nature : entre th\u00e9ologie naturelle et \u00e9conomie politique15h20\u00a0 R\u00e9ponse: Guillaume Kaufmann (Universit\u00e9 de Neuch\u00e2tel) : Discussion 16h10\u00a0 Thierry Hoquet (Universit\u00e9 Parix-X Paris-Nanterre) : [&hellip;]<\/p>\n","protected":false},"author":5,"featured_media":3693,"comment_status":"closed","ping_status":"open","sticky":false,"template":"","format":"standard","meta":{"footnotes":""},"categories":[42,27],"tags":[],"class_list":{"0":"post-5310","1":"post","2":"type-post","3":"status-publish","4":"format-standard","5":"has-post-thumbnail","7":"category-actualite","8":"category-colloques","9":"czr-hentry"},"yoast_head":"<!-- This site is optimized with the Yoast SEO plugin v26.9 - https:\/\/yoast.com\/product\/yoast-seo-wordpress\/ -->\n<title>Philosophies de la nature et litt\u00e9rature - Schweizerische Gesellschaft f\u00fcr die Erforschung des 18. Jahrhunderts (SGEAJ - SSEDS)<\/title>\n<meta name=\"robots\" content=\"index, follow, max-snippet:-1, max-image-preview:large, max-video-preview:-1\" \/>\n<link rel=\"canonical\" href=\"https:\/\/www.sgeaj.ch\/fr\/actualite\/2018nature\/\" \/>\n<meta name=\"twitter:label1\" content=\"\u00c9crit par\" \/>\n\t<meta name=\"twitter:data1\" content=\"Meike Knittel\" \/>\n\t<meta name=\"twitter:label2\" content=\"Dur\u00e9e de lecture estim\u00e9e\" \/>\n\t<meta name=\"twitter:data2\" content=\"1 minute\" \/>\n<script type=\"application\/ld+json\" class=\"yoast-schema-graph\">{\"@context\":\"https:\/\/schema.org\",\"@graph\":[{\"@type\":\"Article\",\"@id\":\"https:\/\/www.sgeaj.ch\/fr\/actualite\/2018nature\/#article\",\"isPartOf\":{\"@id\":\"https:\/\/www.sgeaj.ch\/fr\/actualite\/2018nature\/\"},\"author\":{\"name\":\"Meike Knittel\",\"@id\":\"https:\/\/www.sgeaj.ch\/fr\/#\/schema\/person\/4987b659851959f54148884461da99ca\"},\"headline\":\"Philosophies de la nature et litt\u00e9rature\",\"datePublished\":\"2018-04-30T18:03:12+00:00\",\"dateModified\":\"2023-01-23T15:09:45+00:00\",\"mainEntityOfPage\":{\"@id\":\"https:\/\/www.sgeaj.ch\/fr\/actualite\/2018nature\/\"},\"wordCount\":179,\"publisher\":{\"@id\":\"https:\/\/www.sgeaj.ch\/fr\/#organization\"},\"image\":{\"@id\":\"https:\/\/www.sgeaj.ch\/fr\/actualite\/2018nature\/#primaryimage\"},\"thumbnailUrl\":\"https:\/\/www.sgeaj.ch\/wp-content\/uploads\/2018\/04\/2018-JdE-philosophies.jpg\",\"articleSection\":[\"Actualit\u00e9\",\"Colloques\"],\"inLanguage\":\"fr-FR\"},{\"@type\":\"WebPage\",\"@id\":\"https:\/\/www.sgeaj.ch\/fr\/actualite\/2018nature\/\",\"url\":\"https:\/\/www.sgeaj.ch\/fr\/actualite\/2018nature\/\",\"name\":\"Philosophies de la nature et litt\u00e9rature - Schweizerische Gesellschaft f\u00fcr die Erforschung des 18. Jahrhunderts (SGEAJ - SSEDS)\",\"isPartOf\":{\"@id\":\"https:\/\/www.sgeaj.ch\/fr\/#website\"},\"primaryImageOfPage\":{\"@id\":\"https:\/\/www.sgeaj.ch\/fr\/actualite\/2018nature\/#primaryimage\"},\"image\":{\"@id\":\"https:\/\/www.sgeaj.ch\/fr\/actualite\/2018nature\/#primaryimage\"},\"thumbnailUrl\":\"https:\/\/www.sgeaj.ch\/wp-content\/uploads\/2018\/04\/2018-JdE-philosophies.jpg\",\"datePublished\":\"2018-04-30T18:03:12+00:00\",\"dateModified\":\"2023-01-23T15:09:45+00:00\",\"inLanguage\":\"fr-FR\",\"potentialAction\":[{\"@type\":\"ReadAction\",\"target\":[\"https:\/\/www.sgeaj.ch\/fr\/actualite\/2018nature\/\"]}]},{\"@type\":\"ImageObject\",\"inLanguage\":\"fr-FR\",\"@id\":\"https:\/\/www.sgeaj.ch\/fr\/actualite\/2018nature\/#primaryimage\",\"url\":\"https:\/\/www.sgeaj.ch\/wp-content\/uploads\/2018\/04\/2018-JdE-philosophies.jpg\",\"contentUrl\":\"https:\/\/www.sgeaj.ch\/wp-content\/uploads\/2018\/04\/2018-JdE-philosophies.jpg\",\"width\":3604,\"height\":2033},{\"@type\":\"WebSite\",\"@id\":\"https:\/\/www.sgeaj.ch\/fr\/#website\",\"url\":\"https:\/\/www.sgeaj.ch\/fr\/\",\"name\":\"Schweizerische Gesellschaft f\u00fcr die Erforschung des 18. Jahrhunderts (SGEAJ - SSEDS)\",\"description\":\"Schweizerische Gesellschaft f\u00fcr die Erforschung des 18. Jahrhunderts\",\"publisher\":{\"@id\":\"https:\/\/www.sgeaj.ch\/fr\/#organization\"},\"potentialAction\":[{\"@type\":\"SearchAction\",\"target\":{\"@type\":\"EntryPoint\",\"urlTemplate\":\"https:\/\/www.sgeaj.ch\/fr\/?s={search_term_string}\"},\"query-input\":{\"@type\":\"PropertyValueSpecification\",\"valueRequired\":true,\"valueName\":\"search_term_string\"}}],\"inLanguage\":\"fr-FR\"},{\"@type\":\"Organization\",\"@id\":\"https:\/\/www.sgeaj.ch\/fr\/#organization\",\"name\":\"Schweizerische Gesellschaft f\u00fcr die Erforschung des 18. Jahrhunderts (SGEAJ - SSEDS)\",\"url\":\"https:\/\/www.sgeaj.ch\/fr\/\",\"logo\":{\"@type\":\"ImageObject\",\"inLanguage\":\"fr-FR\",\"@id\":\"https:\/\/www.sgeaj.ch\/fr\/#\/schema\/logo\/image\/\",\"url\":\"https:\/\/www.sgeaj.ch\/wp-content\/uploads\/2021\/06\/cropped-logo-xviiies-horiz-abreuviations-bleues.png\",\"contentUrl\":\"https:\/\/www.sgeaj.ch\/wp-content\/uploads\/2021\/06\/cropped-logo-xviiies-horiz-abreuviations-bleues.png\",\"width\":659,\"height\":335,\"caption\":\"Schweizerische Gesellschaft f\u00fcr die Erforschung des 18. Jahrhunderts (SGEAJ - SSEDS)\"},\"image\":{\"@id\":\"https:\/\/www.sgeaj.ch\/fr\/#\/schema\/logo\/image\/\"}},{\"@type\":\"Person\",\"@id\":\"https:\/\/www.sgeaj.ch\/fr\/#\/schema\/person\/4987b659851959f54148884461da99ca\",\"name\":\"Meike Knittel\",\"url\":\"https:\/\/www.sgeaj.ch\/fr\/author\/mknittel\/\"}]}<\/script>\n<!-- \/ Yoast SEO plugin. -->","yoast_head_json":{"title":"Philosophies de la nature et litt\u00e9rature - Schweizerische Gesellschaft f\u00fcr die Erforschung des 18. Jahrhunderts (SGEAJ - SSEDS)","robots":{"index":"index","follow":"follow","max-snippet":"max-snippet:-1","max-image-preview":"max-image-preview:large","max-video-preview":"max-video-preview:-1"},"canonical":"https:\/\/www.sgeaj.ch\/fr\/actualite\/2018nature\/","twitter_misc":{"\u00c9crit par":"Meike Knittel","Dur\u00e9e de lecture estim\u00e9e":"1 minute"},"schema":{"@context":"https:\/\/schema.org","@graph":[{"@type":"Article","@id":"https:\/\/www.sgeaj.ch\/fr\/actualite\/2018nature\/#article","isPartOf":{"@id":"https:\/\/www.sgeaj.ch\/fr\/actualite\/2018nature\/"},"author":{"name":"Meike Knittel","@id":"https:\/\/www.sgeaj.ch\/fr\/#\/schema\/person\/4987b659851959f54148884461da99ca"},"headline":"Philosophies de la nature et litt\u00e9rature","datePublished":"2018-04-30T18:03:12+00:00","dateModified":"2023-01-23T15:09:45+00:00","mainEntityOfPage":{"@id":"https:\/\/www.sgeaj.ch\/fr\/actualite\/2018nature\/"},"wordCount":179,"publisher":{"@id":"https:\/\/www.sgeaj.ch\/fr\/#organization"},"image":{"@id":"https:\/\/www.sgeaj.ch\/fr\/actualite\/2018nature\/#primaryimage"},"thumbnailUrl":"https:\/\/www.sgeaj.ch\/wp-content\/uploads\/2018\/04\/2018-JdE-philosophies.jpg","articleSection":["Actualit\u00e9","Colloques"],"inLanguage":"fr-FR"},{"@type":"WebPage","@id":"https:\/\/www.sgeaj.ch\/fr\/actualite\/2018nature\/","url":"https:\/\/www.sgeaj.ch\/fr\/actualite\/2018nature\/","name":"Philosophies de la nature et litt\u00e9rature - Schweizerische Gesellschaft f\u00fcr die Erforschung des 18. Jahrhunderts (SGEAJ - SSEDS)","isPartOf":{"@id":"https:\/\/www.sgeaj.ch\/fr\/#website"},"primaryImageOfPage":{"@id":"https:\/\/www.sgeaj.ch\/fr\/actualite\/2018nature\/#primaryimage"},"image":{"@id":"https:\/\/www.sgeaj.ch\/fr\/actualite\/2018nature\/#primaryimage"},"thumbnailUrl":"https:\/\/www.sgeaj.ch\/wp-content\/uploads\/2018\/04\/2018-JdE-philosophies.jpg","datePublished":"2018-04-30T18:03:12+00:00","dateModified":"2023-01-23T15:09:45+00:00","inLanguage":"fr-FR","potentialAction":[{"@type":"ReadAction","target":["https:\/\/www.sgeaj.ch\/fr\/actualite\/2018nature\/"]}]},{"@type":"ImageObject","inLanguage":"fr-FR","@id":"https:\/\/www.sgeaj.ch\/fr\/actualite\/2018nature\/#primaryimage","url":"https:\/\/www.sgeaj.ch\/wp-content\/uploads\/2018\/04\/2018-JdE-philosophies.jpg","contentUrl":"https:\/\/www.sgeaj.ch\/wp-content\/uploads\/2018\/04\/2018-JdE-philosophies.jpg","width":3604,"height":2033},{"@type":"WebSite","@id":"https:\/\/www.sgeaj.ch\/fr\/#website","url":"https:\/\/www.sgeaj.ch\/fr\/","name":"Schweizerische Gesellschaft f\u00fcr die Erforschung des 18. Jahrhunderts (SGEAJ - SSEDS)","description":"Schweizerische Gesellschaft f\u00fcr die Erforschung des 18. Jahrhunderts","publisher":{"@id":"https:\/\/www.sgeaj.ch\/fr\/#organization"},"potentialAction":[{"@type":"SearchAction","target":{"@type":"EntryPoint","urlTemplate":"https:\/\/www.sgeaj.ch\/fr\/?s={search_term_string}"},"query-input":{"@type":"PropertyValueSpecification","valueRequired":true,"valueName":"search_term_string"}}],"inLanguage":"fr-FR"},{"@type":"Organization","@id":"https:\/\/www.sgeaj.ch\/fr\/#organization","name":"Schweizerische Gesellschaft f\u00fcr die Erforschung des 18. Jahrhunderts (SGEAJ - SSEDS)","url":"https:\/\/www.sgeaj.ch\/fr\/","logo":{"@type":"ImageObject","inLanguage":"fr-FR","@id":"https:\/\/www.sgeaj.ch\/fr\/#\/schema\/logo\/image\/","url":"https:\/\/www.sgeaj.ch\/wp-content\/uploads\/2021\/06\/cropped-logo-xviiies-horiz-abreuviations-bleues.png","contentUrl":"https:\/\/www.sgeaj.ch\/wp-content\/uploads\/2021\/06\/cropped-logo-xviiies-horiz-abreuviations-bleues.png","width":659,"height":335,"caption":"Schweizerische Gesellschaft f\u00fcr die Erforschung des 18. Jahrhunderts (SGEAJ - SSEDS)"},"image":{"@id":"https:\/\/www.sgeaj.ch\/fr\/#\/schema\/logo\/image\/"}},{"@type":"Person","@id":"https:\/\/www.sgeaj.ch\/fr\/#\/schema\/person\/4987b659851959f54148884461da99ca","name":"Meike Knittel","url":"https:\/\/www.sgeaj.ch\/fr\/author\/mknittel\/"}]}},"_links":{"self":[{"href":"https:\/\/www.sgeaj.ch\/fr\/wp-json\/wp\/v2\/posts\/5310","targetHints":{"allow":["GET"]}}],"collection":[{"href":"https:\/\/www.sgeaj.ch\/fr\/wp-json\/wp\/v2\/posts"}],"about":[{"href":"https:\/\/www.sgeaj.ch\/fr\/wp-json\/wp\/v2\/types\/post"}],"author":[{"embeddable":true,"href":"https:\/\/www.sgeaj.ch\/fr\/wp-json\/wp\/v2\/users\/5"}],"replies":[{"embeddable":true,"href":"https:\/\/www.sgeaj.ch\/fr\/wp-json\/wp\/v2\/comments?post=5310"}],"version-history":[{"count":3,"href":"https:\/\/www.sgeaj.ch\/fr\/wp-json\/wp\/v2\/posts\/5310\/revisions"}],"predecessor-version":[{"id":6962,"href":"https:\/\/www.sgeaj.ch\/fr\/wp-json\/wp\/v2\/posts\/5310\/revisions\/6962"}],"wp:featuredmedia":[{"embeddable":true,"href":"https:\/\/www.sgeaj.ch\/fr\/wp-json\/wp\/v2\/media\/3693"}],"wp:attachment":[{"href":"https:\/\/www.sgeaj.ch\/fr\/wp-json\/wp\/v2\/media?parent=5310"}],"wp:term":[{"taxonomy":"category","embeddable":true,"href":"https:\/\/www.sgeaj.ch\/fr\/wp-json\/wp\/v2\/categories?post=5310"},{"taxonomy":"post_tag","embeddable":true,"href":"https:\/\/www.sgeaj.ch\/fr\/wp-json\/wp\/v2\/tags?post=5310"}],"curies":[{"name":"wp","href":"https:\/\/api.w.org\/{rel}","templated":true}]}}