{"id":5312,"date":"2020-10-08T18:18:55","date_gmt":"2020-10-08T16:18:55","guid":{"rendered":"https:\/\/www.sgeaj.ch\/actualite\/non-classifiee\/tagung-wissensorte-als-wissenshubs-der-gelehrten-eidgenossenschaft-1400-1800\/"},"modified":"2021-04-11T15:58:47","modified_gmt":"2021-04-11T13:58:47","slug":"tagung-wissensorte-als-wissenshubs-der-gelehrten-eidgenossenschaft-1400-1800","status":"publish","type":"post","link":"https:\/\/www.sgeaj.ch\/fr\/actualite\/colloques\/tagung-wissensorte-als-wissenshubs-der-gelehrten-eidgenossenschaft-1400-1800\/","title":{"rendered":"Wissensorte als Wissenshubs der gelehrten Eidgenossenschaft"},"content":{"rendered":"\n<h3 class=\"wp-block-heading\">Wissensorte als Wissenshubs der gelehrten Eidgenossenschaft (1400-1800), Universit\u00e4t Bern, Unitobler, Raum F023, 23. Oktober 2020 <\/h3>\n\n\n\n<p>Das Forschungsprojekt Repertorium Academicum (REPAC), das am Historischen Institut der Uni-versit\u00e4t Bern betrieben wird, visualisiert u.a. f\u00fcr das Gebiet der Alten Eidgenossenschaft die Lebenswege von Personen, die an einer Universit\u00e4t Wissen erworben haben (1250\u22121550). Die Spuren ihrer Wissensverbreitung zeichnet das Projekt anhand der biographischen Stationen nach, wodurch Wissensr\u00e4ume digital rekonstruiert werden k\u00f6nnen. In diesen R\u00e4umen treffen wir auf Wissensorte, die als zentrale oder periphere Wissenshubs funktionierten.<br>Verbindungslinien zwischen dem REPAC und der Fr\u00fchen Neuzeit stellen verwandte Projekte der Universit\u00e4t Bern her, etwa die \u201aKulturen der Naturforschung\u2018 (16.\u221218. Jh.) und hallernet.org (18. Jh.), die vorgestellt und diskutiert werden. Mit Lumi\u00e8res.Lausanne wird ein Projekt aus dem frankophonen Raum die Perspektiven erweitern und erg\u00e4nzen, ebenso wie eine Pr\u00e4sen-tation zur Anwendung neuer Technologien im Bereich der Digital Humanities mit Blick auf die netzwerk analytische Auswertung von Wissenshubs der Vormoderne.<\/p>\n\n\n\n<p><strong>Anmeldung<\/strong> bis 16. Okt. 2020: corina.liebi@hist.unibe.ch<\/p>\n\n\n\n<p><a href=\"https:\/\/www.sgeaj.ch\/wp-content\/uploads\/2020\/10\/RAG_REPAC_Wissensort.pdf\" target=\"_blank\" rel=\"noreferrer noopener\">\u2192Zum Tagungsprogramm (pdf)<\/a><\/p>\n","protected":false},"excerpt":{"rendered":"<p>Wissensorte als Wissenshubs der gelehrten Eidgenossenschaft (1400-1800), Universit\u00e4t Bern, Unitobler, Raum F023, 23. Oktober 2020 Das Forschungsprojekt Repertorium Academicum (REPAC), das am Historischen Institut der Uni-versit\u00e4t Bern betrieben wird, visualisiert u.a. f\u00fcr das Gebiet der Alten Eidgenossenschaft die Lebenswege von Personen, die an einer Universit\u00e4t Wissen erworben haben (1250\u22121550). Die Spuren ihrer Wissensverbreitung zeichnet das [&hellip;]<\/p>\n","protected":false},"author":7,"featured_media":6192,"comment_status":"closed","ping_status":"open","sticky":false,"template":"","format":"standard","meta":{"footnotes":""},"categories":[42,27],"tags":[],"class_list":{"0":"post-5312","1":"post","2":"type-post","3":"status-publish","4":"format-standard","5":"has-post-thumbnail","7":"category-actualite","8":"category-colloques","9":"czr-hentry"},"yoast_head":"<!-- This site is optimized with the Yoast SEO plugin v26.9 - https:\/\/yoast.com\/product\/yoast-seo-wordpress\/ -->\n<title>Wissensorte als Wissenshubs der gelehrten Eidgenossenschaft - Schweizerische Gesellschaft f\u00fcr die Erforschung des 18. Jahrhunderts (SGEAJ - SSEDS)<\/title>\n<meta name=\"robots\" content=\"index, follow, max-snippet:-1, max-image-preview:large, max-video-preview:-1\" \/>\n<link rel=\"canonical\" href=\"https:\/\/www.sgeaj.ch\/fr\/actualite\/colloques\/tagung-wissensorte-als-wissenshubs-der-gelehrten-eidgenossenschaft-1400-1800\/\" \/>\n<meta name=\"twitter:label1\" content=\"\u00c9crit par\" \/>\n\t<meta name=\"twitter:data1\" content=\"Nadja Ackermann\" \/>\n\t<meta name=\"twitter:label2\" content=\"Dur\u00e9e de lecture estim\u00e9e\" \/>\n\t<meta name=\"twitter:data2\" content=\"1 minute\" \/>\n<script type=\"application\/ld+json\" class=\"yoast-schema-graph\">{\"@context\":\"https:\/\/schema.org\",\"@graph\":[{\"@type\":\"Article\",\"@id\":\"https:\/\/www.sgeaj.ch\/fr\/actualite\/colloques\/tagung-wissensorte-als-wissenshubs-der-gelehrten-eidgenossenschaft-1400-1800\/#article\",\"isPartOf\":{\"@id\":\"https:\/\/www.sgeaj.ch\/fr\/actualite\/colloques\/tagung-wissensorte-als-wissenshubs-der-gelehrten-eidgenossenschaft-1400-1800\/\"},\"author\":{\"name\":\"Nadja Ackermann\",\"@id\":\"https:\/\/www.sgeaj.ch\/fr\/#\/schema\/person\/2cd839eed625879a17645fc9f307c8e7\"},\"headline\":\"Wissensorte als Wissenshubs der gelehrten Eidgenossenschaft\",\"datePublished\":\"2020-10-08T16:18:55+00:00\",\"dateModified\":\"2021-04-11T13:58:47+00:00\",\"mainEntityOfPage\":{\"@id\":\"https:\/\/www.sgeaj.ch\/fr\/actualite\/colloques\/tagung-wissensorte-als-wissenshubs-der-gelehrten-eidgenossenschaft-1400-1800\/\"},\"wordCount\":177,\"publisher\":{\"@id\":\"https:\/\/www.sgeaj.ch\/fr\/#organization\"},\"image\":{\"@id\":\"https:\/\/www.sgeaj.ch\/fr\/actualite\/colloques\/tagung-wissensorte-als-wissenshubs-der-gelehrten-eidgenossenschaft-1400-1800\/#primaryimage\"},\"thumbnailUrl\":\"https:\/\/www.sgeaj.ch\/wp-content\/uploads\/2020\/10\/korrespondenznetzwerk.jpg\",\"articleSection\":[\"Actualit\u00e9\",\"Colloques\"],\"inLanguage\":\"fr-FR\"},{\"@type\":\"WebPage\",\"@id\":\"https:\/\/www.sgeaj.ch\/fr\/actualite\/colloques\/tagung-wissensorte-als-wissenshubs-der-gelehrten-eidgenossenschaft-1400-1800\/\",\"url\":\"https:\/\/www.sgeaj.ch\/fr\/actualite\/colloques\/tagung-wissensorte-als-wissenshubs-der-gelehrten-eidgenossenschaft-1400-1800\/\",\"name\":\"Wissensorte als Wissenshubs der gelehrten Eidgenossenschaft - Schweizerische Gesellschaft f\u00fcr die Erforschung des 18. Jahrhunderts (SGEAJ - SSEDS)\",\"isPartOf\":{\"@id\":\"https:\/\/www.sgeaj.ch\/fr\/#website\"},\"primaryImageOfPage\":{\"@id\":\"https:\/\/www.sgeaj.ch\/fr\/actualite\/colloques\/tagung-wissensorte-als-wissenshubs-der-gelehrten-eidgenossenschaft-1400-1800\/#primaryimage\"},\"image\":{\"@id\":\"https:\/\/www.sgeaj.ch\/fr\/actualite\/colloques\/tagung-wissensorte-als-wissenshubs-der-gelehrten-eidgenossenschaft-1400-1800\/#primaryimage\"},\"thumbnailUrl\":\"https:\/\/www.sgeaj.ch\/wp-content\/uploads\/2020\/10\/korrespondenznetzwerk.jpg\",\"datePublished\":\"2020-10-08T16:18:55+00:00\",\"dateModified\":\"2021-04-11T13:58:47+00:00\",\"inLanguage\":\"fr-FR\",\"potentialAction\":[{\"@type\":\"ReadAction\",\"target\":[\"https:\/\/www.sgeaj.ch\/fr\/actualite\/colloques\/tagung-wissensorte-als-wissenshubs-der-gelehrten-eidgenossenschaft-1400-1800\/\"]}]},{\"@type\":\"ImageObject\",\"inLanguage\":\"fr-FR\",\"@id\":\"https:\/\/www.sgeaj.ch\/fr\/actualite\/colloques\/tagung-wissensorte-als-wissenshubs-der-gelehrten-eidgenossenschaft-1400-1800\/#primaryimage\",\"url\":\"https:\/\/www.sgeaj.ch\/wp-content\/uploads\/2020\/10\/korrespondenznetzwerk.jpg\",\"contentUrl\":\"https:\/\/www.sgeaj.ch\/wp-content\/uploads\/2020\/10\/korrespondenznetzwerk.jpg\",\"width\":894,\"height\":563},{\"@type\":\"WebSite\",\"@id\":\"https:\/\/www.sgeaj.ch\/fr\/#website\",\"url\":\"https:\/\/www.sgeaj.ch\/fr\/\",\"name\":\"Schweizerische Gesellschaft f\u00fcr die Erforschung des 18. Jahrhunderts (SGEAJ - SSEDS)\",\"description\":\"Schweizerische Gesellschaft f\u00fcr die Erforschung des 18. Jahrhunderts\",\"publisher\":{\"@id\":\"https:\/\/www.sgeaj.ch\/fr\/#organization\"},\"potentialAction\":[{\"@type\":\"SearchAction\",\"target\":{\"@type\":\"EntryPoint\",\"urlTemplate\":\"https:\/\/www.sgeaj.ch\/fr\/?s={search_term_string}\"},\"query-input\":{\"@type\":\"PropertyValueSpecification\",\"valueRequired\":true,\"valueName\":\"search_term_string\"}}],\"inLanguage\":\"fr-FR\"},{\"@type\":\"Organization\",\"@id\":\"https:\/\/www.sgeaj.ch\/fr\/#organization\",\"name\":\"Schweizerische Gesellschaft f\u00fcr die Erforschung des 18. Jahrhunderts (SGEAJ - SSEDS)\",\"url\":\"https:\/\/www.sgeaj.ch\/fr\/\",\"logo\":{\"@type\":\"ImageObject\",\"inLanguage\":\"fr-FR\",\"@id\":\"https:\/\/www.sgeaj.ch\/fr\/#\/schema\/logo\/image\/\",\"url\":\"https:\/\/www.sgeaj.ch\/wp-content\/uploads\/2021\/06\/cropped-logo-xviiies-horiz-abreuviations-bleues.png\",\"contentUrl\":\"https:\/\/www.sgeaj.ch\/wp-content\/uploads\/2021\/06\/cropped-logo-xviiies-horiz-abreuviations-bleues.png\",\"width\":659,\"height\":335,\"caption\":\"Schweizerische Gesellschaft f\u00fcr die Erforschung des 18. Jahrhunderts (SGEAJ - SSEDS)\"},\"image\":{\"@id\":\"https:\/\/www.sgeaj.ch\/fr\/#\/schema\/logo\/image\/\"}},{\"@type\":\"Person\",\"@id\":\"https:\/\/www.sgeaj.ch\/fr\/#\/schema\/person\/2cd839eed625879a17645fc9f307c8e7\",\"name\":\"Nadja Ackermann\",\"url\":\"https:\/\/www.sgeaj.ch\/fr\/author\/naackermann\/\"}]}<\/script>\n<!-- \/ Yoast SEO plugin. -->","yoast_head_json":{"title":"Wissensorte als Wissenshubs der gelehrten Eidgenossenschaft - Schweizerische Gesellschaft f\u00fcr die Erforschung des 18. Jahrhunderts (SGEAJ - SSEDS)","robots":{"index":"index","follow":"follow","max-snippet":"max-snippet:-1","max-image-preview":"max-image-preview:large","max-video-preview":"max-video-preview:-1"},"canonical":"https:\/\/www.sgeaj.ch\/fr\/actualite\/colloques\/tagung-wissensorte-als-wissenshubs-der-gelehrten-eidgenossenschaft-1400-1800\/","twitter_misc":{"\u00c9crit par":"Nadja Ackermann","Dur\u00e9e de lecture estim\u00e9e":"1 minute"},"schema":{"@context":"https:\/\/schema.org","@graph":[{"@type":"Article","@id":"https:\/\/www.sgeaj.ch\/fr\/actualite\/colloques\/tagung-wissensorte-als-wissenshubs-der-gelehrten-eidgenossenschaft-1400-1800\/#article","isPartOf":{"@id":"https:\/\/www.sgeaj.ch\/fr\/actualite\/colloques\/tagung-wissensorte-als-wissenshubs-der-gelehrten-eidgenossenschaft-1400-1800\/"},"author":{"name":"Nadja Ackermann","@id":"https:\/\/www.sgeaj.ch\/fr\/#\/schema\/person\/2cd839eed625879a17645fc9f307c8e7"},"headline":"Wissensorte als Wissenshubs der gelehrten Eidgenossenschaft","datePublished":"2020-10-08T16:18:55+00:00","dateModified":"2021-04-11T13:58:47+00:00","mainEntityOfPage":{"@id":"https:\/\/www.sgeaj.ch\/fr\/actualite\/colloques\/tagung-wissensorte-als-wissenshubs-der-gelehrten-eidgenossenschaft-1400-1800\/"},"wordCount":177,"publisher":{"@id":"https:\/\/www.sgeaj.ch\/fr\/#organization"},"image":{"@id":"https:\/\/www.sgeaj.ch\/fr\/actualite\/colloques\/tagung-wissensorte-als-wissenshubs-der-gelehrten-eidgenossenschaft-1400-1800\/#primaryimage"},"thumbnailUrl":"https:\/\/www.sgeaj.ch\/wp-content\/uploads\/2020\/10\/korrespondenznetzwerk.jpg","articleSection":["Actualit\u00e9","Colloques"],"inLanguage":"fr-FR"},{"@type":"WebPage","@id":"https:\/\/www.sgeaj.ch\/fr\/actualite\/colloques\/tagung-wissensorte-als-wissenshubs-der-gelehrten-eidgenossenschaft-1400-1800\/","url":"https:\/\/www.sgeaj.ch\/fr\/actualite\/colloques\/tagung-wissensorte-als-wissenshubs-der-gelehrten-eidgenossenschaft-1400-1800\/","name":"Wissensorte als Wissenshubs der gelehrten Eidgenossenschaft - Schweizerische Gesellschaft f\u00fcr die Erforschung des 18. Jahrhunderts (SGEAJ - SSEDS)","isPartOf":{"@id":"https:\/\/www.sgeaj.ch\/fr\/#website"},"primaryImageOfPage":{"@id":"https:\/\/www.sgeaj.ch\/fr\/actualite\/colloques\/tagung-wissensorte-als-wissenshubs-der-gelehrten-eidgenossenschaft-1400-1800\/#primaryimage"},"image":{"@id":"https:\/\/www.sgeaj.ch\/fr\/actualite\/colloques\/tagung-wissensorte-als-wissenshubs-der-gelehrten-eidgenossenschaft-1400-1800\/#primaryimage"},"thumbnailUrl":"https:\/\/www.sgeaj.ch\/wp-content\/uploads\/2020\/10\/korrespondenznetzwerk.jpg","datePublished":"2020-10-08T16:18:55+00:00","dateModified":"2021-04-11T13:58:47+00:00","inLanguage":"fr-FR","potentialAction":[{"@type":"ReadAction","target":["https:\/\/www.sgeaj.ch\/fr\/actualite\/colloques\/tagung-wissensorte-als-wissenshubs-der-gelehrten-eidgenossenschaft-1400-1800\/"]}]},{"@type":"ImageObject","inLanguage":"fr-FR","@id":"https:\/\/www.sgeaj.ch\/fr\/actualite\/colloques\/tagung-wissensorte-als-wissenshubs-der-gelehrten-eidgenossenschaft-1400-1800\/#primaryimage","url":"https:\/\/www.sgeaj.ch\/wp-content\/uploads\/2020\/10\/korrespondenznetzwerk.jpg","contentUrl":"https:\/\/www.sgeaj.ch\/wp-content\/uploads\/2020\/10\/korrespondenznetzwerk.jpg","width":894,"height":563},{"@type":"WebSite","@id":"https:\/\/www.sgeaj.ch\/fr\/#website","url":"https:\/\/www.sgeaj.ch\/fr\/","name":"Schweizerische Gesellschaft f\u00fcr die Erforschung des 18. Jahrhunderts (SGEAJ - SSEDS)","description":"Schweizerische Gesellschaft f\u00fcr die Erforschung des 18. Jahrhunderts","publisher":{"@id":"https:\/\/www.sgeaj.ch\/fr\/#organization"},"potentialAction":[{"@type":"SearchAction","target":{"@type":"EntryPoint","urlTemplate":"https:\/\/www.sgeaj.ch\/fr\/?s={search_term_string}"},"query-input":{"@type":"PropertyValueSpecification","valueRequired":true,"valueName":"search_term_string"}}],"inLanguage":"fr-FR"},{"@type":"Organization","@id":"https:\/\/www.sgeaj.ch\/fr\/#organization","name":"Schweizerische Gesellschaft f\u00fcr die Erforschung des 18. Jahrhunderts (SGEAJ - SSEDS)","url":"https:\/\/www.sgeaj.ch\/fr\/","logo":{"@type":"ImageObject","inLanguage":"fr-FR","@id":"https:\/\/www.sgeaj.ch\/fr\/#\/schema\/logo\/image\/","url":"https:\/\/www.sgeaj.ch\/wp-content\/uploads\/2021\/06\/cropped-logo-xviiies-horiz-abreuviations-bleues.png","contentUrl":"https:\/\/www.sgeaj.ch\/wp-content\/uploads\/2021\/06\/cropped-logo-xviiies-horiz-abreuviations-bleues.png","width":659,"height":335,"caption":"Schweizerische Gesellschaft f\u00fcr die Erforschung des 18. Jahrhunderts (SGEAJ - SSEDS)"},"image":{"@id":"https:\/\/www.sgeaj.ch\/fr\/#\/schema\/logo\/image\/"}},{"@type":"Person","@id":"https:\/\/www.sgeaj.ch\/fr\/#\/schema\/person\/2cd839eed625879a17645fc9f307c8e7","name":"Nadja Ackermann","url":"https:\/\/www.sgeaj.ch\/fr\/author\/naackermann\/"}]}},"_links":{"self":[{"href":"https:\/\/www.sgeaj.ch\/fr\/wp-json\/wp\/v2\/posts\/5312","targetHints":{"allow":["GET"]}}],"collection":[{"href":"https:\/\/www.sgeaj.ch\/fr\/wp-json\/wp\/v2\/posts"}],"about":[{"href":"https:\/\/www.sgeaj.ch\/fr\/wp-json\/wp\/v2\/types\/post"}],"author":[{"embeddable":true,"href":"https:\/\/www.sgeaj.ch\/fr\/wp-json\/wp\/v2\/users\/7"}],"replies":[{"embeddable":true,"href":"https:\/\/www.sgeaj.ch\/fr\/wp-json\/wp\/v2\/comments?post=5312"}],"version-history":[{"count":1,"href":"https:\/\/www.sgeaj.ch\/fr\/wp-json\/wp\/v2\/posts\/5312\/revisions"}],"predecessor-version":[{"id":6078,"href":"https:\/\/www.sgeaj.ch\/fr\/wp-json\/wp\/v2\/posts\/5312\/revisions\/6078"}],"wp:featuredmedia":[{"embeddable":true,"href":"https:\/\/www.sgeaj.ch\/fr\/wp-json\/wp\/v2\/media\/6192"}],"wp:attachment":[{"href":"https:\/\/www.sgeaj.ch\/fr\/wp-json\/wp\/v2\/media?parent=5312"}],"wp:term":[{"taxonomy":"category","embeddable":true,"href":"https:\/\/www.sgeaj.ch\/fr\/wp-json\/wp\/v2\/categories?post=5312"},{"taxonomy":"post_tag","embeddable":true,"href":"https:\/\/www.sgeaj.ch\/fr\/wp-json\/wp\/v2\/tags?post=5312"}],"curies":[{"name":"wp","href":"https:\/\/api.w.org\/{rel}","templated":true}]}}