{"id":5314,"date":"2020-10-10T09:37:49","date_gmt":"2020-10-10T07:37:49","guid":{"rendered":"https:\/\/www.sgeaj.ch\/actualite\/non-classifiee\/colloque-se-soustraire-a-lempire-des-grands-enfance-jeunesse-et-agentivite-1500-1830\/"},"modified":"2021-04-11T15:54:20","modified_gmt":"2021-04-11T13:54:20","slug":"colloque-se-soustraire-a-lempire-des-grands-enfance-jeunesse-et-agentivite-1500-1830","status":"publish","type":"post","link":"https:\/\/www.sgeaj.ch\/fr\/actualite\/colloques\/colloque-se-soustraire-a-lempire-des-grands-enfance-jeunesse-et-agentivite-1500-1830\/","title":{"rendered":"Se soustraire \u00e0 l&#8217;empire des grands"},"content":{"rendered":"\n<h3 class=\"wp-block-heading\">Se soustraire \u00e0 l&#8217;empire des grands. Enfance, jeunesse et agentivit\u00e9 (1500-1830), Universit\u00e9 de Lausanne, G\u00e9opolis, 5-6 novembre 2020  <\/h3>\n\n\n\n<p>Depuis quelques d\u00e9cennies, la recherche accorde un int\u00e9r\u00eat croissant aux acteurs et actrices historiques. Concept-cl\u00e9 pour l\u2019\u00e9tude de la marge de man\u0153uvre des individus dans des contextes sociaux donn\u00e9s, l\u2019agentivit\u00e9 (agency) est au c\u0153ur de la red\u00e9couverte de protagonistes priv\u00e9s de visibilit\u00e9, telles que l\u2019ont \u00e9t\u00e9 et le sont encore dans une large mesure les femmes. Repr\u00e9sentant une portion essentielle de la population, les enfants sont pourtant encore tr\u00e8s marginaux dans ces \u00e9tudes. En ouvrant la r\u00e9flexion sur l\u2019exp\u00e9rience enfantine et les modalit\u00e9s de l\u2019agentivit\u00e9 de la jeunesse entre le XVIe et le premier tiers du XIXe si\u00e8cle, ce colloque \u00e0 vocation interdisciplinaire entend contribuer \u00e0 leur visibilisation tout en participant au renouvellement en cours de l\u2019\u00e9criture de l\u2019histoire. Les principaux axes de ce colloque sont les mod\u00e8les et repr\u00e9sentations de l\u2019agentivit\u00e9 enfantine (masculine ou f\u00e9minine) ou de ses limites, ses manifestions sociales ainsi que l\u2019exp\u00e9rience, par les jeunes individus de la gestion, voire la revendication, de leurs espaces d\u2019autod\u00e9termination, en interaction, ou non, avec les adultes.<\/p>\n\n\n\n<p><a href=\"https:\/\/www.sgeaj.ch\/wp-content\/uploads\/2020\/10\/Programme_jeunesse_def_2.pdf\" target=\"_blank\" rel=\"noreferrer noopener\">\u2192 Voire le programme (pdf)<\/a><\/p>\n","protected":false},"excerpt":{"rendered":"<p>Se soustraire \u00e0 l&#8217;empire des grands. Enfance, jeunesse et agentivit\u00e9 (1500-1830), Universit\u00e9 de Lausanne, G\u00e9opolis, 5-6 novembre 2020 Depuis quelques d\u00e9cennies, la recherche accorde un int\u00e9r\u00eat croissant aux acteurs et actrices historiques. Concept-cl\u00e9 pour l\u2019\u00e9tude de la marge de man\u0153uvre des individus dans des contextes sociaux donn\u00e9s, l\u2019agentivit\u00e9 (agency) est au c\u0153ur de la red\u00e9couverte [&hellip;]<\/p>\n","protected":false},"author":7,"featured_media":3890,"comment_status":"closed","ping_status":"open","sticky":false,"template":"","format":"standard","meta":{"footnotes":""},"categories":[42,27],"tags":[],"class_list":{"0":"post-5314","1":"post","2":"type-post","3":"status-publish","4":"format-standard","5":"has-post-thumbnail","7":"category-actualite","8":"category-colloques","9":"czr-hentry"},"yoast_head":"<!-- This site is optimized with the Yoast SEO plugin v26.9 - https:\/\/yoast.com\/product\/yoast-seo-wordpress\/ -->\n<title>Se soustraire \u00e0 l&#039;empire des grands - Schweizerische Gesellschaft f\u00fcr die Erforschung des 18. Jahrhunderts (SGEAJ - SSEDS)<\/title>\n<meta name=\"robots\" content=\"index, follow, max-snippet:-1, max-image-preview:large, max-video-preview:-1\" \/>\n<link rel=\"canonical\" href=\"https:\/\/www.sgeaj.ch\/fr\/actualite\/colloques\/colloque-se-soustraire-a-lempire-des-grands-enfance-jeunesse-et-agentivite-1500-1830\/\" \/>\n<meta name=\"twitter:label1\" content=\"\u00c9crit par\" \/>\n\t<meta name=\"twitter:data1\" content=\"Nadja Ackermann\" \/>\n\t<meta name=\"twitter:label2\" content=\"Dur\u00e9e de lecture estim\u00e9e\" \/>\n\t<meta name=\"twitter:data2\" content=\"1 minute\" \/>\n<script type=\"application\/ld+json\" class=\"yoast-schema-graph\">{\"@context\":\"https:\/\/schema.org\",\"@graph\":[{\"@type\":\"Article\",\"@id\":\"https:\/\/www.sgeaj.ch\/fr\/actualite\/colloques\/colloque-se-soustraire-a-lempire-des-grands-enfance-jeunesse-et-agentivite-1500-1830\/#article\",\"isPartOf\":{\"@id\":\"https:\/\/www.sgeaj.ch\/fr\/actualite\/colloques\/colloque-se-soustraire-a-lempire-des-grands-enfance-jeunesse-et-agentivite-1500-1830\/\"},\"author\":{\"name\":\"Nadja Ackermann\",\"@id\":\"https:\/\/www.sgeaj.ch\/fr\/#\/schema\/person\/2cd839eed625879a17645fc9f307c8e7\"},\"headline\":\"Se soustraire \u00e0 l&#8217;empire des grands\",\"datePublished\":\"2020-10-10T07:37:49+00:00\",\"dateModified\":\"2021-04-11T13:54:20+00:00\",\"mainEntityOfPage\":{\"@id\":\"https:\/\/www.sgeaj.ch\/fr\/actualite\/colloques\/colloque-se-soustraire-a-lempire-des-grands-enfance-jeunesse-et-agentivite-1500-1830\/\"},\"wordCount\":222,\"publisher\":{\"@id\":\"https:\/\/www.sgeaj.ch\/fr\/#organization\"},\"image\":{\"@id\":\"https:\/\/www.sgeaj.ch\/fr\/actualite\/colloques\/colloque-se-soustraire-a-lempire-des-grands-enfance-jeunesse-et-agentivite-1500-1830\/#primaryimage\"},\"thumbnailUrl\":\"https:\/\/www.sgeaj.ch\/wp-content\/uploads\/2020\/01\/cfp_Children-in-the-enlightenment_Thomas_Gainsborough.jpg\",\"articleSection\":[\"Actualit\u00e9\",\"Colloques\"],\"inLanguage\":\"fr-FR\"},{\"@type\":\"WebPage\",\"@id\":\"https:\/\/www.sgeaj.ch\/fr\/actualite\/colloques\/colloque-se-soustraire-a-lempire-des-grands-enfance-jeunesse-et-agentivite-1500-1830\/\",\"url\":\"https:\/\/www.sgeaj.ch\/fr\/actualite\/colloques\/colloque-se-soustraire-a-lempire-des-grands-enfance-jeunesse-et-agentivite-1500-1830\/\",\"name\":\"Se soustraire \u00e0 l'empire des grands - Schweizerische Gesellschaft f\u00fcr die Erforschung des 18. Jahrhunderts (SGEAJ - SSEDS)\",\"isPartOf\":{\"@id\":\"https:\/\/www.sgeaj.ch\/fr\/#website\"},\"primaryImageOfPage\":{\"@id\":\"https:\/\/www.sgeaj.ch\/fr\/actualite\/colloques\/colloque-se-soustraire-a-lempire-des-grands-enfance-jeunesse-et-agentivite-1500-1830\/#primaryimage\"},\"image\":{\"@id\":\"https:\/\/www.sgeaj.ch\/fr\/actualite\/colloques\/colloque-se-soustraire-a-lempire-des-grands-enfance-jeunesse-et-agentivite-1500-1830\/#primaryimage\"},\"thumbnailUrl\":\"https:\/\/www.sgeaj.ch\/wp-content\/uploads\/2020\/01\/cfp_Children-in-the-enlightenment_Thomas_Gainsborough.jpg\",\"datePublished\":\"2020-10-10T07:37:49+00:00\",\"dateModified\":\"2021-04-11T13:54:20+00:00\",\"inLanguage\":\"fr-FR\",\"potentialAction\":[{\"@type\":\"ReadAction\",\"target\":[\"https:\/\/www.sgeaj.ch\/fr\/actualite\/colloques\/colloque-se-soustraire-a-lempire-des-grands-enfance-jeunesse-et-agentivite-1500-1830\/\"]}]},{\"@type\":\"ImageObject\",\"inLanguage\":\"fr-FR\",\"@id\":\"https:\/\/www.sgeaj.ch\/fr\/actualite\/colloques\/colloque-se-soustraire-a-lempire-des-grands-enfance-jeunesse-et-agentivite-1500-1830\/#primaryimage\",\"url\":\"https:\/\/www.sgeaj.ch\/wp-content\/uploads\/2020\/01\/cfp_Children-in-the-enlightenment_Thomas_Gainsborough.jpg\",\"contentUrl\":\"https:\/\/www.sgeaj.ch\/wp-content\/uploads\/2020\/01\/cfp_Children-in-the-enlightenment_Thomas_Gainsborough.jpg\",\"width\":4085,\"height\":5517},{\"@type\":\"WebSite\",\"@id\":\"https:\/\/www.sgeaj.ch\/fr\/#website\",\"url\":\"https:\/\/www.sgeaj.ch\/fr\/\",\"name\":\"Schweizerische Gesellschaft f\u00fcr die Erforschung des 18. Jahrhunderts (SGEAJ - SSEDS)\",\"description\":\"Schweizerische Gesellschaft f\u00fcr die Erforschung des 18. Jahrhunderts\",\"publisher\":{\"@id\":\"https:\/\/www.sgeaj.ch\/fr\/#organization\"},\"potentialAction\":[{\"@type\":\"SearchAction\",\"target\":{\"@type\":\"EntryPoint\",\"urlTemplate\":\"https:\/\/www.sgeaj.ch\/fr\/?s={search_term_string}\"},\"query-input\":{\"@type\":\"PropertyValueSpecification\",\"valueRequired\":true,\"valueName\":\"search_term_string\"}}],\"inLanguage\":\"fr-FR\"},{\"@type\":\"Organization\",\"@id\":\"https:\/\/www.sgeaj.ch\/fr\/#organization\",\"name\":\"Schweizerische Gesellschaft f\u00fcr die Erforschung des 18. Jahrhunderts (SGEAJ - SSEDS)\",\"url\":\"https:\/\/www.sgeaj.ch\/fr\/\",\"logo\":{\"@type\":\"ImageObject\",\"inLanguage\":\"fr-FR\",\"@id\":\"https:\/\/www.sgeaj.ch\/fr\/#\/schema\/logo\/image\/\",\"url\":\"https:\/\/www.sgeaj.ch\/wp-content\/uploads\/2021\/06\/cropped-logo-xviiies-horiz-abreuviations-bleues.png\",\"contentUrl\":\"https:\/\/www.sgeaj.ch\/wp-content\/uploads\/2021\/06\/cropped-logo-xviiies-horiz-abreuviations-bleues.png\",\"width\":659,\"height\":335,\"caption\":\"Schweizerische Gesellschaft f\u00fcr die Erforschung des 18. Jahrhunderts (SGEAJ - SSEDS)\"},\"image\":{\"@id\":\"https:\/\/www.sgeaj.ch\/fr\/#\/schema\/logo\/image\/\"}},{\"@type\":\"Person\",\"@id\":\"https:\/\/www.sgeaj.ch\/fr\/#\/schema\/person\/2cd839eed625879a17645fc9f307c8e7\",\"name\":\"Nadja Ackermann\",\"url\":\"https:\/\/www.sgeaj.ch\/fr\/author\/naackermann\/\"}]}<\/script>\n<!-- \/ Yoast SEO plugin. -->","yoast_head_json":{"title":"Se soustraire \u00e0 l'empire des grands - Schweizerische Gesellschaft f\u00fcr die Erforschung des 18. Jahrhunderts (SGEAJ - SSEDS)","robots":{"index":"index","follow":"follow","max-snippet":"max-snippet:-1","max-image-preview":"max-image-preview:large","max-video-preview":"max-video-preview:-1"},"canonical":"https:\/\/www.sgeaj.ch\/fr\/actualite\/colloques\/colloque-se-soustraire-a-lempire-des-grands-enfance-jeunesse-et-agentivite-1500-1830\/","twitter_misc":{"\u00c9crit par":"Nadja Ackermann","Dur\u00e9e de lecture estim\u00e9e":"1 minute"},"schema":{"@context":"https:\/\/schema.org","@graph":[{"@type":"Article","@id":"https:\/\/www.sgeaj.ch\/fr\/actualite\/colloques\/colloque-se-soustraire-a-lempire-des-grands-enfance-jeunesse-et-agentivite-1500-1830\/#article","isPartOf":{"@id":"https:\/\/www.sgeaj.ch\/fr\/actualite\/colloques\/colloque-se-soustraire-a-lempire-des-grands-enfance-jeunesse-et-agentivite-1500-1830\/"},"author":{"name":"Nadja Ackermann","@id":"https:\/\/www.sgeaj.ch\/fr\/#\/schema\/person\/2cd839eed625879a17645fc9f307c8e7"},"headline":"Se soustraire \u00e0 l&#8217;empire des grands","datePublished":"2020-10-10T07:37:49+00:00","dateModified":"2021-04-11T13:54:20+00:00","mainEntityOfPage":{"@id":"https:\/\/www.sgeaj.ch\/fr\/actualite\/colloques\/colloque-se-soustraire-a-lempire-des-grands-enfance-jeunesse-et-agentivite-1500-1830\/"},"wordCount":222,"publisher":{"@id":"https:\/\/www.sgeaj.ch\/fr\/#organization"},"image":{"@id":"https:\/\/www.sgeaj.ch\/fr\/actualite\/colloques\/colloque-se-soustraire-a-lempire-des-grands-enfance-jeunesse-et-agentivite-1500-1830\/#primaryimage"},"thumbnailUrl":"https:\/\/www.sgeaj.ch\/wp-content\/uploads\/2020\/01\/cfp_Children-in-the-enlightenment_Thomas_Gainsborough.jpg","articleSection":["Actualit\u00e9","Colloques"],"inLanguage":"fr-FR"},{"@type":"WebPage","@id":"https:\/\/www.sgeaj.ch\/fr\/actualite\/colloques\/colloque-se-soustraire-a-lempire-des-grands-enfance-jeunesse-et-agentivite-1500-1830\/","url":"https:\/\/www.sgeaj.ch\/fr\/actualite\/colloques\/colloque-se-soustraire-a-lempire-des-grands-enfance-jeunesse-et-agentivite-1500-1830\/","name":"Se soustraire \u00e0 l'empire des grands - Schweizerische Gesellschaft f\u00fcr die Erforschung des 18. Jahrhunderts (SGEAJ - SSEDS)","isPartOf":{"@id":"https:\/\/www.sgeaj.ch\/fr\/#website"},"primaryImageOfPage":{"@id":"https:\/\/www.sgeaj.ch\/fr\/actualite\/colloques\/colloque-se-soustraire-a-lempire-des-grands-enfance-jeunesse-et-agentivite-1500-1830\/#primaryimage"},"image":{"@id":"https:\/\/www.sgeaj.ch\/fr\/actualite\/colloques\/colloque-se-soustraire-a-lempire-des-grands-enfance-jeunesse-et-agentivite-1500-1830\/#primaryimage"},"thumbnailUrl":"https:\/\/www.sgeaj.ch\/wp-content\/uploads\/2020\/01\/cfp_Children-in-the-enlightenment_Thomas_Gainsborough.jpg","datePublished":"2020-10-10T07:37:49+00:00","dateModified":"2021-04-11T13:54:20+00:00","inLanguage":"fr-FR","potentialAction":[{"@type":"ReadAction","target":["https:\/\/www.sgeaj.ch\/fr\/actualite\/colloques\/colloque-se-soustraire-a-lempire-des-grands-enfance-jeunesse-et-agentivite-1500-1830\/"]}]},{"@type":"ImageObject","inLanguage":"fr-FR","@id":"https:\/\/www.sgeaj.ch\/fr\/actualite\/colloques\/colloque-se-soustraire-a-lempire-des-grands-enfance-jeunesse-et-agentivite-1500-1830\/#primaryimage","url":"https:\/\/www.sgeaj.ch\/wp-content\/uploads\/2020\/01\/cfp_Children-in-the-enlightenment_Thomas_Gainsborough.jpg","contentUrl":"https:\/\/www.sgeaj.ch\/wp-content\/uploads\/2020\/01\/cfp_Children-in-the-enlightenment_Thomas_Gainsborough.jpg","width":4085,"height":5517},{"@type":"WebSite","@id":"https:\/\/www.sgeaj.ch\/fr\/#website","url":"https:\/\/www.sgeaj.ch\/fr\/","name":"Schweizerische Gesellschaft f\u00fcr die Erforschung des 18. Jahrhunderts (SGEAJ - SSEDS)","description":"Schweizerische Gesellschaft f\u00fcr die Erforschung des 18. Jahrhunderts","publisher":{"@id":"https:\/\/www.sgeaj.ch\/fr\/#organization"},"potentialAction":[{"@type":"SearchAction","target":{"@type":"EntryPoint","urlTemplate":"https:\/\/www.sgeaj.ch\/fr\/?s={search_term_string}"},"query-input":{"@type":"PropertyValueSpecification","valueRequired":true,"valueName":"search_term_string"}}],"inLanguage":"fr-FR"},{"@type":"Organization","@id":"https:\/\/www.sgeaj.ch\/fr\/#organization","name":"Schweizerische Gesellschaft f\u00fcr die Erforschung des 18. Jahrhunderts (SGEAJ - SSEDS)","url":"https:\/\/www.sgeaj.ch\/fr\/","logo":{"@type":"ImageObject","inLanguage":"fr-FR","@id":"https:\/\/www.sgeaj.ch\/fr\/#\/schema\/logo\/image\/","url":"https:\/\/www.sgeaj.ch\/wp-content\/uploads\/2021\/06\/cropped-logo-xviiies-horiz-abreuviations-bleues.png","contentUrl":"https:\/\/www.sgeaj.ch\/wp-content\/uploads\/2021\/06\/cropped-logo-xviiies-horiz-abreuviations-bleues.png","width":659,"height":335,"caption":"Schweizerische Gesellschaft f\u00fcr die Erforschung des 18. Jahrhunderts (SGEAJ - SSEDS)"},"image":{"@id":"https:\/\/www.sgeaj.ch\/fr\/#\/schema\/logo\/image\/"}},{"@type":"Person","@id":"https:\/\/www.sgeaj.ch\/fr\/#\/schema\/person\/2cd839eed625879a17645fc9f307c8e7","name":"Nadja Ackermann","url":"https:\/\/www.sgeaj.ch\/fr\/author\/naackermann\/"}]}},"_links":{"self":[{"href":"https:\/\/www.sgeaj.ch\/fr\/wp-json\/wp\/v2\/posts\/5314","targetHints":{"allow":["GET"]}}],"collection":[{"href":"https:\/\/www.sgeaj.ch\/fr\/wp-json\/wp\/v2\/posts"}],"about":[{"href":"https:\/\/www.sgeaj.ch\/fr\/wp-json\/wp\/v2\/types\/post"}],"author":[{"embeddable":true,"href":"https:\/\/www.sgeaj.ch\/fr\/wp-json\/wp\/v2\/users\/7"}],"replies":[{"embeddable":true,"href":"https:\/\/www.sgeaj.ch\/fr\/wp-json\/wp\/v2\/comments?post=5314"}],"version-history":[{"count":2,"href":"https:\/\/www.sgeaj.ch\/fr\/wp-json\/wp\/v2\/posts\/5314\/revisions"}],"predecessor-version":[{"id":6075,"href":"https:\/\/www.sgeaj.ch\/fr\/wp-json\/wp\/v2\/posts\/5314\/revisions\/6075"}],"wp:featuredmedia":[{"embeddable":true,"href":"https:\/\/www.sgeaj.ch\/fr\/wp-json\/wp\/v2\/media\/3890"}],"wp:attachment":[{"href":"https:\/\/www.sgeaj.ch\/fr\/wp-json\/wp\/v2\/media?parent=5314"}],"wp:term":[{"taxonomy":"category","embeddable":true,"href":"https:\/\/www.sgeaj.ch\/fr\/wp-json\/wp\/v2\/categories?post=5314"},{"taxonomy":"post_tag","embeddable":true,"href":"https:\/\/www.sgeaj.ch\/fr\/wp-json\/wp\/v2\/tags?post=5314"}],"curies":[{"name":"wp","href":"https:\/\/api.w.org\/{rel}","templated":true}]}}