{"id":5318,"date":"2018-03-16T14:45:00","date_gmt":"2018-03-16T13:45:00","guid":{"rendered":"https:\/\/www.sgeaj.ch\/?p=5318"},"modified":"2021-04-03T17:36:09","modified_gmt":"2021-04-03T15:36:09","slug":"__trashed-2","status":"publish","type":"post","link":"https:\/\/www.sgeaj.ch\/fr\/actualite\/__trashed-2\/","title":{"rendered":"Indiennes"},"content":{"rendered":"\n<h2 class=\"wp-block-heading\">Exposition sur les indiennes, Ch\u00e2teau de Prangins, 22 avril-14 octobre 2018<\/h2>\n\n\n<p><strong>Pour c\u00e9l\u00e9brer le 20<sup>e<\/sup> anniversaire de son inauguration, le Ch\u00e2teau de Prangins consacre une importante exposition aux toiles de coton imprim\u00e9 dites\u00a0\u00ab\u00a0indiennes\u00a0\u00bb en raison de leur origine. Gr\u00e2ce \u00e0 une collection exceptionnelle, il propose une incroyable plong\u00e9e dans l\u2019histoire du premier produit mondialis\u00e9, consomm\u00e9 sur l\u2019ensemble des continents. L\u2019accent sera mis sur la contribution des Suisses \u00e0 cette industrie parmi les plus florissantes qu\u2019ait connue le si\u00e8cle des Lumi\u00e8res. <\/strong><\/p>\n<p>Avec l\u2019acquisition r\u00e9cente d\u2019une collection de renomm\u00e9e internationale, celle de l\u2019expert en textiles anciens Xavier Petitcol, le Mus\u00e9e national suisse est en mesure de retracer toute l\u2019histoire des indiennes, de leur origine en Inde jusqu\u2019\u00e0 leurs nombreuses imitations europ\u00e9ennes en passant par la p\u00e9riode de la prohibition (1686-1759). En \u00e9voquant aussi l\u2019apport en savoir-faire et en capitaux des fabricants et n\u00e9gociants helv\u00e9tiques, l\u2019exposition montre comment des Suisses se sont retrouv\u00e9s au c\u0153ur d\u2019une \u00e9conomie mondiale. Des chefs-d\u2019\u0153uvre issus des plus c\u00e9l\u00e8bres manufactures suisses et europ\u00e9ennes du XVIII<sup>e<\/sup> si\u00e8cle c\u00f4toieront d\u2019opulentes cr\u00e9ations des Indes, des livres d\u2019\u00e9chantillons, des re\u00e7us de capitaines de navire, des planches \u00e0 imprimer ou une rarissime indienne destin\u00e9e \u00e0 la traite. Suivant de pr\u00e8s l\u2019actualit\u00e9, les motifs des toiles relaient tour \u00e0 tour le premier vol en montgolfi\u00e8re, la prise de la Bastille, le soutien apport\u00e9 par la France \u00e0 l\u2019Am\u00e9rique, mais aussi les succ\u00e8s litt\u00e9raires et musicaux tels les <em>Noces de Figaro<\/em>. Une immersion dans les secrets de fabrication ainsi que des approfondissements sur le commerce triangulaire, la traite des Noirs ou encore la contrebande compl\u00e8tent l\u2019accrochage. Dans un espace de d\u00e9couverte ludique pens\u00e9 pour les familles, Guillaume Tell, les fables de la Fontaine et d\u2019autres toiles originales attendent jeunes et moins jeunes pour livrer leurs secrets.<\/p>","protected":false},"excerpt":{"rendered":"<p>Exposition sur les indiennes, Ch\u00e2teau de Prangins, 22 avril-14 octobre 2018 Pour c\u00e9l\u00e9brer le 20e anniversaire de son inauguration, le Ch\u00e2teau de Prangins consacre une importante exposition aux toiles de coton imprim\u00e9 dites\u00a0\u00ab\u00a0indiennes\u00a0\u00bb en raison de leur origine. Gr\u00e2ce \u00e0 une collection exceptionnelle, il propose une incroyable plong\u00e9e dans l\u2019histoire du premier produit mondialis\u00e9, consomm\u00e9 [&hellip;]<\/p>\n","protected":false},"author":2,"featured_media":3442,"comment_status":"closed","ping_status":"open","sticky":false,"template":"","format":"standard","meta":{"footnotes":""},"categories":[42,55],"tags":[],"class_list":{"0":"post-5318","1":"post","2":"type-post","3":"status-publish","4":"format-standard","5":"has-post-thumbnail","7":"category-actualite","8":"category-expositions","9":"czr-hentry"},"yoast_head":"<!-- This site is optimized with the Yoast SEO plugin v26.9 - https:\/\/yoast.com\/product\/yoast-seo-wordpress\/ -->\n<title>Indiennes - Schweizerische Gesellschaft f\u00fcr die Erforschung des 18. Jahrhunderts (SGEAJ - SSEDS)<\/title>\n<meta name=\"robots\" content=\"index, follow, max-snippet:-1, max-image-preview:large, max-video-preview:-1\" \/>\n<link rel=\"canonical\" href=\"https:\/\/www.sgeaj.ch\/fr\/actualite\/__trashed-2\/\" \/>\n<meta name=\"twitter:label1\" content=\"\u00c9crit par\" \/>\n\t<meta name=\"twitter:data1\" content=\"SGEAJ\" \/>\n\t<meta name=\"twitter:label2\" content=\"Dur\u00e9e de lecture estim\u00e9e\" \/>\n\t<meta name=\"twitter:data2\" content=\"2 minutes\" \/>\n<script type=\"application\/ld+json\" class=\"yoast-schema-graph\">{\"@context\":\"https:\/\/schema.org\",\"@graph\":[{\"@type\":\"Article\",\"@id\":\"https:\/\/www.sgeaj.ch\/fr\/actualite\/__trashed-2\/#article\",\"isPartOf\":{\"@id\":\"https:\/\/www.sgeaj.ch\/fr\/actualite\/__trashed-2\/\"},\"author\":{\"name\":\"SGEAJ\",\"@id\":\"https:\/\/www.sgeaj.ch\/fr\/#\/schema\/person\/6bd2b59ee4319b4a54912921450cebf6\"},\"headline\":\"Indiennes\",\"datePublished\":\"2018-03-16T13:45:00+00:00\",\"dateModified\":\"2021-04-03T15:36:09+00:00\",\"mainEntityOfPage\":{\"@id\":\"https:\/\/www.sgeaj.ch\/fr\/actualite\/__trashed-2\/\"},\"wordCount\":335,\"publisher\":{\"@id\":\"https:\/\/www.sgeaj.ch\/fr\/#organization\"},\"image\":{\"@id\":\"https:\/\/www.sgeaj.ch\/fr\/actualite\/__trashed-2\/#primaryimage\"},\"thumbnailUrl\":\"https:\/\/www.sgeaj.ch\/wp-content\/uploads\/2014\/08\/papier-peint.jpg\",\"articleSection\":[\"Actualit\u00e9\",\"Expositions\"],\"inLanguage\":\"fr-FR\"},{\"@type\":\"WebPage\",\"@id\":\"https:\/\/www.sgeaj.ch\/fr\/actualite\/__trashed-2\/\",\"url\":\"https:\/\/www.sgeaj.ch\/fr\/actualite\/__trashed-2\/\",\"name\":\"Indiennes - Schweizerische Gesellschaft f\u00fcr die Erforschung des 18. Jahrhunderts (SGEAJ - SSEDS)\",\"isPartOf\":{\"@id\":\"https:\/\/www.sgeaj.ch\/fr\/#website\"},\"primaryImageOfPage\":{\"@id\":\"https:\/\/www.sgeaj.ch\/fr\/actualite\/__trashed-2\/#primaryimage\"},\"image\":{\"@id\":\"https:\/\/www.sgeaj.ch\/fr\/actualite\/__trashed-2\/#primaryimage\"},\"thumbnailUrl\":\"https:\/\/www.sgeaj.ch\/wp-content\/uploads\/2014\/08\/papier-peint.jpg\",\"datePublished\":\"2018-03-16T13:45:00+00:00\",\"dateModified\":\"2021-04-03T15:36:09+00:00\",\"inLanguage\":\"fr-FR\",\"potentialAction\":[{\"@type\":\"ReadAction\",\"target\":[\"https:\/\/www.sgeaj.ch\/fr\/actualite\/__trashed-2\/\"]}]},{\"@type\":\"ImageObject\",\"inLanguage\":\"fr-FR\",\"@id\":\"https:\/\/www.sgeaj.ch\/fr\/actualite\/__trashed-2\/#primaryimage\",\"url\":\"https:\/\/www.sgeaj.ch\/wp-content\/uploads\/2014\/08\/papier-peint.jpg\",\"contentUrl\":\"https:\/\/www.sgeaj.ch\/wp-content\/uploads\/2014\/08\/papier-peint.jpg\",\"width\":1804,\"height\":2507},{\"@type\":\"WebSite\",\"@id\":\"https:\/\/www.sgeaj.ch\/fr\/#website\",\"url\":\"https:\/\/www.sgeaj.ch\/fr\/\",\"name\":\"Schweizerische Gesellschaft f\u00fcr die Erforschung des 18. Jahrhunderts (SGEAJ - SSEDS)\",\"description\":\"Schweizerische Gesellschaft f\u00fcr die Erforschung des 18. Jahrhunderts\",\"publisher\":{\"@id\":\"https:\/\/www.sgeaj.ch\/fr\/#organization\"},\"potentialAction\":[{\"@type\":\"SearchAction\",\"target\":{\"@type\":\"EntryPoint\",\"urlTemplate\":\"https:\/\/www.sgeaj.ch\/fr\/?s={search_term_string}\"},\"query-input\":{\"@type\":\"PropertyValueSpecification\",\"valueRequired\":true,\"valueName\":\"search_term_string\"}}],\"inLanguage\":\"fr-FR\"},{\"@type\":\"Organization\",\"@id\":\"https:\/\/www.sgeaj.ch\/fr\/#organization\",\"name\":\"Schweizerische Gesellschaft f\u00fcr die Erforschung des 18. Jahrhunderts (SGEAJ - SSEDS)\",\"url\":\"https:\/\/www.sgeaj.ch\/fr\/\",\"logo\":{\"@type\":\"ImageObject\",\"inLanguage\":\"fr-FR\",\"@id\":\"https:\/\/www.sgeaj.ch\/fr\/#\/schema\/logo\/image\/\",\"url\":\"https:\/\/www.sgeaj.ch\/wp-content\/uploads\/2021\/06\/cropped-logo-xviiies-horiz-abreuviations-bleues.png\",\"contentUrl\":\"https:\/\/www.sgeaj.ch\/wp-content\/uploads\/2021\/06\/cropped-logo-xviiies-horiz-abreuviations-bleues.png\",\"width\":659,\"height\":335,\"caption\":\"Schweizerische Gesellschaft f\u00fcr die Erforschung des 18. Jahrhunderts (SGEAJ - SSEDS)\"},\"image\":{\"@id\":\"https:\/\/www.sgeaj.ch\/fr\/#\/schema\/logo\/image\/\"}},{\"@type\":\"Person\",\"@id\":\"https:\/\/www.sgeaj.ch\/fr\/#\/schema\/person\/6bd2b59ee4319b4a54912921450cebf6\",\"name\":\"SGEAJ\",\"url\":\"https:\/\/www.sgeaj.ch\/fr\/author\/sgeaj\/\"}]}<\/script>\n<!-- \/ Yoast SEO plugin. -->","yoast_head_json":{"title":"Indiennes - Schweizerische Gesellschaft f\u00fcr die Erforschung des 18. Jahrhunderts (SGEAJ - SSEDS)","robots":{"index":"index","follow":"follow","max-snippet":"max-snippet:-1","max-image-preview":"max-image-preview:large","max-video-preview":"max-video-preview:-1"},"canonical":"https:\/\/www.sgeaj.ch\/fr\/actualite\/__trashed-2\/","twitter_misc":{"\u00c9crit par":"SGEAJ","Dur\u00e9e de lecture estim\u00e9e":"2 minutes"},"schema":{"@context":"https:\/\/schema.org","@graph":[{"@type":"Article","@id":"https:\/\/www.sgeaj.ch\/fr\/actualite\/__trashed-2\/#article","isPartOf":{"@id":"https:\/\/www.sgeaj.ch\/fr\/actualite\/__trashed-2\/"},"author":{"name":"SGEAJ","@id":"https:\/\/www.sgeaj.ch\/fr\/#\/schema\/person\/6bd2b59ee4319b4a54912921450cebf6"},"headline":"Indiennes","datePublished":"2018-03-16T13:45:00+00:00","dateModified":"2021-04-03T15:36:09+00:00","mainEntityOfPage":{"@id":"https:\/\/www.sgeaj.ch\/fr\/actualite\/__trashed-2\/"},"wordCount":335,"publisher":{"@id":"https:\/\/www.sgeaj.ch\/fr\/#organization"},"image":{"@id":"https:\/\/www.sgeaj.ch\/fr\/actualite\/__trashed-2\/#primaryimage"},"thumbnailUrl":"https:\/\/www.sgeaj.ch\/wp-content\/uploads\/2014\/08\/papier-peint.jpg","articleSection":["Actualit\u00e9","Expositions"],"inLanguage":"fr-FR"},{"@type":"WebPage","@id":"https:\/\/www.sgeaj.ch\/fr\/actualite\/__trashed-2\/","url":"https:\/\/www.sgeaj.ch\/fr\/actualite\/__trashed-2\/","name":"Indiennes - Schweizerische Gesellschaft f\u00fcr die Erforschung des 18. Jahrhunderts (SGEAJ - SSEDS)","isPartOf":{"@id":"https:\/\/www.sgeaj.ch\/fr\/#website"},"primaryImageOfPage":{"@id":"https:\/\/www.sgeaj.ch\/fr\/actualite\/__trashed-2\/#primaryimage"},"image":{"@id":"https:\/\/www.sgeaj.ch\/fr\/actualite\/__trashed-2\/#primaryimage"},"thumbnailUrl":"https:\/\/www.sgeaj.ch\/wp-content\/uploads\/2014\/08\/papier-peint.jpg","datePublished":"2018-03-16T13:45:00+00:00","dateModified":"2021-04-03T15:36:09+00:00","inLanguage":"fr-FR","potentialAction":[{"@type":"ReadAction","target":["https:\/\/www.sgeaj.ch\/fr\/actualite\/__trashed-2\/"]}]},{"@type":"ImageObject","inLanguage":"fr-FR","@id":"https:\/\/www.sgeaj.ch\/fr\/actualite\/__trashed-2\/#primaryimage","url":"https:\/\/www.sgeaj.ch\/wp-content\/uploads\/2014\/08\/papier-peint.jpg","contentUrl":"https:\/\/www.sgeaj.ch\/wp-content\/uploads\/2014\/08\/papier-peint.jpg","width":1804,"height":2507},{"@type":"WebSite","@id":"https:\/\/www.sgeaj.ch\/fr\/#website","url":"https:\/\/www.sgeaj.ch\/fr\/","name":"Schweizerische Gesellschaft f\u00fcr die Erforschung des 18. Jahrhunderts (SGEAJ - SSEDS)","description":"Schweizerische Gesellschaft f\u00fcr die Erforschung des 18. Jahrhunderts","publisher":{"@id":"https:\/\/www.sgeaj.ch\/fr\/#organization"},"potentialAction":[{"@type":"SearchAction","target":{"@type":"EntryPoint","urlTemplate":"https:\/\/www.sgeaj.ch\/fr\/?s={search_term_string}"},"query-input":{"@type":"PropertyValueSpecification","valueRequired":true,"valueName":"search_term_string"}}],"inLanguage":"fr-FR"},{"@type":"Organization","@id":"https:\/\/www.sgeaj.ch\/fr\/#organization","name":"Schweizerische Gesellschaft f\u00fcr die Erforschung des 18. Jahrhunderts (SGEAJ - SSEDS)","url":"https:\/\/www.sgeaj.ch\/fr\/","logo":{"@type":"ImageObject","inLanguage":"fr-FR","@id":"https:\/\/www.sgeaj.ch\/fr\/#\/schema\/logo\/image\/","url":"https:\/\/www.sgeaj.ch\/wp-content\/uploads\/2021\/06\/cropped-logo-xviiies-horiz-abreuviations-bleues.png","contentUrl":"https:\/\/www.sgeaj.ch\/wp-content\/uploads\/2021\/06\/cropped-logo-xviiies-horiz-abreuviations-bleues.png","width":659,"height":335,"caption":"Schweizerische Gesellschaft f\u00fcr die Erforschung des 18. Jahrhunderts (SGEAJ - SSEDS)"},"image":{"@id":"https:\/\/www.sgeaj.ch\/fr\/#\/schema\/logo\/image\/"}},{"@type":"Person","@id":"https:\/\/www.sgeaj.ch\/fr\/#\/schema\/person\/6bd2b59ee4319b4a54912921450cebf6","name":"SGEAJ","url":"https:\/\/www.sgeaj.ch\/fr\/author\/sgeaj\/"}]}},"_links":{"self":[{"href":"https:\/\/www.sgeaj.ch\/fr\/wp-json\/wp\/v2\/posts\/5318","targetHints":{"allow":["GET"]}}],"collection":[{"href":"https:\/\/www.sgeaj.ch\/fr\/wp-json\/wp\/v2\/posts"}],"about":[{"href":"https:\/\/www.sgeaj.ch\/fr\/wp-json\/wp\/v2\/types\/post"}],"author":[{"embeddable":true,"href":"https:\/\/www.sgeaj.ch\/fr\/wp-json\/wp\/v2\/users\/2"}],"replies":[{"embeddable":true,"href":"https:\/\/www.sgeaj.ch\/fr\/wp-json\/wp\/v2\/comments?post=5318"}],"version-history":[{"count":2,"href":"https:\/\/www.sgeaj.ch\/fr\/wp-json\/wp\/v2\/posts\/5318\/revisions"}],"predecessor-version":[{"id":6047,"href":"https:\/\/www.sgeaj.ch\/fr\/wp-json\/wp\/v2\/posts\/5318\/revisions\/6047"}],"wp:featuredmedia":[{"embeddable":true,"href":"https:\/\/www.sgeaj.ch\/fr\/wp-json\/wp\/v2\/media\/3442"}],"wp:attachment":[{"href":"https:\/\/www.sgeaj.ch\/fr\/wp-json\/wp\/v2\/media?parent=5318"}],"wp:term":[{"taxonomy":"category","embeddable":true,"href":"https:\/\/www.sgeaj.ch\/fr\/wp-json\/wp\/v2\/categories?post=5318"},{"taxonomy":"post_tag","embeddable":true,"href":"https:\/\/www.sgeaj.ch\/fr\/wp-json\/wp\/v2\/tags?post=5318"}],"curies":[{"name":"wp","href":"https:\/\/api.w.org\/{rel}","templated":true}]}}