{"id":5375,"date":"2020-11-28T17:20:26","date_gmt":"2020-11-28T16:20:26","guid":{"rendered":"https:\/\/www.sgeaj.ch\/actualite\/non-classifiee\/call-for-applications-to-award-4-two-year-fellowships\/"},"modified":"2021-04-12T12:31:31","modified_gmt":"2021-04-12T10:31:31","slug":"call-for-applications-to-award-4-two-year-fellowships","status":"publish","type":"post","link":"https:\/\/www.sgeaj.ch\/fr\/actualite\/call-for-papers-fr\/call-for-applications-to-award-4-two-year-fellowships\/","title":{"rendered":"Applications to Award 4 two-year Fellowships"},"content":{"rendered":"\n<p>The Scientific Committee of the THP and Fondazione1563 have decided to devote the first research cycle of the THP (2021-2023) to the investigation of the <em><strong>Enlightenment legacy: the rights of man in a global perspective<\/strong><\/em>. Fondazione 1563 is pleased to launch the first call for applications to award 4 two-year fellowships for advanced studies on this topic.<br>Proposals are expected to focus on the worldwide legacy of Enlightenment in the field of the rights of man, especially but not exclusively in the nineteenth century, as described in the research framework. Proposals should also contain an illustration of the different project phases, the relevant sources and methodologies and the expected outcomes, which will be considered an integral part of the project itself.<\/p>\n\n\n\n<p>Applicants are invited to submit research projects of a maximum of 3000 words, plus bibliography. Projects are expected to engage with one or more aspects of the general research framework of <em><strong>Enlightenment legacy: the rights of man in a global perspective<\/strong><\/em>. Details of the research framework can be found <a href=\"http:\/\/www.fondazione1563.it\/en\/thp\/research-projects\/\">here<\/a>.<br>The Director of Studies for this programme (2021-2023) will be <a href=\"http:\/\/www.fondazione1563.it\/en\/thp\/senior-fellows\/\">Vincenzo Ferrone<\/a>, Professor of Modern History in the Department of Historical Studies at the University of Turin, Italy.<\/p>\n\n\n\n<p>The 2020 call for applications is available online at <a href=\"http:\/\/www.fondazione1563.it\/en\/\">www.fondazione1563.it<\/a><br>For information and questions please email: <a href=\"mailto:info@fondazione1563.it\">info@fondazione1563.it<\/a><\/p>\n\n\n\n<p><a href=\"http:\/\/www.fondazione1563.it\/en\/thp\/call-for-applications-thp\/thp-2020\/\" target=\"_blank\" rel=\"noreferrer noopener\">\u2192 Further information on the website<\/a><\/p>\n","protected":false},"excerpt":{"rendered":"<p>The Scientific Committee of the THP and Fondazione1563 have decided to devote the first research cycle of the THP (2021-2023) to the investigation of the Enlightenment legacy: the rights of man in a global perspective. Fondazione 1563 is pleased to launch the first call for applications to award 4 two-year fellowships for advanced studies on [&hellip;]<\/p>\n","protected":false},"author":7,"featured_media":6302,"comment_status":"closed","ping_status":"open","sticky":false,"template":"","format":"standard","meta":{"footnotes":""},"categories":[42,26],"tags":[],"class_list":{"0":"post-5375","1":"post","2":"type-post","3":"status-publish","4":"format-standard","5":"has-post-thumbnail","7":"category-actualite","8":"category-call-for-papers-fr","9":"czr-hentry"},"yoast_head":"<!-- This site is optimized with the Yoast SEO plugin v26.9 - https:\/\/yoast.com\/product\/yoast-seo-wordpress\/ -->\n<title>Applications to Award 4 two-year Fellowships - Schweizerische Gesellschaft f\u00fcr die Erforschung des 18. Jahrhunderts (SGEAJ - SSEDS)<\/title>\n<meta name=\"robots\" content=\"index, follow, max-snippet:-1, max-image-preview:large, max-video-preview:-1\" \/>\n<link rel=\"canonical\" href=\"https:\/\/www.sgeaj.ch\/fr\/actualite\/call-for-papers-fr\/call-for-applications-to-award-4-two-year-fellowships\/\" \/>\n<meta name=\"twitter:label1\" content=\"\u00c9crit par\" \/>\n\t<meta name=\"twitter:data1\" content=\"Nadja Ackermann\" \/>\n\t<meta name=\"twitter:label2\" content=\"Dur\u00e9e de lecture estim\u00e9e\" \/>\n\t<meta name=\"twitter:data2\" content=\"1 minute\" \/>\n<script type=\"application\/ld+json\" class=\"yoast-schema-graph\">{\"@context\":\"https:\/\/schema.org\",\"@graph\":[{\"@type\":\"Article\",\"@id\":\"https:\/\/www.sgeaj.ch\/fr\/actualite\/call-for-papers-fr\/call-for-applications-to-award-4-two-year-fellowships\/#article\",\"isPartOf\":{\"@id\":\"https:\/\/www.sgeaj.ch\/fr\/actualite\/call-for-papers-fr\/call-for-applications-to-award-4-two-year-fellowships\/\"},\"author\":{\"name\":\"Nadja Ackermann\",\"@id\":\"https:\/\/www.sgeaj.ch\/fr\/#\/schema\/person\/2cd839eed625879a17645fc9f307c8e7\"},\"headline\":\"Applications to Award 4 two-year Fellowships\",\"datePublished\":\"2020-11-28T16:20:26+00:00\",\"dateModified\":\"2021-04-12T10:31:31+00:00\",\"mainEntityOfPage\":{\"@id\":\"https:\/\/www.sgeaj.ch\/fr\/actualite\/call-for-papers-fr\/call-for-applications-to-award-4-two-year-fellowships\/\"},\"wordCount\":226,\"publisher\":{\"@id\":\"https:\/\/www.sgeaj.ch\/fr\/#organization\"},\"image\":{\"@id\":\"https:\/\/www.sgeaj.ch\/fr\/actualite\/call-for-papers-fr\/call-for-applications-to-award-4-two-year-fellowships\/#primaryimage\"},\"thumbnailUrl\":\"https:\/\/www.sgeaj.ch\/wp-content\/uploads\/2020\/11\/fondazione-turin.jpg\",\"articleSection\":[\"Actualit\u00e9\",\"Call for Papers\"],\"inLanguage\":\"fr-FR\"},{\"@type\":\"WebPage\",\"@id\":\"https:\/\/www.sgeaj.ch\/fr\/actualite\/call-for-papers-fr\/call-for-applications-to-award-4-two-year-fellowships\/\",\"url\":\"https:\/\/www.sgeaj.ch\/fr\/actualite\/call-for-papers-fr\/call-for-applications-to-award-4-two-year-fellowships\/\",\"name\":\"Applications to Award 4 two-year Fellowships - Schweizerische Gesellschaft f\u00fcr die Erforschung des 18. Jahrhunderts (SGEAJ - SSEDS)\",\"isPartOf\":{\"@id\":\"https:\/\/www.sgeaj.ch\/fr\/#website\"},\"primaryImageOfPage\":{\"@id\":\"https:\/\/www.sgeaj.ch\/fr\/actualite\/call-for-papers-fr\/call-for-applications-to-award-4-two-year-fellowships\/#primaryimage\"},\"image\":{\"@id\":\"https:\/\/www.sgeaj.ch\/fr\/actualite\/call-for-papers-fr\/call-for-applications-to-award-4-two-year-fellowships\/#primaryimage\"},\"thumbnailUrl\":\"https:\/\/www.sgeaj.ch\/wp-content\/uploads\/2020\/11\/fondazione-turin.jpg\",\"datePublished\":\"2020-11-28T16:20:26+00:00\",\"dateModified\":\"2021-04-12T10:31:31+00:00\",\"inLanguage\":\"fr-FR\",\"potentialAction\":[{\"@type\":\"ReadAction\",\"target\":[\"https:\/\/www.sgeaj.ch\/fr\/actualite\/call-for-papers-fr\/call-for-applications-to-award-4-two-year-fellowships\/\"]}]},{\"@type\":\"ImageObject\",\"inLanguage\":\"fr-FR\",\"@id\":\"https:\/\/www.sgeaj.ch\/fr\/actualite\/call-for-papers-fr\/call-for-applications-to-award-4-two-year-fellowships\/#primaryimage\",\"url\":\"https:\/\/www.sgeaj.ch\/wp-content\/uploads\/2020\/11\/fondazione-turin.jpg\",\"contentUrl\":\"https:\/\/www.sgeaj.ch\/wp-content\/uploads\/2020\/11\/fondazione-turin.jpg\",\"width\":1280,\"height\":720},{\"@type\":\"WebSite\",\"@id\":\"https:\/\/www.sgeaj.ch\/fr\/#website\",\"url\":\"https:\/\/www.sgeaj.ch\/fr\/\",\"name\":\"Schweizerische Gesellschaft f\u00fcr die Erforschung des 18. Jahrhunderts (SGEAJ - SSEDS)\",\"description\":\"Schweizerische Gesellschaft f\u00fcr die Erforschung des 18. Jahrhunderts\",\"publisher\":{\"@id\":\"https:\/\/www.sgeaj.ch\/fr\/#organization\"},\"potentialAction\":[{\"@type\":\"SearchAction\",\"target\":{\"@type\":\"EntryPoint\",\"urlTemplate\":\"https:\/\/www.sgeaj.ch\/fr\/?s={search_term_string}\"},\"query-input\":{\"@type\":\"PropertyValueSpecification\",\"valueRequired\":true,\"valueName\":\"search_term_string\"}}],\"inLanguage\":\"fr-FR\"},{\"@type\":\"Organization\",\"@id\":\"https:\/\/www.sgeaj.ch\/fr\/#organization\",\"name\":\"Schweizerische Gesellschaft f\u00fcr die Erforschung des 18. Jahrhunderts (SGEAJ - SSEDS)\",\"url\":\"https:\/\/www.sgeaj.ch\/fr\/\",\"logo\":{\"@type\":\"ImageObject\",\"inLanguage\":\"fr-FR\",\"@id\":\"https:\/\/www.sgeaj.ch\/fr\/#\/schema\/logo\/image\/\",\"url\":\"https:\/\/www.sgeaj.ch\/wp-content\/uploads\/2021\/06\/cropped-logo-xviiies-horiz-abreuviations-bleues.png\",\"contentUrl\":\"https:\/\/www.sgeaj.ch\/wp-content\/uploads\/2021\/06\/cropped-logo-xviiies-horiz-abreuviations-bleues.png\",\"width\":659,\"height\":335,\"caption\":\"Schweizerische Gesellschaft f\u00fcr die Erforschung des 18. Jahrhunderts (SGEAJ - SSEDS)\"},\"image\":{\"@id\":\"https:\/\/www.sgeaj.ch\/fr\/#\/schema\/logo\/image\/\"}},{\"@type\":\"Person\",\"@id\":\"https:\/\/www.sgeaj.ch\/fr\/#\/schema\/person\/2cd839eed625879a17645fc9f307c8e7\",\"name\":\"Nadja Ackermann\",\"url\":\"https:\/\/www.sgeaj.ch\/fr\/author\/naackermann\/\"}]}<\/script>\n<!-- \/ Yoast SEO plugin. -->","yoast_head_json":{"title":"Applications to Award 4 two-year Fellowships - Schweizerische Gesellschaft f\u00fcr die Erforschung des 18. Jahrhunderts (SGEAJ - SSEDS)","robots":{"index":"index","follow":"follow","max-snippet":"max-snippet:-1","max-image-preview":"max-image-preview:large","max-video-preview":"max-video-preview:-1"},"canonical":"https:\/\/www.sgeaj.ch\/fr\/actualite\/call-for-papers-fr\/call-for-applications-to-award-4-two-year-fellowships\/","twitter_misc":{"\u00c9crit par":"Nadja Ackermann","Dur\u00e9e de lecture estim\u00e9e":"1 minute"},"schema":{"@context":"https:\/\/schema.org","@graph":[{"@type":"Article","@id":"https:\/\/www.sgeaj.ch\/fr\/actualite\/call-for-papers-fr\/call-for-applications-to-award-4-two-year-fellowships\/#article","isPartOf":{"@id":"https:\/\/www.sgeaj.ch\/fr\/actualite\/call-for-papers-fr\/call-for-applications-to-award-4-two-year-fellowships\/"},"author":{"name":"Nadja Ackermann","@id":"https:\/\/www.sgeaj.ch\/fr\/#\/schema\/person\/2cd839eed625879a17645fc9f307c8e7"},"headline":"Applications to Award 4 two-year Fellowships","datePublished":"2020-11-28T16:20:26+00:00","dateModified":"2021-04-12T10:31:31+00:00","mainEntityOfPage":{"@id":"https:\/\/www.sgeaj.ch\/fr\/actualite\/call-for-papers-fr\/call-for-applications-to-award-4-two-year-fellowships\/"},"wordCount":226,"publisher":{"@id":"https:\/\/www.sgeaj.ch\/fr\/#organization"},"image":{"@id":"https:\/\/www.sgeaj.ch\/fr\/actualite\/call-for-papers-fr\/call-for-applications-to-award-4-two-year-fellowships\/#primaryimage"},"thumbnailUrl":"https:\/\/www.sgeaj.ch\/wp-content\/uploads\/2020\/11\/fondazione-turin.jpg","articleSection":["Actualit\u00e9","Call for Papers"],"inLanguage":"fr-FR"},{"@type":"WebPage","@id":"https:\/\/www.sgeaj.ch\/fr\/actualite\/call-for-papers-fr\/call-for-applications-to-award-4-two-year-fellowships\/","url":"https:\/\/www.sgeaj.ch\/fr\/actualite\/call-for-papers-fr\/call-for-applications-to-award-4-two-year-fellowships\/","name":"Applications to Award 4 two-year Fellowships - Schweizerische Gesellschaft f\u00fcr die Erforschung des 18. Jahrhunderts (SGEAJ - SSEDS)","isPartOf":{"@id":"https:\/\/www.sgeaj.ch\/fr\/#website"},"primaryImageOfPage":{"@id":"https:\/\/www.sgeaj.ch\/fr\/actualite\/call-for-papers-fr\/call-for-applications-to-award-4-two-year-fellowships\/#primaryimage"},"image":{"@id":"https:\/\/www.sgeaj.ch\/fr\/actualite\/call-for-papers-fr\/call-for-applications-to-award-4-two-year-fellowships\/#primaryimage"},"thumbnailUrl":"https:\/\/www.sgeaj.ch\/wp-content\/uploads\/2020\/11\/fondazione-turin.jpg","datePublished":"2020-11-28T16:20:26+00:00","dateModified":"2021-04-12T10:31:31+00:00","inLanguage":"fr-FR","potentialAction":[{"@type":"ReadAction","target":["https:\/\/www.sgeaj.ch\/fr\/actualite\/call-for-papers-fr\/call-for-applications-to-award-4-two-year-fellowships\/"]}]},{"@type":"ImageObject","inLanguage":"fr-FR","@id":"https:\/\/www.sgeaj.ch\/fr\/actualite\/call-for-papers-fr\/call-for-applications-to-award-4-two-year-fellowships\/#primaryimage","url":"https:\/\/www.sgeaj.ch\/wp-content\/uploads\/2020\/11\/fondazione-turin.jpg","contentUrl":"https:\/\/www.sgeaj.ch\/wp-content\/uploads\/2020\/11\/fondazione-turin.jpg","width":1280,"height":720},{"@type":"WebSite","@id":"https:\/\/www.sgeaj.ch\/fr\/#website","url":"https:\/\/www.sgeaj.ch\/fr\/","name":"Schweizerische Gesellschaft f\u00fcr die Erforschung des 18. Jahrhunderts (SGEAJ - SSEDS)","description":"Schweizerische Gesellschaft f\u00fcr die Erforschung des 18. Jahrhunderts","publisher":{"@id":"https:\/\/www.sgeaj.ch\/fr\/#organization"},"potentialAction":[{"@type":"SearchAction","target":{"@type":"EntryPoint","urlTemplate":"https:\/\/www.sgeaj.ch\/fr\/?s={search_term_string}"},"query-input":{"@type":"PropertyValueSpecification","valueRequired":true,"valueName":"search_term_string"}}],"inLanguage":"fr-FR"},{"@type":"Organization","@id":"https:\/\/www.sgeaj.ch\/fr\/#organization","name":"Schweizerische Gesellschaft f\u00fcr die Erforschung des 18. Jahrhunderts (SGEAJ - SSEDS)","url":"https:\/\/www.sgeaj.ch\/fr\/","logo":{"@type":"ImageObject","inLanguage":"fr-FR","@id":"https:\/\/www.sgeaj.ch\/fr\/#\/schema\/logo\/image\/","url":"https:\/\/www.sgeaj.ch\/wp-content\/uploads\/2021\/06\/cropped-logo-xviiies-horiz-abreuviations-bleues.png","contentUrl":"https:\/\/www.sgeaj.ch\/wp-content\/uploads\/2021\/06\/cropped-logo-xviiies-horiz-abreuviations-bleues.png","width":659,"height":335,"caption":"Schweizerische Gesellschaft f\u00fcr die Erforschung des 18. Jahrhunderts (SGEAJ - SSEDS)"},"image":{"@id":"https:\/\/www.sgeaj.ch\/fr\/#\/schema\/logo\/image\/"}},{"@type":"Person","@id":"https:\/\/www.sgeaj.ch\/fr\/#\/schema\/person\/2cd839eed625879a17645fc9f307c8e7","name":"Nadja Ackermann","url":"https:\/\/www.sgeaj.ch\/fr\/author\/naackermann\/"}]}},"_links":{"self":[{"href":"https:\/\/www.sgeaj.ch\/fr\/wp-json\/wp\/v2\/posts\/5375","targetHints":{"allow":["GET"]}}],"collection":[{"href":"https:\/\/www.sgeaj.ch\/fr\/wp-json\/wp\/v2\/posts"}],"about":[{"href":"https:\/\/www.sgeaj.ch\/fr\/wp-json\/wp\/v2\/types\/post"}],"author":[{"embeddable":true,"href":"https:\/\/www.sgeaj.ch\/fr\/wp-json\/wp\/v2\/users\/7"}],"replies":[{"embeddable":true,"href":"https:\/\/www.sgeaj.ch\/fr\/wp-json\/wp\/v2\/comments?post=5375"}],"version-history":[{"count":2,"href":"https:\/\/www.sgeaj.ch\/fr\/wp-json\/wp\/v2\/posts\/5375\/revisions"}],"predecessor-version":[{"id":5982,"href":"https:\/\/www.sgeaj.ch\/fr\/wp-json\/wp\/v2\/posts\/5375\/revisions\/5982"}],"wp:featuredmedia":[{"embeddable":true,"href":"https:\/\/www.sgeaj.ch\/fr\/wp-json\/wp\/v2\/media\/6302"}],"wp:attachment":[{"href":"https:\/\/www.sgeaj.ch\/fr\/wp-json\/wp\/v2\/media?parent=5375"}],"wp:term":[{"taxonomy":"category","embeddable":true,"href":"https:\/\/www.sgeaj.ch\/fr\/wp-json\/wp\/v2\/categories?post=5375"},{"taxonomy":"post_tag","embeddable":true,"href":"https:\/\/www.sgeaj.ch\/fr\/wp-json\/wp\/v2\/tags?post=5375"}],"curies":[{"name":"wp","href":"https:\/\/api.w.org\/{rel}","templated":true}]}}