{"id":5459,"date":"2010-03-27T14:50:40","date_gmt":"2010-03-27T13:50:40","guid":{"rendered":"https:\/\/www.sgeaj.ch\/?p=5459"},"modified":"2021-06-13T09:36:49","modified_gmt":"2021-06-13T07:36:49","slug":"band-1-2010-2","status":"publish","type":"post","link":"https:\/\/www.sgeaj.ch\/fr\/publications\/xviii-ch-fr\/band-1-2010-2\/","title":{"rendered":"Band 1\/2010"},"content":{"rendered":"<p><strong>Die Lebenswelten Pestalozzis im Spiegel seiner Korrespondenz (1760-1810) \/ Les mondes de Pestalozzi au miroir de sa correspondance (1760-1810)<\/strong><\/p>\n\n\n<p>Der Band enth\u00e4lt interdisziplin\u00e4re Studien, die ihren Ausgang von den europ\u00e4ischen Korrespondenzpartnern Pestalozzis nehmen. Korrespondenzen haben den Vorteil, dass sie sich nicht an der Systematik kanonisierter Probleme der akademischen Disziplinen orientieren, sondern der Logik des Lebens einzelner Menschen folgen. Sie sind, auch wenn sie sprachlich oft viel einfacher gehalten sind als publizierte Werke, aufwendiger zu lesen, weil sie nicht unmittelbar zu den Fragen f\u00fchren, welche die heutigen Disziplinen als wichtig einstufen. Vielmehr verweisen Korrespondenzen auf die konkreten Lebenszusammenh\u00e4nge der Akteure in ihrer Zeit, die \u2013 wie das Beispiel Pestalozzis exemplarisch zeigt \u2013 um 1800 ausserordentlich vielf\u00e4ltig sind und so den disziplingebundenen Historiographien korrigierend entgegenwirken. Die Studien zeigen, wie in Zeiten des gesellschaftlichen, politischen, wissenschaftlichen und wirtschaftlichen Umbruchs um 1800 die Lebenswelten der Menschen multipel, ihre intellektuellen und materiellen Kontexte plural und ihre Biographien ein Patchwork waren.<\/p>\n\n\n\n<p><strong>Beitr\u00e4ge<\/strong><\/p>\n\n\n\n<ul class=\"wp-block-list\"><li>Daniel TR\u00d6HLER, Rebekka HORLACHER: Das Europa des sp\u00e4ten 18. Jahrhunderts, Pestalozzi und die Entstehung einer p\u00e4dagogischen \u00d6ffentlichkeit<\/li><li>Daniel TR\u00d6HLER: Die Macht des Diskurses. Pestalozzis politische Sozialisation im radikalen Republikanismus Z\u00fcrichs<\/li><li>Norbert GRUBE: Die F\u00fcrsten beraten? Die Attraktivit\u00e4t des aufgekl\u00e4rten Absolutismus f\u00fcr den republikanischen Publizisten<\/li><li>Martin BONDELI: Pestalozzi und die schweizerische \u00c4ra der kritischen Philosophie<\/li><li>Dani\u00e8le TOSATO-RIGO, Sylvie MORET PETRINI: G\u00e9n\u00e9raliser la m\u00e9thode Pestalozzi? Une \u00e9valuation en Suisse romande et son horizon d\u2019attentes (1806)<\/li><li>Rebekka HORLACHER: Private Bildungsangebote, wohlhabende Eltern und die Karriereplanung ihrer Kinder in Pestalozzis Anstalt in Yverdon<\/li><li>REZENSIONEN<\/li><\/ul>\n\n\n\n<div class=\"wp-block-group\"><div class=\"wp-block-group__inner-container is-layout-flow wp-block-group-is-layout-flow\">\n<p>\u2192 <a href=\"https:\/\/doi.org\/10.24894\/xviii.ch.2010.1\" target=\"_blank\" rel=\"noreferrer noopener\">Ausgabe bei Schwabe-Online bestellen oder kostenlos lesen<\/a><\/p>\n<\/div><\/div>\n","protected":false},"excerpt":{"rendered":"<p>Die Lebenswelten Pestalozzis im Spiegel seiner Korrespondenz (1760-1810) \/ Les mondes de Pestalozzi au miroir de sa correspondance (1760-1810) Der Band enth\u00e4lt interdisziplin\u00e4re Studien, die ihren Ausgang von den europ\u00e4ischen Korrespondenzpartnern Pestalozzis nehmen. Korrespondenzen haben den Vorteil, dass sie sich nicht an der Systematik kanonisierter Probleme der akademischen Disziplinen orientieren, sondern der Logik des Lebens [&hellip;]<\/p>\n","protected":false},"author":7,"featured_media":5455,"comment_status":"closed","ping_status":"open","sticky":false,"template":"","format":"standard","meta":{"footnotes":""},"categories":[46,49],"tags":[],"class_list":{"0":"post-5459","1":"post","2":"type-post","3":"status-publish","4":"format-standard","5":"has-post-thumbnail","7":"category-publications","8":"category-xviii-ch-fr","9":"czr-hentry"},"yoast_head":"<!-- This site is optimized with the Yoast SEO plugin v26.9 - https:\/\/yoast.com\/product\/yoast-seo-wordpress\/ -->\n<title>Band 1\/2010 - Schweizerische Gesellschaft f\u00fcr die Erforschung des 18. Jahrhunderts (SGEAJ - SSEDS)<\/title>\n<meta name=\"robots\" content=\"index, follow, max-snippet:-1, max-image-preview:large, max-video-preview:-1\" \/>\n<link rel=\"canonical\" href=\"https:\/\/www.sgeaj.ch\/fr\/publications\/xviii-ch-fr\/band-1-2010-2\/\" \/>\n<meta name=\"twitter:label1\" content=\"\u00c9crit par\" \/>\n\t<meta name=\"twitter:data1\" content=\"Nadja Ackermann\" \/>\n\t<meta name=\"twitter:label2\" content=\"Dur\u00e9e de lecture estim\u00e9e\" \/>\n\t<meta name=\"twitter:data2\" content=\"2 minutes\" \/>\n<script type=\"application\/ld+json\" class=\"yoast-schema-graph\">{\"@context\":\"https:\/\/schema.org\",\"@graph\":[{\"@type\":\"Article\",\"@id\":\"https:\/\/www.sgeaj.ch\/fr\/publications\/xviii-ch-fr\/band-1-2010-2\/#article\",\"isPartOf\":{\"@id\":\"https:\/\/www.sgeaj.ch\/fr\/publications\/xviii-ch-fr\/band-1-2010-2\/\"},\"author\":{\"name\":\"Nadja Ackermann\",\"@id\":\"https:\/\/www.sgeaj.ch\/fr\/#\/schema\/person\/2cd839eed625879a17645fc9f307c8e7\"},\"headline\":\"Band 1\/2010\",\"datePublished\":\"2010-03-27T13:50:40+00:00\",\"dateModified\":\"2021-06-13T07:36:49+00:00\",\"mainEntityOfPage\":{\"@id\":\"https:\/\/www.sgeaj.ch\/fr\/publications\/xviii-ch-fr\/band-1-2010-2\/\"},\"wordCount\":268,\"publisher\":{\"@id\":\"https:\/\/www.sgeaj.ch\/fr\/#organization\"},\"image\":{\"@id\":\"https:\/\/www.sgeaj.ch\/fr\/publications\/xviii-ch-fr\/band-1-2010-2\/#primaryimage\"},\"thumbnailUrl\":\"https:\/\/www.sgeaj.ch\/wp-content\/uploads\/2021\/03\/0001-scaled.jpg\",\"articleSection\":[\"Publications\",\"XVIII.ch\"],\"inLanguage\":\"fr-FR\"},{\"@type\":\"WebPage\",\"@id\":\"https:\/\/www.sgeaj.ch\/fr\/publications\/xviii-ch-fr\/band-1-2010-2\/\",\"url\":\"https:\/\/www.sgeaj.ch\/fr\/publications\/xviii-ch-fr\/band-1-2010-2\/\",\"name\":\"Band 1\/2010 - Schweizerische Gesellschaft f\u00fcr die Erforschung des 18. Jahrhunderts (SGEAJ - SSEDS)\",\"isPartOf\":{\"@id\":\"https:\/\/www.sgeaj.ch\/fr\/#website\"},\"primaryImageOfPage\":{\"@id\":\"https:\/\/www.sgeaj.ch\/fr\/publications\/xviii-ch-fr\/band-1-2010-2\/#primaryimage\"},\"image\":{\"@id\":\"https:\/\/www.sgeaj.ch\/fr\/publications\/xviii-ch-fr\/band-1-2010-2\/#primaryimage\"},\"thumbnailUrl\":\"https:\/\/www.sgeaj.ch\/wp-content\/uploads\/2021\/03\/0001-scaled.jpg\",\"datePublished\":\"2010-03-27T13:50:40+00:00\",\"dateModified\":\"2021-06-13T07:36:49+00:00\",\"inLanguage\":\"fr-FR\",\"potentialAction\":[{\"@type\":\"ReadAction\",\"target\":[\"https:\/\/www.sgeaj.ch\/fr\/publications\/xviii-ch-fr\/band-1-2010-2\/\"]}]},{\"@type\":\"ImageObject\",\"inLanguage\":\"fr-FR\",\"@id\":\"https:\/\/www.sgeaj.ch\/fr\/publications\/xviii-ch-fr\/band-1-2010-2\/#primaryimage\",\"url\":\"https:\/\/www.sgeaj.ch\/wp-content\/uploads\/2021\/03\/0001-scaled.jpg\",\"contentUrl\":\"https:\/\/www.sgeaj.ch\/wp-content\/uploads\/2021\/03\/0001-scaled.jpg\",\"width\":1769,\"height\":2560},{\"@type\":\"WebSite\",\"@id\":\"https:\/\/www.sgeaj.ch\/fr\/#website\",\"url\":\"https:\/\/www.sgeaj.ch\/fr\/\",\"name\":\"Schweizerische Gesellschaft f\u00fcr die Erforschung des 18. Jahrhunderts (SGEAJ - SSEDS)\",\"description\":\"Schweizerische Gesellschaft f\u00fcr die Erforschung des 18. Jahrhunderts\",\"publisher\":{\"@id\":\"https:\/\/www.sgeaj.ch\/fr\/#organization\"},\"potentialAction\":[{\"@type\":\"SearchAction\",\"target\":{\"@type\":\"EntryPoint\",\"urlTemplate\":\"https:\/\/www.sgeaj.ch\/fr\/?s={search_term_string}\"},\"query-input\":{\"@type\":\"PropertyValueSpecification\",\"valueRequired\":true,\"valueName\":\"search_term_string\"}}],\"inLanguage\":\"fr-FR\"},{\"@type\":\"Organization\",\"@id\":\"https:\/\/www.sgeaj.ch\/fr\/#organization\",\"name\":\"Schweizerische Gesellschaft f\u00fcr die Erforschung des 18. Jahrhunderts (SGEAJ - SSEDS)\",\"url\":\"https:\/\/www.sgeaj.ch\/fr\/\",\"logo\":{\"@type\":\"ImageObject\",\"inLanguage\":\"fr-FR\",\"@id\":\"https:\/\/www.sgeaj.ch\/fr\/#\/schema\/logo\/image\/\",\"url\":\"https:\/\/www.sgeaj.ch\/wp-content\/uploads\/2021\/06\/cropped-logo-xviiies-horiz-abreuviations-bleues.png\",\"contentUrl\":\"https:\/\/www.sgeaj.ch\/wp-content\/uploads\/2021\/06\/cropped-logo-xviiies-horiz-abreuviations-bleues.png\",\"width\":659,\"height\":335,\"caption\":\"Schweizerische Gesellschaft f\u00fcr die Erforschung des 18. Jahrhunderts (SGEAJ - SSEDS)\"},\"image\":{\"@id\":\"https:\/\/www.sgeaj.ch\/fr\/#\/schema\/logo\/image\/\"}},{\"@type\":\"Person\",\"@id\":\"https:\/\/www.sgeaj.ch\/fr\/#\/schema\/person\/2cd839eed625879a17645fc9f307c8e7\",\"name\":\"Nadja Ackermann\",\"url\":\"https:\/\/www.sgeaj.ch\/fr\/author\/naackermann\/\"}]}<\/script>\n<!-- \/ Yoast SEO plugin. -->","yoast_head_json":{"title":"Band 1\/2010 - Schweizerische Gesellschaft f\u00fcr die Erforschung des 18. Jahrhunderts (SGEAJ - SSEDS)","robots":{"index":"index","follow":"follow","max-snippet":"max-snippet:-1","max-image-preview":"max-image-preview:large","max-video-preview":"max-video-preview:-1"},"canonical":"https:\/\/www.sgeaj.ch\/fr\/publications\/xviii-ch-fr\/band-1-2010-2\/","twitter_misc":{"\u00c9crit par":"Nadja Ackermann","Dur\u00e9e de lecture estim\u00e9e":"2 minutes"},"schema":{"@context":"https:\/\/schema.org","@graph":[{"@type":"Article","@id":"https:\/\/www.sgeaj.ch\/fr\/publications\/xviii-ch-fr\/band-1-2010-2\/#article","isPartOf":{"@id":"https:\/\/www.sgeaj.ch\/fr\/publications\/xviii-ch-fr\/band-1-2010-2\/"},"author":{"name":"Nadja Ackermann","@id":"https:\/\/www.sgeaj.ch\/fr\/#\/schema\/person\/2cd839eed625879a17645fc9f307c8e7"},"headline":"Band 1\/2010","datePublished":"2010-03-27T13:50:40+00:00","dateModified":"2021-06-13T07:36:49+00:00","mainEntityOfPage":{"@id":"https:\/\/www.sgeaj.ch\/fr\/publications\/xviii-ch-fr\/band-1-2010-2\/"},"wordCount":268,"publisher":{"@id":"https:\/\/www.sgeaj.ch\/fr\/#organization"},"image":{"@id":"https:\/\/www.sgeaj.ch\/fr\/publications\/xviii-ch-fr\/band-1-2010-2\/#primaryimage"},"thumbnailUrl":"https:\/\/www.sgeaj.ch\/wp-content\/uploads\/2021\/03\/0001-scaled.jpg","articleSection":["Publications","XVIII.ch"],"inLanguage":"fr-FR"},{"@type":"WebPage","@id":"https:\/\/www.sgeaj.ch\/fr\/publications\/xviii-ch-fr\/band-1-2010-2\/","url":"https:\/\/www.sgeaj.ch\/fr\/publications\/xviii-ch-fr\/band-1-2010-2\/","name":"Band 1\/2010 - Schweizerische Gesellschaft f\u00fcr die Erforschung des 18. Jahrhunderts (SGEAJ - SSEDS)","isPartOf":{"@id":"https:\/\/www.sgeaj.ch\/fr\/#website"},"primaryImageOfPage":{"@id":"https:\/\/www.sgeaj.ch\/fr\/publications\/xviii-ch-fr\/band-1-2010-2\/#primaryimage"},"image":{"@id":"https:\/\/www.sgeaj.ch\/fr\/publications\/xviii-ch-fr\/band-1-2010-2\/#primaryimage"},"thumbnailUrl":"https:\/\/www.sgeaj.ch\/wp-content\/uploads\/2021\/03\/0001-scaled.jpg","datePublished":"2010-03-27T13:50:40+00:00","dateModified":"2021-06-13T07:36:49+00:00","inLanguage":"fr-FR","potentialAction":[{"@type":"ReadAction","target":["https:\/\/www.sgeaj.ch\/fr\/publications\/xviii-ch-fr\/band-1-2010-2\/"]}]},{"@type":"ImageObject","inLanguage":"fr-FR","@id":"https:\/\/www.sgeaj.ch\/fr\/publications\/xviii-ch-fr\/band-1-2010-2\/#primaryimage","url":"https:\/\/www.sgeaj.ch\/wp-content\/uploads\/2021\/03\/0001-scaled.jpg","contentUrl":"https:\/\/www.sgeaj.ch\/wp-content\/uploads\/2021\/03\/0001-scaled.jpg","width":1769,"height":2560},{"@type":"WebSite","@id":"https:\/\/www.sgeaj.ch\/fr\/#website","url":"https:\/\/www.sgeaj.ch\/fr\/","name":"Schweizerische Gesellschaft f\u00fcr die Erforschung des 18. Jahrhunderts (SGEAJ - SSEDS)","description":"Schweizerische Gesellschaft f\u00fcr die Erforschung des 18. Jahrhunderts","publisher":{"@id":"https:\/\/www.sgeaj.ch\/fr\/#organization"},"potentialAction":[{"@type":"SearchAction","target":{"@type":"EntryPoint","urlTemplate":"https:\/\/www.sgeaj.ch\/fr\/?s={search_term_string}"},"query-input":{"@type":"PropertyValueSpecification","valueRequired":true,"valueName":"search_term_string"}}],"inLanguage":"fr-FR"},{"@type":"Organization","@id":"https:\/\/www.sgeaj.ch\/fr\/#organization","name":"Schweizerische Gesellschaft f\u00fcr die Erforschung des 18. Jahrhunderts (SGEAJ - SSEDS)","url":"https:\/\/www.sgeaj.ch\/fr\/","logo":{"@type":"ImageObject","inLanguage":"fr-FR","@id":"https:\/\/www.sgeaj.ch\/fr\/#\/schema\/logo\/image\/","url":"https:\/\/www.sgeaj.ch\/wp-content\/uploads\/2021\/06\/cropped-logo-xviiies-horiz-abreuviations-bleues.png","contentUrl":"https:\/\/www.sgeaj.ch\/wp-content\/uploads\/2021\/06\/cropped-logo-xviiies-horiz-abreuviations-bleues.png","width":659,"height":335,"caption":"Schweizerische Gesellschaft f\u00fcr die Erforschung des 18. Jahrhunderts (SGEAJ - SSEDS)"},"image":{"@id":"https:\/\/www.sgeaj.ch\/fr\/#\/schema\/logo\/image\/"}},{"@type":"Person","@id":"https:\/\/www.sgeaj.ch\/fr\/#\/schema\/person\/2cd839eed625879a17645fc9f307c8e7","name":"Nadja Ackermann","url":"https:\/\/www.sgeaj.ch\/fr\/author\/naackermann\/"}]}},"_links":{"self":[{"href":"https:\/\/www.sgeaj.ch\/fr\/wp-json\/wp\/v2\/posts\/5459","targetHints":{"allow":["GET"]}}],"collection":[{"href":"https:\/\/www.sgeaj.ch\/fr\/wp-json\/wp\/v2\/posts"}],"about":[{"href":"https:\/\/www.sgeaj.ch\/fr\/wp-json\/wp\/v2\/types\/post"}],"author":[{"embeddable":true,"href":"https:\/\/www.sgeaj.ch\/fr\/wp-json\/wp\/v2\/users\/7"}],"replies":[{"embeddable":true,"href":"https:\/\/www.sgeaj.ch\/fr\/wp-json\/wp\/v2\/comments?post=5459"}],"version-history":[{"count":2,"href":"https:\/\/www.sgeaj.ch\/fr\/wp-json\/wp\/v2\/posts\/5459\/revisions"}],"predecessor-version":[{"id":6464,"href":"https:\/\/www.sgeaj.ch\/fr\/wp-json\/wp\/v2\/posts\/5459\/revisions\/6464"}],"wp:featuredmedia":[{"embeddable":true,"href":"https:\/\/www.sgeaj.ch\/fr\/wp-json\/wp\/v2\/media\/5455"}],"wp:attachment":[{"href":"https:\/\/www.sgeaj.ch\/fr\/wp-json\/wp\/v2\/media?parent=5459"}],"wp:term":[{"taxonomy":"category","embeddable":true,"href":"https:\/\/www.sgeaj.ch\/fr\/wp-json\/wp\/v2\/categories?post=5459"},{"taxonomy":"post_tag","embeddable":true,"href":"https:\/\/www.sgeaj.ch\/fr\/wp-json\/wp\/v2\/tags?post=5459"}],"curies":[{"name":"wp","href":"https:\/\/api.w.org\/{rel}","templated":true}]}}