{"id":5468,"date":"2012-03-27T14:43:00","date_gmt":"2012-03-27T12:43:00","guid":{"rendered":"https:\/\/www.sgeaj.ch\/?p=5468"},"modified":"2021-06-13T09:33:23","modified_gmt":"2021-06-13T07:33:23","slug":"band-3-2012","status":"publish","type":"post","link":"https:\/\/www.sgeaj.ch\/fr\/publications\/xviii-ch-fr\/band-3-2012\/","title":{"rendered":"Band 3\/2012"},"content":{"rendered":"\n<p><strong>Neuch\u00e2tel \u2013 Zwischen deutscher und franz\u00f6sischer Aufkl\u00e4rung<\/strong><\/p>\n\n\n\n<p>In Neuch\u00e2tel trafen w\u00e4hrend des 18. Jahrhunderts die Schweizer, die deutsche und die franz\u00f6sische Kultur aufeinander. Die Stadt und ihr Umland bieten sich deshalb paradigmatisch daf\u00fcr an, die schweizerische Aufkl\u00e4rung im Kontext der europ\u00e4ischen zu studieren. Im Fokus stehen wichtige lokale Akteure aus dem Leben Neuch\u00e2tels, deren Erforschung Ausblick auf schweizerische und europ\u00e4ische Themen der Aufkl\u00e4rung geben.<br>Dieses Jahrbuch enth\u00e4lt interdisziplin\u00e4r ausgerichtete Studien, die verschiedene Pers\u00f6nlichkeiten des kulturellen Lebens von Neuch\u00e2tel zur Zeit der Aufkl\u00e4rung erforschen. Indem diese Akteure in ihren lokalen wie europ\u00e4ischen Kontexten verortet werden, werden intellektuelle Konturen und Praktiken des Wissens erkennbar, denen bislang wenig Aufmerksamkeit geschenkt wurde. Da im F\u00fcrstentum Neuch\u00e2tel mehrere Kulturen zusammentrafen und es als klar umrissenes Hoheitsgebiet zugleich abgeschlossen und weltoffen war, entstand ein intellektueller, politischer und religi\u00f6ser Mikrokosmos, in dem sich lokale und internationale Traditionen fruchtbar vereinten und dessen Erforschung Ausblick gibt auf die vielen Interessen und Themen der europ\u00e4ischen Aufkl\u00e4rung.<\/p>\n\n\n\n<p><strong>Beitr\u00e4ge<\/strong><\/p>\n\n\n\n<ul class=\"wp-block-list\"><li>Pierre-Olivier LECHOT et Virginie PASCHE: <em>Introduction<\/em><\/li><li>Sabine PELLAUX: Henripolis (1625): <em>Repenser les relations commerciales dans l\u2019Europe moderne<\/em><\/li><li>Gr\u00e9goire OGUEY: <em>\u00abUn \u00e9clat d\u00e9sagr\u00e9able et scandaleux\u00bb. Quand les archives neuch\u00e2teloises de Berlin font r\u00e9appara\u00eetre des d\u00e9chirements au sommet de l\u2019\u00c9tat en 1740<\/em><\/li><li>S\u00e9verine HUGUENIN et Timoth\u00e9e LECHOT: <em>Les noy\u00e9s du Mercure suisse. Production et diffusion d\u2019un savoir scientifique dans la premi\u00e8re moiti\u00e9 du XVIIIe si\u00e8cle<\/em><\/li><li>Pierre-Olivier LECHOT: <em>De Wolff \u00e0 Zinzendorf. Portrait du polymathe Johann Peter Conrad Stadler (1720\u20131745) au miroir de son Mnemonicon en lapsus et errores<\/em><\/li><li>Rossella BALDI: <em>Collectionner la nature dans la r\u00e9gion neuch\u00e2teloise \u00e0 la moiti\u00e9 du XVIIIe si\u00e8cle<\/em><\/li><li>Sandrine GIRARDIER: <em>Automates, proth\u00e8ses et utilit\u00e9 publique. La m\u00e9canique selon Pierre et Henry-Louis Jaquet-Droz et Jean-Fr\u00e9d\u00e9ric Leschot<\/em><\/li><li>Virgine PASCHE: <em>Quand la romanci\u00e8re se fait pamphl\u00e9taire. Aspects de la pens\u00e9e politique d\u2019Isabelle de Charri\u00e8re autour des Lettres trouv\u00e9es dans la neige<\/em><\/li><li>Nadir WEBER: <em>Zwei preussische Diplomaten aus Neuch\u00e2tel. Jean de Chambrier und Jean-Pierre Chambrier d\u2019Oleyres zwischen F\u00fcrstendienst, Familieninteressen und Vaterlandsdiskursen<\/em><\/li><li>REZENSIONEN<\/li><\/ul>\n\n\n\n<p>\u2192 <a href=\"https:\/\/doi.org\/10.24894\/xviii.ch.2012.3\" target=\"_blank\" rel=\"noreferrer noopener\">Ausgabe bei Schwabe-Online bestellen oder kostenlos lesen<\/a><\/p>\n","protected":false},"excerpt":{"rendered":"<p>Neuch\u00e2tel \u2013 Zwischen deutscher und franz\u00f6sischer Aufkl\u00e4rung In Neuch\u00e2tel trafen w\u00e4hrend des 18. Jahrhunderts die Schweizer, die deutsche und die franz\u00f6sische Kultur aufeinander. Die Stadt und ihr Umland bieten sich deshalb paradigmatisch daf\u00fcr an, die schweizerische Aufkl\u00e4rung im Kontext der europ\u00e4ischen zu studieren. Im Fokus stehen wichtige lokale Akteure aus dem Leben Neuch\u00e2tels, deren Erforschung [&hellip;]<\/p>\n","protected":false},"author":7,"featured_media":5455,"comment_status":"closed","ping_status":"open","sticky":false,"template":"","format":"standard","meta":{"footnotes":""},"categories":[46,49],"tags":[],"class_list":{"0":"post-5468","1":"post","2":"type-post","3":"status-publish","4":"format-standard","5":"has-post-thumbnail","7":"category-publications","8":"category-xviii-ch-fr","9":"czr-hentry"},"yoast_head":"<!-- This site is optimized with the Yoast SEO plugin v26.9 - https:\/\/yoast.com\/product\/yoast-seo-wordpress\/ -->\n<title>Band 3\/2012 - Schweizerische Gesellschaft f\u00fcr die Erforschung des 18. Jahrhunderts (SGEAJ - SSEDS)<\/title>\n<meta name=\"robots\" content=\"index, follow, max-snippet:-1, max-image-preview:large, max-video-preview:-1\" \/>\n<link rel=\"canonical\" href=\"https:\/\/www.sgeaj.ch\/fr\/publications\/xviii-ch-fr\/band-3-2012\/\" \/>\n<meta name=\"twitter:label1\" content=\"\u00c9crit par\" \/>\n\t<meta name=\"twitter:data1\" content=\"Nadja Ackermann\" \/>\n\t<meta name=\"twitter:label2\" content=\"Dur\u00e9e de lecture estim\u00e9e\" \/>\n\t<meta name=\"twitter:data2\" content=\"2 minutes\" \/>\n<script type=\"application\/ld+json\" class=\"yoast-schema-graph\">{\"@context\":\"https:\/\/schema.org\",\"@graph\":[{\"@type\":\"Article\",\"@id\":\"https:\/\/www.sgeaj.ch\/fr\/publications\/xviii-ch-fr\/band-3-2012\/#article\",\"isPartOf\":{\"@id\":\"https:\/\/www.sgeaj.ch\/fr\/publications\/xviii-ch-fr\/band-3-2012\/\"},\"author\":{\"name\":\"Nadja Ackermann\",\"@id\":\"https:\/\/www.sgeaj.ch\/fr\/#\/schema\/person\/2cd839eed625879a17645fc9f307c8e7\"},\"headline\":\"Band 3\/2012\",\"datePublished\":\"2012-03-27T12:43:00+00:00\",\"dateModified\":\"2021-06-13T07:33:23+00:00\",\"mainEntityOfPage\":{\"@id\":\"https:\/\/www.sgeaj.ch\/fr\/publications\/xviii-ch-fr\/band-3-2012\/\"},\"wordCount\":374,\"publisher\":{\"@id\":\"https:\/\/www.sgeaj.ch\/fr\/#organization\"},\"image\":{\"@id\":\"https:\/\/www.sgeaj.ch\/fr\/publications\/xviii-ch-fr\/band-3-2012\/#primaryimage\"},\"thumbnailUrl\":\"https:\/\/www.sgeaj.ch\/wp-content\/uploads\/2021\/03\/0001-scaled.jpg\",\"articleSection\":[\"Publications\",\"XVIII.ch\"],\"inLanguage\":\"fr-FR\"},{\"@type\":\"WebPage\",\"@id\":\"https:\/\/www.sgeaj.ch\/fr\/publications\/xviii-ch-fr\/band-3-2012\/\",\"url\":\"https:\/\/www.sgeaj.ch\/fr\/publications\/xviii-ch-fr\/band-3-2012\/\",\"name\":\"Band 3\/2012 - Schweizerische Gesellschaft f\u00fcr die Erforschung des 18. Jahrhunderts (SGEAJ - SSEDS)\",\"isPartOf\":{\"@id\":\"https:\/\/www.sgeaj.ch\/fr\/#website\"},\"primaryImageOfPage\":{\"@id\":\"https:\/\/www.sgeaj.ch\/fr\/publications\/xviii-ch-fr\/band-3-2012\/#primaryimage\"},\"image\":{\"@id\":\"https:\/\/www.sgeaj.ch\/fr\/publications\/xviii-ch-fr\/band-3-2012\/#primaryimage\"},\"thumbnailUrl\":\"https:\/\/www.sgeaj.ch\/wp-content\/uploads\/2021\/03\/0001-scaled.jpg\",\"datePublished\":\"2012-03-27T12:43:00+00:00\",\"dateModified\":\"2021-06-13T07:33:23+00:00\",\"inLanguage\":\"fr-FR\",\"potentialAction\":[{\"@type\":\"ReadAction\",\"target\":[\"https:\/\/www.sgeaj.ch\/fr\/publications\/xviii-ch-fr\/band-3-2012\/\"]}]},{\"@type\":\"ImageObject\",\"inLanguage\":\"fr-FR\",\"@id\":\"https:\/\/www.sgeaj.ch\/fr\/publications\/xviii-ch-fr\/band-3-2012\/#primaryimage\",\"url\":\"https:\/\/www.sgeaj.ch\/wp-content\/uploads\/2021\/03\/0001-scaled.jpg\",\"contentUrl\":\"https:\/\/www.sgeaj.ch\/wp-content\/uploads\/2021\/03\/0001-scaled.jpg\",\"width\":1769,\"height\":2560},{\"@type\":\"WebSite\",\"@id\":\"https:\/\/www.sgeaj.ch\/fr\/#website\",\"url\":\"https:\/\/www.sgeaj.ch\/fr\/\",\"name\":\"Schweizerische Gesellschaft f\u00fcr die Erforschung des 18. Jahrhunderts (SGEAJ - SSEDS)\",\"description\":\"Schweizerische Gesellschaft f\u00fcr die Erforschung des 18. Jahrhunderts\",\"publisher\":{\"@id\":\"https:\/\/www.sgeaj.ch\/fr\/#organization\"},\"potentialAction\":[{\"@type\":\"SearchAction\",\"target\":{\"@type\":\"EntryPoint\",\"urlTemplate\":\"https:\/\/www.sgeaj.ch\/fr\/?s={search_term_string}\"},\"query-input\":{\"@type\":\"PropertyValueSpecification\",\"valueRequired\":true,\"valueName\":\"search_term_string\"}}],\"inLanguage\":\"fr-FR\"},{\"@type\":\"Organization\",\"@id\":\"https:\/\/www.sgeaj.ch\/fr\/#organization\",\"name\":\"Schweizerische Gesellschaft f\u00fcr die Erforschung des 18. Jahrhunderts (SGEAJ - SSEDS)\",\"url\":\"https:\/\/www.sgeaj.ch\/fr\/\",\"logo\":{\"@type\":\"ImageObject\",\"inLanguage\":\"fr-FR\",\"@id\":\"https:\/\/www.sgeaj.ch\/fr\/#\/schema\/logo\/image\/\",\"url\":\"https:\/\/www.sgeaj.ch\/wp-content\/uploads\/2021\/06\/cropped-logo-xviiies-horiz-abreuviations-bleues.png\",\"contentUrl\":\"https:\/\/www.sgeaj.ch\/wp-content\/uploads\/2021\/06\/cropped-logo-xviiies-horiz-abreuviations-bleues.png\",\"width\":659,\"height\":335,\"caption\":\"Schweizerische Gesellschaft f\u00fcr die Erforschung des 18. Jahrhunderts (SGEAJ - SSEDS)\"},\"image\":{\"@id\":\"https:\/\/www.sgeaj.ch\/fr\/#\/schema\/logo\/image\/\"}},{\"@type\":\"Person\",\"@id\":\"https:\/\/www.sgeaj.ch\/fr\/#\/schema\/person\/2cd839eed625879a17645fc9f307c8e7\",\"name\":\"Nadja Ackermann\",\"url\":\"https:\/\/www.sgeaj.ch\/fr\/author\/naackermann\/\"}]}<\/script>\n<!-- \/ Yoast SEO plugin. -->","yoast_head_json":{"title":"Band 3\/2012 - Schweizerische Gesellschaft f\u00fcr die Erforschung des 18. Jahrhunderts (SGEAJ - SSEDS)","robots":{"index":"index","follow":"follow","max-snippet":"max-snippet:-1","max-image-preview":"max-image-preview:large","max-video-preview":"max-video-preview:-1"},"canonical":"https:\/\/www.sgeaj.ch\/fr\/publications\/xviii-ch-fr\/band-3-2012\/","twitter_misc":{"\u00c9crit par":"Nadja Ackermann","Dur\u00e9e de lecture estim\u00e9e":"2 minutes"},"schema":{"@context":"https:\/\/schema.org","@graph":[{"@type":"Article","@id":"https:\/\/www.sgeaj.ch\/fr\/publications\/xviii-ch-fr\/band-3-2012\/#article","isPartOf":{"@id":"https:\/\/www.sgeaj.ch\/fr\/publications\/xviii-ch-fr\/band-3-2012\/"},"author":{"name":"Nadja Ackermann","@id":"https:\/\/www.sgeaj.ch\/fr\/#\/schema\/person\/2cd839eed625879a17645fc9f307c8e7"},"headline":"Band 3\/2012","datePublished":"2012-03-27T12:43:00+00:00","dateModified":"2021-06-13T07:33:23+00:00","mainEntityOfPage":{"@id":"https:\/\/www.sgeaj.ch\/fr\/publications\/xviii-ch-fr\/band-3-2012\/"},"wordCount":374,"publisher":{"@id":"https:\/\/www.sgeaj.ch\/fr\/#organization"},"image":{"@id":"https:\/\/www.sgeaj.ch\/fr\/publications\/xviii-ch-fr\/band-3-2012\/#primaryimage"},"thumbnailUrl":"https:\/\/www.sgeaj.ch\/wp-content\/uploads\/2021\/03\/0001-scaled.jpg","articleSection":["Publications","XVIII.ch"],"inLanguage":"fr-FR"},{"@type":"WebPage","@id":"https:\/\/www.sgeaj.ch\/fr\/publications\/xviii-ch-fr\/band-3-2012\/","url":"https:\/\/www.sgeaj.ch\/fr\/publications\/xviii-ch-fr\/band-3-2012\/","name":"Band 3\/2012 - Schweizerische Gesellschaft f\u00fcr die Erforschung des 18. Jahrhunderts (SGEAJ - SSEDS)","isPartOf":{"@id":"https:\/\/www.sgeaj.ch\/fr\/#website"},"primaryImageOfPage":{"@id":"https:\/\/www.sgeaj.ch\/fr\/publications\/xviii-ch-fr\/band-3-2012\/#primaryimage"},"image":{"@id":"https:\/\/www.sgeaj.ch\/fr\/publications\/xviii-ch-fr\/band-3-2012\/#primaryimage"},"thumbnailUrl":"https:\/\/www.sgeaj.ch\/wp-content\/uploads\/2021\/03\/0001-scaled.jpg","datePublished":"2012-03-27T12:43:00+00:00","dateModified":"2021-06-13T07:33:23+00:00","inLanguage":"fr-FR","potentialAction":[{"@type":"ReadAction","target":["https:\/\/www.sgeaj.ch\/fr\/publications\/xviii-ch-fr\/band-3-2012\/"]}]},{"@type":"ImageObject","inLanguage":"fr-FR","@id":"https:\/\/www.sgeaj.ch\/fr\/publications\/xviii-ch-fr\/band-3-2012\/#primaryimage","url":"https:\/\/www.sgeaj.ch\/wp-content\/uploads\/2021\/03\/0001-scaled.jpg","contentUrl":"https:\/\/www.sgeaj.ch\/wp-content\/uploads\/2021\/03\/0001-scaled.jpg","width":1769,"height":2560},{"@type":"WebSite","@id":"https:\/\/www.sgeaj.ch\/fr\/#website","url":"https:\/\/www.sgeaj.ch\/fr\/","name":"Schweizerische Gesellschaft f\u00fcr die Erforschung des 18. Jahrhunderts (SGEAJ - SSEDS)","description":"Schweizerische Gesellschaft f\u00fcr die Erforschung des 18. Jahrhunderts","publisher":{"@id":"https:\/\/www.sgeaj.ch\/fr\/#organization"},"potentialAction":[{"@type":"SearchAction","target":{"@type":"EntryPoint","urlTemplate":"https:\/\/www.sgeaj.ch\/fr\/?s={search_term_string}"},"query-input":{"@type":"PropertyValueSpecification","valueRequired":true,"valueName":"search_term_string"}}],"inLanguage":"fr-FR"},{"@type":"Organization","@id":"https:\/\/www.sgeaj.ch\/fr\/#organization","name":"Schweizerische Gesellschaft f\u00fcr die Erforschung des 18. Jahrhunderts (SGEAJ - SSEDS)","url":"https:\/\/www.sgeaj.ch\/fr\/","logo":{"@type":"ImageObject","inLanguage":"fr-FR","@id":"https:\/\/www.sgeaj.ch\/fr\/#\/schema\/logo\/image\/","url":"https:\/\/www.sgeaj.ch\/wp-content\/uploads\/2021\/06\/cropped-logo-xviiies-horiz-abreuviations-bleues.png","contentUrl":"https:\/\/www.sgeaj.ch\/wp-content\/uploads\/2021\/06\/cropped-logo-xviiies-horiz-abreuviations-bleues.png","width":659,"height":335,"caption":"Schweizerische Gesellschaft f\u00fcr die Erforschung des 18. Jahrhunderts (SGEAJ - SSEDS)"},"image":{"@id":"https:\/\/www.sgeaj.ch\/fr\/#\/schema\/logo\/image\/"}},{"@type":"Person","@id":"https:\/\/www.sgeaj.ch\/fr\/#\/schema\/person\/2cd839eed625879a17645fc9f307c8e7","name":"Nadja Ackermann","url":"https:\/\/www.sgeaj.ch\/fr\/author\/naackermann\/"}]}},"_links":{"self":[{"href":"https:\/\/www.sgeaj.ch\/fr\/wp-json\/wp\/v2\/posts\/5468","targetHints":{"allow":["GET"]}}],"collection":[{"href":"https:\/\/www.sgeaj.ch\/fr\/wp-json\/wp\/v2\/posts"}],"about":[{"href":"https:\/\/www.sgeaj.ch\/fr\/wp-json\/wp\/v2\/types\/post"}],"author":[{"embeddable":true,"href":"https:\/\/www.sgeaj.ch\/fr\/wp-json\/wp\/v2\/users\/7"}],"replies":[{"embeddable":true,"href":"https:\/\/www.sgeaj.ch\/fr\/wp-json\/wp\/v2\/comments?post=5468"}],"version-history":[{"count":2,"href":"https:\/\/www.sgeaj.ch\/fr\/wp-json\/wp\/v2\/posts\/5468\/revisions"}],"predecessor-version":[{"id":6460,"href":"https:\/\/www.sgeaj.ch\/fr\/wp-json\/wp\/v2\/posts\/5468\/revisions\/6460"}],"wp:featuredmedia":[{"embeddable":true,"href":"https:\/\/www.sgeaj.ch\/fr\/wp-json\/wp\/v2\/media\/5455"}],"wp:attachment":[{"href":"https:\/\/www.sgeaj.ch\/fr\/wp-json\/wp\/v2\/media?parent=5468"}],"wp:term":[{"taxonomy":"category","embeddable":true,"href":"https:\/\/www.sgeaj.ch\/fr\/wp-json\/wp\/v2\/categories?post=5468"},{"taxonomy":"post_tag","embeddable":true,"href":"https:\/\/www.sgeaj.ch\/fr\/wp-json\/wp\/v2\/tags?post=5468"}],"curies":[{"name":"wp","href":"https:\/\/api.w.org\/{rel}","templated":true}]}}