{"id":5472,"date":"2013-03-27T14:46:00","date_gmt":"2013-03-27T13:46:00","guid":{"rendered":"https:\/\/www.sgeaj.ch\/?p=5472"},"modified":"2021-06-13T09:32:20","modified_gmt":"2021-06-13T07:32:20","slug":"band-4-2013","status":"publish","type":"post","link":"https:\/\/www.sgeaj.ch\/fr\/publications\/xviii-ch-fr\/band-4-2013\/","title":{"rendered":"Band 4\/2013"},"content":{"rendered":"\n<p>Das vierte Jahrbuch der Schweizerischen Gesellschaft f\u00fcr die Erforschung des 18. Jahrhunderts pr\u00e4sentiert aktuelle Forschungsergebnisse zur franz\u00f6sisch- und deutschsprachigen Aufkl\u00e4rung in der Schweiz.<br>Die Beitr\u00e4ge des Jahrbuches beleuchten das schweizerische 18. Jahrhundert aus verschiedenen disziplin\u00e4ren Perspektiven. Neben einem R\u00fcckblick von verschiedenen Schweizer Wissenschaftlern auf die Feierlichkeiten des 300. Geburtstages von Jean-Jacques Rousseau im Jahr 2012 wird in einem Beitrag auch das von Rousseau selbst hergestellte und mit handschriftlichen Bemerkungen versehene Herbar vorgestellt. Mit Beat Ludwig von Muralt steht in einem anderen Aufsatz ein weiterer ber\u00fchmter Schweizer Aufkl\u00e4rer mit internationaler Ausstrahlung im Fokus. Aus \u00f6konomischer Perspektive werden die volksaufkl\u00e4rerischen Bem\u00fchungen der Physikalischen Gesellschaft von Z\u00fcrich analysiert. Dar\u00fcber hinaus werden auch wichtige Einfl\u00fcsse auf die Schweiz von Aussen erforscht, indem die Genfer Imitationen von franz\u00f6sischen M\u00f6beln vorgestellt werden oder die Verdienste des deutschen Adolph Traugott von Gersdorf f\u00fcr die schweizerische Geographie gew\u00fcrdigt werden. Abgerundet wird das Jahrbuch mit einer Analyse von Germaine de Sta\u00ebls franz\u00f6sischer Perspektive auf die Schweiz.<\/p>\n\n\n\n<p><strong>Beitr\u00e4ge<\/strong><\/p>\n\n\n\n<ul class=\"wp-block-list\"><li>Simone ZURBUCHEN: <em>Von Muralts Lettres sur les Anglais und die Anf\u00e4nge der Anglophilie auf dem europ\u00e4ischen Kontinent<\/em><\/li><li>St\u00e9phanie GENAND: <em>Germaine de Sta\u00ebl ou la belle \u00e9trang\u00e8re: une identit\u00e9 entre la France et la Suisse<\/em><\/li><li>Vanja HUG: <em>Adolph Traugott von Gersdorfs Beitrag zur Erforschung der Geographie der Schweiz<\/em><\/li><li>Carl MAGNUSSON: <em>Le mod\u00e8le architectural fran\u00e7ais et son imitation \u00e0 Gen\u00e8ve au XVIIIe si\u00e8cle<\/em><\/li><li>Tobias SIGRIST: <em>Volksaufkl\u00e4rung im Interesse des Profits? Die Physikalische Gesellschaft von Z\u00fcrich und die Verschuldung der Landbev\u00f6lkerung<\/em><\/li><li>Alexa RENGGLI: <em>Das \u201ePetit herbier pour Mademoiselle Julie Boy de la Tour\u201c von Jean-Jacques Rousseau<\/em><\/li><li>Regards crois\u00e9s sur le Tricentenaire de Jean-Jacques Rousseau. Textes de Claire JAQUIER, Alain CERNUSCHI, Michel SCHLUP et Jean-Daniel CANDAUX<\/li><li>REZENSIONEN<\/li><\/ul>\n\n\n\n<p>\u2192 <a href=\"https:\/\/doi.org\/DOI: 10.24894\/xviii.ch.2013.4\" target=\"_blank\" rel=\"noreferrer noopener\">Ausgabe bei Schwabe-Online bestellen oder kostenlos lesen<\/a><\/p>\n","protected":false},"excerpt":{"rendered":"<p>Das vierte Jahrbuch der Schweizerischen Gesellschaft f\u00fcr die Erforschung des 18. Jahrhunderts pr\u00e4sentiert aktuelle Forschungsergebnisse zur franz\u00f6sisch- und deutschsprachigen Aufkl\u00e4rung in der Schweiz.Die Beitr\u00e4ge des Jahrbuches beleuchten das schweizerische 18. Jahrhundert aus verschiedenen disziplin\u00e4ren Perspektiven. Neben einem R\u00fcckblick von verschiedenen Schweizer Wissenschaftlern auf die Feierlichkeiten des 300. Geburtstages von Jean-Jacques Rousseau im Jahr 2012 wird [&hellip;]<\/p>\n","protected":false},"author":7,"featured_media":5455,"comment_status":"closed","ping_status":"open","sticky":false,"template":"","format":"standard","meta":{"footnotes":""},"categories":[46,49],"tags":[],"class_list":{"0":"post-5472","1":"post","2":"type-post","3":"status-publish","4":"format-standard","5":"has-post-thumbnail","7":"category-publications","8":"category-xviii-ch-fr","9":"czr-hentry"},"yoast_head":"<!-- This site is optimized with the Yoast SEO plugin v26.9 - https:\/\/yoast.com\/product\/yoast-seo-wordpress\/ -->\n<title>Band 4\/2013 - Schweizerische Gesellschaft f\u00fcr die Erforschung des 18. Jahrhunderts (SGEAJ - SSEDS)<\/title>\n<meta name=\"robots\" content=\"index, follow, max-snippet:-1, max-image-preview:large, max-video-preview:-1\" \/>\n<link rel=\"canonical\" href=\"https:\/\/www.sgeaj.ch\/fr\/publications\/xviii-ch-fr\/band-4-2013\/\" \/>\n<meta name=\"twitter:label1\" content=\"\u00c9crit par\" \/>\n\t<meta name=\"twitter:data1\" content=\"Nadja Ackermann\" \/>\n\t<meta name=\"twitter:label2\" content=\"Dur\u00e9e de lecture estim\u00e9e\" \/>\n\t<meta name=\"twitter:data2\" content=\"2 minutes\" \/>\n<script type=\"application\/ld+json\" class=\"yoast-schema-graph\">{\"@context\":\"https:\/\/schema.org\",\"@graph\":[{\"@type\":\"Article\",\"@id\":\"https:\/\/www.sgeaj.ch\/fr\/publications\/xviii-ch-fr\/band-4-2013\/#article\",\"isPartOf\":{\"@id\":\"https:\/\/www.sgeaj.ch\/fr\/publications\/xviii-ch-fr\/band-4-2013\/\"},\"author\":{\"name\":\"Nadja Ackermann\",\"@id\":\"https:\/\/www.sgeaj.ch\/fr\/#\/schema\/person\/2cd839eed625879a17645fc9f307c8e7\"},\"headline\":\"Band 4\/2013\",\"datePublished\":\"2013-03-27T13:46:00+00:00\",\"dateModified\":\"2021-06-13T07:32:20+00:00\",\"mainEntityOfPage\":{\"@id\":\"https:\/\/www.sgeaj.ch\/fr\/publications\/xviii-ch-fr\/band-4-2013\/\"},\"wordCount\":308,\"publisher\":{\"@id\":\"https:\/\/www.sgeaj.ch\/fr\/#organization\"},\"image\":{\"@id\":\"https:\/\/www.sgeaj.ch\/fr\/publications\/xviii-ch-fr\/band-4-2013\/#primaryimage\"},\"thumbnailUrl\":\"https:\/\/www.sgeaj.ch\/wp-content\/uploads\/2021\/03\/0001-scaled.jpg\",\"articleSection\":[\"Publications\",\"XVIII.ch\"],\"inLanguage\":\"fr-FR\"},{\"@type\":\"WebPage\",\"@id\":\"https:\/\/www.sgeaj.ch\/fr\/publications\/xviii-ch-fr\/band-4-2013\/\",\"url\":\"https:\/\/www.sgeaj.ch\/fr\/publications\/xviii-ch-fr\/band-4-2013\/\",\"name\":\"Band 4\/2013 - Schweizerische Gesellschaft f\u00fcr die Erforschung des 18. Jahrhunderts (SGEAJ - SSEDS)\",\"isPartOf\":{\"@id\":\"https:\/\/www.sgeaj.ch\/fr\/#website\"},\"primaryImageOfPage\":{\"@id\":\"https:\/\/www.sgeaj.ch\/fr\/publications\/xviii-ch-fr\/band-4-2013\/#primaryimage\"},\"image\":{\"@id\":\"https:\/\/www.sgeaj.ch\/fr\/publications\/xviii-ch-fr\/band-4-2013\/#primaryimage\"},\"thumbnailUrl\":\"https:\/\/www.sgeaj.ch\/wp-content\/uploads\/2021\/03\/0001-scaled.jpg\",\"datePublished\":\"2013-03-27T13:46:00+00:00\",\"dateModified\":\"2021-06-13T07:32:20+00:00\",\"inLanguage\":\"fr-FR\",\"potentialAction\":[{\"@type\":\"ReadAction\",\"target\":[\"https:\/\/www.sgeaj.ch\/fr\/publications\/xviii-ch-fr\/band-4-2013\/\"]}]},{\"@type\":\"ImageObject\",\"inLanguage\":\"fr-FR\",\"@id\":\"https:\/\/www.sgeaj.ch\/fr\/publications\/xviii-ch-fr\/band-4-2013\/#primaryimage\",\"url\":\"https:\/\/www.sgeaj.ch\/wp-content\/uploads\/2021\/03\/0001-scaled.jpg\",\"contentUrl\":\"https:\/\/www.sgeaj.ch\/wp-content\/uploads\/2021\/03\/0001-scaled.jpg\",\"width\":1769,\"height\":2560},{\"@type\":\"WebSite\",\"@id\":\"https:\/\/www.sgeaj.ch\/fr\/#website\",\"url\":\"https:\/\/www.sgeaj.ch\/fr\/\",\"name\":\"Schweizerische Gesellschaft f\u00fcr die Erforschung des 18. Jahrhunderts (SGEAJ - SSEDS)\",\"description\":\"Schweizerische Gesellschaft f\u00fcr die Erforschung des 18. Jahrhunderts\",\"publisher\":{\"@id\":\"https:\/\/www.sgeaj.ch\/fr\/#organization\"},\"potentialAction\":[{\"@type\":\"SearchAction\",\"target\":{\"@type\":\"EntryPoint\",\"urlTemplate\":\"https:\/\/www.sgeaj.ch\/fr\/?s={search_term_string}\"},\"query-input\":{\"@type\":\"PropertyValueSpecification\",\"valueRequired\":true,\"valueName\":\"search_term_string\"}}],\"inLanguage\":\"fr-FR\"},{\"@type\":\"Organization\",\"@id\":\"https:\/\/www.sgeaj.ch\/fr\/#organization\",\"name\":\"Schweizerische Gesellschaft f\u00fcr die Erforschung des 18. Jahrhunderts (SGEAJ - SSEDS)\",\"url\":\"https:\/\/www.sgeaj.ch\/fr\/\",\"logo\":{\"@type\":\"ImageObject\",\"inLanguage\":\"fr-FR\",\"@id\":\"https:\/\/www.sgeaj.ch\/fr\/#\/schema\/logo\/image\/\",\"url\":\"https:\/\/www.sgeaj.ch\/wp-content\/uploads\/2021\/06\/cropped-logo-xviiies-horiz-abreuviations-bleues.png\",\"contentUrl\":\"https:\/\/www.sgeaj.ch\/wp-content\/uploads\/2021\/06\/cropped-logo-xviiies-horiz-abreuviations-bleues.png\",\"width\":659,\"height\":335,\"caption\":\"Schweizerische Gesellschaft f\u00fcr die Erforschung des 18. Jahrhunderts (SGEAJ - SSEDS)\"},\"image\":{\"@id\":\"https:\/\/www.sgeaj.ch\/fr\/#\/schema\/logo\/image\/\"}},{\"@type\":\"Person\",\"@id\":\"https:\/\/www.sgeaj.ch\/fr\/#\/schema\/person\/2cd839eed625879a17645fc9f307c8e7\",\"name\":\"Nadja Ackermann\",\"url\":\"https:\/\/www.sgeaj.ch\/fr\/author\/naackermann\/\"}]}<\/script>\n<!-- \/ Yoast SEO plugin. -->","yoast_head_json":{"title":"Band 4\/2013 - Schweizerische Gesellschaft f\u00fcr die Erforschung des 18. Jahrhunderts (SGEAJ - SSEDS)","robots":{"index":"index","follow":"follow","max-snippet":"max-snippet:-1","max-image-preview":"max-image-preview:large","max-video-preview":"max-video-preview:-1"},"canonical":"https:\/\/www.sgeaj.ch\/fr\/publications\/xviii-ch-fr\/band-4-2013\/","twitter_misc":{"\u00c9crit par":"Nadja Ackermann","Dur\u00e9e de lecture estim\u00e9e":"2 minutes"},"schema":{"@context":"https:\/\/schema.org","@graph":[{"@type":"Article","@id":"https:\/\/www.sgeaj.ch\/fr\/publications\/xviii-ch-fr\/band-4-2013\/#article","isPartOf":{"@id":"https:\/\/www.sgeaj.ch\/fr\/publications\/xviii-ch-fr\/band-4-2013\/"},"author":{"name":"Nadja Ackermann","@id":"https:\/\/www.sgeaj.ch\/fr\/#\/schema\/person\/2cd839eed625879a17645fc9f307c8e7"},"headline":"Band 4\/2013","datePublished":"2013-03-27T13:46:00+00:00","dateModified":"2021-06-13T07:32:20+00:00","mainEntityOfPage":{"@id":"https:\/\/www.sgeaj.ch\/fr\/publications\/xviii-ch-fr\/band-4-2013\/"},"wordCount":308,"publisher":{"@id":"https:\/\/www.sgeaj.ch\/fr\/#organization"},"image":{"@id":"https:\/\/www.sgeaj.ch\/fr\/publications\/xviii-ch-fr\/band-4-2013\/#primaryimage"},"thumbnailUrl":"https:\/\/www.sgeaj.ch\/wp-content\/uploads\/2021\/03\/0001-scaled.jpg","articleSection":["Publications","XVIII.ch"],"inLanguage":"fr-FR"},{"@type":"WebPage","@id":"https:\/\/www.sgeaj.ch\/fr\/publications\/xviii-ch-fr\/band-4-2013\/","url":"https:\/\/www.sgeaj.ch\/fr\/publications\/xviii-ch-fr\/band-4-2013\/","name":"Band 4\/2013 - Schweizerische Gesellschaft f\u00fcr die Erforschung des 18. Jahrhunderts (SGEAJ - SSEDS)","isPartOf":{"@id":"https:\/\/www.sgeaj.ch\/fr\/#website"},"primaryImageOfPage":{"@id":"https:\/\/www.sgeaj.ch\/fr\/publications\/xviii-ch-fr\/band-4-2013\/#primaryimage"},"image":{"@id":"https:\/\/www.sgeaj.ch\/fr\/publications\/xviii-ch-fr\/band-4-2013\/#primaryimage"},"thumbnailUrl":"https:\/\/www.sgeaj.ch\/wp-content\/uploads\/2021\/03\/0001-scaled.jpg","datePublished":"2013-03-27T13:46:00+00:00","dateModified":"2021-06-13T07:32:20+00:00","inLanguage":"fr-FR","potentialAction":[{"@type":"ReadAction","target":["https:\/\/www.sgeaj.ch\/fr\/publications\/xviii-ch-fr\/band-4-2013\/"]}]},{"@type":"ImageObject","inLanguage":"fr-FR","@id":"https:\/\/www.sgeaj.ch\/fr\/publications\/xviii-ch-fr\/band-4-2013\/#primaryimage","url":"https:\/\/www.sgeaj.ch\/wp-content\/uploads\/2021\/03\/0001-scaled.jpg","contentUrl":"https:\/\/www.sgeaj.ch\/wp-content\/uploads\/2021\/03\/0001-scaled.jpg","width":1769,"height":2560},{"@type":"WebSite","@id":"https:\/\/www.sgeaj.ch\/fr\/#website","url":"https:\/\/www.sgeaj.ch\/fr\/","name":"Schweizerische Gesellschaft f\u00fcr die Erforschung des 18. Jahrhunderts (SGEAJ - SSEDS)","description":"Schweizerische Gesellschaft f\u00fcr die Erforschung des 18. Jahrhunderts","publisher":{"@id":"https:\/\/www.sgeaj.ch\/fr\/#organization"},"potentialAction":[{"@type":"SearchAction","target":{"@type":"EntryPoint","urlTemplate":"https:\/\/www.sgeaj.ch\/fr\/?s={search_term_string}"},"query-input":{"@type":"PropertyValueSpecification","valueRequired":true,"valueName":"search_term_string"}}],"inLanguage":"fr-FR"},{"@type":"Organization","@id":"https:\/\/www.sgeaj.ch\/fr\/#organization","name":"Schweizerische Gesellschaft f\u00fcr die Erforschung des 18. Jahrhunderts (SGEAJ - SSEDS)","url":"https:\/\/www.sgeaj.ch\/fr\/","logo":{"@type":"ImageObject","inLanguage":"fr-FR","@id":"https:\/\/www.sgeaj.ch\/fr\/#\/schema\/logo\/image\/","url":"https:\/\/www.sgeaj.ch\/wp-content\/uploads\/2021\/06\/cropped-logo-xviiies-horiz-abreuviations-bleues.png","contentUrl":"https:\/\/www.sgeaj.ch\/wp-content\/uploads\/2021\/06\/cropped-logo-xviiies-horiz-abreuviations-bleues.png","width":659,"height":335,"caption":"Schweizerische Gesellschaft f\u00fcr die Erforschung des 18. Jahrhunderts (SGEAJ - SSEDS)"},"image":{"@id":"https:\/\/www.sgeaj.ch\/fr\/#\/schema\/logo\/image\/"}},{"@type":"Person","@id":"https:\/\/www.sgeaj.ch\/fr\/#\/schema\/person\/2cd839eed625879a17645fc9f307c8e7","name":"Nadja Ackermann","url":"https:\/\/www.sgeaj.ch\/fr\/author\/naackermann\/"}]}},"_links":{"self":[{"href":"https:\/\/www.sgeaj.ch\/fr\/wp-json\/wp\/v2\/posts\/5472","targetHints":{"allow":["GET"]}}],"collection":[{"href":"https:\/\/www.sgeaj.ch\/fr\/wp-json\/wp\/v2\/posts"}],"about":[{"href":"https:\/\/www.sgeaj.ch\/fr\/wp-json\/wp\/v2\/types\/post"}],"author":[{"embeddable":true,"href":"https:\/\/www.sgeaj.ch\/fr\/wp-json\/wp\/v2\/users\/7"}],"replies":[{"embeddable":true,"href":"https:\/\/www.sgeaj.ch\/fr\/wp-json\/wp\/v2\/comments?post=5472"}],"version-history":[{"count":2,"href":"https:\/\/www.sgeaj.ch\/fr\/wp-json\/wp\/v2\/posts\/5472\/revisions"}],"predecessor-version":[{"id":6458,"href":"https:\/\/www.sgeaj.ch\/fr\/wp-json\/wp\/v2\/posts\/5472\/revisions\/6458"}],"wp:featuredmedia":[{"embeddable":true,"href":"https:\/\/www.sgeaj.ch\/fr\/wp-json\/wp\/v2\/media\/5455"}],"wp:attachment":[{"href":"https:\/\/www.sgeaj.ch\/fr\/wp-json\/wp\/v2\/media?parent=5472"}],"wp:term":[{"taxonomy":"category","embeddable":true,"href":"https:\/\/www.sgeaj.ch\/fr\/wp-json\/wp\/v2\/categories?post=5472"},{"taxonomy":"post_tag","embeddable":true,"href":"https:\/\/www.sgeaj.ch\/fr\/wp-json\/wp\/v2\/tags?post=5472"}],"curies":[{"name":"wp","href":"https:\/\/api.w.org\/{rel}","templated":true}]}}