{"id":5477,"date":"2014-03-27T14:48:00","date_gmt":"2014-03-27T13:48:00","guid":{"rendered":"https:\/\/www.sgeaj.ch\/?p=5477"},"modified":"2021-06-13T09:31:18","modified_gmt":"2021-06-13T07:31:18","slug":"band-5-2014","status":"publish","type":"post","link":"https:\/\/www.sgeaj.ch\/fr\/publications\/xviii-ch-fr\/band-5-2014\/","title":{"rendered":"Band 5\/2014"},"content":{"rendered":"\n<p><strong>Neue Perspektiven auf Isaak Iselin \/ Nouvelles perspectives sur Isaak Iselin<\/strong><\/p>\n\n\n\n<p>Dem Reformdenken des 18. Jahrhunderts lieferte der Basler Isaak Iselin mit seinem vielf\u00e4ltigen Werk entscheidende Impulse und sicherte sich einen Platz al seiner der bedeutendsten Vertreter der Schweizer Aufkl\u00e4rung. Dar\u00fcber hinaus fungierte er dank seiner weitgespannten Kontakte zu Protagonisten der Reformbewegungen in Deutschland und Frankreich als wichtige Drehscheibe im deutschfranz\u00f6sischen Aufkl\u00e4rungsdenken. Diese beziehungsreiche Rolle Iselins als Inspirator und Vermittler wurde in j\u00fcngerer Zeit vermehrt auch im gesamteurop\u00e4ischen Kontext untersucht. Dabei hat sich das Desiderat einer philologisch verl\u00e4sslichen Textbasis als dringlich erwiesen, waren Iselins Schriften doch bislang in keiner modernen Ausgabe greifbar. Diesem Mangel kann nun die neue Auswahlausgabe von Iselins vielf\u00e4ltigem Wirken zu pr\u00e4sentieren. Mit frischem Blick auf das neu erschlossene Quellenmaterial schliessen die Beitr\u00e4ge kritisch an den neuesten Stand der Iselin-Forschung an.<\/p>\n\n\n\n<p><strong>Gastherausgeber \/ \u00c9diteur invit\u00e9<br><\/strong><em>Florian Gelzer<\/em>, geb. 1972, studierte Germanistik und Anglistik in Basel une London und wurde an der Universit\u00e4t Bern promoviert. Er ist Mitherausgeber der Edition der Werke Isaak Iselins und arbeitet seit 2014 als Projektleiter beim Lehrmittelverlag Z\u00fcrich.<br><em>Florian Gelzer<\/em>, n\u00e9 en 1972, a fait des \u00e9tudes de langue et litt\u00e9rature allemande ainsi qu\u2019anglaise \u00e0 B\u00e2le et Londres avant de soutenir une th\u00e8se \u00e0 l\u2019Universit\u00e9 de Berne. Il est co\u00e9diteur de l\u2019\u00e9dition des \u0152uvres d\u2019Isaak Iselin et directeur de projet au sein des \u00e9ditions scolaires du canton de Zurich depuis 2014.<\/p>\n\n\n\n<p><strong>Redaktion \/ R\u00e9daction<\/strong><br>Siegfried Bodenmann, L\u00e9onard Burnand, Jesko Reiling, Nathalie Vuillemin<\/p>\n\n\n\n<p><strong>Inhalt<\/strong><\/p>\n\n\n\n<ul class=\"wp-block-list\"><li>Florian GELZER: <em>Einleitung<\/em><\/li><li>Sundar HENNY: <em>Tahiti und Theorie. Zur Stellung von Ethnologie und Historie in Isaak Iselins Geschichte der Menschheit<\/em><\/li><li>Lina WEBER: <em>Isaak Iselin \u2013 ein Antiphysiokrat?<\/em><\/li><li>Marcel NAAS: <em>\u00ab Mit einer Methode, zu welcher ein Lehrer nicht aufgelegt ist, wird er gewi\u00df nichts ausrichten \u00bb. Isaak Iselins Ideal von Schule, Lehrern und Unterricht<\/em><\/li><li>Florian GELZER: <em>Eine Frage des Stils. Zum Literaturverst\u00e4ndnis Isaak Iselin<\/em><\/li><li>Gideon STIENING: <em>\u00ab Politische Metaphysik \u00bb. Zum Verh\u00e4ltnis von Moral und Politik bei Isaak Iselin<\/em><\/li><li>Marie-Jeanne HEGER-ETIENVRE: <em>Entre enthousiasme et rejet : Le Paris de Louis XV vu par le jeune Isaak Iselin<\/em><\/li><li>Margaret GENNA und Lars LAMBRECHT: <em>Die Patriotische Gesellschaft in Bern und die Anf\u00e4nge der Geschichtsphilosophie. Ein Publikationsprojekt<\/em><\/li><li>Rossella BALDI: <em>Questionner la figure du m\u00e9diateur : mises \u00e0 jour archivistiques autour d\u2019\u00c9lie Bertrand<\/em><\/li><li>REZENSIONEN<\/li><\/ul>\n\n\n\n<p>\u2192 <a href=\"https:\/\/doi.org\/10.24894\/xviii.ch.2014.5\" target=\"_blank\" rel=\"noreferrer noopener\">Ausgabe bei Schwabe-Online bestellen oder kostenlos lesen<\/a><\/p>\n","protected":false},"excerpt":{"rendered":"<p>Neue Perspektiven auf Isaak Iselin \/ Nouvelles perspectives sur Isaak Iselin Dem Reformdenken des 18. Jahrhunderts lieferte der Basler Isaak Iselin mit seinem vielf\u00e4ltigen Werk entscheidende Impulse und sicherte sich einen Platz al seiner der bedeutendsten Vertreter der Schweizer Aufkl\u00e4rung. Dar\u00fcber hinaus fungierte er dank seiner weitgespannten Kontakte zu Protagonisten der Reformbewegungen in Deutschland und [&hellip;]<\/p>\n","protected":false},"author":7,"featured_media":5455,"comment_status":"closed","ping_status":"open","sticky":false,"template":"","format":"standard","meta":{"footnotes":""},"categories":[46,49],"tags":[],"class_list":{"0":"post-5477","1":"post","2":"type-post","3":"status-publish","4":"format-standard","5":"has-post-thumbnail","7":"category-publications","8":"category-xviii-ch-fr","9":"czr-hentry"},"yoast_head":"<!-- This site is optimized with the Yoast SEO plugin v26.9 - https:\/\/yoast.com\/product\/yoast-seo-wordpress\/ -->\n<title>Band 5\/2014 - Schweizerische Gesellschaft f\u00fcr die Erforschung des 18. Jahrhunderts (SGEAJ - SSEDS)<\/title>\n<meta name=\"robots\" content=\"index, follow, max-snippet:-1, max-image-preview:large, max-video-preview:-1\" \/>\n<link rel=\"canonical\" href=\"https:\/\/www.sgeaj.ch\/fr\/publications\/xviii-ch-fr\/band-5-2014\/\" \/>\n<meta name=\"twitter:label1\" content=\"\u00c9crit par\" \/>\n\t<meta name=\"twitter:data1\" content=\"Nadja Ackermann\" \/>\n\t<meta name=\"twitter:label2\" content=\"Dur\u00e9e de lecture estim\u00e9e\" \/>\n\t<meta name=\"twitter:data2\" content=\"2 minutes\" \/>\n<script type=\"application\/ld+json\" class=\"yoast-schema-graph\">{\"@context\":\"https:\/\/schema.org\",\"@graph\":[{\"@type\":\"Article\",\"@id\":\"https:\/\/www.sgeaj.ch\/fr\/publications\/xviii-ch-fr\/band-5-2014\/#article\",\"isPartOf\":{\"@id\":\"https:\/\/www.sgeaj.ch\/fr\/publications\/xviii-ch-fr\/band-5-2014\/\"},\"author\":{\"name\":\"Nadja Ackermann\",\"@id\":\"https:\/\/www.sgeaj.ch\/fr\/#\/schema\/person\/2cd839eed625879a17645fc9f307c8e7\"},\"headline\":\"Band 5\/2014\",\"datePublished\":\"2014-03-27T13:48:00+00:00\",\"dateModified\":\"2021-06-13T07:31:18+00:00\",\"mainEntityOfPage\":{\"@id\":\"https:\/\/www.sgeaj.ch\/fr\/publications\/xviii-ch-fr\/band-5-2014\/\"},\"wordCount\":388,\"publisher\":{\"@id\":\"https:\/\/www.sgeaj.ch\/fr\/#organization\"},\"image\":{\"@id\":\"https:\/\/www.sgeaj.ch\/fr\/publications\/xviii-ch-fr\/band-5-2014\/#primaryimage\"},\"thumbnailUrl\":\"https:\/\/www.sgeaj.ch\/wp-content\/uploads\/2021\/03\/0001-scaled.jpg\",\"articleSection\":[\"Publications\",\"XVIII.ch\"],\"inLanguage\":\"fr-FR\"},{\"@type\":\"WebPage\",\"@id\":\"https:\/\/www.sgeaj.ch\/fr\/publications\/xviii-ch-fr\/band-5-2014\/\",\"url\":\"https:\/\/www.sgeaj.ch\/fr\/publications\/xviii-ch-fr\/band-5-2014\/\",\"name\":\"Band 5\/2014 - Schweizerische Gesellschaft f\u00fcr die Erforschung des 18. Jahrhunderts (SGEAJ - SSEDS)\",\"isPartOf\":{\"@id\":\"https:\/\/www.sgeaj.ch\/fr\/#website\"},\"primaryImageOfPage\":{\"@id\":\"https:\/\/www.sgeaj.ch\/fr\/publications\/xviii-ch-fr\/band-5-2014\/#primaryimage\"},\"image\":{\"@id\":\"https:\/\/www.sgeaj.ch\/fr\/publications\/xviii-ch-fr\/band-5-2014\/#primaryimage\"},\"thumbnailUrl\":\"https:\/\/www.sgeaj.ch\/wp-content\/uploads\/2021\/03\/0001-scaled.jpg\",\"datePublished\":\"2014-03-27T13:48:00+00:00\",\"dateModified\":\"2021-06-13T07:31:18+00:00\",\"inLanguage\":\"fr-FR\",\"potentialAction\":[{\"@type\":\"ReadAction\",\"target\":[\"https:\/\/www.sgeaj.ch\/fr\/publications\/xviii-ch-fr\/band-5-2014\/\"]}]},{\"@type\":\"ImageObject\",\"inLanguage\":\"fr-FR\",\"@id\":\"https:\/\/www.sgeaj.ch\/fr\/publications\/xviii-ch-fr\/band-5-2014\/#primaryimage\",\"url\":\"https:\/\/www.sgeaj.ch\/wp-content\/uploads\/2021\/03\/0001-scaled.jpg\",\"contentUrl\":\"https:\/\/www.sgeaj.ch\/wp-content\/uploads\/2021\/03\/0001-scaled.jpg\",\"width\":1769,\"height\":2560},{\"@type\":\"WebSite\",\"@id\":\"https:\/\/www.sgeaj.ch\/fr\/#website\",\"url\":\"https:\/\/www.sgeaj.ch\/fr\/\",\"name\":\"Schweizerische Gesellschaft f\u00fcr die Erforschung des 18. Jahrhunderts (SGEAJ - SSEDS)\",\"description\":\"Schweizerische Gesellschaft f\u00fcr die Erforschung des 18. Jahrhunderts\",\"publisher\":{\"@id\":\"https:\/\/www.sgeaj.ch\/fr\/#organization\"},\"potentialAction\":[{\"@type\":\"SearchAction\",\"target\":{\"@type\":\"EntryPoint\",\"urlTemplate\":\"https:\/\/www.sgeaj.ch\/fr\/?s={search_term_string}\"},\"query-input\":{\"@type\":\"PropertyValueSpecification\",\"valueRequired\":true,\"valueName\":\"search_term_string\"}}],\"inLanguage\":\"fr-FR\"},{\"@type\":\"Organization\",\"@id\":\"https:\/\/www.sgeaj.ch\/fr\/#organization\",\"name\":\"Schweizerische Gesellschaft f\u00fcr die Erforschung des 18. Jahrhunderts (SGEAJ - SSEDS)\",\"url\":\"https:\/\/www.sgeaj.ch\/fr\/\",\"logo\":{\"@type\":\"ImageObject\",\"inLanguage\":\"fr-FR\",\"@id\":\"https:\/\/www.sgeaj.ch\/fr\/#\/schema\/logo\/image\/\",\"url\":\"https:\/\/www.sgeaj.ch\/wp-content\/uploads\/2021\/06\/cropped-logo-xviiies-horiz-abreuviations-bleues.png\",\"contentUrl\":\"https:\/\/www.sgeaj.ch\/wp-content\/uploads\/2021\/06\/cropped-logo-xviiies-horiz-abreuviations-bleues.png\",\"width\":659,\"height\":335,\"caption\":\"Schweizerische Gesellschaft f\u00fcr die Erforschung des 18. Jahrhunderts (SGEAJ - SSEDS)\"},\"image\":{\"@id\":\"https:\/\/www.sgeaj.ch\/fr\/#\/schema\/logo\/image\/\"}},{\"@type\":\"Person\",\"@id\":\"https:\/\/www.sgeaj.ch\/fr\/#\/schema\/person\/2cd839eed625879a17645fc9f307c8e7\",\"name\":\"Nadja Ackermann\",\"url\":\"https:\/\/www.sgeaj.ch\/fr\/author\/naackermann\/\"}]}<\/script>\n<!-- \/ Yoast SEO plugin. -->","yoast_head_json":{"title":"Band 5\/2014 - Schweizerische Gesellschaft f\u00fcr die Erforschung des 18. Jahrhunderts (SGEAJ - SSEDS)","robots":{"index":"index","follow":"follow","max-snippet":"max-snippet:-1","max-image-preview":"max-image-preview:large","max-video-preview":"max-video-preview:-1"},"canonical":"https:\/\/www.sgeaj.ch\/fr\/publications\/xviii-ch-fr\/band-5-2014\/","twitter_misc":{"\u00c9crit par":"Nadja Ackermann","Dur\u00e9e de lecture estim\u00e9e":"2 minutes"},"schema":{"@context":"https:\/\/schema.org","@graph":[{"@type":"Article","@id":"https:\/\/www.sgeaj.ch\/fr\/publications\/xviii-ch-fr\/band-5-2014\/#article","isPartOf":{"@id":"https:\/\/www.sgeaj.ch\/fr\/publications\/xviii-ch-fr\/band-5-2014\/"},"author":{"name":"Nadja Ackermann","@id":"https:\/\/www.sgeaj.ch\/fr\/#\/schema\/person\/2cd839eed625879a17645fc9f307c8e7"},"headline":"Band 5\/2014","datePublished":"2014-03-27T13:48:00+00:00","dateModified":"2021-06-13T07:31:18+00:00","mainEntityOfPage":{"@id":"https:\/\/www.sgeaj.ch\/fr\/publications\/xviii-ch-fr\/band-5-2014\/"},"wordCount":388,"publisher":{"@id":"https:\/\/www.sgeaj.ch\/fr\/#organization"},"image":{"@id":"https:\/\/www.sgeaj.ch\/fr\/publications\/xviii-ch-fr\/band-5-2014\/#primaryimage"},"thumbnailUrl":"https:\/\/www.sgeaj.ch\/wp-content\/uploads\/2021\/03\/0001-scaled.jpg","articleSection":["Publications","XVIII.ch"],"inLanguage":"fr-FR"},{"@type":"WebPage","@id":"https:\/\/www.sgeaj.ch\/fr\/publications\/xviii-ch-fr\/band-5-2014\/","url":"https:\/\/www.sgeaj.ch\/fr\/publications\/xviii-ch-fr\/band-5-2014\/","name":"Band 5\/2014 - Schweizerische Gesellschaft f\u00fcr die Erforschung des 18. Jahrhunderts (SGEAJ - SSEDS)","isPartOf":{"@id":"https:\/\/www.sgeaj.ch\/fr\/#website"},"primaryImageOfPage":{"@id":"https:\/\/www.sgeaj.ch\/fr\/publications\/xviii-ch-fr\/band-5-2014\/#primaryimage"},"image":{"@id":"https:\/\/www.sgeaj.ch\/fr\/publications\/xviii-ch-fr\/band-5-2014\/#primaryimage"},"thumbnailUrl":"https:\/\/www.sgeaj.ch\/wp-content\/uploads\/2021\/03\/0001-scaled.jpg","datePublished":"2014-03-27T13:48:00+00:00","dateModified":"2021-06-13T07:31:18+00:00","inLanguage":"fr-FR","potentialAction":[{"@type":"ReadAction","target":["https:\/\/www.sgeaj.ch\/fr\/publications\/xviii-ch-fr\/band-5-2014\/"]}]},{"@type":"ImageObject","inLanguage":"fr-FR","@id":"https:\/\/www.sgeaj.ch\/fr\/publications\/xviii-ch-fr\/band-5-2014\/#primaryimage","url":"https:\/\/www.sgeaj.ch\/wp-content\/uploads\/2021\/03\/0001-scaled.jpg","contentUrl":"https:\/\/www.sgeaj.ch\/wp-content\/uploads\/2021\/03\/0001-scaled.jpg","width":1769,"height":2560},{"@type":"WebSite","@id":"https:\/\/www.sgeaj.ch\/fr\/#website","url":"https:\/\/www.sgeaj.ch\/fr\/","name":"Schweizerische Gesellschaft f\u00fcr die Erforschung des 18. Jahrhunderts (SGEAJ - SSEDS)","description":"Schweizerische Gesellschaft f\u00fcr die Erforschung des 18. Jahrhunderts","publisher":{"@id":"https:\/\/www.sgeaj.ch\/fr\/#organization"},"potentialAction":[{"@type":"SearchAction","target":{"@type":"EntryPoint","urlTemplate":"https:\/\/www.sgeaj.ch\/fr\/?s={search_term_string}"},"query-input":{"@type":"PropertyValueSpecification","valueRequired":true,"valueName":"search_term_string"}}],"inLanguage":"fr-FR"},{"@type":"Organization","@id":"https:\/\/www.sgeaj.ch\/fr\/#organization","name":"Schweizerische Gesellschaft f\u00fcr die Erforschung des 18. Jahrhunderts (SGEAJ - SSEDS)","url":"https:\/\/www.sgeaj.ch\/fr\/","logo":{"@type":"ImageObject","inLanguage":"fr-FR","@id":"https:\/\/www.sgeaj.ch\/fr\/#\/schema\/logo\/image\/","url":"https:\/\/www.sgeaj.ch\/wp-content\/uploads\/2021\/06\/cropped-logo-xviiies-horiz-abreuviations-bleues.png","contentUrl":"https:\/\/www.sgeaj.ch\/wp-content\/uploads\/2021\/06\/cropped-logo-xviiies-horiz-abreuviations-bleues.png","width":659,"height":335,"caption":"Schweizerische Gesellschaft f\u00fcr die Erforschung des 18. Jahrhunderts (SGEAJ - SSEDS)"},"image":{"@id":"https:\/\/www.sgeaj.ch\/fr\/#\/schema\/logo\/image\/"}},{"@type":"Person","@id":"https:\/\/www.sgeaj.ch\/fr\/#\/schema\/person\/2cd839eed625879a17645fc9f307c8e7","name":"Nadja Ackermann","url":"https:\/\/www.sgeaj.ch\/fr\/author\/naackermann\/"}]}},"_links":{"self":[{"href":"https:\/\/www.sgeaj.ch\/fr\/wp-json\/wp\/v2\/posts\/5477","targetHints":{"allow":["GET"]}}],"collection":[{"href":"https:\/\/www.sgeaj.ch\/fr\/wp-json\/wp\/v2\/posts"}],"about":[{"href":"https:\/\/www.sgeaj.ch\/fr\/wp-json\/wp\/v2\/types\/post"}],"author":[{"embeddable":true,"href":"https:\/\/www.sgeaj.ch\/fr\/wp-json\/wp\/v2\/users\/7"}],"replies":[{"embeddable":true,"href":"https:\/\/www.sgeaj.ch\/fr\/wp-json\/wp\/v2\/comments?post=5477"}],"version-history":[{"count":2,"href":"https:\/\/www.sgeaj.ch\/fr\/wp-json\/wp\/v2\/posts\/5477\/revisions"}],"predecessor-version":[{"id":6456,"href":"https:\/\/www.sgeaj.ch\/fr\/wp-json\/wp\/v2\/posts\/5477\/revisions\/6456"}],"wp:featuredmedia":[{"embeddable":true,"href":"https:\/\/www.sgeaj.ch\/fr\/wp-json\/wp\/v2\/media\/5455"}],"wp:attachment":[{"href":"https:\/\/www.sgeaj.ch\/fr\/wp-json\/wp\/v2\/media?parent=5477"}],"wp:term":[{"taxonomy":"category","embeddable":true,"href":"https:\/\/www.sgeaj.ch\/fr\/wp-json\/wp\/v2\/categories?post=5477"},{"taxonomy":"post_tag","embeddable":true,"href":"https:\/\/www.sgeaj.ch\/fr\/wp-json\/wp\/v2\/tags?post=5477"}],"curies":[{"name":"wp","href":"https:\/\/api.w.org\/{rel}","templated":true}]}}