{"id":5529,"date":"2011-03-27T15:57:00","date_gmt":"2011-03-27T13:57:00","guid":{"rendered":"https:\/\/www.sgeaj.ch\/?p=5529"},"modified":"2021-03-27T15:59:09","modified_gmt":"2021-03-27T14:59:09","slug":"discours-en-forme-de-lettres-sur-le-gouvernement-de-geneve-1735","status":"publish","type":"post","link":"https:\/\/www.sgeaj.ch\/fr\/publications\/tsl-editions\/discours-en-forme-de-lettres-sur-le-gouvernement-de-geneve-1735\/","title":{"rendered":"Discours en forme de lettres sur le gouvernement de Gen\u00e8ve (1735)"},"content":{"rendered":"\n<p>Micheli DU CREST, Discours en forme de lettres sur le gouvernement de Gen\u00e8ve (1735), \u00e9d. par Kenneth Goodwin, Guillaume Poisson, Gabriella Silvestrini et Richard Whatmore, coll. Travaux sur la Suisse des Lumi\u00e8res, Textes 3, Gen\u00e8ve, Editions Slatkine, 2011, 336 p.<\/p>\n\n\n\n<p>Dans son <em>Discours en forme de lettres sur le gouvernement de Gen\u00e8ve<\/em> \u2013 termin\u00e9 en 1735 et rest\u00e9 \u00e0 l\u2019\u00e9tat de manuscrit jusqu\u2019\u00e0 ce jour \u2013 Micheli du Crest expose pour la premi\u00e8re fois, de mani\u00e8re syst\u00e9matique, sa pens\u00e9e politique dans un effort de justification et de d\u00e9fense vis-\u00e0-vis des \u00ab injustes sentences \u00bb dont il est frapp\u00e9. Preuve, selon lui, de la d\u00e9rive tyrannique du r\u00e9gime genevois o\u00f9 la souverainet\u00e9 originelle du peuple est en train d\u2019\u00eatre confisqu\u00e9e par un petit nombre de magistrats. Le destin et les \u0153uvres de cet aristocrate \u00ab r\u00e9volt\u00e9 \u00bb ne manquent pas d\u2019\u00e9clairer \u2013 voire de pr\u00e9figurer \u2013 plusieurs aspects des vicissitudes genevoises de l\u2019auteur du <em>Contrat social<\/em>. Mais, au-del\u00e0 de l\u2019affaire Rousseau, la th\u00e9orie de Micheli du Crest est en elle-m\u00eame d\u2019un int\u00e9r\u00eat ind\u00e9niable par sa mani\u00e8re de combiner une conception radicale de la souverainet\u00e9 exerc\u00e9e directement par le peuple avec une vision hi\u00e9rarchique et aristocratique des bases sociales de la d\u00e9mocratie. Ce <em>Discours en forme de lettres<\/em> pr\u00e9sente une expression originale du r\u00e9publicanisme protestant qui, avec ses multiples variantes, contribue \u00e0 fa\u00e7onner de mani\u00e8re caract\u00e9ristique la pens\u00e9e politique de la Suisse des Lumi\u00e8res.<\/p>\n","protected":false},"excerpt":{"rendered":"<p> Ce Discours en forme de lettres pr\u00e9sente une expression originale du r\u00e9publicanisme protestant qui, avec ses multiples variantes, contribue \u00e0 fa\u00e7onner de mani\u00e8re caract\u00e9ristique la pens\u00e9e politique de la Suisse des Lumi\u00e8res.<\/p>\n","protected":false},"author":7,"featured_media":5522,"comment_status":"closed","ping_status":"open","sticky":false,"template":"","format":"standard","meta":{"footnotes":""},"categories":[46,48],"tags":[],"class_list":{"0":"post-5529","1":"post","2":"type-post","3":"status-publish","4":"format-standard","5":"has-post-thumbnail","7":"category-publications","8":"category-tsl-editions","9":"czr-hentry"},"yoast_head":"<!-- This site is optimized with the Yoast SEO plugin v26.9 - https:\/\/yoast.com\/product\/yoast-seo-wordpress\/ -->\n<title>Discours en forme de lettres sur le gouvernement de Gen\u00e8ve (1735) - Schweizerische Gesellschaft f\u00fcr die Erforschung des 18. Jahrhunderts (SGEAJ - SSEDS)<\/title>\n<meta name=\"robots\" content=\"index, follow, max-snippet:-1, max-image-preview:large, max-video-preview:-1\" \/>\n<link rel=\"canonical\" href=\"https:\/\/www.sgeaj.ch\/fr\/publications\/tsl-editions\/discours-en-forme-de-lettres-sur-le-gouvernement-de-geneve-1735\/\" \/>\n<meta name=\"twitter:label1\" content=\"\u00c9crit par\" \/>\n\t<meta name=\"twitter:data1\" content=\"Nadja Ackermann\" \/>\n\t<meta name=\"twitter:label2\" content=\"Dur\u00e9e de lecture estim\u00e9e\" \/>\n\t<meta name=\"twitter:data2\" content=\"1 minute\" \/>\n<script type=\"application\/ld+json\" class=\"yoast-schema-graph\">{\"@context\":\"https:\/\/schema.org\",\"@graph\":[{\"@type\":\"Article\",\"@id\":\"https:\/\/www.sgeaj.ch\/fr\/publications\/tsl-editions\/discours-en-forme-de-lettres-sur-le-gouvernement-de-geneve-1735\/#article\",\"isPartOf\":{\"@id\":\"https:\/\/www.sgeaj.ch\/fr\/publications\/tsl-editions\/discours-en-forme-de-lettres-sur-le-gouvernement-de-geneve-1735\/\"},\"author\":{\"name\":\"Nadja Ackermann\",\"@id\":\"https:\/\/www.sgeaj.ch\/fr\/#\/schema\/person\/2cd839eed625879a17645fc9f307c8e7\"},\"headline\":\"Discours en forme de lettres sur le gouvernement de Gen\u00e8ve (1735)\",\"datePublished\":\"2011-03-27T13:57:00+00:00\",\"dateModified\":\"2021-03-27T14:59:09+00:00\",\"mainEntityOfPage\":{\"@id\":\"https:\/\/www.sgeaj.ch\/fr\/publications\/tsl-editions\/discours-en-forme-de-lettres-sur-le-gouvernement-de-geneve-1735\/\"},\"wordCount\":265,\"publisher\":{\"@id\":\"https:\/\/www.sgeaj.ch\/fr\/#organization\"},\"image\":{\"@id\":\"https:\/\/www.sgeaj.ch\/fr\/publications\/tsl-editions\/discours-en-forme-de-lettres-sur-le-gouvernement-de-geneve-1735\/#primaryimage\"},\"thumbnailUrl\":\"https:\/\/www.sgeaj.ch\/wp-content\/uploads\/2015\/03\/proxy-image-3.jpg\",\"articleSection\":[\"Publications\",\"Travaux sur la Suisse des Lumi\u00e8res (\u00e9ditions)\"],\"inLanguage\":\"fr-FR\"},{\"@type\":\"WebPage\",\"@id\":\"https:\/\/www.sgeaj.ch\/fr\/publications\/tsl-editions\/discours-en-forme-de-lettres-sur-le-gouvernement-de-geneve-1735\/\",\"url\":\"https:\/\/www.sgeaj.ch\/fr\/publications\/tsl-editions\/discours-en-forme-de-lettres-sur-le-gouvernement-de-geneve-1735\/\",\"name\":\"Discours en forme de lettres sur le gouvernement de Gen\u00e8ve (1735) - Schweizerische Gesellschaft f\u00fcr die Erforschung des 18. Jahrhunderts (SGEAJ - SSEDS)\",\"isPartOf\":{\"@id\":\"https:\/\/www.sgeaj.ch\/fr\/#website\"},\"primaryImageOfPage\":{\"@id\":\"https:\/\/www.sgeaj.ch\/fr\/publications\/tsl-editions\/discours-en-forme-de-lettres-sur-le-gouvernement-de-geneve-1735\/#primaryimage\"},\"image\":{\"@id\":\"https:\/\/www.sgeaj.ch\/fr\/publications\/tsl-editions\/discours-en-forme-de-lettres-sur-le-gouvernement-de-geneve-1735\/#primaryimage\"},\"thumbnailUrl\":\"https:\/\/www.sgeaj.ch\/wp-content\/uploads\/2015\/03\/proxy-image-3.jpg\",\"datePublished\":\"2011-03-27T13:57:00+00:00\",\"dateModified\":\"2021-03-27T14:59:09+00:00\",\"inLanguage\":\"fr-FR\",\"potentialAction\":[{\"@type\":\"ReadAction\",\"target\":[\"https:\/\/www.sgeaj.ch\/fr\/publications\/tsl-editions\/discours-en-forme-de-lettres-sur-le-gouvernement-de-geneve-1735\/\"]}]},{\"@type\":\"ImageObject\",\"inLanguage\":\"fr-FR\",\"@id\":\"https:\/\/www.sgeaj.ch\/fr\/publications\/tsl-editions\/discours-en-forme-de-lettres-sur-le-gouvernement-de-geneve-1735\/#primaryimage\",\"url\":\"https:\/\/www.sgeaj.ch\/wp-content\/uploads\/2015\/03\/proxy-image-3.jpg\",\"contentUrl\":\"https:\/\/www.sgeaj.ch\/wp-content\/uploads\/2015\/03\/proxy-image-3.jpg\",\"width\":1246,\"height\":670},{\"@type\":\"WebSite\",\"@id\":\"https:\/\/www.sgeaj.ch\/fr\/#website\",\"url\":\"https:\/\/www.sgeaj.ch\/fr\/\",\"name\":\"Schweizerische Gesellschaft f\u00fcr die Erforschung des 18. Jahrhunderts (SGEAJ - SSEDS)\",\"description\":\"Schweizerische Gesellschaft f\u00fcr die Erforschung des 18. Jahrhunderts\",\"publisher\":{\"@id\":\"https:\/\/www.sgeaj.ch\/fr\/#organization\"},\"potentialAction\":[{\"@type\":\"SearchAction\",\"target\":{\"@type\":\"EntryPoint\",\"urlTemplate\":\"https:\/\/www.sgeaj.ch\/fr\/?s={search_term_string}\"},\"query-input\":{\"@type\":\"PropertyValueSpecification\",\"valueRequired\":true,\"valueName\":\"search_term_string\"}}],\"inLanguage\":\"fr-FR\"},{\"@type\":\"Organization\",\"@id\":\"https:\/\/www.sgeaj.ch\/fr\/#organization\",\"name\":\"Schweizerische Gesellschaft f\u00fcr die Erforschung des 18. Jahrhunderts (SGEAJ - SSEDS)\",\"url\":\"https:\/\/www.sgeaj.ch\/fr\/\",\"logo\":{\"@type\":\"ImageObject\",\"inLanguage\":\"fr-FR\",\"@id\":\"https:\/\/www.sgeaj.ch\/fr\/#\/schema\/logo\/image\/\",\"url\":\"https:\/\/www.sgeaj.ch\/wp-content\/uploads\/2021\/06\/cropped-logo-xviiies-horiz-abreuviations-bleues.png\",\"contentUrl\":\"https:\/\/www.sgeaj.ch\/wp-content\/uploads\/2021\/06\/cropped-logo-xviiies-horiz-abreuviations-bleues.png\",\"width\":659,\"height\":335,\"caption\":\"Schweizerische Gesellschaft f\u00fcr die Erforschung des 18. Jahrhunderts (SGEAJ - SSEDS)\"},\"image\":{\"@id\":\"https:\/\/www.sgeaj.ch\/fr\/#\/schema\/logo\/image\/\"}},{\"@type\":\"Person\",\"@id\":\"https:\/\/www.sgeaj.ch\/fr\/#\/schema\/person\/2cd839eed625879a17645fc9f307c8e7\",\"name\":\"Nadja Ackermann\",\"url\":\"https:\/\/www.sgeaj.ch\/fr\/author\/naackermann\/\"}]}<\/script>\n<!-- \/ Yoast SEO plugin. -->","yoast_head_json":{"title":"Discours en forme de lettres sur le gouvernement de Gen\u00e8ve (1735) - Schweizerische Gesellschaft f\u00fcr die Erforschung des 18. Jahrhunderts (SGEAJ - SSEDS)","robots":{"index":"index","follow":"follow","max-snippet":"max-snippet:-1","max-image-preview":"max-image-preview:large","max-video-preview":"max-video-preview:-1"},"canonical":"https:\/\/www.sgeaj.ch\/fr\/publications\/tsl-editions\/discours-en-forme-de-lettres-sur-le-gouvernement-de-geneve-1735\/","twitter_misc":{"\u00c9crit par":"Nadja Ackermann","Dur\u00e9e de lecture estim\u00e9e":"1 minute"},"schema":{"@context":"https:\/\/schema.org","@graph":[{"@type":"Article","@id":"https:\/\/www.sgeaj.ch\/fr\/publications\/tsl-editions\/discours-en-forme-de-lettres-sur-le-gouvernement-de-geneve-1735\/#article","isPartOf":{"@id":"https:\/\/www.sgeaj.ch\/fr\/publications\/tsl-editions\/discours-en-forme-de-lettres-sur-le-gouvernement-de-geneve-1735\/"},"author":{"name":"Nadja Ackermann","@id":"https:\/\/www.sgeaj.ch\/fr\/#\/schema\/person\/2cd839eed625879a17645fc9f307c8e7"},"headline":"Discours en forme de lettres sur le gouvernement de Gen\u00e8ve (1735)","datePublished":"2011-03-27T13:57:00+00:00","dateModified":"2021-03-27T14:59:09+00:00","mainEntityOfPage":{"@id":"https:\/\/www.sgeaj.ch\/fr\/publications\/tsl-editions\/discours-en-forme-de-lettres-sur-le-gouvernement-de-geneve-1735\/"},"wordCount":265,"publisher":{"@id":"https:\/\/www.sgeaj.ch\/fr\/#organization"},"image":{"@id":"https:\/\/www.sgeaj.ch\/fr\/publications\/tsl-editions\/discours-en-forme-de-lettres-sur-le-gouvernement-de-geneve-1735\/#primaryimage"},"thumbnailUrl":"https:\/\/www.sgeaj.ch\/wp-content\/uploads\/2015\/03\/proxy-image-3.jpg","articleSection":["Publications","Travaux sur la Suisse des Lumi\u00e8res (\u00e9ditions)"],"inLanguage":"fr-FR"},{"@type":"WebPage","@id":"https:\/\/www.sgeaj.ch\/fr\/publications\/tsl-editions\/discours-en-forme-de-lettres-sur-le-gouvernement-de-geneve-1735\/","url":"https:\/\/www.sgeaj.ch\/fr\/publications\/tsl-editions\/discours-en-forme-de-lettres-sur-le-gouvernement-de-geneve-1735\/","name":"Discours en forme de lettres sur le gouvernement de Gen\u00e8ve (1735) - Schweizerische Gesellschaft f\u00fcr die Erforschung des 18. Jahrhunderts (SGEAJ - SSEDS)","isPartOf":{"@id":"https:\/\/www.sgeaj.ch\/fr\/#website"},"primaryImageOfPage":{"@id":"https:\/\/www.sgeaj.ch\/fr\/publications\/tsl-editions\/discours-en-forme-de-lettres-sur-le-gouvernement-de-geneve-1735\/#primaryimage"},"image":{"@id":"https:\/\/www.sgeaj.ch\/fr\/publications\/tsl-editions\/discours-en-forme-de-lettres-sur-le-gouvernement-de-geneve-1735\/#primaryimage"},"thumbnailUrl":"https:\/\/www.sgeaj.ch\/wp-content\/uploads\/2015\/03\/proxy-image-3.jpg","datePublished":"2011-03-27T13:57:00+00:00","dateModified":"2021-03-27T14:59:09+00:00","inLanguage":"fr-FR","potentialAction":[{"@type":"ReadAction","target":["https:\/\/www.sgeaj.ch\/fr\/publications\/tsl-editions\/discours-en-forme-de-lettres-sur-le-gouvernement-de-geneve-1735\/"]}]},{"@type":"ImageObject","inLanguage":"fr-FR","@id":"https:\/\/www.sgeaj.ch\/fr\/publications\/tsl-editions\/discours-en-forme-de-lettres-sur-le-gouvernement-de-geneve-1735\/#primaryimage","url":"https:\/\/www.sgeaj.ch\/wp-content\/uploads\/2015\/03\/proxy-image-3.jpg","contentUrl":"https:\/\/www.sgeaj.ch\/wp-content\/uploads\/2015\/03\/proxy-image-3.jpg","width":1246,"height":670},{"@type":"WebSite","@id":"https:\/\/www.sgeaj.ch\/fr\/#website","url":"https:\/\/www.sgeaj.ch\/fr\/","name":"Schweizerische Gesellschaft f\u00fcr die Erforschung des 18. Jahrhunderts (SGEAJ - SSEDS)","description":"Schweizerische Gesellschaft f\u00fcr die Erforschung des 18. Jahrhunderts","publisher":{"@id":"https:\/\/www.sgeaj.ch\/fr\/#organization"},"potentialAction":[{"@type":"SearchAction","target":{"@type":"EntryPoint","urlTemplate":"https:\/\/www.sgeaj.ch\/fr\/?s={search_term_string}"},"query-input":{"@type":"PropertyValueSpecification","valueRequired":true,"valueName":"search_term_string"}}],"inLanguage":"fr-FR"},{"@type":"Organization","@id":"https:\/\/www.sgeaj.ch\/fr\/#organization","name":"Schweizerische Gesellschaft f\u00fcr die Erforschung des 18. Jahrhunderts (SGEAJ - SSEDS)","url":"https:\/\/www.sgeaj.ch\/fr\/","logo":{"@type":"ImageObject","inLanguage":"fr-FR","@id":"https:\/\/www.sgeaj.ch\/fr\/#\/schema\/logo\/image\/","url":"https:\/\/www.sgeaj.ch\/wp-content\/uploads\/2021\/06\/cropped-logo-xviiies-horiz-abreuviations-bleues.png","contentUrl":"https:\/\/www.sgeaj.ch\/wp-content\/uploads\/2021\/06\/cropped-logo-xviiies-horiz-abreuviations-bleues.png","width":659,"height":335,"caption":"Schweizerische Gesellschaft f\u00fcr die Erforschung des 18. Jahrhunderts (SGEAJ - SSEDS)"},"image":{"@id":"https:\/\/www.sgeaj.ch\/fr\/#\/schema\/logo\/image\/"}},{"@type":"Person","@id":"https:\/\/www.sgeaj.ch\/fr\/#\/schema\/person\/2cd839eed625879a17645fc9f307c8e7","name":"Nadja Ackermann","url":"https:\/\/www.sgeaj.ch\/fr\/author\/naackermann\/"}]}},"_links":{"self":[{"href":"https:\/\/www.sgeaj.ch\/fr\/wp-json\/wp\/v2\/posts\/5529","targetHints":{"allow":["GET"]}}],"collection":[{"href":"https:\/\/www.sgeaj.ch\/fr\/wp-json\/wp\/v2\/posts"}],"about":[{"href":"https:\/\/www.sgeaj.ch\/fr\/wp-json\/wp\/v2\/types\/post"}],"author":[{"embeddable":true,"href":"https:\/\/www.sgeaj.ch\/fr\/wp-json\/wp\/v2\/users\/7"}],"replies":[{"embeddable":true,"href":"https:\/\/www.sgeaj.ch\/fr\/wp-json\/wp\/v2\/comments?post=5529"}],"version-history":[{"count":1,"href":"https:\/\/www.sgeaj.ch\/fr\/wp-json\/wp\/v2\/posts\/5529\/revisions"}],"predecessor-version":[{"id":5530,"href":"https:\/\/www.sgeaj.ch\/fr\/wp-json\/wp\/v2\/posts\/5529\/revisions\/5530"}],"wp:featuredmedia":[{"embeddable":true,"href":"https:\/\/www.sgeaj.ch\/fr\/wp-json\/wp\/v2\/media\/5522"}],"wp:attachment":[{"href":"https:\/\/www.sgeaj.ch\/fr\/wp-json\/wp\/v2\/media?parent=5529"}],"wp:term":[{"taxonomy":"category","embeddable":true,"href":"https:\/\/www.sgeaj.ch\/fr\/wp-json\/wp\/v2\/categories?post=5529"},{"taxonomy":"post_tag","embeddable":true,"href":"https:\/\/www.sgeaj.ch\/fr\/wp-json\/wp\/v2\/tags?post=5529"}],"curies":[{"name":"wp","href":"https:\/\/api.w.org\/{rel}","templated":true}]}}