{"id":5548,"date":"2002-03-27T16:09:00","date_gmt":"2002-03-27T15:09:00","guid":{"rendered":"https:\/\/www.sgeaj.ch\/?p=5548"},"modified":"2021-03-27T16:11:51","modified_gmt":"2021-03-27T15:11:51","slug":"infortunes-du-jeune-chevalier-de-la-lande","status":"publish","type":"post","link":"https:\/\/www.sgeaj.ch\/fr\/publications\/tsl-editions\/infortunes-du-jeune-chevalier-de-la-lande\/","title":{"rendered":"Infortunes du jeune chevalier de la Lande"},"content":{"rendered":"\n<p><strong>Jean-Louis BRIDEL, Infortunes du jeune chevalier de la Lande, coll. Travaux sur la Suisse des Lumi\u00e8res, Textes 1, Gen\u00e8ve, Editions Slatkine, 2002, 160 p.<\/strong><\/p>\n\n\n\n<p>Reposant sur une donn\u00e9e historique contemporaine, ce r\u00e9cit retrace les \u00e9tapes d\u2019une destin\u00e9e marqu\u00e9e par l\u2019insatisfaction et par l\u2019\u00e9chec. Le h\u00e9ros, jeune Fran\u00e7ais attir\u00e9 par la carri\u00e8re des armes, se signale par son instabilit\u00e9 caract\u00e9rielle autant que par sa capacit\u00e9 \u00e0 se justifier au nom de bons sentiments ; apr\u00e8s avoir rompu une relation sentimentale qui lui avait fait croire un moment \u00e0 la possibilit\u00e9 du bonheur, il conna\u00eetra la fin mis\u00e9rable du d\u00e9serteur exil\u00e9 et abandonn\u00e9 de tous. Par son sentimentalisme ostentatoire, son abandon aux impulsions de la nature, sa m\u00e9lancolie diffuse et l\u2019amertume de ses r\u00e9flexions sur l\u2019existence, le chevalier de La Lande incarne ainsi un personnage pr\u00e9romantique, refl\u00e9tant la mentalit\u00e9 et les go\u00fbts de son \u00e9poque.<br>Ce bref roman par lettres, paru \u00e0 Lausanne en 1781, est d\u00fb \u00e0 la plume d\u2019un pasteur \u00e9rudit et moraliste, appartenant \u00e0 une famille vaudoise c\u00e9l\u00e8bre et fr\u00e8re du doyen Bridel. Prenant la forme d\u2019une correspondance adress\u00e9e \u00e0 un ami confident, parsem\u00e9 d\u2019anecdotes, de pi\u00e8ces en vers et de tours sentencieux, il fait la part belle aux \u00e9panchements d\u2019un c\u0153ur trop sensible pour lequel la vertu ne consiste gu\u00e8re qu\u2019\u00e0 ob\u00e9ir \u00e0 ses propres \u00e9lans.<\/p>\n\n\n\n<div class=\"wp-block-buttons is-layout-flex wp-block-buttons-is-layout-flex\">\n<div class=\"wp-block-button\"><a class=\"wp-block-button__link\" href=\"\" target=\"_blank\" rel=\"noreferrer noopener\">commander<\/a><\/div>\n<\/div>\n\n\n\n<p><\/p>\n","protected":false},"excerpt":{"rendered":"<p>Prenant la forme d\u2019une correspondance adress\u00e9e \u00e0 un ami confident, parsem\u00e9 d\u2019anecdotes, de pi\u00e8ces en vers et de tours sentencieux, il fait la part belle aux \u00e9panchements d\u2019un c\u0153ur trop sensible pour lequel la vertu ne consiste gu\u00e8re qu\u2019\u00e0 ob\u00e9ir \u00e0 ses propres \u00e9lans.<\/p>\n","protected":false},"author":7,"featured_media":5522,"comment_status":"closed","ping_status":"open","sticky":false,"template":"","format":"standard","meta":{"footnotes":""},"categories":[46,48],"tags":[],"class_list":{"0":"post-5548","1":"post","2":"type-post","3":"status-publish","4":"format-standard","5":"has-post-thumbnail","7":"category-publications","8":"category-tsl-editions","9":"czr-hentry"},"yoast_head":"<!-- This site is optimized with the Yoast SEO plugin v26.9 - https:\/\/yoast.com\/product\/yoast-seo-wordpress\/ -->\n<title>Infortunes du jeune chevalier de la Lande - Schweizerische Gesellschaft f\u00fcr die Erforschung des 18. Jahrhunderts (SGEAJ - SSEDS)<\/title>\n<meta name=\"robots\" content=\"index, follow, max-snippet:-1, max-image-preview:large, max-video-preview:-1\" \/>\n<link rel=\"canonical\" href=\"https:\/\/www.sgeaj.ch\/fr\/publications\/tsl-editions\/infortunes-du-jeune-chevalier-de-la-lande\/\" \/>\n<meta name=\"twitter:label1\" content=\"\u00c9crit par\" \/>\n\t<meta name=\"twitter:data1\" content=\"Nadja Ackermann\" \/>\n\t<meta name=\"twitter:label2\" content=\"Dur\u00e9e de lecture estim\u00e9e\" \/>\n\t<meta name=\"twitter:data2\" content=\"1 minute\" \/>\n<script type=\"application\/ld+json\" class=\"yoast-schema-graph\">{\"@context\":\"https:\/\/schema.org\",\"@graph\":[{\"@type\":\"Article\",\"@id\":\"https:\/\/www.sgeaj.ch\/fr\/publications\/tsl-editions\/infortunes-du-jeune-chevalier-de-la-lande\/#article\",\"isPartOf\":{\"@id\":\"https:\/\/www.sgeaj.ch\/fr\/publications\/tsl-editions\/infortunes-du-jeune-chevalier-de-la-lande\/\"},\"author\":{\"name\":\"Nadja Ackermann\",\"@id\":\"https:\/\/www.sgeaj.ch\/fr\/#\/schema\/person\/2cd839eed625879a17645fc9f307c8e7\"},\"headline\":\"Infortunes du jeune chevalier de la Lande\",\"datePublished\":\"2002-03-27T15:09:00+00:00\",\"dateModified\":\"2021-03-27T15:11:51+00:00\",\"mainEntityOfPage\":{\"@id\":\"https:\/\/www.sgeaj.ch\/fr\/publications\/tsl-editions\/infortunes-du-jeune-chevalier-de-la-lande\/\"},\"wordCount\":250,\"publisher\":{\"@id\":\"https:\/\/www.sgeaj.ch\/fr\/#organization\"},\"image\":{\"@id\":\"https:\/\/www.sgeaj.ch\/fr\/publications\/tsl-editions\/infortunes-du-jeune-chevalier-de-la-lande\/#primaryimage\"},\"thumbnailUrl\":\"https:\/\/www.sgeaj.ch\/wp-content\/uploads\/2015\/03\/proxy-image-3.jpg\",\"articleSection\":[\"Publications\",\"Travaux sur la Suisse des Lumi\u00e8res (\u00e9ditions)\"],\"inLanguage\":\"fr-FR\"},{\"@type\":\"WebPage\",\"@id\":\"https:\/\/www.sgeaj.ch\/fr\/publications\/tsl-editions\/infortunes-du-jeune-chevalier-de-la-lande\/\",\"url\":\"https:\/\/www.sgeaj.ch\/fr\/publications\/tsl-editions\/infortunes-du-jeune-chevalier-de-la-lande\/\",\"name\":\"Infortunes du jeune chevalier de la Lande - Schweizerische Gesellschaft f\u00fcr die Erforschung des 18. Jahrhunderts (SGEAJ - SSEDS)\",\"isPartOf\":{\"@id\":\"https:\/\/www.sgeaj.ch\/fr\/#website\"},\"primaryImageOfPage\":{\"@id\":\"https:\/\/www.sgeaj.ch\/fr\/publications\/tsl-editions\/infortunes-du-jeune-chevalier-de-la-lande\/#primaryimage\"},\"image\":{\"@id\":\"https:\/\/www.sgeaj.ch\/fr\/publications\/tsl-editions\/infortunes-du-jeune-chevalier-de-la-lande\/#primaryimage\"},\"thumbnailUrl\":\"https:\/\/www.sgeaj.ch\/wp-content\/uploads\/2015\/03\/proxy-image-3.jpg\",\"datePublished\":\"2002-03-27T15:09:00+00:00\",\"dateModified\":\"2021-03-27T15:11:51+00:00\",\"inLanguage\":\"fr-FR\",\"potentialAction\":[{\"@type\":\"ReadAction\",\"target\":[\"https:\/\/www.sgeaj.ch\/fr\/publications\/tsl-editions\/infortunes-du-jeune-chevalier-de-la-lande\/\"]}]},{\"@type\":\"ImageObject\",\"inLanguage\":\"fr-FR\",\"@id\":\"https:\/\/www.sgeaj.ch\/fr\/publications\/tsl-editions\/infortunes-du-jeune-chevalier-de-la-lande\/#primaryimage\",\"url\":\"https:\/\/www.sgeaj.ch\/wp-content\/uploads\/2015\/03\/proxy-image-3.jpg\",\"contentUrl\":\"https:\/\/www.sgeaj.ch\/wp-content\/uploads\/2015\/03\/proxy-image-3.jpg\",\"width\":1246,\"height\":670},{\"@type\":\"WebSite\",\"@id\":\"https:\/\/www.sgeaj.ch\/fr\/#website\",\"url\":\"https:\/\/www.sgeaj.ch\/fr\/\",\"name\":\"Schweizerische Gesellschaft f\u00fcr die Erforschung des 18. Jahrhunderts (SGEAJ - SSEDS)\",\"description\":\"Schweizerische Gesellschaft f\u00fcr die Erforschung des 18. Jahrhunderts\",\"publisher\":{\"@id\":\"https:\/\/www.sgeaj.ch\/fr\/#organization\"},\"potentialAction\":[{\"@type\":\"SearchAction\",\"target\":{\"@type\":\"EntryPoint\",\"urlTemplate\":\"https:\/\/www.sgeaj.ch\/fr\/?s={search_term_string}\"},\"query-input\":{\"@type\":\"PropertyValueSpecification\",\"valueRequired\":true,\"valueName\":\"search_term_string\"}}],\"inLanguage\":\"fr-FR\"},{\"@type\":\"Organization\",\"@id\":\"https:\/\/www.sgeaj.ch\/fr\/#organization\",\"name\":\"Schweizerische Gesellschaft f\u00fcr die Erforschung des 18. Jahrhunderts (SGEAJ - SSEDS)\",\"url\":\"https:\/\/www.sgeaj.ch\/fr\/\",\"logo\":{\"@type\":\"ImageObject\",\"inLanguage\":\"fr-FR\",\"@id\":\"https:\/\/www.sgeaj.ch\/fr\/#\/schema\/logo\/image\/\",\"url\":\"https:\/\/www.sgeaj.ch\/wp-content\/uploads\/2021\/06\/cropped-logo-xviiies-horiz-abreuviations-bleues.png\",\"contentUrl\":\"https:\/\/www.sgeaj.ch\/wp-content\/uploads\/2021\/06\/cropped-logo-xviiies-horiz-abreuviations-bleues.png\",\"width\":659,\"height\":335,\"caption\":\"Schweizerische Gesellschaft f\u00fcr die Erforschung des 18. Jahrhunderts (SGEAJ - SSEDS)\"},\"image\":{\"@id\":\"https:\/\/www.sgeaj.ch\/fr\/#\/schema\/logo\/image\/\"}},{\"@type\":\"Person\",\"@id\":\"https:\/\/www.sgeaj.ch\/fr\/#\/schema\/person\/2cd839eed625879a17645fc9f307c8e7\",\"name\":\"Nadja Ackermann\",\"url\":\"https:\/\/www.sgeaj.ch\/fr\/author\/naackermann\/\"}]}<\/script>\n<!-- \/ Yoast SEO plugin. -->","yoast_head_json":{"title":"Infortunes du jeune chevalier de la Lande - Schweizerische Gesellschaft f\u00fcr die Erforschung des 18. Jahrhunderts (SGEAJ - SSEDS)","robots":{"index":"index","follow":"follow","max-snippet":"max-snippet:-1","max-image-preview":"max-image-preview:large","max-video-preview":"max-video-preview:-1"},"canonical":"https:\/\/www.sgeaj.ch\/fr\/publications\/tsl-editions\/infortunes-du-jeune-chevalier-de-la-lande\/","twitter_misc":{"\u00c9crit par":"Nadja Ackermann","Dur\u00e9e de lecture estim\u00e9e":"1 minute"},"schema":{"@context":"https:\/\/schema.org","@graph":[{"@type":"Article","@id":"https:\/\/www.sgeaj.ch\/fr\/publications\/tsl-editions\/infortunes-du-jeune-chevalier-de-la-lande\/#article","isPartOf":{"@id":"https:\/\/www.sgeaj.ch\/fr\/publications\/tsl-editions\/infortunes-du-jeune-chevalier-de-la-lande\/"},"author":{"name":"Nadja Ackermann","@id":"https:\/\/www.sgeaj.ch\/fr\/#\/schema\/person\/2cd839eed625879a17645fc9f307c8e7"},"headline":"Infortunes du jeune chevalier de la Lande","datePublished":"2002-03-27T15:09:00+00:00","dateModified":"2021-03-27T15:11:51+00:00","mainEntityOfPage":{"@id":"https:\/\/www.sgeaj.ch\/fr\/publications\/tsl-editions\/infortunes-du-jeune-chevalier-de-la-lande\/"},"wordCount":250,"publisher":{"@id":"https:\/\/www.sgeaj.ch\/fr\/#organization"},"image":{"@id":"https:\/\/www.sgeaj.ch\/fr\/publications\/tsl-editions\/infortunes-du-jeune-chevalier-de-la-lande\/#primaryimage"},"thumbnailUrl":"https:\/\/www.sgeaj.ch\/wp-content\/uploads\/2015\/03\/proxy-image-3.jpg","articleSection":["Publications","Travaux sur la Suisse des Lumi\u00e8res (\u00e9ditions)"],"inLanguage":"fr-FR"},{"@type":"WebPage","@id":"https:\/\/www.sgeaj.ch\/fr\/publications\/tsl-editions\/infortunes-du-jeune-chevalier-de-la-lande\/","url":"https:\/\/www.sgeaj.ch\/fr\/publications\/tsl-editions\/infortunes-du-jeune-chevalier-de-la-lande\/","name":"Infortunes du jeune chevalier de la Lande - Schweizerische Gesellschaft f\u00fcr die Erforschung des 18. Jahrhunderts (SGEAJ - SSEDS)","isPartOf":{"@id":"https:\/\/www.sgeaj.ch\/fr\/#website"},"primaryImageOfPage":{"@id":"https:\/\/www.sgeaj.ch\/fr\/publications\/tsl-editions\/infortunes-du-jeune-chevalier-de-la-lande\/#primaryimage"},"image":{"@id":"https:\/\/www.sgeaj.ch\/fr\/publications\/tsl-editions\/infortunes-du-jeune-chevalier-de-la-lande\/#primaryimage"},"thumbnailUrl":"https:\/\/www.sgeaj.ch\/wp-content\/uploads\/2015\/03\/proxy-image-3.jpg","datePublished":"2002-03-27T15:09:00+00:00","dateModified":"2021-03-27T15:11:51+00:00","inLanguage":"fr-FR","potentialAction":[{"@type":"ReadAction","target":["https:\/\/www.sgeaj.ch\/fr\/publications\/tsl-editions\/infortunes-du-jeune-chevalier-de-la-lande\/"]}]},{"@type":"ImageObject","inLanguage":"fr-FR","@id":"https:\/\/www.sgeaj.ch\/fr\/publications\/tsl-editions\/infortunes-du-jeune-chevalier-de-la-lande\/#primaryimage","url":"https:\/\/www.sgeaj.ch\/wp-content\/uploads\/2015\/03\/proxy-image-3.jpg","contentUrl":"https:\/\/www.sgeaj.ch\/wp-content\/uploads\/2015\/03\/proxy-image-3.jpg","width":1246,"height":670},{"@type":"WebSite","@id":"https:\/\/www.sgeaj.ch\/fr\/#website","url":"https:\/\/www.sgeaj.ch\/fr\/","name":"Schweizerische Gesellschaft f\u00fcr die Erforschung des 18. Jahrhunderts (SGEAJ - SSEDS)","description":"Schweizerische Gesellschaft f\u00fcr die Erforschung des 18. Jahrhunderts","publisher":{"@id":"https:\/\/www.sgeaj.ch\/fr\/#organization"},"potentialAction":[{"@type":"SearchAction","target":{"@type":"EntryPoint","urlTemplate":"https:\/\/www.sgeaj.ch\/fr\/?s={search_term_string}"},"query-input":{"@type":"PropertyValueSpecification","valueRequired":true,"valueName":"search_term_string"}}],"inLanguage":"fr-FR"},{"@type":"Organization","@id":"https:\/\/www.sgeaj.ch\/fr\/#organization","name":"Schweizerische Gesellschaft f\u00fcr die Erforschung des 18. Jahrhunderts (SGEAJ - SSEDS)","url":"https:\/\/www.sgeaj.ch\/fr\/","logo":{"@type":"ImageObject","inLanguage":"fr-FR","@id":"https:\/\/www.sgeaj.ch\/fr\/#\/schema\/logo\/image\/","url":"https:\/\/www.sgeaj.ch\/wp-content\/uploads\/2021\/06\/cropped-logo-xviiies-horiz-abreuviations-bleues.png","contentUrl":"https:\/\/www.sgeaj.ch\/wp-content\/uploads\/2021\/06\/cropped-logo-xviiies-horiz-abreuviations-bleues.png","width":659,"height":335,"caption":"Schweizerische Gesellschaft f\u00fcr die Erforschung des 18. Jahrhunderts (SGEAJ - SSEDS)"},"image":{"@id":"https:\/\/www.sgeaj.ch\/fr\/#\/schema\/logo\/image\/"}},{"@type":"Person","@id":"https:\/\/www.sgeaj.ch\/fr\/#\/schema\/person\/2cd839eed625879a17645fc9f307c8e7","name":"Nadja Ackermann","url":"https:\/\/www.sgeaj.ch\/fr\/author\/naackermann\/"}]}},"_links":{"self":[{"href":"https:\/\/www.sgeaj.ch\/fr\/wp-json\/wp\/v2\/posts\/5548","targetHints":{"allow":["GET"]}}],"collection":[{"href":"https:\/\/www.sgeaj.ch\/fr\/wp-json\/wp\/v2\/posts"}],"about":[{"href":"https:\/\/www.sgeaj.ch\/fr\/wp-json\/wp\/v2\/types\/post"}],"author":[{"embeddable":true,"href":"https:\/\/www.sgeaj.ch\/fr\/wp-json\/wp\/v2\/users\/7"}],"replies":[{"embeddable":true,"href":"https:\/\/www.sgeaj.ch\/fr\/wp-json\/wp\/v2\/comments?post=5548"}],"version-history":[{"count":1,"href":"https:\/\/www.sgeaj.ch\/fr\/wp-json\/wp\/v2\/posts\/5548\/revisions"}],"predecessor-version":[{"id":5550,"href":"https:\/\/www.sgeaj.ch\/fr\/wp-json\/wp\/v2\/posts\/5548\/revisions\/5550"}],"wp:featuredmedia":[{"embeddable":true,"href":"https:\/\/www.sgeaj.ch\/fr\/wp-json\/wp\/v2\/media\/5522"}],"wp:attachment":[{"href":"https:\/\/www.sgeaj.ch\/fr\/wp-json\/wp\/v2\/media?parent=5548"}],"wp:term":[{"taxonomy":"category","embeddable":true,"href":"https:\/\/www.sgeaj.ch\/fr\/wp-json\/wp\/v2\/categories?post=5548"},{"taxonomy":"post_tag","embeddable":true,"href":"https:\/\/www.sgeaj.ch\/fr\/wp-json\/wp\/v2\/tags?post=5548"}],"curies":[{"name":"wp","href":"https:\/\/api.w.org\/{rel}","templated":true}]}}