{"id":5557,"date":"2019-03-27T16:20:00","date_gmt":"2019-03-27T15:20:00","guid":{"rendered":"https:\/\/www.sgeaj.ch\/?p=5557"},"modified":"2021-11-03T17:42:43","modified_gmt":"2021-11-03T16:42:43","slug":"politische-gelehrte-und-imaginierte-schweiz","status":"publish","type":"post","link":"https:\/\/www.sgeaj.ch\/fr\/publications\/tsl-critiques-essais\/politische-gelehrte-und-imaginierte-schweiz\/","title":{"rendered":"Politische, gelehrte und imaginierte Schweiz"},"content":{"rendered":"\n<p><strong>Politische, gelehrte und imaginierte Schweiz. Koh\u00e4sion und Disparit\u00e4t im Corpus helveticum des 18. Jahrhunderts \u2013 Suisse politique, savante et imaginaire. Coh\u00e9sion et disparit\u00e9 du Corps helv\u00e9tique au XVIIIe si\u00e8cle, hrg. von \/ \u00e9d. par A. Holenstein, C. Jaquier, T. L\u00e9chot, D. Schl\u00e4ppi, avec la collaboration de P. B\u00e4chli, Gen\u00e8ve, Slatkine, coll. Travaux sur la Suisse des Lumi\u00e8res 20, 2019.<\/strong><\/p>\n\n\n\n<p>Die Schweiz wurde in Frankreich im 18. Jahrhundert offiziell als \u00ab Corps helv\u00e9tique \u00bb bezeichnet, auch wenn das Land mit seiner zusammengesetzten Struktur aus dreizehn Kantonen und mehreren sog. Zugewandten Orten keine politische Einheit bildete. Gleichwohl zeugen zahlreiche Beobachtungen von den Bem\u00fchungen vieler Gelehrter, Geschichtsschreiber, Schriftsteller, Verleger, P\u00e4dagogen und politischer Autoren, der Schweiz die Merkmale einer Nation zuschreiben und sie schon im Ancien R\u00e9gime als unverwechselbare Einheit erscheinen lassen zu wollen. Mit seiner pluridisziplin\u00e4ren Ausrichtung spiegelt der Sammelband die Komplexit\u00e4t dieser Ambivalenz zwischen Einheit und Verschiedenheit \u2013 zwischen der Beschw\u00f6rung der nationalen Zusammengeh\u00f6rigkeit und der Verteidigung der kantonalstaatlichen Eigenst\u00e4ndigkeit \u2013 wider, die das <em>Corpus helveticum<\/em> des sp\u00e4ten Ancien R\u00e9gimes kennzeichnete. Die Beitr\u00e4ge ber\u00fchren die Geschichte der Politik, der Diplomatie, des Verkehrs, der Kartographie und der Wissenschaften ebenso wie die Kulturgeschichte mit ihrem breit gef\u00e4cherten Interesse f\u00fcr die Literatur, die Mythen, die Sprachen, die Religion sowie die Bildung und Erziehung.<br>Le Corps helv\u00e9tique est le nom officiel que la Suisse porte en France au XVIII<sup>e<\/sup> si\u00e8cle. Form\u00e9 des treize cantons et de leurs alli\u00e9s, il n\u2019a pas d\u2019unit\u00e9 politique. Cependant, de nombreuses pratiques sociales et lettr\u00e9es attestent l\u2019intense r\u00e9flexion que nourrissent savants, historiens, \u00e9crivains, \u00e9diteurs, p\u00e9dagogues et penseurs politiques, contribuant \u00e0 faire exister la Suisse comme une entit\u00e9 aux caract\u00e9ristiques aussi fortes qu\u2019identifiables. Misant sur la pluridisciplinarit\u00e9, les contributions r\u00e9unies dans ce volume illustrent l\u2019ambivalence entre unit\u00e9 et diversit\u00e9, entre sentiment de coh\u00e9sion nationale et d\u00e9fense des souverainet\u00e9s cantonales, qui caract\u00e9rise le Corps helv\u00e9tique. Histoire politique, histoire de la diplomatie, des transports et de la cartographie dialoguent avec l\u2019histoire des sciences ainsi qu\u2019avec l\u2019histoire culturelle, qui observe les repr\u00e9sentations litt\u00e9raires, les mythes, les langues, les pratiques religieuses ou p\u00e9dagogiques.<\/p>\n\n\n\n<p>\u2192 <a href=\"https:\/\/www.sgeaj.ch\/wp-content\/uploads\/2019\/06\/Table-des-matieres_tsl20.pdf\">Inhaltsverzeichnis \/ Sommaire<\/a><\/p>\n\n\n\n<p><a href=\"https:\/\/www.infoclio.ch\/de\/rez?rid=29466\" target=\"_blank\" rel=\"noreferrer noopener\">\u2192 Rezension<\/a><\/p>\n\n\n\n<div class=\"wp-block-file\"><a href=\"https:\/\/www.sgeaj.ch\/wp-content\/uploads\/2021\/11\/holenstein-andre-jaquier-claire-lechot-timothee-politische-und-disparitat-im-corpus-helveticum-des-18-jahrhunderts-2019.pdf\" class=\"wp-block-file__button\" download>Das Buch als PDF herunterladen \/ t\u00e9l\u00e9charger le livre en pdf<\/a><\/div>\n\n\n\n<p>\u2192 <a href=\"https:\/\/www.slatkine.com\/fr\/slatkine-reprints-erudition\/70687-book-07102839-9782051028394.html\" target=\"_blank\" rel=\"noreferrer noopener\">commander<\/a><\/p>\n","protected":false},"excerpt":{"rendered":"<p>Die Beitr\u00e4ge ber\u00fchren die Geschichte der Politik, der Diplomatie, des Verkehrs, der Kartographie und der Wissenschaften ebenso wie die Kulturgeschichte mit ihrem breit gef\u00e4cherten Interesse f\u00fcr die Literatur, die Mythen, die Sprachen, die Religion sowie die Bildung und Erziehung.<\/p>\n","protected":false},"author":7,"featured_media":5522,"comment_status":"closed","ping_status":"open","sticky":false,"template":"","format":"standard","meta":{"footnotes":""},"categories":[46,47],"tags":[],"class_list":{"0":"post-5557","1":"post","2":"type-post","3":"status-publish","4":"format-standard","5":"has-post-thumbnail","7":"category-publications","8":"category-tsl-critiques-essais","9":"czr-hentry"},"yoast_head":"<!-- This site is optimized with the Yoast SEO plugin v26.9 - https:\/\/yoast.com\/product\/yoast-seo-wordpress\/ -->\n<title>Politische, gelehrte und imaginierte Schweiz - Schweizerische Gesellschaft f\u00fcr die Erforschung des 18. Jahrhunderts (SGEAJ - SSEDS)<\/title>\n<meta name=\"robots\" content=\"index, follow, max-snippet:-1, max-image-preview:large, max-video-preview:-1\" \/>\n<link rel=\"canonical\" href=\"https:\/\/www.sgeaj.ch\/fr\/publications\/tsl-critiques-essais\/politische-gelehrte-und-imaginierte-schweiz\/\" \/>\n<meta name=\"twitter:label1\" content=\"\u00c9crit par\" \/>\n\t<meta name=\"twitter:data1\" content=\"Nadja Ackermann\" \/>\n\t<meta name=\"twitter:label2\" content=\"Dur\u00e9e de lecture estim\u00e9e\" \/>\n\t<meta name=\"twitter:data2\" content=\"2 minutes\" \/>\n<script type=\"application\/ld+json\" class=\"yoast-schema-graph\">{\"@context\":\"https:\/\/schema.org\",\"@graph\":[{\"@type\":\"Article\",\"@id\":\"https:\/\/www.sgeaj.ch\/fr\/publications\/tsl-critiques-essais\/politische-gelehrte-und-imaginierte-schweiz\/#article\",\"isPartOf\":{\"@id\":\"https:\/\/www.sgeaj.ch\/fr\/publications\/tsl-critiques-essais\/politische-gelehrte-und-imaginierte-schweiz\/\"},\"author\":{\"name\":\"Nadja Ackermann\",\"@id\":\"https:\/\/www.sgeaj.ch\/fr\/#\/schema\/person\/2cd839eed625879a17645fc9f307c8e7\"},\"headline\":\"Politische, gelehrte und imaginierte Schweiz\",\"datePublished\":\"2019-03-27T15:20:00+00:00\",\"dateModified\":\"2021-11-03T16:42:43+00:00\",\"mainEntityOfPage\":{\"@id\":\"https:\/\/www.sgeaj.ch\/fr\/publications\/tsl-critiques-essais\/politische-gelehrte-und-imaginierte-schweiz\/\"},\"wordCount\":396,\"publisher\":{\"@id\":\"https:\/\/www.sgeaj.ch\/fr\/#organization\"},\"image\":{\"@id\":\"https:\/\/www.sgeaj.ch\/fr\/publications\/tsl-critiques-essais\/politische-gelehrte-und-imaginierte-schweiz\/#primaryimage\"},\"thumbnailUrl\":\"https:\/\/www.sgeaj.ch\/wp-content\/uploads\/2015\/03\/proxy-image-3.jpg\",\"articleSection\":[\"Publications\",\"Travaux sur la Suisse des Lumi\u00e8res (critiques et essais\"],\"inLanguage\":\"fr-FR\"},{\"@type\":\"WebPage\",\"@id\":\"https:\/\/www.sgeaj.ch\/fr\/publications\/tsl-critiques-essais\/politische-gelehrte-und-imaginierte-schweiz\/\",\"url\":\"https:\/\/www.sgeaj.ch\/fr\/publications\/tsl-critiques-essais\/politische-gelehrte-und-imaginierte-schweiz\/\",\"name\":\"Politische, gelehrte und imaginierte Schweiz - Schweizerische Gesellschaft f\u00fcr die Erforschung des 18. Jahrhunderts (SGEAJ - SSEDS)\",\"isPartOf\":{\"@id\":\"https:\/\/www.sgeaj.ch\/fr\/#website\"},\"primaryImageOfPage\":{\"@id\":\"https:\/\/www.sgeaj.ch\/fr\/publications\/tsl-critiques-essais\/politische-gelehrte-und-imaginierte-schweiz\/#primaryimage\"},\"image\":{\"@id\":\"https:\/\/www.sgeaj.ch\/fr\/publications\/tsl-critiques-essais\/politische-gelehrte-und-imaginierte-schweiz\/#primaryimage\"},\"thumbnailUrl\":\"https:\/\/www.sgeaj.ch\/wp-content\/uploads\/2015\/03\/proxy-image-3.jpg\",\"datePublished\":\"2019-03-27T15:20:00+00:00\",\"dateModified\":\"2021-11-03T16:42:43+00:00\",\"inLanguage\":\"fr-FR\",\"potentialAction\":[{\"@type\":\"ReadAction\",\"target\":[\"https:\/\/www.sgeaj.ch\/fr\/publications\/tsl-critiques-essais\/politische-gelehrte-und-imaginierte-schweiz\/\"]}]},{\"@type\":\"ImageObject\",\"inLanguage\":\"fr-FR\",\"@id\":\"https:\/\/www.sgeaj.ch\/fr\/publications\/tsl-critiques-essais\/politische-gelehrte-und-imaginierte-schweiz\/#primaryimage\",\"url\":\"https:\/\/www.sgeaj.ch\/wp-content\/uploads\/2015\/03\/proxy-image-3.jpg\",\"contentUrl\":\"https:\/\/www.sgeaj.ch\/wp-content\/uploads\/2015\/03\/proxy-image-3.jpg\",\"width\":1246,\"height\":670},{\"@type\":\"WebSite\",\"@id\":\"https:\/\/www.sgeaj.ch\/fr\/#website\",\"url\":\"https:\/\/www.sgeaj.ch\/fr\/\",\"name\":\"Schweizerische Gesellschaft f\u00fcr die Erforschung des 18. Jahrhunderts (SGEAJ - SSEDS)\",\"description\":\"Schweizerische Gesellschaft f\u00fcr die Erforschung des 18. Jahrhunderts\",\"publisher\":{\"@id\":\"https:\/\/www.sgeaj.ch\/fr\/#organization\"},\"potentialAction\":[{\"@type\":\"SearchAction\",\"target\":{\"@type\":\"EntryPoint\",\"urlTemplate\":\"https:\/\/www.sgeaj.ch\/fr\/?s={search_term_string}\"},\"query-input\":{\"@type\":\"PropertyValueSpecification\",\"valueRequired\":true,\"valueName\":\"search_term_string\"}}],\"inLanguage\":\"fr-FR\"},{\"@type\":\"Organization\",\"@id\":\"https:\/\/www.sgeaj.ch\/fr\/#organization\",\"name\":\"Schweizerische Gesellschaft f\u00fcr die Erforschung des 18. Jahrhunderts (SGEAJ - SSEDS)\",\"url\":\"https:\/\/www.sgeaj.ch\/fr\/\",\"logo\":{\"@type\":\"ImageObject\",\"inLanguage\":\"fr-FR\",\"@id\":\"https:\/\/www.sgeaj.ch\/fr\/#\/schema\/logo\/image\/\",\"url\":\"https:\/\/www.sgeaj.ch\/wp-content\/uploads\/2021\/06\/cropped-logo-xviiies-horiz-abreuviations-bleues.png\",\"contentUrl\":\"https:\/\/www.sgeaj.ch\/wp-content\/uploads\/2021\/06\/cropped-logo-xviiies-horiz-abreuviations-bleues.png\",\"width\":659,\"height\":335,\"caption\":\"Schweizerische Gesellschaft f\u00fcr die Erforschung des 18. Jahrhunderts (SGEAJ - SSEDS)\"},\"image\":{\"@id\":\"https:\/\/www.sgeaj.ch\/fr\/#\/schema\/logo\/image\/\"}},{\"@type\":\"Person\",\"@id\":\"https:\/\/www.sgeaj.ch\/fr\/#\/schema\/person\/2cd839eed625879a17645fc9f307c8e7\",\"name\":\"Nadja Ackermann\",\"url\":\"https:\/\/www.sgeaj.ch\/fr\/author\/naackermann\/\"}]}<\/script>\n<!-- \/ Yoast SEO plugin. -->","yoast_head_json":{"title":"Politische, gelehrte und imaginierte Schweiz - Schweizerische Gesellschaft f\u00fcr die Erforschung des 18. Jahrhunderts (SGEAJ - SSEDS)","robots":{"index":"index","follow":"follow","max-snippet":"max-snippet:-1","max-image-preview":"max-image-preview:large","max-video-preview":"max-video-preview:-1"},"canonical":"https:\/\/www.sgeaj.ch\/fr\/publications\/tsl-critiques-essais\/politische-gelehrte-und-imaginierte-schweiz\/","twitter_misc":{"\u00c9crit par":"Nadja Ackermann","Dur\u00e9e de lecture estim\u00e9e":"2 minutes"},"schema":{"@context":"https:\/\/schema.org","@graph":[{"@type":"Article","@id":"https:\/\/www.sgeaj.ch\/fr\/publications\/tsl-critiques-essais\/politische-gelehrte-und-imaginierte-schweiz\/#article","isPartOf":{"@id":"https:\/\/www.sgeaj.ch\/fr\/publications\/tsl-critiques-essais\/politische-gelehrte-und-imaginierte-schweiz\/"},"author":{"name":"Nadja Ackermann","@id":"https:\/\/www.sgeaj.ch\/fr\/#\/schema\/person\/2cd839eed625879a17645fc9f307c8e7"},"headline":"Politische, gelehrte und imaginierte Schweiz","datePublished":"2019-03-27T15:20:00+00:00","dateModified":"2021-11-03T16:42:43+00:00","mainEntityOfPage":{"@id":"https:\/\/www.sgeaj.ch\/fr\/publications\/tsl-critiques-essais\/politische-gelehrte-und-imaginierte-schweiz\/"},"wordCount":396,"publisher":{"@id":"https:\/\/www.sgeaj.ch\/fr\/#organization"},"image":{"@id":"https:\/\/www.sgeaj.ch\/fr\/publications\/tsl-critiques-essais\/politische-gelehrte-und-imaginierte-schweiz\/#primaryimage"},"thumbnailUrl":"https:\/\/www.sgeaj.ch\/wp-content\/uploads\/2015\/03\/proxy-image-3.jpg","articleSection":["Publications","Travaux sur la Suisse des Lumi\u00e8res (critiques et essais"],"inLanguage":"fr-FR"},{"@type":"WebPage","@id":"https:\/\/www.sgeaj.ch\/fr\/publications\/tsl-critiques-essais\/politische-gelehrte-und-imaginierte-schweiz\/","url":"https:\/\/www.sgeaj.ch\/fr\/publications\/tsl-critiques-essais\/politische-gelehrte-und-imaginierte-schweiz\/","name":"Politische, gelehrte und imaginierte Schweiz - Schweizerische Gesellschaft f\u00fcr die Erforschung des 18. Jahrhunderts (SGEAJ - SSEDS)","isPartOf":{"@id":"https:\/\/www.sgeaj.ch\/fr\/#website"},"primaryImageOfPage":{"@id":"https:\/\/www.sgeaj.ch\/fr\/publications\/tsl-critiques-essais\/politische-gelehrte-und-imaginierte-schweiz\/#primaryimage"},"image":{"@id":"https:\/\/www.sgeaj.ch\/fr\/publications\/tsl-critiques-essais\/politische-gelehrte-und-imaginierte-schweiz\/#primaryimage"},"thumbnailUrl":"https:\/\/www.sgeaj.ch\/wp-content\/uploads\/2015\/03\/proxy-image-3.jpg","datePublished":"2019-03-27T15:20:00+00:00","dateModified":"2021-11-03T16:42:43+00:00","inLanguage":"fr-FR","potentialAction":[{"@type":"ReadAction","target":["https:\/\/www.sgeaj.ch\/fr\/publications\/tsl-critiques-essais\/politische-gelehrte-und-imaginierte-schweiz\/"]}]},{"@type":"ImageObject","inLanguage":"fr-FR","@id":"https:\/\/www.sgeaj.ch\/fr\/publications\/tsl-critiques-essais\/politische-gelehrte-und-imaginierte-schweiz\/#primaryimage","url":"https:\/\/www.sgeaj.ch\/wp-content\/uploads\/2015\/03\/proxy-image-3.jpg","contentUrl":"https:\/\/www.sgeaj.ch\/wp-content\/uploads\/2015\/03\/proxy-image-3.jpg","width":1246,"height":670},{"@type":"WebSite","@id":"https:\/\/www.sgeaj.ch\/fr\/#website","url":"https:\/\/www.sgeaj.ch\/fr\/","name":"Schweizerische Gesellschaft f\u00fcr die Erforschung des 18. Jahrhunderts (SGEAJ - SSEDS)","description":"Schweizerische Gesellschaft f\u00fcr die Erforschung des 18. Jahrhunderts","publisher":{"@id":"https:\/\/www.sgeaj.ch\/fr\/#organization"},"potentialAction":[{"@type":"SearchAction","target":{"@type":"EntryPoint","urlTemplate":"https:\/\/www.sgeaj.ch\/fr\/?s={search_term_string}"},"query-input":{"@type":"PropertyValueSpecification","valueRequired":true,"valueName":"search_term_string"}}],"inLanguage":"fr-FR"},{"@type":"Organization","@id":"https:\/\/www.sgeaj.ch\/fr\/#organization","name":"Schweizerische Gesellschaft f\u00fcr die Erforschung des 18. Jahrhunderts (SGEAJ - SSEDS)","url":"https:\/\/www.sgeaj.ch\/fr\/","logo":{"@type":"ImageObject","inLanguage":"fr-FR","@id":"https:\/\/www.sgeaj.ch\/fr\/#\/schema\/logo\/image\/","url":"https:\/\/www.sgeaj.ch\/wp-content\/uploads\/2021\/06\/cropped-logo-xviiies-horiz-abreuviations-bleues.png","contentUrl":"https:\/\/www.sgeaj.ch\/wp-content\/uploads\/2021\/06\/cropped-logo-xviiies-horiz-abreuviations-bleues.png","width":659,"height":335,"caption":"Schweizerische Gesellschaft f\u00fcr die Erforschung des 18. Jahrhunderts (SGEAJ - SSEDS)"},"image":{"@id":"https:\/\/www.sgeaj.ch\/fr\/#\/schema\/logo\/image\/"}},{"@type":"Person","@id":"https:\/\/www.sgeaj.ch\/fr\/#\/schema\/person\/2cd839eed625879a17645fc9f307c8e7","name":"Nadja Ackermann","url":"https:\/\/www.sgeaj.ch\/fr\/author\/naackermann\/"}]}},"_links":{"self":[{"href":"https:\/\/www.sgeaj.ch\/fr\/wp-json\/wp\/v2\/posts\/5557","targetHints":{"allow":["GET"]}}],"collection":[{"href":"https:\/\/www.sgeaj.ch\/fr\/wp-json\/wp\/v2\/posts"}],"about":[{"href":"https:\/\/www.sgeaj.ch\/fr\/wp-json\/wp\/v2\/types\/post"}],"author":[{"embeddable":true,"href":"https:\/\/www.sgeaj.ch\/fr\/wp-json\/wp\/v2\/users\/7"}],"replies":[{"embeddable":true,"href":"https:\/\/www.sgeaj.ch\/fr\/wp-json\/wp\/v2\/comments?post=5557"}],"version-history":[{"count":2,"href":"https:\/\/www.sgeaj.ch\/fr\/wp-json\/wp\/v2\/posts\/5557\/revisions"}],"predecessor-version":[{"id":6599,"href":"https:\/\/www.sgeaj.ch\/fr\/wp-json\/wp\/v2\/posts\/5557\/revisions\/6599"}],"wp:featuredmedia":[{"embeddable":true,"href":"https:\/\/www.sgeaj.ch\/fr\/wp-json\/wp\/v2\/media\/5522"}],"wp:attachment":[{"href":"https:\/\/www.sgeaj.ch\/fr\/wp-json\/wp\/v2\/media?parent=5557"}],"wp:term":[{"taxonomy":"category","embeddable":true,"href":"https:\/\/www.sgeaj.ch\/fr\/wp-json\/wp\/v2\/categories?post=5557"},{"taxonomy":"post_tag","embeddable":true,"href":"https:\/\/www.sgeaj.ch\/fr\/wp-json\/wp\/v2\/tags?post=5557"}],"curies":[{"name":"wp","href":"https:\/\/api.w.org\/{rel}","templated":true}]}}