{"id":5573,"date":"2013-03-27T16:30:00","date_gmt":"2013-03-27T15:30:00","guid":{"rendered":"https:\/\/www.sgeaj.ch\/?p=5573"},"modified":"2021-03-27T16:32:45","modified_gmt":"2021-03-27T15:32:45","slug":"les-savants-et-les-livres","status":"publish","type":"post","link":"https:\/\/www.sgeaj.ch\/fr\/publications\/tsl-critiques-essais\/les-savants-et-les-livres\/","title":{"rendered":"Les savants et les livres"},"content":{"rendered":"\n<p><strong>Miriam NICOLI, Les savants et les livres. Autour d\u2019Albrecht von Haller (1708-1777) de Samuel Tissot (1728-1797), coll. Travaux sur la Suisse des Lumi\u00e8res 16, Gen\u00e8ve, Editions Slatkine, 2013, 362 p.<\/strong><\/p>\n\n\n\n<p>Savants renomm\u00e9s dans l\u2019Europe des Lumi\u00e8res, Albrecht von Haller et Samuel-Auguste Tissot ont \u00e9t\u00e9 en prise directe avec la seconde r\u00e9volution du livre et l\u2019\u00e9volution des modes de diffusion scientifique au XVIIIe si\u00e8cle. Leur correspondance, mise en perspective de fa\u00e7on captivante dans cet ouvrage, s\u2019en fait l\u2019\u00e9cho. Comment ma\u00eetriser la masse grandissante d\u2019informations et rester au courant des nouveaut\u00e9s de la librairie ? Pour quel public \u00e9crire et comment? Au fil de l\u2019\u00e9tude minutieuse de la place du livre dans le quotidien des deux savants, cet ouvrage plonge son lecteur dans les coulisses de la communication scientifique. Il met en relief les multiples acteurs au parcours souvent obscur qui concourent \u00e0 la r\u00e9alisation du produit fini : copistes, traducteurs, libraires- \u00e9diteurs, dessinateurs et graveurs. Prenant le contrepied de l\u2019image idyllique du savant \u2013 lecteur paisible et auteur respect\u00e9 \u2013 il examine les pratiques qui marquent son rapport \u00e0 la production scientifique et \u00e0 l\u2019imprim\u00e9. Se procurer des ouvrages, estimer leur qualit\u00e9, prendre des notes, marchander le prix d\u2019une page avec un \u00e9diteur, trouver un bon copiste, juger de la qualit\u00e9 d\u2019une traduction, se prot\u00e9ger des contrefa\u00e7ons ou encore g\u00e9rer le stress et les pathologies li\u00e9s \u00e0 la vie studieuse\u2026 Examin\u00e9e sous ses aspects les plus divers et surtout les plus concrets, la vie scientifique \u00e0 l\u2019\u00e9poque des Lumi\u00e8res a tout ici du parcours du combattant. Les diff\u00e9rents types de lectorat, lecteurs non-savants compris, qui \u00e0 leur fa\u00e7on manipulent le livre scientifique, en sont partie int\u00e9grante.<br>Cet ouvrage tr\u00e8s document\u00e9 s\u2019adresse aussi bien aux historiens des sciences et du livre et aux sp\u00e9cialistes du XVIIIe si\u00e8cle qu\u2019\u00e0 un large public int\u00e9ress\u00e9 par la vie quotidienne des savants et par la construction des savoirs \u00e0 l\u2019\u00e9poque des Lumi\u00e8res.<br>Docteur \u00e8s Lettres, Miriam Nicoli est sp\u00e9cialiste de l\u2019histoire culturelle des sciences. Sa th\u00e8se de doctorat, dont est issu ce livre, a re\u00e7u un Prix de Facult\u00e9 de l\u2019Universit\u00e9 de Lausanne.<\/p>\n\n\n\n<p><a href=\"https:\/\/www.sgeaj.ch\/wp-content\/uploads\/2013\/12\/TSL-Sommaire-no-16.pdf\">\u2192 Inhaltsverzeichnis<\/a><\/p>\n\n\n\n<p><a href=\"http:\/\/www.slatkine.com\/fr\/slatkine-reprints-erudition\/27592-book-07102509-9782051025096.html\">\u2192 bestellen<\/a><\/p>\n","protected":false},"excerpt":{"rendered":"<p>Cet ouvrage tr\u00e8s document\u00e9 s\u2019adresse aussi bien aux historiens des sciences et du livre et aux sp\u00e9cialistes du XVIIIe si\u00e8cle qu\u2019\u00e0 un large public int\u00e9ress\u00e9 par la vie quotidienne des savants et par la construction des savoirs \u00e0 l\u2019\u00e9poque des Lumi\u00e8res.<\/p>\n","protected":false},"author":7,"featured_media":5522,"comment_status":"closed","ping_status":"open","sticky":false,"template":"","format":"standard","meta":{"footnotes":""},"categories":[46,47],"tags":[],"class_list":{"0":"post-5573","1":"post","2":"type-post","3":"status-publish","4":"format-standard","5":"has-post-thumbnail","7":"category-publications","8":"category-tsl-critiques-essais","9":"czr-hentry"},"yoast_head":"<!-- This site is optimized with the Yoast SEO plugin v26.9 - https:\/\/yoast.com\/product\/yoast-seo-wordpress\/ -->\n<title>Les savants et les livres - Schweizerische Gesellschaft f\u00fcr die Erforschung des 18. Jahrhunderts (SGEAJ - SSEDS)<\/title>\n<meta name=\"robots\" content=\"index, follow, max-snippet:-1, max-image-preview:large, max-video-preview:-1\" \/>\n<link rel=\"canonical\" href=\"https:\/\/www.sgeaj.ch\/fr\/publications\/tsl-critiques-essais\/les-savants-et-les-livres\/\" \/>\n<meta name=\"twitter:label1\" content=\"\u00c9crit par\" \/>\n\t<meta name=\"twitter:data1\" content=\"Nadja Ackermann\" \/>\n\t<meta name=\"twitter:label2\" content=\"Dur\u00e9e de lecture estim\u00e9e\" \/>\n\t<meta name=\"twitter:data2\" content=\"2 minutes\" \/>\n<script type=\"application\/ld+json\" class=\"yoast-schema-graph\">{\"@context\":\"https:\/\/schema.org\",\"@graph\":[{\"@type\":\"Article\",\"@id\":\"https:\/\/www.sgeaj.ch\/fr\/publications\/tsl-critiques-essais\/les-savants-et-les-livres\/#article\",\"isPartOf\":{\"@id\":\"https:\/\/www.sgeaj.ch\/fr\/publications\/tsl-critiques-essais\/les-savants-et-les-livres\/\"},\"author\":{\"name\":\"Nadja Ackermann\",\"@id\":\"https:\/\/www.sgeaj.ch\/fr\/#\/schema\/person\/2cd839eed625879a17645fc9f307c8e7\"},\"headline\":\"Les savants et les livres\",\"datePublished\":\"2013-03-27T15:30:00+00:00\",\"dateModified\":\"2021-03-27T15:32:45+00:00\",\"mainEntityOfPage\":{\"@id\":\"https:\/\/www.sgeaj.ch\/fr\/publications\/tsl-critiques-essais\/les-savants-et-les-livres\/\"},\"wordCount\":383,\"publisher\":{\"@id\":\"https:\/\/www.sgeaj.ch\/fr\/#organization\"},\"image\":{\"@id\":\"https:\/\/www.sgeaj.ch\/fr\/publications\/tsl-critiques-essais\/les-savants-et-les-livres\/#primaryimage\"},\"thumbnailUrl\":\"https:\/\/www.sgeaj.ch\/wp-content\/uploads\/2015\/03\/proxy-image-3.jpg\",\"articleSection\":[\"Publications\",\"Travaux sur la Suisse des Lumi\u00e8res (critiques et essais\"],\"inLanguage\":\"fr-FR\"},{\"@type\":\"WebPage\",\"@id\":\"https:\/\/www.sgeaj.ch\/fr\/publications\/tsl-critiques-essais\/les-savants-et-les-livres\/\",\"url\":\"https:\/\/www.sgeaj.ch\/fr\/publications\/tsl-critiques-essais\/les-savants-et-les-livres\/\",\"name\":\"Les savants et les livres - Schweizerische Gesellschaft f\u00fcr die Erforschung des 18. Jahrhunderts (SGEAJ - SSEDS)\",\"isPartOf\":{\"@id\":\"https:\/\/www.sgeaj.ch\/fr\/#website\"},\"primaryImageOfPage\":{\"@id\":\"https:\/\/www.sgeaj.ch\/fr\/publications\/tsl-critiques-essais\/les-savants-et-les-livres\/#primaryimage\"},\"image\":{\"@id\":\"https:\/\/www.sgeaj.ch\/fr\/publications\/tsl-critiques-essais\/les-savants-et-les-livres\/#primaryimage\"},\"thumbnailUrl\":\"https:\/\/www.sgeaj.ch\/wp-content\/uploads\/2015\/03\/proxy-image-3.jpg\",\"datePublished\":\"2013-03-27T15:30:00+00:00\",\"dateModified\":\"2021-03-27T15:32:45+00:00\",\"inLanguage\":\"fr-FR\",\"potentialAction\":[{\"@type\":\"ReadAction\",\"target\":[\"https:\/\/www.sgeaj.ch\/fr\/publications\/tsl-critiques-essais\/les-savants-et-les-livres\/\"]}]},{\"@type\":\"ImageObject\",\"inLanguage\":\"fr-FR\",\"@id\":\"https:\/\/www.sgeaj.ch\/fr\/publications\/tsl-critiques-essais\/les-savants-et-les-livres\/#primaryimage\",\"url\":\"https:\/\/www.sgeaj.ch\/wp-content\/uploads\/2015\/03\/proxy-image-3.jpg\",\"contentUrl\":\"https:\/\/www.sgeaj.ch\/wp-content\/uploads\/2015\/03\/proxy-image-3.jpg\",\"width\":1246,\"height\":670},{\"@type\":\"WebSite\",\"@id\":\"https:\/\/www.sgeaj.ch\/fr\/#website\",\"url\":\"https:\/\/www.sgeaj.ch\/fr\/\",\"name\":\"Schweizerische Gesellschaft f\u00fcr die Erforschung des 18. Jahrhunderts (SGEAJ - SSEDS)\",\"description\":\"Schweizerische Gesellschaft f\u00fcr die Erforschung des 18. Jahrhunderts\",\"publisher\":{\"@id\":\"https:\/\/www.sgeaj.ch\/fr\/#organization\"},\"potentialAction\":[{\"@type\":\"SearchAction\",\"target\":{\"@type\":\"EntryPoint\",\"urlTemplate\":\"https:\/\/www.sgeaj.ch\/fr\/?s={search_term_string}\"},\"query-input\":{\"@type\":\"PropertyValueSpecification\",\"valueRequired\":true,\"valueName\":\"search_term_string\"}}],\"inLanguage\":\"fr-FR\"},{\"@type\":\"Organization\",\"@id\":\"https:\/\/www.sgeaj.ch\/fr\/#organization\",\"name\":\"Schweizerische Gesellschaft f\u00fcr die Erforschung des 18. Jahrhunderts (SGEAJ - SSEDS)\",\"url\":\"https:\/\/www.sgeaj.ch\/fr\/\",\"logo\":{\"@type\":\"ImageObject\",\"inLanguage\":\"fr-FR\",\"@id\":\"https:\/\/www.sgeaj.ch\/fr\/#\/schema\/logo\/image\/\",\"url\":\"https:\/\/www.sgeaj.ch\/wp-content\/uploads\/2021\/06\/cropped-logo-xviiies-horiz-abreuviations-bleues.png\",\"contentUrl\":\"https:\/\/www.sgeaj.ch\/wp-content\/uploads\/2021\/06\/cropped-logo-xviiies-horiz-abreuviations-bleues.png\",\"width\":659,\"height\":335,\"caption\":\"Schweizerische Gesellschaft f\u00fcr die Erforschung des 18. Jahrhunderts (SGEAJ - SSEDS)\"},\"image\":{\"@id\":\"https:\/\/www.sgeaj.ch\/fr\/#\/schema\/logo\/image\/\"}},{\"@type\":\"Person\",\"@id\":\"https:\/\/www.sgeaj.ch\/fr\/#\/schema\/person\/2cd839eed625879a17645fc9f307c8e7\",\"name\":\"Nadja Ackermann\",\"url\":\"https:\/\/www.sgeaj.ch\/fr\/author\/naackermann\/\"}]}<\/script>\n<!-- \/ Yoast SEO plugin. -->","yoast_head_json":{"title":"Les savants et les livres - Schweizerische Gesellschaft f\u00fcr die Erforschung des 18. Jahrhunderts (SGEAJ - SSEDS)","robots":{"index":"index","follow":"follow","max-snippet":"max-snippet:-1","max-image-preview":"max-image-preview:large","max-video-preview":"max-video-preview:-1"},"canonical":"https:\/\/www.sgeaj.ch\/fr\/publications\/tsl-critiques-essais\/les-savants-et-les-livres\/","twitter_misc":{"\u00c9crit par":"Nadja Ackermann","Dur\u00e9e de lecture estim\u00e9e":"2 minutes"},"schema":{"@context":"https:\/\/schema.org","@graph":[{"@type":"Article","@id":"https:\/\/www.sgeaj.ch\/fr\/publications\/tsl-critiques-essais\/les-savants-et-les-livres\/#article","isPartOf":{"@id":"https:\/\/www.sgeaj.ch\/fr\/publications\/tsl-critiques-essais\/les-savants-et-les-livres\/"},"author":{"name":"Nadja Ackermann","@id":"https:\/\/www.sgeaj.ch\/fr\/#\/schema\/person\/2cd839eed625879a17645fc9f307c8e7"},"headline":"Les savants et les livres","datePublished":"2013-03-27T15:30:00+00:00","dateModified":"2021-03-27T15:32:45+00:00","mainEntityOfPage":{"@id":"https:\/\/www.sgeaj.ch\/fr\/publications\/tsl-critiques-essais\/les-savants-et-les-livres\/"},"wordCount":383,"publisher":{"@id":"https:\/\/www.sgeaj.ch\/fr\/#organization"},"image":{"@id":"https:\/\/www.sgeaj.ch\/fr\/publications\/tsl-critiques-essais\/les-savants-et-les-livres\/#primaryimage"},"thumbnailUrl":"https:\/\/www.sgeaj.ch\/wp-content\/uploads\/2015\/03\/proxy-image-3.jpg","articleSection":["Publications","Travaux sur la Suisse des Lumi\u00e8res (critiques et essais"],"inLanguage":"fr-FR"},{"@type":"WebPage","@id":"https:\/\/www.sgeaj.ch\/fr\/publications\/tsl-critiques-essais\/les-savants-et-les-livres\/","url":"https:\/\/www.sgeaj.ch\/fr\/publications\/tsl-critiques-essais\/les-savants-et-les-livres\/","name":"Les savants et les livres - Schweizerische Gesellschaft f\u00fcr die Erforschung des 18. Jahrhunderts (SGEAJ - SSEDS)","isPartOf":{"@id":"https:\/\/www.sgeaj.ch\/fr\/#website"},"primaryImageOfPage":{"@id":"https:\/\/www.sgeaj.ch\/fr\/publications\/tsl-critiques-essais\/les-savants-et-les-livres\/#primaryimage"},"image":{"@id":"https:\/\/www.sgeaj.ch\/fr\/publications\/tsl-critiques-essais\/les-savants-et-les-livres\/#primaryimage"},"thumbnailUrl":"https:\/\/www.sgeaj.ch\/wp-content\/uploads\/2015\/03\/proxy-image-3.jpg","datePublished":"2013-03-27T15:30:00+00:00","dateModified":"2021-03-27T15:32:45+00:00","inLanguage":"fr-FR","potentialAction":[{"@type":"ReadAction","target":["https:\/\/www.sgeaj.ch\/fr\/publications\/tsl-critiques-essais\/les-savants-et-les-livres\/"]}]},{"@type":"ImageObject","inLanguage":"fr-FR","@id":"https:\/\/www.sgeaj.ch\/fr\/publications\/tsl-critiques-essais\/les-savants-et-les-livres\/#primaryimage","url":"https:\/\/www.sgeaj.ch\/wp-content\/uploads\/2015\/03\/proxy-image-3.jpg","contentUrl":"https:\/\/www.sgeaj.ch\/wp-content\/uploads\/2015\/03\/proxy-image-3.jpg","width":1246,"height":670},{"@type":"WebSite","@id":"https:\/\/www.sgeaj.ch\/fr\/#website","url":"https:\/\/www.sgeaj.ch\/fr\/","name":"Schweizerische Gesellschaft f\u00fcr die Erforschung des 18. Jahrhunderts (SGEAJ - SSEDS)","description":"Schweizerische Gesellschaft f\u00fcr die Erforschung des 18. Jahrhunderts","publisher":{"@id":"https:\/\/www.sgeaj.ch\/fr\/#organization"},"potentialAction":[{"@type":"SearchAction","target":{"@type":"EntryPoint","urlTemplate":"https:\/\/www.sgeaj.ch\/fr\/?s={search_term_string}"},"query-input":{"@type":"PropertyValueSpecification","valueRequired":true,"valueName":"search_term_string"}}],"inLanguage":"fr-FR"},{"@type":"Organization","@id":"https:\/\/www.sgeaj.ch\/fr\/#organization","name":"Schweizerische Gesellschaft f\u00fcr die Erforschung des 18. Jahrhunderts (SGEAJ - SSEDS)","url":"https:\/\/www.sgeaj.ch\/fr\/","logo":{"@type":"ImageObject","inLanguage":"fr-FR","@id":"https:\/\/www.sgeaj.ch\/fr\/#\/schema\/logo\/image\/","url":"https:\/\/www.sgeaj.ch\/wp-content\/uploads\/2021\/06\/cropped-logo-xviiies-horiz-abreuviations-bleues.png","contentUrl":"https:\/\/www.sgeaj.ch\/wp-content\/uploads\/2021\/06\/cropped-logo-xviiies-horiz-abreuviations-bleues.png","width":659,"height":335,"caption":"Schweizerische Gesellschaft f\u00fcr die Erforschung des 18. Jahrhunderts (SGEAJ - SSEDS)"},"image":{"@id":"https:\/\/www.sgeaj.ch\/fr\/#\/schema\/logo\/image\/"}},{"@type":"Person","@id":"https:\/\/www.sgeaj.ch\/fr\/#\/schema\/person\/2cd839eed625879a17645fc9f307c8e7","name":"Nadja Ackermann","url":"https:\/\/www.sgeaj.ch\/fr\/author\/naackermann\/"}]}},"_links":{"self":[{"href":"https:\/\/www.sgeaj.ch\/fr\/wp-json\/wp\/v2\/posts\/5573","targetHints":{"allow":["GET"]}}],"collection":[{"href":"https:\/\/www.sgeaj.ch\/fr\/wp-json\/wp\/v2\/posts"}],"about":[{"href":"https:\/\/www.sgeaj.ch\/fr\/wp-json\/wp\/v2\/types\/post"}],"author":[{"embeddable":true,"href":"https:\/\/www.sgeaj.ch\/fr\/wp-json\/wp\/v2\/users\/7"}],"replies":[{"embeddable":true,"href":"https:\/\/www.sgeaj.ch\/fr\/wp-json\/wp\/v2\/comments?post=5573"}],"version-history":[{"count":1,"href":"https:\/\/www.sgeaj.ch\/fr\/wp-json\/wp\/v2\/posts\/5573\/revisions"}],"predecessor-version":[{"id":5574,"href":"https:\/\/www.sgeaj.ch\/fr\/wp-json\/wp\/v2\/posts\/5573\/revisions\/5574"}],"wp:featuredmedia":[{"embeddable":true,"href":"https:\/\/www.sgeaj.ch\/fr\/wp-json\/wp\/v2\/media\/5522"}],"wp:attachment":[{"href":"https:\/\/www.sgeaj.ch\/fr\/wp-json\/wp\/v2\/media?parent=5573"}],"wp:term":[{"taxonomy":"category","embeddable":true,"href":"https:\/\/www.sgeaj.ch\/fr\/wp-json\/wp\/v2\/categories?post=5573"},{"taxonomy":"post_tag","embeddable":true,"href":"https:\/\/www.sgeaj.ch\/fr\/wp-json\/wp\/v2\/tags?post=5573"}],"curies":[{"name":"wp","href":"https:\/\/api.w.org\/{rel}","templated":true}]}}