{"id":5577,"date":"2013-03-27T16:32:00","date_gmt":"2013-03-27T15:32:00","guid":{"rendered":"https:\/\/www.sgeaj.ch\/?p=5577"},"modified":"2021-03-27T16:35:03","modified_gmt":"2021-03-27T15:35:03","slug":"entre-heterogeneite-et-imagination","status":"publish","type":"post","link":"https:\/\/www.sgeaj.ch\/fr\/publications\/tsl-critiques-essais\/entre-heterogeneite-et-imagination\/","title":{"rendered":"Entre h\u00e9t\u00e9rog\u00e9n\u00e9it\u00e9 et imagination"},"content":{"rendered":"\n<p><strong>Jesko REILING, Daniel TR\u00d6HLER (\u00e9d.), Entre h\u00e9t\u00e9rog\u00e9n\u00e9it\u00e9 et imagination. Pratiques de la r\u00e9ception de Jean-Jacques Rousseau \u2013 Zwischen Vielfalt und Imagination. Praktiken der Jean-Jacques Rousseau-Rezeption, coll. Travaux sur la Suisse des Lumi\u00e8res 15, Gen\u00e8ve, Editions Slatkine, 2013, 446 p.<\/strong><\/p>\n\n\n\n<p>A l\u2019occasion du 300e anniversaire du philosophe et \u00e9crivain genevois Jean-Jacques Rousseau, cet ouvrage r\u00e9unit vingt contributions sur sa r\u00e9ception. Ces textes sur la p\u00e9dagogie, la philosophie, la litt\u00e9rature, la th\u00e9ologie, les m\u00e9dias et l\u2019art abordent diff\u00e9rentes formes et pratiques des hommages rendus \u00e0 Rousseau du XVIIIe si\u00e8cle \u00e0 nos jours. Par leurs diff\u00e9rences, voire leur disparit\u00e9, les \u00e9tudes en allemand, fran\u00e7ais et anglais prouvent que m\u00eame si Rousseau \u00e9tait une vedette avant la lettre, il n\u2019a toujours pas \u00e9t\u00e9 possible de lui donner une image unifi\u00e9e. C\u2019est dans ce contexte que ce recueil offre un panorama des diff\u00e9rentes images de Rousseau, tant chez ses contemporains que chez ses successeurs, qui sont tr\u00e8s diverses. Chacune des contributions originales constitue une enqu\u00eate ind\u00e9pendante sur un th\u00e8me donn\u00e9 afin de resituer Rousseau (ou sa r\u00e9ception) dans une constellation sp\u00e9cifique et de l\u2019\u00e9clairer sous l\u2019angle de la discipline dont elle rel\u00e8ve. Trois contributions se consacrent \u00e0 certains aspects de la mise en sc\u00e8ne de Rousseau par lui-m\u00eame, les autres traitant, par tranches d\u2019un si\u00e8cle, la mani\u00e8re dont il a \u00e9t\u00e9 re\u00e7u aux XVIIIe, XIXe, XXe et XXIe si\u00e8cles. Les pratiques de r\u00e9ception qui ne s\u2019accordent pas avec l\u2019histoire des id\u00e9es traditionnelle mais font partie des ph\u00e9nom\u00e8nes li\u00e9s au culte de Jean-Jacques Rousseau y sont mises en lumi\u00e8re.<\/p>\n\n\n\n<p><a href=\"https:\/\/www.sgeaj.ch\/wp-content\/uploads\/2013\/12\/TSL-Sommaire-no-15.pdf\">\u2192 Inhaltsverzeichnis<\/a><\/p>\n\n\n\n<p><a href=\"http:\/\/www.slatkine.com\/fr\/slatkine-reprints-erudition\/27591-book-07102511-9782051025119.html\">\u2192 bestellen<\/a><\/p>\n","protected":false},"excerpt":{"rendered":"<p>A l\u2019occasion du 300e anniversaire du philosophe et \u00e9crivain genevois Jean-Jacques Rousseau, cet ouvrage r\u00e9unit vingt contributions sur sa r\u00e9ception. Ces textes sur la p\u00e9dagogie, la philosophie, la litt\u00e9rature, la th\u00e9ologie, les m\u00e9dias et l\u2019art abordent diff\u00e9rentes formes et pratiques des hommages rendus \u00e0 Rousseau du XVIIIe si\u00e8cle \u00e0 nos jours. <\/p>\n","protected":false},"author":7,"featured_media":5522,"comment_status":"closed","ping_status":"open","sticky":false,"template":"","format":"standard","meta":{"footnotes":""},"categories":[46,47],"tags":[],"class_list":{"0":"post-5577","1":"post","2":"type-post","3":"status-publish","4":"format-standard","5":"has-post-thumbnail","7":"category-publications","8":"category-tsl-critiques-essais","9":"czr-hentry"},"yoast_head":"<!-- This site is optimized with the Yoast SEO plugin v26.9 - https:\/\/yoast.com\/product\/yoast-seo-wordpress\/ -->\n<title>Entre h\u00e9t\u00e9rog\u00e9n\u00e9it\u00e9 et imagination - Schweizerische Gesellschaft f\u00fcr die Erforschung des 18. Jahrhunderts (SGEAJ - SSEDS)<\/title>\n<meta name=\"robots\" content=\"index, follow, max-snippet:-1, max-image-preview:large, max-video-preview:-1\" \/>\n<link rel=\"canonical\" href=\"https:\/\/www.sgeaj.ch\/fr\/publications\/tsl-critiques-essais\/entre-heterogeneite-et-imagination\/\" \/>\n<meta name=\"twitter:label1\" content=\"\u00c9crit par\" \/>\n\t<meta name=\"twitter:data1\" content=\"Nadja Ackermann\" \/>\n\t<meta name=\"twitter:label2\" content=\"Dur\u00e9e de lecture estim\u00e9e\" \/>\n\t<meta name=\"twitter:data2\" content=\"2 minutes\" \/>\n<script type=\"application\/ld+json\" class=\"yoast-schema-graph\">{\"@context\":\"https:\/\/schema.org\",\"@graph\":[{\"@type\":\"Article\",\"@id\":\"https:\/\/www.sgeaj.ch\/fr\/publications\/tsl-critiques-essais\/entre-heterogeneite-et-imagination\/#article\",\"isPartOf\":{\"@id\":\"https:\/\/www.sgeaj.ch\/fr\/publications\/tsl-critiques-essais\/entre-heterogeneite-et-imagination\/\"},\"author\":{\"name\":\"Nadja Ackermann\",\"@id\":\"https:\/\/www.sgeaj.ch\/fr\/#\/schema\/person\/2cd839eed625879a17645fc9f307c8e7\"},\"headline\":\"Entre h\u00e9t\u00e9rog\u00e9n\u00e9it\u00e9 et imagination\",\"datePublished\":\"2013-03-27T15:32:00+00:00\",\"dateModified\":\"2021-03-27T15:35:03+00:00\",\"mainEntityOfPage\":{\"@id\":\"https:\/\/www.sgeaj.ch\/fr\/publications\/tsl-critiques-essais\/entre-heterogeneite-et-imagination\/\"},\"wordCount\":305,\"publisher\":{\"@id\":\"https:\/\/www.sgeaj.ch\/fr\/#organization\"},\"image\":{\"@id\":\"https:\/\/www.sgeaj.ch\/fr\/publications\/tsl-critiques-essais\/entre-heterogeneite-et-imagination\/#primaryimage\"},\"thumbnailUrl\":\"https:\/\/www.sgeaj.ch\/wp-content\/uploads\/2015\/03\/proxy-image-3.jpg\",\"articleSection\":[\"Publications\",\"Travaux sur la Suisse des Lumi\u00e8res (critiques et essais\"],\"inLanguage\":\"fr-FR\"},{\"@type\":\"WebPage\",\"@id\":\"https:\/\/www.sgeaj.ch\/fr\/publications\/tsl-critiques-essais\/entre-heterogeneite-et-imagination\/\",\"url\":\"https:\/\/www.sgeaj.ch\/fr\/publications\/tsl-critiques-essais\/entre-heterogeneite-et-imagination\/\",\"name\":\"Entre h\u00e9t\u00e9rog\u00e9n\u00e9it\u00e9 et imagination - Schweizerische Gesellschaft f\u00fcr die Erforschung des 18. Jahrhunderts (SGEAJ - SSEDS)\",\"isPartOf\":{\"@id\":\"https:\/\/www.sgeaj.ch\/fr\/#website\"},\"primaryImageOfPage\":{\"@id\":\"https:\/\/www.sgeaj.ch\/fr\/publications\/tsl-critiques-essais\/entre-heterogeneite-et-imagination\/#primaryimage\"},\"image\":{\"@id\":\"https:\/\/www.sgeaj.ch\/fr\/publications\/tsl-critiques-essais\/entre-heterogeneite-et-imagination\/#primaryimage\"},\"thumbnailUrl\":\"https:\/\/www.sgeaj.ch\/wp-content\/uploads\/2015\/03\/proxy-image-3.jpg\",\"datePublished\":\"2013-03-27T15:32:00+00:00\",\"dateModified\":\"2021-03-27T15:35:03+00:00\",\"inLanguage\":\"fr-FR\",\"potentialAction\":[{\"@type\":\"ReadAction\",\"target\":[\"https:\/\/www.sgeaj.ch\/fr\/publications\/tsl-critiques-essais\/entre-heterogeneite-et-imagination\/\"]}]},{\"@type\":\"ImageObject\",\"inLanguage\":\"fr-FR\",\"@id\":\"https:\/\/www.sgeaj.ch\/fr\/publications\/tsl-critiques-essais\/entre-heterogeneite-et-imagination\/#primaryimage\",\"url\":\"https:\/\/www.sgeaj.ch\/wp-content\/uploads\/2015\/03\/proxy-image-3.jpg\",\"contentUrl\":\"https:\/\/www.sgeaj.ch\/wp-content\/uploads\/2015\/03\/proxy-image-3.jpg\",\"width\":1246,\"height\":670},{\"@type\":\"WebSite\",\"@id\":\"https:\/\/www.sgeaj.ch\/fr\/#website\",\"url\":\"https:\/\/www.sgeaj.ch\/fr\/\",\"name\":\"Schweizerische Gesellschaft f\u00fcr die Erforschung des 18. Jahrhunderts (SGEAJ - SSEDS)\",\"description\":\"Schweizerische Gesellschaft f\u00fcr die Erforschung des 18. Jahrhunderts\",\"publisher\":{\"@id\":\"https:\/\/www.sgeaj.ch\/fr\/#organization\"},\"potentialAction\":[{\"@type\":\"SearchAction\",\"target\":{\"@type\":\"EntryPoint\",\"urlTemplate\":\"https:\/\/www.sgeaj.ch\/fr\/?s={search_term_string}\"},\"query-input\":{\"@type\":\"PropertyValueSpecification\",\"valueRequired\":true,\"valueName\":\"search_term_string\"}}],\"inLanguage\":\"fr-FR\"},{\"@type\":\"Organization\",\"@id\":\"https:\/\/www.sgeaj.ch\/fr\/#organization\",\"name\":\"Schweizerische Gesellschaft f\u00fcr die Erforschung des 18. Jahrhunderts (SGEAJ - SSEDS)\",\"url\":\"https:\/\/www.sgeaj.ch\/fr\/\",\"logo\":{\"@type\":\"ImageObject\",\"inLanguage\":\"fr-FR\",\"@id\":\"https:\/\/www.sgeaj.ch\/fr\/#\/schema\/logo\/image\/\",\"url\":\"https:\/\/www.sgeaj.ch\/wp-content\/uploads\/2021\/06\/cropped-logo-xviiies-horiz-abreuviations-bleues.png\",\"contentUrl\":\"https:\/\/www.sgeaj.ch\/wp-content\/uploads\/2021\/06\/cropped-logo-xviiies-horiz-abreuviations-bleues.png\",\"width\":659,\"height\":335,\"caption\":\"Schweizerische Gesellschaft f\u00fcr die Erforschung des 18. Jahrhunderts (SGEAJ - SSEDS)\"},\"image\":{\"@id\":\"https:\/\/www.sgeaj.ch\/fr\/#\/schema\/logo\/image\/\"}},{\"@type\":\"Person\",\"@id\":\"https:\/\/www.sgeaj.ch\/fr\/#\/schema\/person\/2cd839eed625879a17645fc9f307c8e7\",\"name\":\"Nadja Ackermann\",\"url\":\"https:\/\/www.sgeaj.ch\/fr\/author\/naackermann\/\"}]}<\/script>\n<!-- \/ Yoast SEO plugin. -->","yoast_head_json":{"title":"Entre h\u00e9t\u00e9rog\u00e9n\u00e9it\u00e9 et imagination - Schweizerische Gesellschaft f\u00fcr die Erforschung des 18. Jahrhunderts (SGEAJ - SSEDS)","robots":{"index":"index","follow":"follow","max-snippet":"max-snippet:-1","max-image-preview":"max-image-preview:large","max-video-preview":"max-video-preview:-1"},"canonical":"https:\/\/www.sgeaj.ch\/fr\/publications\/tsl-critiques-essais\/entre-heterogeneite-et-imagination\/","twitter_misc":{"\u00c9crit par":"Nadja Ackermann","Dur\u00e9e de lecture estim\u00e9e":"2 minutes"},"schema":{"@context":"https:\/\/schema.org","@graph":[{"@type":"Article","@id":"https:\/\/www.sgeaj.ch\/fr\/publications\/tsl-critiques-essais\/entre-heterogeneite-et-imagination\/#article","isPartOf":{"@id":"https:\/\/www.sgeaj.ch\/fr\/publications\/tsl-critiques-essais\/entre-heterogeneite-et-imagination\/"},"author":{"name":"Nadja Ackermann","@id":"https:\/\/www.sgeaj.ch\/fr\/#\/schema\/person\/2cd839eed625879a17645fc9f307c8e7"},"headline":"Entre h\u00e9t\u00e9rog\u00e9n\u00e9it\u00e9 et imagination","datePublished":"2013-03-27T15:32:00+00:00","dateModified":"2021-03-27T15:35:03+00:00","mainEntityOfPage":{"@id":"https:\/\/www.sgeaj.ch\/fr\/publications\/tsl-critiques-essais\/entre-heterogeneite-et-imagination\/"},"wordCount":305,"publisher":{"@id":"https:\/\/www.sgeaj.ch\/fr\/#organization"},"image":{"@id":"https:\/\/www.sgeaj.ch\/fr\/publications\/tsl-critiques-essais\/entre-heterogeneite-et-imagination\/#primaryimage"},"thumbnailUrl":"https:\/\/www.sgeaj.ch\/wp-content\/uploads\/2015\/03\/proxy-image-3.jpg","articleSection":["Publications","Travaux sur la Suisse des Lumi\u00e8res (critiques et essais"],"inLanguage":"fr-FR"},{"@type":"WebPage","@id":"https:\/\/www.sgeaj.ch\/fr\/publications\/tsl-critiques-essais\/entre-heterogeneite-et-imagination\/","url":"https:\/\/www.sgeaj.ch\/fr\/publications\/tsl-critiques-essais\/entre-heterogeneite-et-imagination\/","name":"Entre h\u00e9t\u00e9rog\u00e9n\u00e9it\u00e9 et imagination - Schweizerische Gesellschaft f\u00fcr die Erforschung des 18. Jahrhunderts (SGEAJ - SSEDS)","isPartOf":{"@id":"https:\/\/www.sgeaj.ch\/fr\/#website"},"primaryImageOfPage":{"@id":"https:\/\/www.sgeaj.ch\/fr\/publications\/tsl-critiques-essais\/entre-heterogeneite-et-imagination\/#primaryimage"},"image":{"@id":"https:\/\/www.sgeaj.ch\/fr\/publications\/tsl-critiques-essais\/entre-heterogeneite-et-imagination\/#primaryimage"},"thumbnailUrl":"https:\/\/www.sgeaj.ch\/wp-content\/uploads\/2015\/03\/proxy-image-3.jpg","datePublished":"2013-03-27T15:32:00+00:00","dateModified":"2021-03-27T15:35:03+00:00","inLanguage":"fr-FR","potentialAction":[{"@type":"ReadAction","target":["https:\/\/www.sgeaj.ch\/fr\/publications\/tsl-critiques-essais\/entre-heterogeneite-et-imagination\/"]}]},{"@type":"ImageObject","inLanguage":"fr-FR","@id":"https:\/\/www.sgeaj.ch\/fr\/publications\/tsl-critiques-essais\/entre-heterogeneite-et-imagination\/#primaryimage","url":"https:\/\/www.sgeaj.ch\/wp-content\/uploads\/2015\/03\/proxy-image-3.jpg","contentUrl":"https:\/\/www.sgeaj.ch\/wp-content\/uploads\/2015\/03\/proxy-image-3.jpg","width":1246,"height":670},{"@type":"WebSite","@id":"https:\/\/www.sgeaj.ch\/fr\/#website","url":"https:\/\/www.sgeaj.ch\/fr\/","name":"Schweizerische Gesellschaft f\u00fcr die Erforschung des 18. Jahrhunderts (SGEAJ - SSEDS)","description":"Schweizerische Gesellschaft f\u00fcr die Erforschung des 18. Jahrhunderts","publisher":{"@id":"https:\/\/www.sgeaj.ch\/fr\/#organization"},"potentialAction":[{"@type":"SearchAction","target":{"@type":"EntryPoint","urlTemplate":"https:\/\/www.sgeaj.ch\/fr\/?s={search_term_string}"},"query-input":{"@type":"PropertyValueSpecification","valueRequired":true,"valueName":"search_term_string"}}],"inLanguage":"fr-FR"},{"@type":"Organization","@id":"https:\/\/www.sgeaj.ch\/fr\/#organization","name":"Schweizerische Gesellschaft f\u00fcr die Erforschung des 18. Jahrhunderts (SGEAJ - SSEDS)","url":"https:\/\/www.sgeaj.ch\/fr\/","logo":{"@type":"ImageObject","inLanguage":"fr-FR","@id":"https:\/\/www.sgeaj.ch\/fr\/#\/schema\/logo\/image\/","url":"https:\/\/www.sgeaj.ch\/wp-content\/uploads\/2021\/06\/cropped-logo-xviiies-horiz-abreuviations-bleues.png","contentUrl":"https:\/\/www.sgeaj.ch\/wp-content\/uploads\/2021\/06\/cropped-logo-xviiies-horiz-abreuviations-bleues.png","width":659,"height":335,"caption":"Schweizerische Gesellschaft f\u00fcr die Erforschung des 18. Jahrhunderts (SGEAJ - SSEDS)"},"image":{"@id":"https:\/\/www.sgeaj.ch\/fr\/#\/schema\/logo\/image\/"}},{"@type":"Person","@id":"https:\/\/www.sgeaj.ch\/fr\/#\/schema\/person\/2cd839eed625879a17645fc9f307c8e7","name":"Nadja Ackermann","url":"https:\/\/www.sgeaj.ch\/fr\/author\/naackermann\/"}]}},"_links":{"self":[{"href":"https:\/\/www.sgeaj.ch\/fr\/wp-json\/wp\/v2\/posts\/5577","targetHints":{"allow":["GET"]}}],"collection":[{"href":"https:\/\/www.sgeaj.ch\/fr\/wp-json\/wp\/v2\/posts"}],"about":[{"href":"https:\/\/www.sgeaj.ch\/fr\/wp-json\/wp\/v2\/types\/post"}],"author":[{"embeddable":true,"href":"https:\/\/www.sgeaj.ch\/fr\/wp-json\/wp\/v2\/users\/7"}],"replies":[{"embeddable":true,"href":"https:\/\/www.sgeaj.ch\/fr\/wp-json\/wp\/v2\/comments?post=5577"}],"version-history":[{"count":1,"href":"https:\/\/www.sgeaj.ch\/fr\/wp-json\/wp\/v2\/posts\/5577\/revisions"}],"predecessor-version":[{"id":5578,"href":"https:\/\/www.sgeaj.ch\/fr\/wp-json\/wp\/v2\/posts\/5577\/revisions\/5578"}],"wp:featuredmedia":[{"embeddable":true,"href":"https:\/\/www.sgeaj.ch\/fr\/wp-json\/wp\/v2\/media\/5522"}],"wp:attachment":[{"href":"https:\/\/www.sgeaj.ch\/fr\/wp-json\/wp\/v2\/media?parent=5577"}],"wp:term":[{"taxonomy":"category","embeddable":true,"href":"https:\/\/www.sgeaj.ch\/fr\/wp-json\/wp\/v2\/categories?post=5577"},{"taxonomy":"post_tag","embeddable":true,"href":"https:\/\/www.sgeaj.ch\/fr\/wp-json\/wp\/v2\/tags?post=5577"}],"curies":[{"name":"wp","href":"https:\/\/api.w.org\/{rel}","templated":true}]}}