{"id":5597,"date":"2006-03-27T16:43:00","date_gmt":"2006-03-27T14:43:00","guid":{"rendered":"https:\/\/www.sgeaj.ch\/?p=5597"},"modified":"2021-03-27T16:46:10","modified_gmt":"2021-03-27T15:46:10","slug":"jane-austen-in-switzerland","status":"publish","type":"post","link":"https:\/\/www.sgeaj.ch\/fr\/publications\/tsl-critiques-essais\/jane-austen-in-switzerland\/","title":{"rendered":"Jane Austen in Switzerland"},"content":{"rendered":"\n<p><strong>Val\u00e9rie COSSY, Jane Austen in Switzerland. A Study of the Early French Translations, coll. Travaux sur la Suisse des Lumi\u00e8res 8, Gen\u00e8ve, Editions Slatkine, 2006, 336 p.<\/strong><\/p>\n\n\n\n<p>Jane Austen\u2019s novels are among the best-loved in all of English literature. They are read and admired by a large audience in the English-speaking world, uniting highbrow criticism and popular culture. In the French-speaking world, on the other hand, Jane Austen is relatively unknown. Her novels may have been available in translation since the beginning of the nineteenth century, but French readers remain largely unaware of her canonical status in her own culture. She is for them the charming author of some pleasant romantic novels, but hardly a serious writer. A great novelist in the view of English and American literary criticism, she is little more than a quintessentially English spinster for French readers. Focusing on the early moment of the French reception of Austen\u2019s work, this book charts the origin of this discrepancy. Pride and Prejudice and Mansfield Park were the first of Austen\u2019s novels to appear in French in a periodical called the Biblioth\u00e8que Britannique, published in Geneva between 1796 and 1815. The editors of the Biblioth\u00e8que Britannique aimed at the dissemination of British material over the continent. In their hands novels were trimmed to become suitable reading for \u201emothers and daughters\u201c. A translation of Sense and Sensibility and then of Persuasion soon followed. These were the work of Isabelle de Montolieu, a rather formidable literary figure in the French book trade of the early nineteenth century. From her house near Lausanne, the baronne Isabelle de Montolieu, as she was known, made a living out of her numerous adaptations from German and English fiction, which she knew how to transform in order to please French readers. Her name and reputation were to eclipse those of Jane Austen for a long while.<\/p>\n\n\n\n<p><a href=\"http:\/\/www.slatkine.com\/fr\/slatkine-reprints-erudition\/27583-book-07101963-9782051019637.html\">\u2192 bestellen<\/a><\/p>\n","protected":false},"excerpt":{"rendered":"<p>Focusing on the early moment of the French reception of Austen\u2019s work, this book charts the origin of this discrepancy. <\/p>\n","protected":false},"author":7,"featured_media":5522,"comment_status":"closed","ping_status":"open","sticky":false,"template":"","format":"standard","meta":{"footnotes":""},"categories":[46,47],"tags":[],"class_list":{"0":"post-5597","1":"post","2":"type-post","3":"status-publish","4":"format-standard","5":"has-post-thumbnail","7":"category-publications","8":"category-tsl-critiques-essais","9":"czr-hentry"},"yoast_head":"<!-- This site is optimized with the Yoast SEO plugin v26.9 - https:\/\/yoast.com\/product\/yoast-seo-wordpress\/ -->\n<title>Jane Austen in Switzerland - Schweizerische Gesellschaft f\u00fcr die Erforschung des 18. Jahrhunderts (SGEAJ - SSEDS)<\/title>\n<meta name=\"robots\" content=\"index, follow, max-snippet:-1, max-image-preview:large, max-video-preview:-1\" \/>\n<link rel=\"canonical\" href=\"https:\/\/www.sgeaj.ch\/fr\/publications\/tsl-critiques-essais\/jane-austen-in-switzerland\/\" \/>\n<meta name=\"twitter:label1\" content=\"\u00c9crit par\" \/>\n\t<meta name=\"twitter:data1\" content=\"Nadja Ackermann\" \/>\n\t<meta name=\"twitter:label2\" content=\"Dur\u00e9e de lecture estim\u00e9e\" \/>\n\t<meta name=\"twitter:data2\" content=\"2 minutes\" \/>\n<script type=\"application\/ld+json\" class=\"yoast-schema-graph\">{\"@context\":\"https:\/\/schema.org\",\"@graph\":[{\"@type\":\"Article\",\"@id\":\"https:\/\/www.sgeaj.ch\/fr\/publications\/tsl-critiques-essais\/jane-austen-in-switzerland\/#article\",\"isPartOf\":{\"@id\":\"https:\/\/www.sgeaj.ch\/fr\/publications\/tsl-critiques-essais\/jane-austen-in-switzerland\/\"},\"author\":{\"name\":\"Nadja Ackermann\",\"@id\":\"https:\/\/www.sgeaj.ch\/fr\/#\/schema\/person\/2cd839eed625879a17645fc9f307c8e7\"},\"headline\":\"Jane Austen in Switzerland\",\"datePublished\":\"2006-03-27T14:43:00+00:00\",\"dateModified\":\"2021-03-27T15:46:10+00:00\",\"mainEntityOfPage\":{\"@id\":\"https:\/\/www.sgeaj.ch\/fr\/publications\/tsl-critiques-essais\/jane-austen-in-switzerland\/\"},\"wordCount\":318,\"publisher\":{\"@id\":\"https:\/\/www.sgeaj.ch\/fr\/#organization\"},\"image\":{\"@id\":\"https:\/\/www.sgeaj.ch\/fr\/publications\/tsl-critiques-essais\/jane-austen-in-switzerland\/#primaryimage\"},\"thumbnailUrl\":\"https:\/\/www.sgeaj.ch\/wp-content\/uploads\/2015\/03\/proxy-image-3.jpg\",\"articleSection\":[\"Publications\",\"Travaux sur la Suisse des Lumi\u00e8res (critiques et essais\"],\"inLanguage\":\"fr-FR\"},{\"@type\":\"WebPage\",\"@id\":\"https:\/\/www.sgeaj.ch\/fr\/publications\/tsl-critiques-essais\/jane-austen-in-switzerland\/\",\"url\":\"https:\/\/www.sgeaj.ch\/fr\/publications\/tsl-critiques-essais\/jane-austen-in-switzerland\/\",\"name\":\"Jane Austen in Switzerland - Schweizerische Gesellschaft f\u00fcr die Erforschung des 18. Jahrhunderts (SGEAJ - SSEDS)\",\"isPartOf\":{\"@id\":\"https:\/\/www.sgeaj.ch\/fr\/#website\"},\"primaryImageOfPage\":{\"@id\":\"https:\/\/www.sgeaj.ch\/fr\/publications\/tsl-critiques-essais\/jane-austen-in-switzerland\/#primaryimage\"},\"image\":{\"@id\":\"https:\/\/www.sgeaj.ch\/fr\/publications\/tsl-critiques-essais\/jane-austen-in-switzerland\/#primaryimage\"},\"thumbnailUrl\":\"https:\/\/www.sgeaj.ch\/wp-content\/uploads\/2015\/03\/proxy-image-3.jpg\",\"datePublished\":\"2006-03-27T14:43:00+00:00\",\"dateModified\":\"2021-03-27T15:46:10+00:00\",\"inLanguage\":\"fr-FR\",\"potentialAction\":[{\"@type\":\"ReadAction\",\"target\":[\"https:\/\/www.sgeaj.ch\/fr\/publications\/tsl-critiques-essais\/jane-austen-in-switzerland\/\"]}]},{\"@type\":\"ImageObject\",\"inLanguage\":\"fr-FR\",\"@id\":\"https:\/\/www.sgeaj.ch\/fr\/publications\/tsl-critiques-essais\/jane-austen-in-switzerland\/#primaryimage\",\"url\":\"https:\/\/www.sgeaj.ch\/wp-content\/uploads\/2015\/03\/proxy-image-3.jpg\",\"contentUrl\":\"https:\/\/www.sgeaj.ch\/wp-content\/uploads\/2015\/03\/proxy-image-3.jpg\",\"width\":1246,\"height\":670},{\"@type\":\"WebSite\",\"@id\":\"https:\/\/www.sgeaj.ch\/fr\/#website\",\"url\":\"https:\/\/www.sgeaj.ch\/fr\/\",\"name\":\"Schweizerische Gesellschaft f\u00fcr die Erforschung des 18. Jahrhunderts (SGEAJ - SSEDS)\",\"description\":\"Schweizerische Gesellschaft f\u00fcr die Erforschung des 18. Jahrhunderts\",\"publisher\":{\"@id\":\"https:\/\/www.sgeaj.ch\/fr\/#organization\"},\"potentialAction\":[{\"@type\":\"SearchAction\",\"target\":{\"@type\":\"EntryPoint\",\"urlTemplate\":\"https:\/\/www.sgeaj.ch\/fr\/?s={search_term_string}\"},\"query-input\":{\"@type\":\"PropertyValueSpecification\",\"valueRequired\":true,\"valueName\":\"search_term_string\"}}],\"inLanguage\":\"fr-FR\"},{\"@type\":\"Organization\",\"@id\":\"https:\/\/www.sgeaj.ch\/fr\/#organization\",\"name\":\"Schweizerische Gesellschaft f\u00fcr die Erforschung des 18. Jahrhunderts (SGEAJ - SSEDS)\",\"url\":\"https:\/\/www.sgeaj.ch\/fr\/\",\"logo\":{\"@type\":\"ImageObject\",\"inLanguage\":\"fr-FR\",\"@id\":\"https:\/\/www.sgeaj.ch\/fr\/#\/schema\/logo\/image\/\",\"url\":\"https:\/\/www.sgeaj.ch\/wp-content\/uploads\/2021\/06\/cropped-logo-xviiies-horiz-abreuviations-bleues.png\",\"contentUrl\":\"https:\/\/www.sgeaj.ch\/wp-content\/uploads\/2021\/06\/cropped-logo-xviiies-horiz-abreuviations-bleues.png\",\"width\":659,\"height\":335,\"caption\":\"Schweizerische Gesellschaft f\u00fcr die Erforschung des 18. Jahrhunderts (SGEAJ - SSEDS)\"},\"image\":{\"@id\":\"https:\/\/www.sgeaj.ch\/fr\/#\/schema\/logo\/image\/\"}},{\"@type\":\"Person\",\"@id\":\"https:\/\/www.sgeaj.ch\/fr\/#\/schema\/person\/2cd839eed625879a17645fc9f307c8e7\",\"name\":\"Nadja Ackermann\",\"url\":\"https:\/\/www.sgeaj.ch\/fr\/author\/naackermann\/\"}]}<\/script>\n<!-- \/ Yoast SEO plugin. -->","yoast_head_json":{"title":"Jane Austen in Switzerland - Schweizerische Gesellschaft f\u00fcr die Erforschung des 18. Jahrhunderts (SGEAJ - SSEDS)","robots":{"index":"index","follow":"follow","max-snippet":"max-snippet:-1","max-image-preview":"max-image-preview:large","max-video-preview":"max-video-preview:-1"},"canonical":"https:\/\/www.sgeaj.ch\/fr\/publications\/tsl-critiques-essais\/jane-austen-in-switzerland\/","twitter_misc":{"\u00c9crit par":"Nadja Ackermann","Dur\u00e9e de lecture estim\u00e9e":"2 minutes"},"schema":{"@context":"https:\/\/schema.org","@graph":[{"@type":"Article","@id":"https:\/\/www.sgeaj.ch\/fr\/publications\/tsl-critiques-essais\/jane-austen-in-switzerland\/#article","isPartOf":{"@id":"https:\/\/www.sgeaj.ch\/fr\/publications\/tsl-critiques-essais\/jane-austen-in-switzerland\/"},"author":{"name":"Nadja Ackermann","@id":"https:\/\/www.sgeaj.ch\/fr\/#\/schema\/person\/2cd839eed625879a17645fc9f307c8e7"},"headline":"Jane Austen in Switzerland","datePublished":"2006-03-27T14:43:00+00:00","dateModified":"2021-03-27T15:46:10+00:00","mainEntityOfPage":{"@id":"https:\/\/www.sgeaj.ch\/fr\/publications\/tsl-critiques-essais\/jane-austen-in-switzerland\/"},"wordCount":318,"publisher":{"@id":"https:\/\/www.sgeaj.ch\/fr\/#organization"},"image":{"@id":"https:\/\/www.sgeaj.ch\/fr\/publications\/tsl-critiques-essais\/jane-austen-in-switzerland\/#primaryimage"},"thumbnailUrl":"https:\/\/www.sgeaj.ch\/wp-content\/uploads\/2015\/03\/proxy-image-3.jpg","articleSection":["Publications","Travaux sur la Suisse des Lumi\u00e8res (critiques et essais"],"inLanguage":"fr-FR"},{"@type":"WebPage","@id":"https:\/\/www.sgeaj.ch\/fr\/publications\/tsl-critiques-essais\/jane-austen-in-switzerland\/","url":"https:\/\/www.sgeaj.ch\/fr\/publications\/tsl-critiques-essais\/jane-austen-in-switzerland\/","name":"Jane Austen in Switzerland - Schweizerische Gesellschaft f\u00fcr die Erforschung des 18. Jahrhunderts (SGEAJ - SSEDS)","isPartOf":{"@id":"https:\/\/www.sgeaj.ch\/fr\/#website"},"primaryImageOfPage":{"@id":"https:\/\/www.sgeaj.ch\/fr\/publications\/tsl-critiques-essais\/jane-austen-in-switzerland\/#primaryimage"},"image":{"@id":"https:\/\/www.sgeaj.ch\/fr\/publications\/tsl-critiques-essais\/jane-austen-in-switzerland\/#primaryimage"},"thumbnailUrl":"https:\/\/www.sgeaj.ch\/wp-content\/uploads\/2015\/03\/proxy-image-3.jpg","datePublished":"2006-03-27T14:43:00+00:00","dateModified":"2021-03-27T15:46:10+00:00","inLanguage":"fr-FR","potentialAction":[{"@type":"ReadAction","target":["https:\/\/www.sgeaj.ch\/fr\/publications\/tsl-critiques-essais\/jane-austen-in-switzerland\/"]}]},{"@type":"ImageObject","inLanguage":"fr-FR","@id":"https:\/\/www.sgeaj.ch\/fr\/publications\/tsl-critiques-essais\/jane-austen-in-switzerland\/#primaryimage","url":"https:\/\/www.sgeaj.ch\/wp-content\/uploads\/2015\/03\/proxy-image-3.jpg","contentUrl":"https:\/\/www.sgeaj.ch\/wp-content\/uploads\/2015\/03\/proxy-image-3.jpg","width":1246,"height":670},{"@type":"WebSite","@id":"https:\/\/www.sgeaj.ch\/fr\/#website","url":"https:\/\/www.sgeaj.ch\/fr\/","name":"Schweizerische Gesellschaft f\u00fcr die Erforschung des 18. Jahrhunderts (SGEAJ - SSEDS)","description":"Schweizerische Gesellschaft f\u00fcr die Erforschung des 18. Jahrhunderts","publisher":{"@id":"https:\/\/www.sgeaj.ch\/fr\/#organization"},"potentialAction":[{"@type":"SearchAction","target":{"@type":"EntryPoint","urlTemplate":"https:\/\/www.sgeaj.ch\/fr\/?s={search_term_string}"},"query-input":{"@type":"PropertyValueSpecification","valueRequired":true,"valueName":"search_term_string"}}],"inLanguage":"fr-FR"},{"@type":"Organization","@id":"https:\/\/www.sgeaj.ch\/fr\/#organization","name":"Schweizerische Gesellschaft f\u00fcr die Erforschung des 18. Jahrhunderts (SGEAJ - SSEDS)","url":"https:\/\/www.sgeaj.ch\/fr\/","logo":{"@type":"ImageObject","inLanguage":"fr-FR","@id":"https:\/\/www.sgeaj.ch\/fr\/#\/schema\/logo\/image\/","url":"https:\/\/www.sgeaj.ch\/wp-content\/uploads\/2021\/06\/cropped-logo-xviiies-horiz-abreuviations-bleues.png","contentUrl":"https:\/\/www.sgeaj.ch\/wp-content\/uploads\/2021\/06\/cropped-logo-xviiies-horiz-abreuviations-bleues.png","width":659,"height":335,"caption":"Schweizerische Gesellschaft f\u00fcr die Erforschung des 18. Jahrhunderts (SGEAJ - SSEDS)"},"image":{"@id":"https:\/\/www.sgeaj.ch\/fr\/#\/schema\/logo\/image\/"}},{"@type":"Person","@id":"https:\/\/www.sgeaj.ch\/fr\/#\/schema\/person\/2cd839eed625879a17645fc9f307c8e7","name":"Nadja Ackermann","url":"https:\/\/www.sgeaj.ch\/fr\/author\/naackermann\/"}]}},"_links":{"self":[{"href":"https:\/\/www.sgeaj.ch\/fr\/wp-json\/wp\/v2\/posts\/5597","targetHints":{"allow":["GET"]}}],"collection":[{"href":"https:\/\/www.sgeaj.ch\/fr\/wp-json\/wp\/v2\/posts"}],"about":[{"href":"https:\/\/www.sgeaj.ch\/fr\/wp-json\/wp\/v2\/types\/post"}],"author":[{"embeddable":true,"href":"https:\/\/www.sgeaj.ch\/fr\/wp-json\/wp\/v2\/users\/7"}],"replies":[{"embeddable":true,"href":"https:\/\/www.sgeaj.ch\/fr\/wp-json\/wp\/v2\/comments?post=5597"}],"version-history":[{"count":1,"href":"https:\/\/www.sgeaj.ch\/fr\/wp-json\/wp\/v2\/posts\/5597\/revisions"}],"predecessor-version":[{"id":5598,"href":"https:\/\/www.sgeaj.ch\/fr\/wp-json\/wp\/v2\/posts\/5597\/revisions\/5598"}],"wp:featuredmedia":[{"embeddable":true,"href":"https:\/\/www.sgeaj.ch\/fr\/wp-json\/wp\/v2\/media\/5522"}],"wp:attachment":[{"href":"https:\/\/www.sgeaj.ch\/fr\/wp-json\/wp\/v2\/media?parent=5597"}],"wp:term":[{"taxonomy":"category","embeddable":true,"href":"https:\/\/www.sgeaj.ch\/fr\/wp-json\/wp\/v2\/categories?post=5597"},{"taxonomy":"post_tag","embeddable":true,"href":"https:\/\/www.sgeaj.ch\/fr\/wp-json\/wp\/v2\/tags?post=5597"}],"curies":[{"name":"wp","href":"https:\/\/api.w.org\/{rel}","templated":true}]}}