{"id":5610,"date":"2005-03-27T16:50:00","date_gmt":"2005-03-27T14:50:00","guid":{"rendered":"https:\/\/www.sgeaj.ch\/?p=5610"},"modified":"2021-03-27T16:52:46","modified_gmt":"2021-03-27T15:52:46","slug":"la-sensibilite-dans-la-suisse-des-lumieres","status":"publish","type":"post","link":"https:\/\/www.sgeaj.ch\/fr\/publications\/tsl-critiques-essais\/la-sensibilite-dans-la-suisse-des-lumieres\/","title":{"rendered":"La sensibilit\u00e9 dans la Suisse des Lumi\u00e8res"},"content":{"rendered":"\n<p><strong>Claire JAQUIER (sous la dir.), La sensibilit\u00e9 dans la Suisse des Lumi\u00e8res. Entre physiologie et morale, une qualit\u00e9 opportuniste, coll. Travaux sur la Suisse des Lumi\u00e8res 6, Gen\u00e8ve, Editions Slatkine, 2005, 376 p.<\/strong><\/p>\n\n\n\n<p>Dans son double sens, physiologique et moral, la sensibilit\u00e9 se situe \u00e0 l\u2019intersection des curiosit\u00e9s scientifiques et philosophiques les plus vives des Lumi\u00e8res. Les savants et les m\u00e9decins interrogent avec acuit\u00e9 les impressions sensorielles, tentant de comprendre la solidarit\u00e9 des ph\u00e9nom\u00e8nes physiques, psychiques et intellectuels dans le sujet humain. Les philosophes, les moralistes, les \u00e9crivains illustrent quant \u00e0 eux cette disposition du c\u0153ur et de l\u2019\u00e2me qu\u2019est la sensibilit\u00e9 morale, d\u00e9finie comme la facult\u00e9 d\u2019\u00eatre \u00e9mu, d\u2019\u00e9prouver de la compassion, de se sentir pr\u00e9dispos\u00e9 \u00e0 la bienfaisance. La recherche dix-huiti\u00e9miste appelle de ses v\u0153ux, depuis quelques d\u00e9cennies, des \u00e9tudes transversales et crois\u00e9es, qui prennent en compte l\u2019apport des diverses cultures nationales \u00e0 la constitution de ce tissu d\u2019id\u00e9es qu\u2019on nomme Lumi\u00e8res. La contribution de la Suisse \u00e0 la pens\u00e9e et \u00e0 la diffusion des Lumi\u00e8res a d\u00e9j\u00e0 \u00e9t\u00e9 mise au jour par d\u2019importants travaux, monographiques pour la plupart. Les productions intellectuelles suisses, et notamment francophones, ne sont toutefois pas encore enti\u00e8rement d\u00e9frich\u00e9es et explor\u00e9es. En focalisant leur attention sur les d\u00e9finitions et les usages de la notion de sensibilit\u00e9 dans les discours savants et les oeuvres litt\u00e9raires, les \u00e9tudes r\u00e9unies dans ce volume ont l\u2019ambition de montrer en quoi la Suisse de la seconde moiti\u00e9 du XVIIIe si\u00e8cle, telle une chambre d\u2019\u00e9chos, a r\u00e9percut\u00e9, diffus\u00e9, et souvent prolong\u00e9 les id\u00e9es de l\u2019Europe des Lumi\u00e8res. Avec des figures comme Jean-Jacques Rousseau, Charles Bonnet, Samuel-Auguste Tissot ou Albert de Haller, accompagn\u00e9s d\u2019une foule d\u2019auteurs et de penseurs moins prestigieux mais souvent extr\u00eamement productifs, la r\u00e9flexion suisse sur la sensibilit\u00e9 participe \u00e0 la passionnante histoire de l\u2019homme des Lumi\u00e8res, se lib\u00e9rant de la tutelle des forces unes et souveraines \u2013 Dieu, l\u2019\u00e2me, l\u2019autorit\u00e9 de droit divin ; mais s\u2019inqui\u00e9tant de la richesse foisonnante du corps sensible, ou des ambigu\u00eft\u00e9s d\u2019une morale du sentiment.<\/p>\n\n\n\n<p><a href=\"http:\/\/www.slatkine.com\/fr\/slatkine-reprints-erudition\/27582-book-07101962-9782051019620.html\">\u2192 bestellen<\/a><\/p>\n","protected":false},"excerpt":{"rendered":"<p>En focalisant leur attention sur les d\u00e9finitions et les usages de la notion de sensibilit\u00e9 dans les discours savants et les oeuvres litt\u00e9raires, les \u00e9tudes r\u00e9unies dans ce volume ont l\u2019ambition de montrer en quoi la Suisse de la seconde moiti\u00e9 du XVIIIe si\u00e8cle, telle une chambre d\u2019\u00e9chos, a r\u00e9percut\u00e9, diffus\u00e9, et souvent prolong\u00e9 les id\u00e9es de l\u2019Europe des Lumi\u00e8res.<\/p>\n","protected":false},"author":7,"featured_media":5522,"comment_status":"closed","ping_status":"open","sticky":false,"template":"","format":"standard","meta":{"footnotes":""},"categories":[46,47],"tags":[],"class_list":{"0":"post-5610","1":"post","2":"type-post","3":"status-publish","4":"format-standard","5":"has-post-thumbnail","7":"category-publications","8":"category-tsl-critiques-essais","9":"czr-hentry"},"yoast_head":"<!-- This site is optimized with the Yoast SEO plugin v26.9 - https:\/\/yoast.com\/product\/yoast-seo-wordpress\/ -->\n<title>La sensibilit\u00e9 dans la Suisse des Lumi\u00e8res - Schweizerische Gesellschaft f\u00fcr die Erforschung des 18. Jahrhunderts (SGEAJ - SSEDS)<\/title>\n<meta name=\"robots\" content=\"index, follow, max-snippet:-1, max-image-preview:large, max-video-preview:-1\" \/>\n<link rel=\"canonical\" href=\"https:\/\/www.sgeaj.ch\/fr\/publications\/tsl-critiques-essais\/la-sensibilite-dans-la-suisse-des-lumieres\/\" \/>\n<meta name=\"twitter:label1\" content=\"\u00c9crit par\" \/>\n\t<meta name=\"twitter:data1\" content=\"Nadja Ackermann\" \/>\n\t<meta name=\"twitter:label2\" content=\"Dur\u00e9e de lecture estim\u00e9e\" \/>\n\t<meta name=\"twitter:data2\" content=\"2 minutes\" \/>\n<script type=\"application\/ld+json\" class=\"yoast-schema-graph\">{\"@context\":\"https:\/\/schema.org\",\"@graph\":[{\"@type\":\"Article\",\"@id\":\"https:\/\/www.sgeaj.ch\/fr\/publications\/tsl-critiques-essais\/la-sensibilite-dans-la-suisse-des-lumieres\/#article\",\"isPartOf\":{\"@id\":\"https:\/\/www.sgeaj.ch\/fr\/publications\/tsl-critiques-essais\/la-sensibilite-dans-la-suisse-des-lumieres\/\"},\"author\":{\"name\":\"Nadja Ackermann\",\"@id\":\"https:\/\/www.sgeaj.ch\/fr\/#\/schema\/person\/2cd839eed625879a17645fc9f307c8e7\"},\"headline\":\"La sensibilit\u00e9 dans la Suisse des Lumi\u00e8res\",\"datePublished\":\"2005-03-27T14:50:00+00:00\",\"dateModified\":\"2021-03-27T15:52:46+00:00\",\"mainEntityOfPage\":{\"@id\":\"https:\/\/www.sgeaj.ch\/fr\/publications\/tsl-critiques-essais\/la-sensibilite-dans-la-suisse-des-lumieres\/\"},\"wordCount\":388,\"publisher\":{\"@id\":\"https:\/\/www.sgeaj.ch\/fr\/#organization\"},\"image\":{\"@id\":\"https:\/\/www.sgeaj.ch\/fr\/publications\/tsl-critiques-essais\/la-sensibilite-dans-la-suisse-des-lumieres\/#primaryimage\"},\"thumbnailUrl\":\"https:\/\/www.sgeaj.ch\/wp-content\/uploads\/2015\/03\/proxy-image-3.jpg\",\"articleSection\":[\"Publications\",\"Travaux sur la Suisse des Lumi\u00e8res (critiques et essais\"],\"inLanguage\":\"fr-FR\"},{\"@type\":\"WebPage\",\"@id\":\"https:\/\/www.sgeaj.ch\/fr\/publications\/tsl-critiques-essais\/la-sensibilite-dans-la-suisse-des-lumieres\/\",\"url\":\"https:\/\/www.sgeaj.ch\/fr\/publications\/tsl-critiques-essais\/la-sensibilite-dans-la-suisse-des-lumieres\/\",\"name\":\"La sensibilit\u00e9 dans la Suisse des Lumi\u00e8res - Schweizerische Gesellschaft f\u00fcr die Erforschung des 18. Jahrhunderts (SGEAJ - SSEDS)\",\"isPartOf\":{\"@id\":\"https:\/\/www.sgeaj.ch\/fr\/#website\"},\"primaryImageOfPage\":{\"@id\":\"https:\/\/www.sgeaj.ch\/fr\/publications\/tsl-critiques-essais\/la-sensibilite-dans-la-suisse-des-lumieres\/#primaryimage\"},\"image\":{\"@id\":\"https:\/\/www.sgeaj.ch\/fr\/publications\/tsl-critiques-essais\/la-sensibilite-dans-la-suisse-des-lumieres\/#primaryimage\"},\"thumbnailUrl\":\"https:\/\/www.sgeaj.ch\/wp-content\/uploads\/2015\/03\/proxy-image-3.jpg\",\"datePublished\":\"2005-03-27T14:50:00+00:00\",\"dateModified\":\"2021-03-27T15:52:46+00:00\",\"inLanguage\":\"fr-FR\",\"potentialAction\":[{\"@type\":\"ReadAction\",\"target\":[\"https:\/\/www.sgeaj.ch\/fr\/publications\/tsl-critiques-essais\/la-sensibilite-dans-la-suisse-des-lumieres\/\"]}]},{\"@type\":\"ImageObject\",\"inLanguage\":\"fr-FR\",\"@id\":\"https:\/\/www.sgeaj.ch\/fr\/publications\/tsl-critiques-essais\/la-sensibilite-dans-la-suisse-des-lumieres\/#primaryimage\",\"url\":\"https:\/\/www.sgeaj.ch\/wp-content\/uploads\/2015\/03\/proxy-image-3.jpg\",\"contentUrl\":\"https:\/\/www.sgeaj.ch\/wp-content\/uploads\/2015\/03\/proxy-image-3.jpg\",\"width\":1246,\"height\":670},{\"@type\":\"WebSite\",\"@id\":\"https:\/\/www.sgeaj.ch\/fr\/#website\",\"url\":\"https:\/\/www.sgeaj.ch\/fr\/\",\"name\":\"Schweizerische Gesellschaft f\u00fcr die Erforschung des 18. Jahrhunderts (SGEAJ - SSEDS)\",\"description\":\"Schweizerische Gesellschaft f\u00fcr die Erforschung des 18. Jahrhunderts\",\"publisher\":{\"@id\":\"https:\/\/www.sgeaj.ch\/fr\/#organization\"},\"potentialAction\":[{\"@type\":\"SearchAction\",\"target\":{\"@type\":\"EntryPoint\",\"urlTemplate\":\"https:\/\/www.sgeaj.ch\/fr\/?s={search_term_string}\"},\"query-input\":{\"@type\":\"PropertyValueSpecification\",\"valueRequired\":true,\"valueName\":\"search_term_string\"}}],\"inLanguage\":\"fr-FR\"},{\"@type\":\"Organization\",\"@id\":\"https:\/\/www.sgeaj.ch\/fr\/#organization\",\"name\":\"Schweizerische Gesellschaft f\u00fcr die Erforschung des 18. Jahrhunderts (SGEAJ - SSEDS)\",\"url\":\"https:\/\/www.sgeaj.ch\/fr\/\",\"logo\":{\"@type\":\"ImageObject\",\"inLanguage\":\"fr-FR\",\"@id\":\"https:\/\/www.sgeaj.ch\/fr\/#\/schema\/logo\/image\/\",\"url\":\"https:\/\/www.sgeaj.ch\/wp-content\/uploads\/2021\/06\/cropped-logo-xviiies-horiz-abreuviations-bleues.png\",\"contentUrl\":\"https:\/\/www.sgeaj.ch\/wp-content\/uploads\/2021\/06\/cropped-logo-xviiies-horiz-abreuviations-bleues.png\",\"width\":659,\"height\":335,\"caption\":\"Schweizerische Gesellschaft f\u00fcr die Erforschung des 18. Jahrhunderts (SGEAJ - SSEDS)\"},\"image\":{\"@id\":\"https:\/\/www.sgeaj.ch\/fr\/#\/schema\/logo\/image\/\"}},{\"@type\":\"Person\",\"@id\":\"https:\/\/www.sgeaj.ch\/fr\/#\/schema\/person\/2cd839eed625879a17645fc9f307c8e7\",\"name\":\"Nadja Ackermann\",\"url\":\"https:\/\/www.sgeaj.ch\/fr\/author\/naackermann\/\"}]}<\/script>\n<!-- \/ Yoast SEO plugin. -->","yoast_head_json":{"title":"La sensibilit\u00e9 dans la Suisse des Lumi\u00e8res - Schweizerische Gesellschaft f\u00fcr die Erforschung des 18. Jahrhunderts (SGEAJ - SSEDS)","robots":{"index":"index","follow":"follow","max-snippet":"max-snippet:-1","max-image-preview":"max-image-preview:large","max-video-preview":"max-video-preview:-1"},"canonical":"https:\/\/www.sgeaj.ch\/fr\/publications\/tsl-critiques-essais\/la-sensibilite-dans-la-suisse-des-lumieres\/","twitter_misc":{"\u00c9crit par":"Nadja Ackermann","Dur\u00e9e de lecture estim\u00e9e":"2 minutes"},"schema":{"@context":"https:\/\/schema.org","@graph":[{"@type":"Article","@id":"https:\/\/www.sgeaj.ch\/fr\/publications\/tsl-critiques-essais\/la-sensibilite-dans-la-suisse-des-lumieres\/#article","isPartOf":{"@id":"https:\/\/www.sgeaj.ch\/fr\/publications\/tsl-critiques-essais\/la-sensibilite-dans-la-suisse-des-lumieres\/"},"author":{"name":"Nadja Ackermann","@id":"https:\/\/www.sgeaj.ch\/fr\/#\/schema\/person\/2cd839eed625879a17645fc9f307c8e7"},"headline":"La sensibilit\u00e9 dans la Suisse des Lumi\u00e8res","datePublished":"2005-03-27T14:50:00+00:00","dateModified":"2021-03-27T15:52:46+00:00","mainEntityOfPage":{"@id":"https:\/\/www.sgeaj.ch\/fr\/publications\/tsl-critiques-essais\/la-sensibilite-dans-la-suisse-des-lumieres\/"},"wordCount":388,"publisher":{"@id":"https:\/\/www.sgeaj.ch\/fr\/#organization"},"image":{"@id":"https:\/\/www.sgeaj.ch\/fr\/publications\/tsl-critiques-essais\/la-sensibilite-dans-la-suisse-des-lumieres\/#primaryimage"},"thumbnailUrl":"https:\/\/www.sgeaj.ch\/wp-content\/uploads\/2015\/03\/proxy-image-3.jpg","articleSection":["Publications","Travaux sur la Suisse des Lumi\u00e8res (critiques et essais"],"inLanguage":"fr-FR"},{"@type":"WebPage","@id":"https:\/\/www.sgeaj.ch\/fr\/publications\/tsl-critiques-essais\/la-sensibilite-dans-la-suisse-des-lumieres\/","url":"https:\/\/www.sgeaj.ch\/fr\/publications\/tsl-critiques-essais\/la-sensibilite-dans-la-suisse-des-lumieres\/","name":"La sensibilit\u00e9 dans la Suisse des Lumi\u00e8res - Schweizerische Gesellschaft f\u00fcr die Erforschung des 18. Jahrhunderts (SGEAJ - SSEDS)","isPartOf":{"@id":"https:\/\/www.sgeaj.ch\/fr\/#website"},"primaryImageOfPage":{"@id":"https:\/\/www.sgeaj.ch\/fr\/publications\/tsl-critiques-essais\/la-sensibilite-dans-la-suisse-des-lumieres\/#primaryimage"},"image":{"@id":"https:\/\/www.sgeaj.ch\/fr\/publications\/tsl-critiques-essais\/la-sensibilite-dans-la-suisse-des-lumieres\/#primaryimage"},"thumbnailUrl":"https:\/\/www.sgeaj.ch\/wp-content\/uploads\/2015\/03\/proxy-image-3.jpg","datePublished":"2005-03-27T14:50:00+00:00","dateModified":"2021-03-27T15:52:46+00:00","inLanguage":"fr-FR","potentialAction":[{"@type":"ReadAction","target":["https:\/\/www.sgeaj.ch\/fr\/publications\/tsl-critiques-essais\/la-sensibilite-dans-la-suisse-des-lumieres\/"]}]},{"@type":"ImageObject","inLanguage":"fr-FR","@id":"https:\/\/www.sgeaj.ch\/fr\/publications\/tsl-critiques-essais\/la-sensibilite-dans-la-suisse-des-lumieres\/#primaryimage","url":"https:\/\/www.sgeaj.ch\/wp-content\/uploads\/2015\/03\/proxy-image-3.jpg","contentUrl":"https:\/\/www.sgeaj.ch\/wp-content\/uploads\/2015\/03\/proxy-image-3.jpg","width":1246,"height":670},{"@type":"WebSite","@id":"https:\/\/www.sgeaj.ch\/fr\/#website","url":"https:\/\/www.sgeaj.ch\/fr\/","name":"Schweizerische Gesellschaft f\u00fcr die Erforschung des 18. Jahrhunderts (SGEAJ - SSEDS)","description":"Schweizerische Gesellschaft f\u00fcr die Erforschung des 18. Jahrhunderts","publisher":{"@id":"https:\/\/www.sgeaj.ch\/fr\/#organization"},"potentialAction":[{"@type":"SearchAction","target":{"@type":"EntryPoint","urlTemplate":"https:\/\/www.sgeaj.ch\/fr\/?s={search_term_string}"},"query-input":{"@type":"PropertyValueSpecification","valueRequired":true,"valueName":"search_term_string"}}],"inLanguage":"fr-FR"},{"@type":"Organization","@id":"https:\/\/www.sgeaj.ch\/fr\/#organization","name":"Schweizerische Gesellschaft f\u00fcr die Erforschung des 18. Jahrhunderts (SGEAJ - SSEDS)","url":"https:\/\/www.sgeaj.ch\/fr\/","logo":{"@type":"ImageObject","inLanguage":"fr-FR","@id":"https:\/\/www.sgeaj.ch\/fr\/#\/schema\/logo\/image\/","url":"https:\/\/www.sgeaj.ch\/wp-content\/uploads\/2021\/06\/cropped-logo-xviiies-horiz-abreuviations-bleues.png","contentUrl":"https:\/\/www.sgeaj.ch\/wp-content\/uploads\/2021\/06\/cropped-logo-xviiies-horiz-abreuviations-bleues.png","width":659,"height":335,"caption":"Schweizerische Gesellschaft f\u00fcr die Erforschung des 18. Jahrhunderts (SGEAJ - SSEDS)"},"image":{"@id":"https:\/\/www.sgeaj.ch\/fr\/#\/schema\/logo\/image\/"}},{"@type":"Person","@id":"https:\/\/www.sgeaj.ch\/fr\/#\/schema\/person\/2cd839eed625879a17645fc9f307c8e7","name":"Nadja Ackermann","url":"https:\/\/www.sgeaj.ch\/fr\/author\/naackermann\/"}]}},"_links":{"self":[{"href":"https:\/\/www.sgeaj.ch\/fr\/wp-json\/wp\/v2\/posts\/5610","targetHints":{"allow":["GET"]}}],"collection":[{"href":"https:\/\/www.sgeaj.ch\/fr\/wp-json\/wp\/v2\/posts"}],"about":[{"href":"https:\/\/www.sgeaj.ch\/fr\/wp-json\/wp\/v2\/types\/post"}],"author":[{"embeddable":true,"href":"https:\/\/www.sgeaj.ch\/fr\/wp-json\/wp\/v2\/users\/7"}],"replies":[{"embeddable":true,"href":"https:\/\/www.sgeaj.ch\/fr\/wp-json\/wp\/v2\/comments?post=5610"}],"version-history":[{"count":1,"href":"https:\/\/www.sgeaj.ch\/fr\/wp-json\/wp\/v2\/posts\/5610\/revisions"}],"predecessor-version":[{"id":5611,"href":"https:\/\/www.sgeaj.ch\/fr\/wp-json\/wp\/v2\/posts\/5610\/revisions\/5611"}],"wp:featuredmedia":[{"embeddable":true,"href":"https:\/\/www.sgeaj.ch\/fr\/wp-json\/wp\/v2\/media\/5522"}],"wp:attachment":[{"href":"https:\/\/www.sgeaj.ch\/fr\/wp-json\/wp\/v2\/media?parent=5610"}],"wp:term":[{"taxonomy":"category","embeddable":true,"href":"https:\/\/www.sgeaj.ch\/fr\/wp-json\/wp\/v2\/categories?post=5610"},{"taxonomy":"post_tag","embeddable":true,"href":"https:\/\/www.sgeaj.ch\/fr\/wp-json\/wp\/v2\/tags?post=5610"}],"curies":[{"name":"wp","href":"https:\/\/api.w.org\/{rel}","templated":true}]}}