{"id":5837,"date":"2020-11-21T10:33:45","date_gmt":"2020-11-21T09:33:45","guid":{"rendered":"https:\/\/www.sgeaj.ch\/non-classifiee\/neuerscheinung-adams-werner-sie-wollen-menschen-werden-bern-und-jena-ein-geistig-kultureller-austausch-1796-1803-wichtrach-2020\/"},"modified":"2021-04-12T12:33:39","modified_gmt":"2021-04-12T10:33:39","slug":"neuerscheinung-adams-werner-sie-wollen-menschen-werden-bern-und-jena-ein-geistig-kultureller-austausch-1796-1803-wichtrach-2020","status":"publish","type":"post","link":"https:\/\/www.sgeaj.ch\/fr\/actualite\/nouvelles-publications\/neuerscheinung-adams-werner-sie-wollen-menschen-werden-bern-und-jena-ein-geistig-kultureller-austausch-1796-1803-wichtrach-2020\/","title":{"rendered":"Adams, Sie wollen Menschen werden, 2020"},"content":{"rendered":"\n<h2 class=\"wp-block-heading\">Adams, Werner, Sie wollen Menschen werden &#8211; Bern und Jena, Ein geistig-kultureller Austausch 1796-1803, Wichtrach 2020<\/h2>\n\n\n\n<p>Vor dem Hintergrund der Franz\u00f6sischen Revolution und den damit zusammenh\u00e4ngenden Umw\u00e4lzungen in Europa, vollzieht sich im Kleinen ein geistig-kulturellen Austausch zwischen Bern und Jena. Die aufgekl\u00e4rte Jugend zur Zeit des \u00dcbergangs ins 19. Jahrhunderts will die Ideen der Philosophen Rousseau, Kant und Fichte in die Tat umsetzen.<br>Dieses Denken faszinierte junge Berner Patrizier ebenso wie eine junge deutsche Elite. Begeistert von der Lehrmethode Pestalozzis, wollten sie gemeinsam auf dem Experimentierfeld der Helvetischen Republik, \u201ezum Zweck die Humanit\u00e4t zu bef\u00f6rdern\u201c, erste Erfahrungen durch Bildung und Erziehung der Menschen sammeln.<br>Einer von ihnen, Casimir Boehlendorff, nannte sp\u00e4ter einmal diese kurze Epoche \u201eZeitalter des \u00dcbergangs vom Wissen zum Tun\u201c.<\/p>\n\n\n\n<p><a href=\"https:\/\/www.sgeaj.ch\/wp-content\/uploads\/2020\/11\/Werner_Adams_Sie-wollen-Menschen-werden.pdf\" target=\"_blank\" rel=\"noreferrer noopener\">\u2192 das Buch als PDF lesen<\/a><br><a href=\"https:\/\/www.werneradams.ch\/produkt\/sie-wollen-menschen-werden-bern-und-jena-ein-geistig-kultureller-austausch-1796-1803\/\" target=\"_blank\" rel=\"noreferrer noopener\">\u2192 Printversion des Buchs bestellen<\/a><\/p>\n","protected":false},"excerpt":{"rendered":"<p>Adams, Werner, Sie wollen Menschen werden &#8211; Bern und Jena, Ein geistig-kultureller Austausch 1796-1803, Wichtrach 2020 Vor dem Hintergrund der Franz\u00f6sischen Revolution und den damit zusammenh\u00e4ngenden Umw\u00e4lzungen in Europa, vollzieht sich im Kleinen ein geistig-kulturellen Austausch zwischen Bern und Jena. Die aufgekl\u00e4rte Jugend zur Zeit des \u00dcbergangs ins 19. Jahrhunderts will die Ideen der Philosophen [&hellip;]<\/p>\n","protected":false},"author":7,"featured_media":6304,"comment_status":"closed","ping_status":"open","sticky":false,"template":"","format":"standard","meta":{"footnotes":""},"categories":[42,25],"tags":[],"class_list":{"0":"post-5837","1":"post","2":"type-post","3":"status-publish","4":"format-standard","5":"has-post-thumbnail","7":"category-actualite","8":"category-nouvelles-publications","9":"czr-hentry"},"yoast_head":"<!-- This site is optimized with the Yoast SEO plugin v26.9 - https:\/\/yoast.com\/product\/yoast-seo-wordpress\/ -->\n<title>Adams, Sie wollen Menschen werden, 2020 - Schweizerische Gesellschaft f\u00fcr die Erforschung des 18. Jahrhunderts (SGEAJ - SSEDS)<\/title>\n<meta name=\"robots\" content=\"index, follow, max-snippet:-1, max-image-preview:large, max-video-preview:-1\" \/>\n<link rel=\"canonical\" href=\"https:\/\/www.sgeaj.ch\/fr\/actualite\/nouvelles-publications\/neuerscheinung-adams-werner-sie-wollen-menschen-werden-bern-und-jena-ein-geistig-kultureller-austausch-1796-1803-wichtrach-2020\/\" \/>\n<meta name=\"twitter:label1\" content=\"\u00c9crit par\" \/>\n\t<meta name=\"twitter:data1\" content=\"Nadja Ackermann\" \/>\n\t<meta name=\"twitter:label2\" content=\"Dur\u00e9e de lecture estim\u00e9e\" \/>\n\t<meta name=\"twitter:data2\" content=\"1 minute\" \/>\n<script type=\"application\/ld+json\" class=\"yoast-schema-graph\">{\"@context\":\"https:\/\/schema.org\",\"@graph\":[{\"@type\":\"Article\",\"@id\":\"https:\/\/www.sgeaj.ch\/fr\/actualite\/nouvelles-publications\/neuerscheinung-adams-werner-sie-wollen-menschen-werden-bern-und-jena-ein-geistig-kultureller-austausch-1796-1803-wichtrach-2020\/#article\",\"isPartOf\":{\"@id\":\"https:\/\/www.sgeaj.ch\/fr\/actualite\/nouvelles-publications\/neuerscheinung-adams-werner-sie-wollen-menschen-werden-bern-und-jena-ein-geistig-kultureller-austausch-1796-1803-wichtrach-2020\/\"},\"author\":{\"name\":\"Nadja Ackermann\",\"@id\":\"https:\/\/www.sgeaj.ch\/fr\/#\/schema\/person\/2cd839eed625879a17645fc9f307c8e7\"},\"headline\":\"Adams, Sie wollen Menschen werden, 2020\",\"datePublished\":\"2020-11-21T09:33:45+00:00\",\"dateModified\":\"2021-04-12T10:33:39+00:00\",\"mainEntityOfPage\":{\"@id\":\"https:\/\/www.sgeaj.ch\/fr\/actualite\/nouvelles-publications\/neuerscheinung-adams-werner-sie-wollen-menschen-werden-bern-und-jena-ein-geistig-kultureller-austausch-1796-1803-wichtrach-2020\/\"},\"wordCount\":141,\"publisher\":{\"@id\":\"https:\/\/www.sgeaj.ch\/fr\/#organization\"},\"image\":{\"@id\":\"https:\/\/www.sgeaj.ch\/fr\/actualite\/nouvelles-publications\/neuerscheinung-adams-werner-sie-wollen-menschen-werden-bern-und-jena-ein-geistig-kultureller-austausch-1796-1803-wichtrach-2020\/#primaryimage\"},\"thumbnailUrl\":\"https:\/\/www.sgeaj.ch\/wp-content\/uploads\/2020\/11\/jena.jpg\",\"articleSection\":[\"Actualit\u00e9\",\"Nouvelles publications\"],\"inLanguage\":\"fr-FR\"},{\"@type\":\"WebPage\",\"@id\":\"https:\/\/www.sgeaj.ch\/fr\/actualite\/nouvelles-publications\/neuerscheinung-adams-werner-sie-wollen-menschen-werden-bern-und-jena-ein-geistig-kultureller-austausch-1796-1803-wichtrach-2020\/\",\"url\":\"https:\/\/www.sgeaj.ch\/fr\/actualite\/nouvelles-publications\/neuerscheinung-adams-werner-sie-wollen-menschen-werden-bern-und-jena-ein-geistig-kultureller-austausch-1796-1803-wichtrach-2020\/\",\"name\":\"Adams, Sie wollen Menschen werden, 2020 - Schweizerische Gesellschaft f\u00fcr die Erforschung des 18. Jahrhunderts (SGEAJ - SSEDS)\",\"isPartOf\":{\"@id\":\"https:\/\/www.sgeaj.ch\/fr\/#website\"},\"primaryImageOfPage\":{\"@id\":\"https:\/\/www.sgeaj.ch\/fr\/actualite\/nouvelles-publications\/neuerscheinung-adams-werner-sie-wollen-menschen-werden-bern-und-jena-ein-geistig-kultureller-austausch-1796-1803-wichtrach-2020\/#primaryimage\"},\"image\":{\"@id\":\"https:\/\/www.sgeaj.ch\/fr\/actualite\/nouvelles-publications\/neuerscheinung-adams-werner-sie-wollen-menschen-werden-bern-und-jena-ein-geistig-kultureller-austausch-1796-1803-wichtrach-2020\/#primaryimage\"},\"thumbnailUrl\":\"https:\/\/www.sgeaj.ch\/wp-content\/uploads\/2020\/11\/jena.jpg\",\"datePublished\":\"2020-11-21T09:33:45+00:00\",\"dateModified\":\"2021-04-12T10:33:39+00:00\",\"inLanguage\":\"fr-FR\",\"potentialAction\":[{\"@type\":\"ReadAction\",\"target\":[\"https:\/\/www.sgeaj.ch\/fr\/actualite\/nouvelles-publications\/neuerscheinung-adams-werner-sie-wollen-menschen-werden-bern-und-jena-ein-geistig-kultureller-austausch-1796-1803-wichtrach-2020\/\"]}]},{\"@type\":\"ImageObject\",\"inLanguage\":\"fr-FR\",\"@id\":\"https:\/\/www.sgeaj.ch\/fr\/actualite\/nouvelles-publications\/neuerscheinung-adams-werner-sie-wollen-menschen-werden-bern-und-jena-ein-geistig-kultureller-austausch-1796-1803-wichtrach-2020\/#primaryimage\",\"url\":\"https:\/\/www.sgeaj.ch\/wp-content\/uploads\/2020\/11\/jena.jpg\",\"contentUrl\":\"https:\/\/www.sgeaj.ch\/wp-content\/uploads\/2020\/11\/jena.jpg\",\"width\":2480,\"height\":1160},{\"@type\":\"WebSite\",\"@id\":\"https:\/\/www.sgeaj.ch\/fr\/#website\",\"url\":\"https:\/\/www.sgeaj.ch\/fr\/\",\"name\":\"Schweizerische Gesellschaft f\u00fcr die Erforschung des 18. Jahrhunderts (SGEAJ - SSEDS)\",\"description\":\"Schweizerische Gesellschaft f\u00fcr die Erforschung des 18. Jahrhunderts\",\"publisher\":{\"@id\":\"https:\/\/www.sgeaj.ch\/fr\/#organization\"},\"potentialAction\":[{\"@type\":\"SearchAction\",\"target\":{\"@type\":\"EntryPoint\",\"urlTemplate\":\"https:\/\/www.sgeaj.ch\/fr\/?s={search_term_string}\"},\"query-input\":{\"@type\":\"PropertyValueSpecification\",\"valueRequired\":true,\"valueName\":\"search_term_string\"}}],\"inLanguage\":\"fr-FR\"},{\"@type\":\"Organization\",\"@id\":\"https:\/\/www.sgeaj.ch\/fr\/#organization\",\"name\":\"Schweizerische Gesellschaft f\u00fcr die Erforschung des 18. Jahrhunderts (SGEAJ - SSEDS)\",\"url\":\"https:\/\/www.sgeaj.ch\/fr\/\",\"logo\":{\"@type\":\"ImageObject\",\"inLanguage\":\"fr-FR\",\"@id\":\"https:\/\/www.sgeaj.ch\/fr\/#\/schema\/logo\/image\/\",\"url\":\"https:\/\/www.sgeaj.ch\/wp-content\/uploads\/2021\/06\/cropped-logo-xviiies-horiz-abreuviations-bleues.png\",\"contentUrl\":\"https:\/\/www.sgeaj.ch\/wp-content\/uploads\/2021\/06\/cropped-logo-xviiies-horiz-abreuviations-bleues.png\",\"width\":659,\"height\":335,\"caption\":\"Schweizerische Gesellschaft f\u00fcr die Erforschung des 18. Jahrhunderts (SGEAJ - SSEDS)\"},\"image\":{\"@id\":\"https:\/\/www.sgeaj.ch\/fr\/#\/schema\/logo\/image\/\"}},{\"@type\":\"Person\",\"@id\":\"https:\/\/www.sgeaj.ch\/fr\/#\/schema\/person\/2cd839eed625879a17645fc9f307c8e7\",\"name\":\"Nadja Ackermann\",\"url\":\"https:\/\/www.sgeaj.ch\/fr\/author\/naackermann\/\"}]}<\/script>\n<!-- \/ Yoast SEO plugin. -->","yoast_head_json":{"title":"Adams, Sie wollen Menschen werden, 2020 - Schweizerische Gesellschaft f\u00fcr die Erforschung des 18. Jahrhunderts (SGEAJ - SSEDS)","robots":{"index":"index","follow":"follow","max-snippet":"max-snippet:-1","max-image-preview":"max-image-preview:large","max-video-preview":"max-video-preview:-1"},"canonical":"https:\/\/www.sgeaj.ch\/fr\/actualite\/nouvelles-publications\/neuerscheinung-adams-werner-sie-wollen-menschen-werden-bern-und-jena-ein-geistig-kultureller-austausch-1796-1803-wichtrach-2020\/","twitter_misc":{"\u00c9crit par":"Nadja Ackermann","Dur\u00e9e de lecture estim\u00e9e":"1 minute"},"schema":{"@context":"https:\/\/schema.org","@graph":[{"@type":"Article","@id":"https:\/\/www.sgeaj.ch\/fr\/actualite\/nouvelles-publications\/neuerscheinung-adams-werner-sie-wollen-menschen-werden-bern-und-jena-ein-geistig-kultureller-austausch-1796-1803-wichtrach-2020\/#article","isPartOf":{"@id":"https:\/\/www.sgeaj.ch\/fr\/actualite\/nouvelles-publications\/neuerscheinung-adams-werner-sie-wollen-menschen-werden-bern-und-jena-ein-geistig-kultureller-austausch-1796-1803-wichtrach-2020\/"},"author":{"name":"Nadja Ackermann","@id":"https:\/\/www.sgeaj.ch\/fr\/#\/schema\/person\/2cd839eed625879a17645fc9f307c8e7"},"headline":"Adams, Sie wollen Menschen werden, 2020","datePublished":"2020-11-21T09:33:45+00:00","dateModified":"2021-04-12T10:33:39+00:00","mainEntityOfPage":{"@id":"https:\/\/www.sgeaj.ch\/fr\/actualite\/nouvelles-publications\/neuerscheinung-adams-werner-sie-wollen-menschen-werden-bern-und-jena-ein-geistig-kultureller-austausch-1796-1803-wichtrach-2020\/"},"wordCount":141,"publisher":{"@id":"https:\/\/www.sgeaj.ch\/fr\/#organization"},"image":{"@id":"https:\/\/www.sgeaj.ch\/fr\/actualite\/nouvelles-publications\/neuerscheinung-adams-werner-sie-wollen-menschen-werden-bern-und-jena-ein-geistig-kultureller-austausch-1796-1803-wichtrach-2020\/#primaryimage"},"thumbnailUrl":"https:\/\/www.sgeaj.ch\/wp-content\/uploads\/2020\/11\/jena.jpg","articleSection":["Actualit\u00e9","Nouvelles publications"],"inLanguage":"fr-FR"},{"@type":"WebPage","@id":"https:\/\/www.sgeaj.ch\/fr\/actualite\/nouvelles-publications\/neuerscheinung-adams-werner-sie-wollen-menschen-werden-bern-und-jena-ein-geistig-kultureller-austausch-1796-1803-wichtrach-2020\/","url":"https:\/\/www.sgeaj.ch\/fr\/actualite\/nouvelles-publications\/neuerscheinung-adams-werner-sie-wollen-menschen-werden-bern-und-jena-ein-geistig-kultureller-austausch-1796-1803-wichtrach-2020\/","name":"Adams, Sie wollen Menschen werden, 2020 - Schweizerische Gesellschaft f\u00fcr die Erforschung des 18. Jahrhunderts (SGEAJ - SSEDS)","isPartOf":{"@id":"https:\/\/www.sgeaj.ch\/fr\/#website"},"primaryImageOfPage":{"@id":"https:\/\/www.sgeaj.ch\/fr\/actualite\/nouvelles-publications\/neuerscheinung-adams-werner-sie-wollen-menschen-werden-bern-und-jena-ein-geistig-kultureller-austausch-1796-1803-wichtrach-2020\/#primaryimage"},"image":{"@id":"https:\/\/www.sgeaj.ch\/fr\/actualite\/nouvelles-publications\/neuerscheinung-adams-werner-sie-wollen-menschen-werden-bern-und-jena-ein-geistig-kultureller-austausch-1796-1803-wichtrach-2020\/#primaryimage"},"thumbnailUrl":"https:\/\/www.sgeaj.ch\/wp-content\/uploads\/2020\/11\/jena.jpg","datePublished":"2020-11-21T09:33:45+00:00","dateModified":"2021-04-12T10:33:39+00:00","inLanguage":"fr-FR","potentialAction":[{"@type":"ReadAction","target":["https:\/\/www.sgeaj.ch\/fr\/actualite\/nouvelles-publications\/neuerscheinung-adams-werner-sie-wollen-menschen-werden-bern-und-jena-ein-geistig-kultureller-austausch-1796-1803-wichtrach-2020\/"]}]},{"@type":"ImageObject","inLanguage":"fr-FR","@id":"https:\/\/www.sgeaj.ch\/fr\/actualite\/nouvelles-publications\/neuerscheinung-adams-werner-sie-wollen-menschen-werden-bern-und-jena-ein-geistig-kultureller-austausch-1796-1803-wichtrach-2020\/#primaryimage","url":"https:\/\/www.sgeaj.ch\/wp-content\/uploads\/2020\/11\/jena.jpg","contentUrl":"https:\/\/www.sgeaj.ch\/wp-content\/uploads\/2020\/11\/jena.jpg","width":2480,"height":1160},{"@type":"WebSite","@id":"https:\/\/www.sgeaj.ch\/fr\/#website","url":"https:\/\/www.sgeaj.ch\/fr\/","name":"Schweizerische Gesellschaft f\u00fcr die Erforschung des 18. Jahrhunderts (SGEAJ - SSEDS)","description":"Schweizerische Gesellschaft f\u00fcr die Erforschung des 18. Jahrhunderts","publisher":{"@id":"https:\/\/www.sgeaj.ch\/fr\/#organization"},"potentialAction":[{"@type":"SearchAction","target":{"@type":"EntryPoint","urlTemplate":"https:\/\/www.sgeaj.ch\/fr\/?s={search_term_string}"},"query-input":{"@type":"PropertyValueSpecification","valueRequired":true,"valueName":"search_term_string"}}],"inLanguage":"fr-FR"},{"@type":"Organization","@id":"https:\/\/www.sgeaj.ch\/fr\/#organization","name":"Schweizerische Gesellschaft f\u00fcr die Erforschung des 18. Jahrhunderts (SGEAJ - SSEDS)","url":"https:\/\/www.sgeaj.ch\/fr\/","logo":{"@type":"ImageObject","inLanguage":"fr-FR","@id":"https:\/\/www.sgeaj.ch\/fr\/#\/schema\/logo\/image\/","url":"https:\/\/www.sgeaj.ch\/wp-content\/uploads\/2021\/06\/cropped-logo-xviiies-horiz-abreuviations-bleues.png","contentUrl":"https:\/\/www.sgeaj.ch\/wp-content\/uploads\/2021\/06\/cropped-logo-xviiies-horiz-abreuviations-bleues.png","width":659,"height":335,"caption":"Schweizerische Gesellschaft f\u00fcr die Erforschung des 18. Jahrhunderts (SGEAJ - SSEDS)"},"image":{"@id":"https:\/\/www.sgeaj.ch\/fr\/#\/schema\/logo\/image\/"}},{"@type":"Person","@id":"https:\/\/www.sgeaj.ch\/fr\/#\/schema\/person\/2cd839eed625879a17645fc9f307c8e7","name":"Nadja Ackermann","url":"https:\/\/www.sgeaj.ch\/fr\/author\/naackermann\/"}]}},"_links":{"self":[{"href":"https:\/\/www.sgeaj.ch\/fr\/wp-json\/wp\/v2\/posts\/5837","targetHints":{"allow":["GET"]}}],"collection":[{"href":"https:\/\/www.sgeaj.ch\/fr\/wp-json\/wp\/v2\/posts"}],"about":[{"href":"https:\/\/www.sgeaj.ch\/fr\/wp-json\/wp\/v2\/types\/post"}],"author":[{"embeddable":true,"href":"https:\/\/www.sgeaj.ch\/fr\/wp-json\/wp\/v2\/users\/7"}],"replies":[{"embeddable":true,"href":"https:\/\/www.sgeaj.ch\/fr\/wp-json\/wp\/v2\/comments?post=5837"}],"version-history":[{"count":1,"href":"https:\/\/www.sgeaj.ch\/fr\/wp-json\/wp\/v2\/posts\/5837\/revisions"}],"predecessor-version":[{"id":5839,"href":"https:\/\/www.sgeaj.ch\/fr\/wp-json\/wp\/v2\/posts\/5837\/revisions\/5839"}],"wp:featuredmedia":[{"embeddable":true,"href":"https:\/\/www.sgeaj.ch\/fr\/wp-json\/wp\/v2\/media\/6304"}],"wp:attachment":[{"href":"https:\/\/www.sgeaj.ch\/fr\/wp-json\/wp\/v2\/media?parent=5837"}],"wp:term":[{"taxonomy":"category","embeddable":true,"href":"https:\/\/www.sgeaj.ch\/fr\/wp-json\/wp\/v2\/categories?post=5837"},{"taxonomy":"post_tag","embeddable":true,"href":"https:\/\/www.sgeaj.ch\/fr\/wp-json\/wp\/v2\/tags?post=5837"}],"curies":[{"name":"wp","href":"https:\/\/api.w.org\/{rel}","templated":true}]}}