{"id":5851,"date":"2019-11-09T11:41:38","date_gmt":"2019-11-09T10:41:38","guid":{"rendered":"https:\/\/www.sgeaj.ch\/non-classifiee\/nouvelle-publication-gantet-claire-meumann-markus-ed-les-echanges-savants-franco-allemands-au-xviiie-siecle-transferts-circulations-et-reseaux-presses-universitaires-de-rennes-pur-2019\/"},"modified":"2021-04-02T13:42:24","modified_gmt":"2021-04-02T11:42:24","slug":"nouvelle-publication-gantet-claire-meumann-markus-ed-les-echanges-savants-franco-allemands-au-xviiie-siecle-transferts-circulations-et-reseaux-presses-universitaires-de-rennes-pur-2019","status":"publish","type":"post","link":"https:\/\/www.sgeaj.ch\/fr\/actualite\/nouvelles-publications\/nouvelle-publication-gantet-claire-meumann-markus-ed-les-echanges-savants-franco-allemands-au-xviiie-siecle-transferts-circulations-et-reseaux-presses-universitaires-de-rennes-pur-2019\/","title":{"rendered":"Gantet\/Meumann, Les \u00e9changes savants franco-allemands au XVIIIe si\u00e8cle"},"content":{"rendered":"\n<h2 class=\"wp-block-heading\">Gantet, Claire \/ Meumann, Markus (\u00e9d.), Les \u00e9changes savants franco-allemands au XVIIIe si\u00e8cle, PUR 2019<\/h2>\n\n\n\n<p>Cet ouvrage applique pour la premi\u00e8re fois de fa\u00e7on ample et r\u00e9flexive la notion de transferts culturels cr\u00e9\u00e9e par Michel Espagne et Michael Werner en 1985 au champ de l\u2019histoire des savoirs entre aires francophones et germanophones au XVIII<sup>e<\/sup> si\u00e8cle. Si, en effet, dans son projet, la R\u00e9publique des lettres s\u2019\u00e9tend \u00e0 l\u2019ensemble de l\u2019Europe et fait fi des fronti\u00e8res politiques, elle est travers\u00e9e de tensions notamment nationales. Or, les \u00e9changes savants mettent en relation des acteurs fortement mobiles et des aires linguistiques et culturelles autant ou plus que proprement politiques, si bien que les Cantons helv\u00e9tiques et les Provinces-Unies sont inclus dans l\u2019analyse.La complexit\u00e9 des fronti\u00e8res et l\u2019embo\u00eetement des espaces m\u00e8nent \u00e0 distinguer des \u00e9chelles d\u2019analyse fluctuantes selon les objets envisag\u00e9s et dans le temps, et \u00e0 ins\u00e9rer les transferts dans des ensembles de circulations et de r\u00e9seaux. Seule une telle mise en contexte, qui r\u00e9interpr\u00e8te la notion de transferts, permet d\u2019analyser les biais linguistiques et les clich\u00e9s, de cerner le d\u00e9veloppement de m\u00e9dias particuliers (correspondances, p\u00e9riodiques savants, encyclop\u00e9dies, litt\u00e9rature clandestine) ou de r\u00e9seaux connexes (huguenots, francs-ma\u00e7ons, clandestins par exemple).On souligne \u00e0 terme la porosit\u00e9 ou les hiatus entre types de savoirs (locaux et globaux, \u00e9crits et pratiques), la mall\u00e9abilit\u00e9 des identit\u00e9s savantes et la complexit\u00e9 de ce que l\u2019on r\u00e9sume habituellement sous le nom unifiant de Lumi\u00e8res.<\/p>\n\n\n\n<p>Claire Gantet et Markus Meumann (\u00e9d.), <em>Les \u00e9changes savants franco-allemands au XVIIIe si\u00e8cle Transferts, circulations et r\u00e9seaux<\/em>, Presses Universitaires de Rennes, 2019.<\/p>\n\n\n\n<p><a href=\"https:\/\/www.sgeaj.ch\/wp-content\/uploads\/2019\/11\/GantetC_MeumannM_2019_TdM.pdf\" target=\"_blank\" rel=\"noreferrer noopener\">Voir la table des mait\u00e8res<\/a><\/p>\n","protected":false},"excerpt":{"rendered":"<p>Gantet, Claire \/ Meumann, Markus (\u00e9d.), Les \u00e9changes savants franco-allemands au XVIIIe si\u00e8cle, PUR 2019 Cet ouvrage applique pour la premi\u00e8re fois de fa\u00e7on ample et r\u00e9flexive la notion de transferts culturels cr\u00e9\u00e9e par Michel Espagne et Michael Werner en 1985 au champ de l\u2019histoire des savoirs entre aires francophones et germanophones au XVIIIe si\u00e8cle. [&hellip;]<\/p>\n","protected":false},"author":7,"featured_media":3838,"comment_status":"closed","ping_status":"open","sticky":false,"template":"","format":"standard","meta":{"footnotes":""},"categories":[42,25],"tags":[],"class_list":{"0":"post-5851","1":"post","2":"type-post","3":"status-publish","4":"format-standard","5":"has-post-thumbnail","7":"category-actualite","8":"category-nouvelles-publications","9":"czr-hentry"},"yoast_head":"<!-- This site is optimized with the Yoast SEO plugin v26.9 - https:\/\/yoast.com\/product\/yoast-seo-wordpress\/ -->\n<title>Gantet\/Meumann, Les \u00e9changes savants franco-allemands au XVIIIe si\u00e8cle - Schweizerische Gesellschaft f\u00fcr die Erforschung des 18. Jahrhunderts (SGEAJ - SSEDS)<\/title>\n<meta name=\"robots\" content=\"index, follow, max-snippet:-1, max-image-preview:large, max-video-preview:-1\" \/>\n<link rel=\"canonical\" href=\"https:\/\/www.sgeaj.ch\/fr\/actualite\/nouvelles-publications\/nouvelle-publication-gantet-claire-meumann-markus-ed-les-echanges-savants-franco-allemands-au-xviiie-siecle-transferts-circulations-et-reseaux-presses-universitaires-de-rennes-pur-2019\/\" \/>\n<meta name=\"twitter:label1\" content=\"\u00c9crit par\" \/>\n\t<meta name=\"twitter:data1\" content=\"Nadja Ackermann\" \/>\n\t<meta name=\"twitter:label2\" content=\"Dur\u00e9e de lecture estim\u00e9e\" \/>\n\t<meta name=\"twitter:data2\" content=\"1 minute\" \/>\n<script type=\"application\/ld+json\" class=\"yoast-schema-graph\">{\"@context\":\"https:\/\/schema.org\",\"@graph\":[{\"@type\":\"Article\",\"@id\":\"https:\/\/www.sgeaj.ch\/fr\/actualite\/nouvelles-publications\/nouvelle-publication-gantet-claire-meumann-markus-ed-les-echanges-savants-franco-allemands-au-xviiie-siecle-transferts-circulations-et-reseaux-presses-universitaires-de-rennes-pur-2019\/#article\",\"isPartOf\":{\"@id\":\"https:\/\/www.sgeaj.ch\/fr\/actualite\/nouvelles-publications\/nouvelle-publication-gantet-claire-meumann-markus-ed-les-echanges-savants-franco-allemands-au-xviiie-siecle-transferts-circulations-et-reseaux-presses-universitaires-de-rennes-pur-2019\/\"},\"author\":{\"name\":\"Nadja Ackermann\",\"@id\":\"https:\/\/www.sgeaj.ch\/fr\/#\/schema\/person\/2cd839eed625879a17645fc9f307c8e7\"},\"headline\":\"Gantet\/Meumann, Les \u00e9changes savants franco-allemands au XVIIIe si\u00e8cle\",\"datePublished\":\"2019-11-09T10:41:38+00:00\",\"dateModified\":\"2021-04-02T11:42:24+00:00\",\"mainEntityOfPage\":{\"@id\":\"https:\/\/www.sgeaj.ch\/fr\/actualite\/nouvelles-publications\/nouvelle-publication-gantet-claire-meumann-markus-ed-les-echanges-savants-franco-allemands-au-xviiie-siecle-transferts-circulations-et-reseaux-presses-universitaires-de-rennes-pur-2019\/\"},\"wordCount\":307,\"publisher\":{\"@id\":\"https:\/\/www.sgeaj.ch\/fr\/#organization\"},\"image\":{\"@id\":\"https:\/\/www.sgeaj.ch\/fr\/actualite\/nouvelles-publications\/nouvelle-publication-gantet-claire-meumann-markus-ed-les-echanges-savants-franco-allemands-au-xviiie-siecle-transferts-circulations-et-reseaux-presses-universitaires-de-rennes-pur-2019\/#primaryimage\"},\"thumbnailUrl\":\"https:\/\/www.sgeaj.ch\/wp-content\/uploads\/2019\/11\/Les-echanges-savants-franco-allemands-au-XVIIIe-siecle.jpg\",\"articleSection\":[\"Actualit\u00e9\",\"Nouvelles publications\"],\"inLanguage\":\"fr-FR\"},{\"@type\":\"WebPage\",\"@id\":\"https:\/\/www.sgeaj.ch\/fr\/actualite\/nouvelles-publications\/nouvelle-publication-gantet-claire-meumann-markus-ed-les-echanges-savants-franco-allemands-au-xviiie-siecle-transferts-circulations-et-reseaux-presses-universitaires-de-rennes-pur-2019\/\",\"url\":\"https:\/\/www.sgeaj.ch\/fr\/actualite\/nouvelles-publications\/nouvelle-publication-gantet-claire-meumann-markus-ed-les-echanges-savants-franco-allemands-au-xviiie-siecle-transferts-circulations-et-reseaux-presses-universitaires-de-rennes-pur-2019\/\",\"name\":\"Gantet\/Meumann, Les \u00e9changes savants franco-allemands au XVIIIe si\u00e8cle - Schweizerische Gesellschaft f\u00fcr die Erforschung des 18. Jahrhunderts (SGEAJ - SSEDS)\",\"isPartOf\":{\"@id\":\"https:\/\/www.sgeaj.ch\/fr\/#website\"},\"primaryImageOfPage\":{\"@id\":\"https:\/\/www.sgeaj.ch\/fr\/actualite\/nouvelles-publications\/nouvelle-publication-gantet-claire-meumann-markus-ed-les-echanges-savants-franco-allemands-au-xviiie-siecle-transferts-circulations-et-reseaux-presses-universitaires-de-rennes-pur-2019\/#primaryimage\"},\"image\":{\"@id\":\"https:\/\/www.sgeaj.ch\/fr\/actualite\/nouvelles-publications\/nouvelle-publication-gantet-claire-meumann-markus-ed-les-echanges-savants-franco-allemands-au-xviiie-siecle-transferts-circulations-et-reseaux-presses-universitaires-de-rennes-pur-2019\/#primaryimage\"},\"thumbnailUrl\":\"https:\/\/www.sgeaj.ch\/wp-content\/uploads\/2019\/11\/Les-echanges-savants-franco-allemands-au-XVIIIe-siecle.jpg\",\"datePublished\":\"2019-11-09T10:41:38+00:00\",\"dateModified\":\"2021-04-02T11:42:24+00:00\",\"inLanguage\":\"fr-FR\",\"potentialAction\":[{\"@type\":\"ReadAction\",\"target\":[\"https:\/\/www.sgeaj.ch\/fr\/actualite\/nouvelles-publications\/nouvelle-publication-gantet-claire-meumann-markus-ed-les-echanges-savants-franco-allemands-au-xviiie-siecle-transferts-circulations-et-reseaux-presses-universitaires-de-rennes-pur-2019\/\"]}]},{\"@type\":\"ImageObject\",\"inLanguage\":\"fr-FR\",\"@id\":\"https:\/\/www.sgeaj.ch\/fr\/actualite\/nouvelles-publications\/nouvelle-publication-gantet-claire-meumann-markus-ed-les-echanges-savants-franco-allemands-au-xviiie-siecle-transferts-circulations-et-reseaux-presses-universitaires-de-rennes-pur-2019\/#primaryimage\",\"url\":\"https:\/\/www.sgeaj.ch\/wp-content\/uploads\/2019\/11\/Les-echanges-savants-franco-allemands-au-XVIIIe-siecle.jpg\",\"contentUrl\":\"https:\/\/www.sgeaj.ch\/wp-content\/uploads\/2019\/11\/Les-echanges-savants-franco-allemands-au-XVIIIe-siecle.jpg\",\"width\":400,\"height\":617},{\"@type\":\"WebSite\",\"@id\":\"https:\/\/www.sgeaj.ch\/fr\/#website\",\"url\":\"https:\/\/www.sgeaj.ch\/fr\/\",\"name\":\"Schweizerische Gesellschaft f\u00fcr die Erforschung des 18. Jahrhunderts (SGEAJ - SSEDS)\",\"description\":\"Schweizerische Gesellschaft f\u00fcr die Erforschung des 18. Jahrhunderts\",\"publisher\":{\"@id\":\"https:\/\/www.sgeaj.ch\/fr\/#organization\"},\"potentialAction\":[{\"@type\":\"SearchAction\",\"target\":{\"@type\":\"EntryPoint\",\"urlTemplate\":\"https:\/\/www.sgeaj.ch\/fr\/?s={search_term_string}\"},\"query-input\":{\"@type\":\"PropertyValueSpecification\",\"valueRequired\":true,\"valueName\":\"search_term_string\"}}],\"inLanguage\":\"fr-FR\"},{\"@type\":\"Organization\",\"@id\":\"https:\/\/www.sgeaj.ch\/fr\/#organization\",\"name\":\"Schweizerische Gesellschaft f\u00fcr die Erforschung des 18. Jahrhunderts (SGEAJ - SSEDS)\",\"url\":\"https:\/\/www.sgeaj.ch\/fr\/\",\"logo\":{\"@type\":\"ImageObject\",\"inLanguage\":\"fr-FR\",\"@id\":\"https:\/\/www.sgeaj.ch\/fr\/#\/schema\/logo\/image\/\",\"url\":\"https:\/\/www.sgeaj.ch\/wp-content\/uploads\/2021\/06\/cropped-logo-xviiies-horiz-abreuviations-bleues.png\",\"contentUrl\":\"https:\/\/www.sgeaj.ch\/wp-content\/uploads\/2021\/06\/cropped-logo-xviiies-horiz-abreuviations-bleues.png\",\"width\":659,\"height\":335,\"caption\":\"Schweizerische Gesellschaft f\u00fcr die Erforschung des 18. Jahrhunderts (SGEAJ - SSEDS)\"},\"image\":{\"@id\":\"https:\/\/www.sgeaj.ch\/fr\/#\/schema\/logo\/image\/\"}},{\"@type\":\"Person\",\"@id\":\"https:\/\/www.sgeaj.ch\/fr\/#\/schema\/person\/2cd839eed625879a17645fc9f307c8e7\",\"name\":\"Nadja Ackermann\",\"url\":\"https:\/\/www.sgeaj.ch\/fr\/author\/naackermann\/\"}]}<\/script>\n<!-- \/ Yoast SEO plugin. -->","yoast_head_json":{"title":"Gantet\/Meumann, Les \u00e9changes savants franco-allemands au XVIIIe si\u00e8cle - Schweizerische Gesellschaft f\u00fcr die Erforschung des 18. Jahrhunderts (SGEAJ - SSEDS)","robots":{"index":"index","follow":"follow","max-snippet":"max-snippet:-1","max-image-preview":"max-image-preview:large","max-video-preview":"max-video-preview:-1"},"canonical":"https:\/\/www.sgeaj.ch\/fr\/actualite\/nouvelles-publications\/nouvelle-publication-gantet-claire-meumann-markus-ed-les-echanges-savants-franco-allemands-au-xviiie-siecle-transferts-circulations-et-reseaux-presses-universitaires-de-rennes-pur-2019\/","twitter_misc":{"\u00c9crit par":"Nadja Ackermann","Dur\u00e9e de lecture estim\u00e9e":"1 minute"},"schema":{"@context":"https:\/\/schema.org","@graph":[{"@type":"Article","@id":"https:\/\/www.sgeaj.ch\/fr\/actualite\/nouvelles-publications\/nouvelle-publication-gantet-claire-meumann-markus-ed-les-echanges-savants-franco-allemands-au-xviiie-siecle-transferts-circulations-et-reseaux-presses-universitaires-de-rennes-pur-2019\/#article","isPartOf":{"@id":"https:\/\/www.sgeaj.ch\/fr\/actualite\/nouvelles-publications\/nouvelle-publication-gantet-claire-meumann-markus-ed-les-echanges-savants-franco-allemands-au-xviiie-siecle-transferts-circulations-et-reseaux-presses-universitaires-de-rennes-pur-2019\/"},"author":{"name":"Nadja Ackermann","@id":"https:\/\/www.sgeaj.ch\/fr\/#\/schema\/person\/2cd839eed625879a17645fc9f307c8e7"},"headline":"Gantet\/Meumann, Les \u00e9changes savants franco-allemands au XVIIIe si\u00e8cle","datePublished":"2019-11-09T10:41:38+00:00","dateModified":"2021-04-02T11:42:24+00:00","mainEntityOfPage":{"@id":"https:\/\/www.sgeaj.ch\/fr\/actualite\/nouvelles-publications\/nouvelle-publication-gantet-claire-meumann-markus-ed-les-echanges-savants-franco-allemands-au-xviiie-siecle-transferts-circulations-et-reseaux-presses-universitaires-de-rennes-pur-2019\/"},"wordCount":307,"publisher":{"@id":"https:\/\/www.sgeaj.ch\/fr\/#organization"},"image":{"@id":"https:\/\/www.sgeaj.ch\/fr\/actualite\/nouvelles-publications\/nouvelle-publication-gantet-claire-meumann-markus-ed-les-echanges-savants-franco-allemands-au-xviiie-siecle-transferts-circulations-et-reseaux-presses-universitaires-de-rennes-pur-2019\/#primaryimage"},"thumbnailUrl":"https:\/\/www.sgeaj.ch\/wp-content\/uploads\/2019\/11\/Les-echanges-savants-franco-allemands-au-XVIIIe-siecle.jpg","articleSection":["Actualit\u00e9","Nouvelles publications"],"inLanguage":"fr-FR"},{"@type":"WebPage","@id":"https:\/\/www.sgeaj.ch\/fr\/actualite\/nouvelles-publications\/nouvelle-publication-gantet-claire-meumann-markus-ed-les-echanges-savants-franco-allemands-au-xviiie-siecle-transferts-circulations-et-reseaux-presses-universitaires-de-rennes-pur-2019\/","url":"https:\/\/www.sgeaj.ch\/fr\/actualite\/nouvelles-publications\/nouvelle-publication-gantet-claire-meumann-markus-ed-les-echanges-savants-franco-allemands-au-xviiie-siecle-transferts-circulations-et-reseaux-presses-universitaires-de-rennes-pur-2019\/","name":"Gantet\/Meumann, Les \u00e9changes savants franco-allemands au XVIIIe si\u00e8cle - Schweizerische Gesellschaft f\u00fcr die Erforschung des 18. Jahrhunderts (SGEAJ - SSEDS)","isPartOf":{"@id":"https:\/\/www.sgeaj.ch\/fr\/#website"},"primaryImageOfPage":{"@id":"https:\/\/www.sgeaj.ch\/fr\/actualite\/nouvelles-publications\/nouvelle-publication-gantet-claire-meumann-markus-ed-les-echanges-savants-franco-allemands-au-xviiie-siecle-transferts-circulations-et-reseaux-presses-universitaires-de-rennes-pur-2019\/#primaryimage"},"image":{"@id":"https:\/\/www.sgeaj.ch\/fr\/actualite\/nouvelles-publications\/nouvelle-publication-gantet-claire-meumann-markus-ed-les-echanges-savants-franco-allemands-au-xviiie-siecle-transferts-circulations-et-reseaux-presses-universitaires-de-rennes-pur-2019\/#primaryimage"},"thumbnailUrl":"https:\/\/www.sgeaj.ch\/wp-content\/uploads\/2019\/11\/Les-echanges-savants-franco-allemands-au-XVIIIe-siecle.jpg","datePublished":"2019-11-09T10:41:38+00:00","dateModified":"2021-04-02T11:42:24+00:00","inLanguage":"fr-FR","potentialAction":[{"@type":"ReadAction","target":["https:\/\/www.sgeaj.ch\/fr\/actualite\/nouvelles-publications\/nouvelle-publication-gantet-claire-meumann-markus-ed-les-echanges-savants-franco-allemands-au-xviiie-siecle-transferts-circulations-et-reseaux-presses-universitaires-de-rennes-pur-2019\/"]}]},{"@type":"ImageObject","inLanguage":"fr-FR","@id":"https:\/\/www.sgeaj.ch\/fr\/actualite\/nouvelles-publications\/nouvelle-publication-gantet-claire-meumann-markus-ed-les-echanges-savants-franco-allemands-au-xviiie-siecle-transferts-circulations-et-reseaux-presses-universitaires-de-rennes-pur-2019\/#primaryimage","url":"https:\/\/www.sgeaj.ch\/wp-content\/uploads\/2019\/11\/Les-echanges-savants-franco-allemands-au-XVIIIe-siecle.jpg","contentUrl":"https:\/\/www.sgeaj.ch\/wp-content\/uploads\/2019\/11\/Les-echanges-savants-franco-allemands-au-XVIIIe-siecle.jpg","width":400,"height":617},{"@type":"WebSite","@id":"https:\/\/www.sgeaj.ch\/fr\/#website","url":"https:\/\/www.sgeaj.ch\/fr\/","name":"Schweizerische Gesellschaft f\u00fcr die Erforschung des 18. Jahrhunderts (SGEAJ - SSEDS)","description":"Schweizerische Gesellschaft f\u00fcr die Erforschung des 18. Jahrhunderts","publisher":{"@id":"https:\/\/www.sgeaj.ch\/fr\/#organization"},"potentialAction":[{"@type":"SearchAction","target":{"@type":"EntryPoint","urlTemplate":"https:\/\/www.sgeaj.ch\/fr\/?s={search_term_string}"},"query-input":{"@type":"PropertyValueSpecification","valueRequired":true,"valueName":"search_term_string"}}],"inLanguage":"fr-FR"},{"@type":"Organization","@id":"https:\/\/www.sgeaj.ch\/fr\/#organization","name":"Schweizerische Gesellschaft f\u00fcr die Erforschung des 18. Jahrhunderts (SGEAJ - SSEDS)","url":"https:\/\/www.sgeaj.ch\/fr\/","logo":{"@type":"ImageObject","inLanguage":"fr-FR","@id":"https:\/\/www.sgeaj.ch\/fr\/#\/schema\/logo\/image\/","url":"https:\/\/www.sgeaj.ch\/wp-content\/uploads\/2021\/06\/cropped-logo-xviiies-horiz-abreuviations-bleues.png","contentUrl":"https:\/\/www.sgeaj.ch\/wp-content\/uploads\/2021\/06\/cropped-logo-xviiies-horiz-abreuviations-bleues.png","width":659,"height":335,"caption":"Schweizerische Gesellschaft f\u00fcr die Erforschung des 18. Jahrhunderts (SGEAJ - SSEDS)"},"image":{"@id":"https:\/\/www.sgeaj.ch\/fr\/#\/schema\/logo\/image\/"}},{"@type":"Person","@id":"https:\/\/www.sgeaj.ch\/fr\/#\/schema\/person\/2cd839eed625879a17645fc9f307c8e7","name":"Nadja Ackermann","url":"https:\/\/www.sgeaj.ch\/fr\/author\/naackermann\/"}]}},"_links":{"self":[{"href":"https:\/\/www.sgeaj.ch\/fr\/wp-json\/wp\/v2\/posts\/5851","targetHints":{"allow":["GET"]}}],"collection":[{"href":"https:\/\/www.sgeaj.ch\/fr\/wp-json\/wp\/v2\/posts"}],"about":[{"href":"https:\/\/www.sgeaj.ch\/fr\/wp-json\/wp\/v2\/types\/post"}],"author":[{"embeddable":true,"href":"https:\/\/www.sgeaj.ch\/fr\/wp-json\/wp\/v2\/users\/7"}],"replies":[{"embeddable":true,"href":"https:\/\/www.sgeaj.ch\/fr\/wp-json\/wp\/v2\/comments?post=5851"}],"version-history":[{"count":1,"href":"https:\/\/www.sgeaj.ch\/fr\/wp-json\/wp\/v2\/posts\/5851\/revisions"}],"predecessor-version":[{"id":5853,"href":"https:\/\/www.sgeaj.ch\/fr\/wp-json\/wp\/v2\/posts\/5851\/revisions\/5853"}],"wp:featuredmedia":[{"embeddable":true,"href":"https:\/\/www.sgeaj.ch\/fr\/wp-json\/wp\/v2\/media\/3838"}],"wp:attachment":[{"href":"https:\/\/www.sgeaj.ch\/fr\/wp-json\/wp\/v2\/media?parent=5851"}],"wp:term":[{"taxonomy":"category","embeddable":true,"href":"https:\/\/www.sgeaj.ch\/fr\/wp-json\/wp\/v2\/categories?post=5851"},{"taxonomy":"post_tag","embeddable":true,"href":"https:\/\/www.sgeaj.ch\/fr\/wp-json\/wp\/v2\/tags?post=5851"}],"curies":[{"name":"wp","href":"https:\/\/api.w.org\/{rel}","templated":true}]}}