{"id":5879,"date":"2017-09-27T12:49:09","date_gmt":"2017-09-27T10:49:09","guid":{"rendered":"https:\/\/www.sgeaj.ch\/non-classifiee\/publicazione-ricamare-lalfabeto\/"},"modified":"2021-04-02T14:14:49","modified_gmt":"2021-04-02T12:14:49","slug":"publicazione-ricamare-lalfabeto","status":"publish","type":"post","link":"https:\/\/www.sgeaj.ch\/fr\/actualite\/nouvelles-publications\/publicazione-ricamare-lalfabeto\/","title":{"rendered":"Ricamare l&rsquo;alfabeto"},"content":{"rendered":"\n<h2 class=\"wp-block-heading\">Maffongelli, Manuela \/ Nicoli, Miriam, Ricamare l&rsquo;alfabeto. Le Cappuccine di Lugano e l\u2019educazione femminile (XVIII e XIX secolo), Bellinzona 2017<\/h2>\n\n\n<p>Le suore Cappuccine presenti dal 1747 nel Monastero San Giuseppe a Lugano ebbero un ruolo centrale nell\u2019evoluzione dell\u2019educazione femminile in Ticino. Esse tennero quasi dalla fondazione un educandato per le ragazze delle famiglie benestanti e una scuola di carit\u00e0 gratuita per le ragazze del borgo. Il loro impegno educativo fu costante nel tempo. La scuola gestita dalla Cappuccine chiuse definitivamente solo nel 1986 dopo ben 237 anni d\u2019attivit\u00e0.<\/p>\n<p>Il fondo documentario e iconografico dell\u2019ex-convento delle Cappuccine \u00e8 conservato presso gli Archivi della Diocesi di Lugano. Restituisce preziose testimonianze della vita e dell\u2019attivit\u00e0 del convento: cronache, lavori manuali delle suore e delle allieve \u2013 tra cui due bellissimi erbari \u2013, disegni ad acquarello, matita, tempera e china delle allieve, immagini sacre e, per il periodo pi\u00f9 contemporaneo, album fotografici.<\/p>\n<p>Manuela Maffongelli (AARDT) e Miriam Nicoli (Universit\u00e0 di Losanna),<br \/>in collaborazione con Gabrio Figini (Archivio Diocesano di Lugano) e Roberta Boffa (AARDT) hanno curato il volume e la mostra \u201cRicamare l\u2019alfabeto. Le Cappuccine di Lugano e l\u2019educazione femminile (XVIII e XIX secolo)\u201d<\/p>\n<p><a href=\"http:\/\/www.archividonneticino.ch\/ricamare-lalfabeto\/\" target=\"_blank\" rel=\"noopener noreferrer\">www.archividonneticino.ch\/ricamare-lalfabeto<\/a><\/p>","protected":false},"excerpt":{"rendered":"<p>Maffongelli, Manuela \/ Nicoli, Miriam, Ricamare l&rsquo;alfabeto. Le Cappuccine di Lugano e l\u2019educazione femminile (XVIII e XIX secolo), Bellinzona 2017 Le suore Cappuccine presenti dal 1747 nel Monastero San Giuseppe a Lugano ebbero un ruolo centrale nell\u2019evoluzione dell\u2019educazione femminile in Ticino. Esse tennero quasi dalla fondazione un educandato per le ragazze delle famiglie benestanti e [&hellip;]<\/p>\n","protected":false},"author":5,"featured_media":3624,"comment_status":"closed","ping_status":"open","sticky":false,"template":"","format":"standard","meta":{"footnotes":""},"categories":[42,25],"tags":[],"class_list":{"0":"post-5879","1":"post","2":"type-post","3":"status-publish","4":"format-standard","5":"has-post-thumbnail","7":"category-actualite","8":"category-nouvelles-publications","9":"czr-hentry"},"yoast_head":"<!-- This site is optimized with the Yoast SEO plugin v26.9 - https:\/\/yoast.com\/product\/yoast-seo-wordpress\/ -->\n<title>Ricamare l&#039;alfabeto - Schweizerische Gesellschaft f\u00fcr die Erforschung des 18. Jahrhunderts (SGEAJ - SSEDS)<\/title>\n<meta name=\"robots\" content=\"index, follow, max-snippet:-1, max-image-preview:large, max-video-preview:-1\" \/>\n<link rel=\"canonical\" href=\"https:\/\/www.sgeaj.ch\/fr\/actualite\/nouvelles-publications\/publicazione-ricamare-lalfabeto\/\" \/>\n<meta name=\"twitter:label1\" content=\"\u00c9crit par\" \/>\n\t<meta name=\"twitter:data1\" content=\"Meike Knittel\" \/>\n\t<meta name=\"twitter:label2\" content=\"Dur\u00e9e de lecture estim\u00e9e\" \/>\n\t<meta name=\"twitter:data2\" content=\"1 minute\" \/>\n<script type=\"application\/ld+json\" class=\"yoast-schema-graph\">{\"@context\":\"https:\/\/schema.org\",\"@graph\":[{\"@type\":\"Article\",\"@id\":\"https:\/\/www.sgeaj.ch\/fr\/actualite\/nouvelles-publications\/publicazione-ricamare-lalfabeto\/#article\",\"isPartOf\":{\"@id\":\"https:\/\/www.sgeaj.ch\/fr\/actualite\/nouvelles-publications\/publicazione-ricamare-lalfabeto\/\"},\"author\":{\"name\":\"Meike Knittel\",\"@id\":\"https:\/\/www.sgeaj.ch\/fr\/#\/schema\/person\/4987b659851959f54148884461da99ca\"},\"headline\":\"Ricamare l&rsquo;alfabeto\",\"datePublished\":\"2017-09-27T10:49:09+00:00\",\"dateModified\":\"2021-04-02T12:14:49+00:00\",\"mainEntityOfPage\":{\"@id\":\"https:\/\/www.sgeaj.ch\/fr\/actualite\/nouvelles-publications\/publicazione-ricamare-lalfabeto\/\"},\"wordCount\":198,\"publisher\":{\"@id\":\"https:\/\/www.sgeaj.ch\/fr\/#organization\"},\"image\":{\"@id\":\"https:\/\/www.sgeaj.ch\/fr\/actualite\/nouvelles-publications\/publicazione-ricamare-lalfabeto\/#primaryimage\"},\"thumbnailUrl\":\"https:\/\/www.sgeaj.ch\/wp-content\/uploads\/2017\/09\/2017-alfabeto.jpg\",\"articleSection\":[\"Actualit\u00e9\",\"Nouvelles publications\"],\"inLanguage\":\"fr-FR\"},{\"@type\":\"WebPage\",\"@id\":\"https:\/\/www.sgeaj.ch\/fr\/actualite\/nouvelles-publications\/publicazione-ricamare-lalfabeto\/\",\"url\":\"https:\/\/www.sgeaj.ch\/fr\/actualite\/nouvelles-publications\/publicazione-ricamare-lalfabeto\/\",\"name\":\"Ricamare l'alfabeto - Schweizerische Gesellschaft f\u00fcr die Erforschung des 18. Jahrhunderts (SGEAJ - SSEDS)\",\"isPartOf\":{\"@id\":\"https:\/\/www.sgeaj.ch\/fr\/#website\"},\"primaryImageOfPage\":{\"@id\":\"https:\/\/www.sgeaj.ch\/fr\/actualite\/nouvelles-publications\/publicazione-ricamare-lalfabeto\/#primaryimage\"},\"image\":{\"@id\":\"https:\/\/www.sgeaj.ch\/fr\/actualite\/nouvelles-publications\/publicazione-ricamare-lalfabeto\/#primaryimage\"},\"thumbnailUrl\":\"https:\/\/www.sgeaj.ch\/wp-content\/uploads\/2017\/09\/2017-alfabeto.jpg\",\"datePublished\":\"2017-09-27T10:49:09+00:00\",\"dateModified\":\"2021-04-02T12:14:49+00:00\",\"inLanguage\":\"fr-FR\",\"potentialAction\":[{\"@type\":\"ReadAction\",\"target\":[\"https:\/\/www.sgeaj.ch\/fr\/actualite\/nouvelles-publications\/publicazione-ricamare-lalfabeto\/\"]}]},{\"@type\":\"ImageObject\",\"inLanguage\":\"fr-FR\",\"@id\":\"https:\/\/www.sgeaj.ch\/fr\/actualite\/nouvelles-publications\/publicazione-ricamare-lalfabeto\/#primaryimage\",\"url\":\"https:\/\/www.sgeaj.ch\/wp-content\/uploads\/2017\/09\/2017-alfabeto.jpg\",\"contentUrl\":\"https:\/\/www.sgeaj.ch\/wp-content\/uploads\/2017\/09\/2017-alfabeto.jpg\",\"width\":1152,\"height\":1420},{\"@type\":\"WebSite\",\"@id\":\"https:\/\/www.sgeaj.ch\/fr\/#website\",\"url\":\"https:\/\/www.sgeaj.ch\/fr\/\",\"name\":\"Schweizerische Gesellschaft f\u00fcr die Erforschung des 18. Jahrhunderts (SGEAJ - SSEDS)\",\"description\":\"Schweizerische Gesellschaft f\u00fcr die Erforschung des 18. Jahrhunderts\",\"publisher\":{\"@id\":\"https:\/\/www.sgeaj.ch\/fr\/#organization\"},\"potentialAction\":[{\"@type\":\"SearchAction\",\"target\":{\"@type\":\"EntryPoint\",\"urlTemplate\":\"https:\/\/www.sgeaj.ch\/fr\/?s={search_term_string}\"},\"query-input\":{\"@type\":\"PropertyValueSpecification\",\"valueRequired\":true,\"valueName\":\"search_term_string\"}}],\"inLanguage\":\"fr-FR\"},{\"@type\":\"Organization\",\"@id\":\"https:\/\/www.sgeaj.ch\/fr\/#organization\",\"name\":\"Schweizerische Gesellschaft f\u00fcr die Erforschung des 18. Jahrhunderts (SGEAJ - SSEDS)\",\"url\":\"https:\/\/www.sgeaj.ch\/fr\/\",\"logo\":{\"@type\":\"ImageObject\",\"inLanguage\":\"fr-FR\",\"@id\":\"https:\/\/www.sgeaj.ch\/fr\/#\/schema\/logo\/image\/\",\"url\":\"https:\/\/www.sgeaj.ch\/wp-content\/uploads\/2021\/06\/cropped-logo-xviiies-horiz-abreuviations-bleues.png\",\"contentUrl\":\"https:\/\/www.sgeaj.ch\/wp-content\/uploads\/2021\/06\/cropped-logo-xviiies-horiz-abreuviations-bleues.png\",\"width\":659,\"height\":335,\"caption\":\"Schweizerische Gesellschaft f\u00fcr die Erforschung des 18. Jahrhunderts (SGEAJ - SSEDS)\"},\"image\":{\"@id\":\"https:\/\/www.sgeaj.ch\/fr\/#\/schema\/logo\/image\/\"}},{\"@type\":\"Person\",\"@id\":\"https:\/\/www.sgeaj.ch\/fr\/#\/schema\/person\/4987b659851959f54148884461da99ca\",\"name\":\"Meike Knittel\",\"url\":\"https:\/\/www.sgeaj.ch\/fr\/author\/mknittel\/\"}]}<\/script>\n<!-- \/ Yoast SEO plugin. -->","yoast_head_json":{"title":"Ricamare l'alfabeto - Schweizerische Gesellschaft f\u00fcr die Erforschung des 18. Jahrhunderts (SGEAJ - SSEDS)","robots":{"index":"index","follow":"follow","max-snippet":"max-snippet:-1","max-image-preview":"max-image-preview:large","max-video-preview":"max-video-preview:-1"},"canonical":"https:\/\/www.sgeaj.ch\/fr\/actualite\/nouvelles-publications\/publicazione-ricamare-lalfabeto\/","twitter_misc":{"\u00c9crit par":"Meike Knittel","Dur\u00e9e de lecture estim\u00e9e":"1 minute"},"schema":{"@context":"https:\/\/schema.org","@graph":[{"@type":"Article","@id":"https:\/\/www.sgeaj.ch\/fr\/actualite\/nouvelles-publications\/publicazione-ricamare-lalfabeto\/#article","isPartOf":{"@id":"https:\/\/www.sgeaj.ch\/fr\/actualite\/nouvelles-publications\/publicazione-ricamare-lalfabeto\/"},"author":{"name":"Meike Knittel","@id":"https:\/\/www.sgeaj.ch\/fr\/#\/schema\/person\/4987b659851959f54148884461da99ca"},"headline":"Ricamare l&rsquo;alfabeto","datePublished":"2017-09-27T10:49:09+00:00","dateModified":"2021-04-02T12:14:49+00:00","mainEntityOfPage":{"@id":"https:\/\/www.sgeaj.ch\/fr\/actualite\/nouvelles-publications\/publicazione-ricamare-lalfabeto\/"},"wordCount":198,"publisher":{"@id":"https:\/\/www.sgeaj.ch\/fr\/#organization"},"image":{"@id":"https:\/\/www.sgeaj.ch\/fr\/actualite\/nouvelles-publications\/publicazione-ricamare-lalfabeto\/#primaryimage"},"thumbnailUrl":"https:\/\/www.sgeaj.ch\/wp-content\/uploads\/2017\/09\/2017-alfabeto.jpg","articleSection":["Actualit\u00e9","Nouvelles publications"],"inLanguage":"fr-FR"},{"@type":"WebPage","@id":"https:\/\/www.sgeaj.ch\/fr\/actualite\/nouvelles-publications\/publicazione-ricamare-lalfabeto\/","url":"https:\/\/www.sgeaj.ch\/fr\/actualite\/nouvelles-publications\/publicazione-ricamare-lalfabeto\/","name":"Ricamare l'alfabeto - Schweizerische Gesellschaft f\u00fcr die Erforschung des 18. Jahrhunderts (SGEAJ - SSEDS)","isPartOf":{"@id":"https:\/\/www.sgeaj.ch\/fr\/#website"},"primaryImageOfPage":{"@id":"https:\/\/www.sgeaj.ch\/fr\/actualite\/nouvelles-publications\/publicazione-ricamare-lalfabeto\/#primaryimage"},"image":{"@id":"https:\/\/www.sgeaj.ch\/fr\/actualite\/nouvelles-publications\/publicazione-ricamare-lalfabeto\/#primaryimage"},"thumbnailUrl":"https:\/\/www.sgeaj.ch\/wp-content\/uploads\/2017\/09\/2017-alfabeto.jpg","datePublished":"2017-09-27T10:49:09+00:00","dateModified":"2021-04-02T12:14:49+00:00","inLanguage":"fr-FR","potentialAction":[{"@type":"ReadAction","target":["https:\/\/www.sgeaj.ch\/fr\/actualite\/nouvelles-publications\/publicazione-ricamare-lalfabeto\/"]}]},{"@type":"ImageObject","inLanguage":"fr-FR","@id":"https:\/\/www.sgeaj.ch\/fr\/actualite\/nouvelles-publications\/publicazione-ricamare-lalfabeto\/#primaryimage","url":"https:\/\/www.sgeaj.ch\/wp-content\/uploads\/2017\/09\/2017-alfabeto.jpg","contentUrl":"https:\/\/www.sgeaj.ch\/wp-content\/uploads\/2017\/09\/2017-alfabeto.jpg","width":1152,"height":1420},{"@type":"WebSite","@id":"https:\/\/www.sgeaj.ch\/fr\/#website","url":"https:\/\/www.sgeaj.ch\/fr\/","name":"Schweizerische Gesellschaft f\u00fcr die Erforschung des 18. Jahrhunderts (SGEAJ - SSEDS)","description":"Schweizerische Gesellschaft f\u00fcr die Erforschung des 18. Jahrhunderts","publisher":{"@id":"https:\/\/www.sgeaj.ch\/fr\/#organization"},"potentialAction":[{"@type":"SearchAction","target":{"@type":"EntryPoint","urlTemplate":"https:\/\/www.sgeaj.ch\/fr\/?s={search_term_string}"},"query-input":{"@type":"PropertyValueSpecification","valueRequired":true,"valueName":"search_term_string"}}],"inLanguage":"fr-FR"},{"@type":"Organization","@id":"https:\/\/www.sgeaj.ch\/fr\/#organization","name":"Schweizerische Gesellschaft f\u00fcr die Erforschung des 18. Jahrhunderts (SGEAJ - SSEDS)","url":"https:\/\/www.sgeaj.ch\/fr\/","logo":{"@type":"ImageObject","inLanguage":"fr-FR","@id":"https:\/\/www.sgeaj.ch\/fr\/#\/schema\/logo\/image\/","url":"https:\/\/www.sgeaj.ch\/wp-content\/uploads\/2021\/06\/cropped-logo-xviiies-horiz-abreuviations-bleues.png","contentUrl":"https:\/\/www.sgeaj.ch\/wp-content\/uploads\/2021\/06\/cropped-logo-xviiies-horiz-abreuviations-bleues.png","width":659,"height":335,"caption":"Schweizerische Gesellschaft f\u00fcr die Erforschung des 18. Jahrhunderts (SGEAJ - SSEDS)"},"image":{"@id":"https:\/\/www.sgeaj.ch\/fr\/#\/schema\/logo\/image\/"}},{"@type":"Person","@id":"https:\/\/www.sgeaj.ch\/fr\/#\/schema\/person\/4987b659851959f54148884461da99ca","name":"Meike Knittel","url":"https:\/\/www.sgeaj.ch\/fr\/author\/mknittel\/"}]}},"_links":{"self":[{"href":"https:\/\/www.sgeaj.ch\/fr\/wp-json\/wp\/v2\/posts\/5879","targetHints":{"allow":["GET"]}}],"collection":[{"href":"https:\/\/www.sgeaj.ch\/fr\/wp-json\/wp\/v2\/posts"}],"about":[{"href":"https:\/\/www.sgeaj.ch\/fr\/wp-json\/wp\/v2\/types\/post"}],"author":[{"embeddable":true,"href":"https:\/\/www.sgeaj.ch\/fr\/wp-json\/wp\/v2\/users\/5"}],"replies":[{"embeddable":true,"href":"https:\/\/www.sgeaj.ch\/fr\/wp-json\/wp\/v2\/comments?post=5879"}],"version-history":[{"count":1,"href":"https:\/\/www.sgeaj.ch\/fr\/wp-json\/wp\/v2\/posts\/5879\/revisions"}],"predecessor-version":[{"id":5881,"href":"https:\/\/www.sgeaj.ch\/fr\/wp-json\/wp\/v2\/posts\/5879\/revisions\/5881"}],"wp:featuredmedia":[{"embeddable":true,"href":"https:\/\/www.sgeaj.ch\/fr\/wp-json\/wp\/v2\/media\/3624"}],"wp:attachment":[{"href":"https:\/\/www.sgeaj.ch\/fr\/wp-json\/wp\/v2\/media?parent=5879"}],"wp:term":[{"taxonomy":"category","embeddable":true,"href":"https:\/\/www.sgeaj.ch\/fr\/wp-json\/wp\/v2\/categories?post=5879"},{"taxonomy":"post_tag","embeddable":true,"href":"https:\/\/www.sgeaj.ch\/fr\/wp-json\/wp\/v2\/tags?post=5879"}],"curies":[{"name":"wp","href":"https:\/\/api.w.org\/{rel}","templated":true}]}}