{"id":5974,"date":"2020-11-21T10:40:22","date_gmt":"2020-11-21T09:40:22","guid":{"rendered":"https:\/\/www.sgeaj.ch\/non-classifiee\/call-for-papers-seminaire-des-jeunes-dix-huitiemistes-21-6-2-7-2021-online\/"},"modified":"2021-04-02T16:18:50","modified_gmt":"2021-04-02T14:18:50","slug":"call-for-papers-seminaire-des-jeunes-dix-huitiemistes-21-6-2-7-2021-online","status":"publish","type":"post","link":"https:\/\/www.sgeaj.ch\/fr\/actualite\/call-for-papers-fr\/call-for-papers-seminaire-des-jeunes-dix-huitiemistes-21-6-2-7-2021-online\/","title":{"rendered":"S\u00e9minaire des jeunes dix-huiti\u00e9mistes"},"content":{"rendered":"\n<p>L\u2019appel \u00e0 candidatures pour le prochain S\u00e9minaire international de la SIEDS pour les jeunes dix-huiti\u00e9mistes vient de para\u00eetre, gr\u00e2ce au travail soutenu et \u00e0 l\u2019ing\u00e9niosit\u00e9 de Dena Goodman et David Porter de l\u2019Universit\u00e9 d\u2019Ann Arbor, au Michigan. L\u2019\u00e9v\u00e9nement a pour th\u00e8me \u00ab\u00a0La cr\u00e9dulit\u00e9 \u00e0 l\u2019\u00e2ge de la raison\u00a0\u00bb, et se tiendra du 21 juin au 2 juillet 2021. Le s\u00e9minaire est organis\u00e9 en <strong>mode virtuel<\/strong>, et une l\u00e9g\u00e8re compensation de 500$ sera octroy\u00e9e afin de soutenir chaque participant. La date limite pour l\u2019envoi de propositions est le <strong>15 f\u00e9vrier 2021<\/strong>. Pour plus d\u2019informations, veuillez suivre <a href=\"https:\/\/oraprdnt.uqtr.uquebec.ca\/pls\/public\/gscw031?owa_no_site=307&amp;owa_no_fiche=508&amp;owa_no_rubrique=2\" target=\"_blank\" rel=\"noreferrer noopener\">ce lien.<\/a><\/p>\n","protected":false},"excerpt":{"rendered":"<p>L\u2019appel \u00e0 candidatures pour le prochain S\u00e9minaire international de la SIEDS pour les jeunes dix-huiti\u00e9mistes vient de para\u00eetre, gr\u00e2ce au travail soutenu et \u00e0 l\u2019ing\u00e9niosit\u00e9 de Dena Goodman et David Porter de l\u2019Universit\u00e9 d\u2019Ann Arbor, au Michigan. L\u2019\u00e9v\u00e9nement a pour th\u00e8me \u00ab\u00a0La cr\u00e9dulit\u00e9 \u00e0 l\u2019\u00e2ge de la raison\u00a0\u00bb, et se tiendra du 21 juin au [&hellip;]<\/p>\n","protected":false},"author":7,"featured_media":4731,"comment_status":"closed","ping_status":"open","sticky":false,"template":"","format":"standard","meta":{"footnotes":""},"categories":[42,26],"tags":[],"class_list":{"0":"post-5974","1":"post","2":"type-post","3":"status-publish","4":"format-standard","5":"has-post-thumbnail","7":"category-actualite","8":"category-call-for-papers-fr","9":"czr-hentry"},"yoast_head":"<!-- This site is optimized with the Yoast SEO plugin v26.9 - https:\/\/yoast.com\/product\/yoast-seo-wordpress\/ -->\n<title>S\u00e9minaire des jeunes dix-huiti\u00e9mistes - Schweizerische Gesellschaft f\u00fcr die Erforschung des 18. Jahrhunderts (SGEAJ - SSEDS)<\/title>\n<meta name=\"robots\" content=\"index, follow, max-snippet:-1, max-image-preview:large, max-video-preview:-1\" \/>\n<link rel=\"canonical\" href=\"https:\/\/www.sgeaj.ch\/fr\/actualite\/call-for-papers-fr\/call-for-papers-seminaire-des-jeunes-dix-huitiemistes-21-6-2-7-2021-online\/\" \/>\n<meta name=\"twitter:label1\" content=\"\u00c9crit par\" \/>\n\t<meta name=\"twitter:data1\" content=\"Nadja Ackermann\" \/>\n\t<meta name=\"twitter:label2\" content=\"Dur\u00e9e de lecture estim\u00e9e\" \/>\n\t<meta name=\"twitter:data2\" content=\"1 minute\" \/>\n<script type=\"application\/ld+json\" class=\"yoast-schema-graph\">{\"@context\":\"https:\/\/schema.org\",\"@graph\":[{\"@type\":\"Article\",\"@id\":\"https:\/\/www.sgeaj.ch\/fr\/actualite\/call-for-papers-fr\/call-for-papers-seminaire-des-jeunes-dix-huitiemistes-21-6-2-7-2021-online\/#article\",\"isPartOf\":{\"@id\":\"https:\/\/www.sgeaj.ch\/fr\/actualite\/call-for-papers-fr\/call-for-papers-seminaire-des-jeunes-dix-huitiemistes-21-6-2-7-2021-online\/\"},\"author\":{\"name\":\"Nadja Ackermann\",\"@id\":\"https:\/\/www.sgeaj.ch\/fr\/#\/schema\/person\/2cd839eed625879a17645fc9f307c8e7\"},\"headline\":\"S\u00e9minaire des jeunes dix-huiti\u00e9mistes\",\"datePublished\":\"2020-11-21T09:40:22+00:00\",\"dateModified\":\"2021-04-02T14:18:50+00:00\",\"mainEntityOfPage\":{\"@id\":\"https:\/\/www.sgeaj.ch\/fr\/actualite\/call-for-papers-fr\/call-for-papers-seminaire-des-jeunes-dix-huitiemistes-21-6-2-7-2021-online\/\"},\"wordCount\":115,\"publisher\":{\"@id\":\"https:\/\/www.sgeaj.ch\/fr\/#organization\"},\"image\":{\"@id\":\"https:\/\/www.sgeaj.ch\/fr\/actualite\/call-for-papers-fr\/call-for-papers-seminaire-des-jeunes-dix-huitiemistes-21-6-2-7-2021-online\/#primaryimage\"},\"thumbnailUrl\":\"https:\/\/www.sgeaj.ch\/wp-content\/uploads\/2020\/11\/ISECS-seminar-2021.png\",\"articleSection\":[\"Actualit\u00e9\",\"Call for Papers\"],\"inLanguage\":\"fr-FR\"},{\"@type\":\"WebPage\",\"@id\":\"https:\/\/www.sgeaj.ch\/fr\/actualite\/call-for-papers-fr\/call-for-papers-seminaire-des-jeunes-dix-huitiemistes-21-6-2-7-2021-online\/\",\"url\":\"https:\/\/www.sgeaj.ch\/fr\/actualite\/call-for-papers-fr\/call-for-papers-seminaire-des-jeunes-dix-huitiemistes-21-6-2-7-2021-online\/\",\"name\":\"S\u00e9minaire des jeunes dix-huiti\u00e9mistes - Schweizerische Gesellschaft f\u00fcr die Erforschung des 18. Jahrhunderts (SGEAJ - SSEDS)\",\"isPartOf\":{\"@id\":\"https:\/\/www.sgeaj.ch\/fr\/#website\"},\"primaryImageOfPage\":{\"@id\":\"https:\/\/www.sgeaj.ch\/fr\/actualite\/call-for-papers-fr\/call-for-papers-seminaire-des-jeunes-dix-huitiemistes-21-6-2-7-2021-online\/#primaryimage\"},\"image\":{\"@id\":\"https:\/\/www.sgeaj.ch\/fr\/actualite\/call-for-papers-fr\/call-for-papers-seminaire-des-jeunes-dix-huitiemistes-21-6-2-7-2021-online\/#primaryimage\"},\"thumbnailUrl\":\"https:\/\/www.sgeaj.ch\/wp-content\/uploads\/2020\/11\/ISECS-seminar-2021.png\",\"datePublished\":\"2020-11-21T09:40:22+00:00\",\"dateModified\":\"2021-04-02T14:18:50+00:00\",\"inLanguage\":\"fr-FR\",\"potentialAction\":[{\"@type\":\"ReadAction\",\"target\":[\"https:\/\/www.sgeaj.ch\/fr\/actualite\/call-for-papers-fr\/call-for-papers-seminaire-des-jeunes-dix-huitiemistes-21-6-2-7-2021-online\/\"]}]},{\"@type\":\"ImageObject\",\"inLanguage\":\"fr-FR\",\"@id\":\"https:\/\/www.sgeaj.ch\/fr\/actualite\/call-for-papers-fr\/call-for-papers-seminaire-des-jeunes-dix-huitiemistes-21-6-2-7-2021-online\/#primaryimage\",\"url\":\"https:\/\/www.sgeaj.ch\/wp-content\/uploads\/2020\/11\/ISECS-seminar-2021.png\",\"contentUrl\":\"https:\/\/www.sgeaj.ch\/wp-content\/uploads\/2020\/11\/ISECS-seminar-2021.png\",\"width\":1840,\"height\":740},{\"@type\":\"WebSite\",\"@id\":\"https:\/\/www.sgeaj.ch\/fr\/#website\",\"url\":\"https:\/\/www.sgeaj.ch\/fr\/\",\"name\":\"Schweizerische Gesellschaft f\u00fcr die Erforschung des 18. Jahrhunderts (SGEAJ - SSEDS)\",\"description\":\"Schweizerische Gesellschaft f\u00fcr die Erforschung des 18. Jahrhunderts\",\"publisher\":{\"@id\":\"https:\/\/www.sgeaj.ch\/fr\/#organization\"},\"potentialAction\":[{\"@type\":\"SearchAction\",\"target\":{\"@type\":\"EntryPoint\",\"urlTemplate\":\"https:\/\/www.sgeaj.ch\/fr\/?s={search_term_string}\"},\"query-input\":{\"@type\":\"PropertyValueSpecification\",\"valueRequired\":true,\"valueName\":\"search_term_string\"}}],\"inLanguage\":\"fr-FR\"},{\"@type\":\"Organization\",\"@id\":\"https:\/\/www.sgeaj.ch\/fr\/#organization\",\"name\":\"Schweizerische Gesellschaft f\u00fcr die Erforschung des 18. Jahrhunderts (SGEAJ - SSEDS)\",\"url\":\"https:\/\/www.sgeaj.ch\/fr\/\",\"logo\":{\"@type\":\"ImageObject\",\"inLanguage\":\"fr-FR\",\"@id\":\"https:\/\/www.sgeaj.ch\/fr\/#\/schema\/logo\/image\/\",\"url\":\"https:\/\/www.sgeaj.ch\/wp-content\/uploads\/2021\/06\/cropped-logo-xviiies-horiz-abreuviations-bleues.png\",\"contentUrl\":\"https:\/\/www.sgeaj.ch\/wp-content\/uploads\/2021\/06\/cropped-logo-xviiies-horiz-abreuviations-bleues.png\",\"width\":659,\"height\":335,\"caption\":\"Schweizerische Gesellschaft f\u00fcr die Erforschung des 18. Jahrhunderts (SGEAJ - SSEDS)\"},\"image\":{\"@id\":\"https:\/\/www.sgeaj.ch\/fr\/#\/schema\/logo\/image\/\"}},{\"@type\":\"Person\",\"@id\":\"https:\/\/www.sgeaj.ch\/fr\/#\/schema\/person\/2cd839eed625879a17645fc9f307c8e7\",\"name\":\"Nadja Ackermann\",\"url\":\"https:\/\/www.sgeaj.ch\/fr\/author\/naackermann\/\"}]}<\/script>\n<!-- \/ Yoast SEO plugin. -->","yoast_head_json":{"title":"S\u00e9minaire des jeunes dix-huiti\u00e9mistes - Schweizerische Gesellschaft f\u00fcr die Erforschung des 18. Jahrhunderts (SGEAJ - SSEDS)","robots":{"index":"index","follow":"follow","max-snippet":"max-snippet:-1","max-image-preview":"max-image-preview:large","max-video-preview":"max-video-preview:-1"},"canonical":"https:\/\/www.sgeaj.ch\/fr\/actualite\/call-for-papers-fr\/call-for-papers-seminaire-des-jeunes-dix-huitiemistes-21-6-2-7-2021-online\/","twitter_misc":{"\u00c9crit par":"Nadja Ackermann","Dur\u00e9e de lecture estim\u00e9e":"1 minute"},"schema":{"@context":"https:\/\/schema.org","@graph":[{"@type":"Article","@id":"https:\/\/www.sgeaj.ch\/fr\/actualite\/call-for-papers-fr\/call-for-papers-seminaire-des-jeunes-dix-huitiemistes-21-6-2-7-2021-online\/#article","isPartOf":{"@id":"https:\/\/www.sgeaj.ch\/fr\/actualite\/call-for-papers-fr\/call-for-papers-seminaire-des-jeunes-dix-huitiemistes-21-6-2-7-2021-online\/"},"author":{"name":"Nadja Ackermann","@id":"https:\/\/www.sgeaj.ch\/fr\/#\/schema\/person\/2cd839eed625879a17645fc9f307c8e7"},"headline":"S\u00e9minaire des jeunes dix-huiti\u00e9mistes","datePublished":"2020-11-21T09:40:22+00:00","dateModified":"2021-04-02T14:18:50+00:00","mainEntityOfPage":{"@id":"https:\/\/www.sgeaj.ch\/fr\/actualite\/call-for-papers-fr\/call-for-papers-seminaire-des-jeunes-dix-huitiemistes-21-6-2-7-2021-online\/"},"wordCount":115,"publisher":{"@id":"https:\/\/www.sgeaj.ch\/fr\/#organization"},"image":{"@id":"https:\/\/www.sgeaj.ch\/fr\/actualite\/call-for-papers-fr\/call-for-papers-seminaire-des-jeunes-dix-huitiemistes-21-6-2-7-2021-online\/#primaryimage"},"thumbnailUrl":"https:\/\/www.sgeaj.ch\/wp-content\/uploads\/2020\/11\/ISECS-seminar-2021.png","articleSection":["Actualit\u00e9","Call for Papers"],"inLanguage":"fr-FR"},{"@type":"WebPage","@id":"https:\/\/www.sgeaj.ch\/fr\/actualite\/call-for-papers-fr\/call-for-papers-seminaire-des-jeunes-dix-huitiemistes-21-6-2-7-2021-online\/","url":"https:\/\/www.sgeaj.ch\/fr\/actualite\/call-for-papers-fr\/call-for-papers-seminaire-des-jeunes-dix-huitiemistes-21-6-2-7-2021-online\/","name":"S\u00e9minaire des jeunes dix-huiti\u00e9mistes - Schweizerische Gesellschaft f\u00fcr die Erforschung des 18. Jahrhunderts (SGEAJ - SSEDS)","isPartOf":{"@id":"https:\/\/www.sgeaj.ch\/fr\/#website"},"primaryImageOfPage":{"@id":"https:\/\/www.sgeaj.ch\/fr\/actualite\/call-for-papers-fr\/call-for-papers-seminaire-des-jeunes-dix-huitiemistes-21-6-2-7-2021-online\/#primaryimage"},"image":{"@id":"https:\/\/www.sgeaj.ch\/fr\/actualite\/call-for-papers-fr\/call-for-papers-seminaire-des-jeunes-dix-huitiemistes-21-6-2-7-2021-online\/#primaryimage"},"thumbnailUrl":"https:\/\/www.sgeaj.ch\/wp-content\/uploads\/2020\/11\/ISECS-seminar-2021.png","datePublished":"2020-11-21T09:40:22+00:00","dateModified":"2021-04-02T14:18:50+00:00","inLanguage":"fr-FR","potentialAction":[{"@type":"ReadAction","target":["https:\/\/www.sgeaj.ch\/fr\/actualite\/call-for-papers-fr\/call-for-papers-seminaire-des-jeunes-dix-huitiemistes-21-6-2-7-2021-online\/"]}]},{"@type":"ImageObject","inLanguage":"fr-FR","@id":"https:\/\/www.sgeaj.ch\/fr\/actualite\/call-for-papers-fr\/call-for-papers-seminaire-des-jeunes-dix-huitiemistes-21-6-2-7-2021-online\/#primaryimage","url":"https:\/\/www.sgeaj.ch\/wp-content\/uploads\/2020\/11\/ISECS-seminar-2021.png","contentUrl":"https:\/\/www.sgeaj.ch\/wp-content\/uploads\/2020\/11\/ISECS-seminar-2021.png","width":1840,"height":740},{"@type":"WebSite","@id":"https:\/\/www.sgeaj.ch\/fr\/#website","url":"https:\/\/www.sgeaj.ch\/fr\/","name":"Schweizerische Gesellschaft f\u00fcr die Erforschung des 18. Jahrhunderts (SGEAJ - SSEDS)","description":"Schweizerische Gesellschaft f\u00fcr die Erforschung des 18. Jahrhunderts","publisher":{"@id":"https:\/\/www.sgeaj.ch\/fr\/#organization"},"potentialAction":[{"@type":"SearchAction","target":{"@type":"EntryPoint","urlTemplate":"https:\/\/www.sgeaj.ch\/fr\/?s={search_term_string}"},"query-input":{"@type":"PropertyValueSpecification","valueRequired":true,"valueName":"search_term_string"}}],"inLanguage":"fr-FR"},{"@type":"Organization","@id":"https:\/\/www.sgeaj.ch\/fr\/#organization","name":"Schweizerische Gesellschaft f\u00fcr die Erforschung des 18. Jahrhunderts (SGEAJ - SSEDS)","url":"https:\/\/www.sgeaj.ch\/fr\/","logo":{"@type":"ImageObject","inLanguage":"fr-FR","@id":"https:\/\/www.sgeaj.ch\/fr\/#\/schema\/logo\/image\/","url":"https:\/\/www.sgeaj.ch\/wp-content\/uploads\/2021\/06\/cropped-logo-xviiies-horiz-abreuviations-bleues.png","contentUrl":"https:\/\/www.sgeaj.ch\/wp-content\/uploads\/2021\/06\/cropped-logo-xviiies-horiz-abreuviations-bleues.png","width":659,"height":335,"caption":"Schweizerische Gesellschaft f\u00fcr die Erforschung des 18. Jahrhunderts (SGEAJ - SSEDS)"},"image":{"@id":"https:\/\/www.sgeaj.ch\/fr\/#\/schema\/logo\/image\/"}},{"@type":"Person","@id":"https:\/\/www.sgeaj.ch\/fr\/#\/schema\/person\/2cd839eed625879a17645fc9f307c8e7","name":"Nadja Ackermann","url":"https:\/\/www.sgeaj.ch\/fr\/author\/naackermann\/"}]}},"_links":{"self":[{"href":"https:\/\/www.sgeaj.ch\/fr\/wp-json\/wp\/v2\/posts\/5974","targetHints":{"allow":["GET"]}}],"collection":[{"href":"https:\/\/www.sgeaj.ch\/fr\/wp-json\/wp\/v2\/posts"}],"about":[{"href":"https:\/\/www.sgeaj.ch\/fr\/wp-json\/wp\/v2\/types\/post"}],"author":[{"embeddable":true,"href":"https:\/\/www.sgeaj.ch\/fr\/wp-json\/wp\/v2\/users\/7"}],"replies":[{"embeddable":true,"href":"https:\/\/www.sgeaj.ch\/fr\/wp-json\/wp\/v2\/comments?post=5974"}],"version-history":[{"count":1,"href":"https:\/\/www.sgeaj.ch\/fr\/wp-json\/wp\/v2\/posts\/5974\/revisions"}],"predecessor-version":[{"id":5976,"href":"https:\/\/www.sgeaj.ch\/fr\/wp-json\/wp\/v2\/posts\/5974\/revisions\/5976"}],"wp:featuredmedia":[{"embeddable":true,"href":"https:\/\/www.sgeaj.ch\/fr\/wp-json\/wp\/v2\/media\/4731"}],"wp:attachment":[{"href":"https:\/\/www.sgeaj.ch\/fr\/wp-json\/wp\/v2\/media?parent=5974"}],"wp:term":[{"taxonomy":"category","embeddable":true,"href":"https:\/\/www.sgeaj.ch\/fr\/wp-json\/wp\/v2\/categories?post=5974"},{"taxonomy":"post_tag","embeddable":true,"href":"https:\/\/www.sgeaj.ch\/fr\/wp-json\/wp\/v2\/tags?post=5974"}],"curies":[{"name":"wp","href":"https:\/\/api.w.org\/{rel}","templated":true}]}}