{"id":5978,"date":"2020-11-03T17:00:21","date_gmt":"2020-11-03T16:00:21","guid":{"rendered":"https:\/\/www.sgeaj.ch\/non-classifiee\/call-for-papers\/"},"modified":"2023-01-23T16:06:59","modified_gmt":"2023-01-23T15:06:59","slug":"call-for-papers","status":"publish","type":"post","link":"https:\/\/www.sgeaj.ch\/fr\/actualite\/call-for-papers-fr\/call-for-papers\/","title":{"rendered":"Das Corps helv\u00e9tique und Frankreich (1660-1792)"},"content":{"rendered":"\n<h2 class=\"has-text-align-left wp-block-heading\">Das <em>Corps helv\u00e9tique<\/em> und Frankreich (1660-1792). Transfers, Asymmetrien und Interdependenzen zwischen ungleichen Partnern, Schloss Waldegg (Solothurn), 28.-30. April 2022<\/h2>\n\n\n\n<p>Zwar erhielten das Corps helv\u00e9tique und das K\u00f6nigreich Frankreich erst in der zweiten H\u00e4lfte des 17. Jahrhunderts eine l\u00e4ngere gemeinsame Grenze, doch waren die politischen, diplomatischen und wirtschaftlichen Beziehungen zwischen den beiden ungleichen L\u00e4ndern schon seit dem fr\u00fchen 16. Jahrhundert sehr eng. Nicht nur auf dem Feld der Politik und Diplomatie bestimmten N\u00e4he und Distanz, Abh\u00e4ngigkeit und Absetzung die Beziehungen des Corps helv\u00e9tique zu Frankreich. Dies gilt auch f\u00fcr die K\u00fcnste, die Literatur, die Architektur und die kulturellen Praktiken bis hin zur Mode und dem Konsum.<\/p>\n\n\n\n<p>Die Tagung will die schweizerisch-franz\u00f6sischen Beziehungen im sp\u00e4ten Ancien R\u00e9gime im Hinblick auf die Spannungen zwischen N\u00e4he und Distanz, zwischen Bewunderung und Ablehnung, zwischen Abh\u00e4ngigkeit und Emanzipation, Asymmetrie und Symbiose gem\u00e4ss dem interdisziplin\u00e4ren Selbstverst\u00e4ndnis der Schweizerischen Gesellschaft f\u00fcr die Erforschung des 18. Jahrhunderts ausleuchten.<br>Dies \u00f6ffnet den Blick f\u00fcr eine Vielzahl von Themen: das Milit\u00e4runternehmertum und die Fremden Dienste; die diplomatischen Beziehungen; Handelsbeziehungen und Schmuggel; Migrationsbewegungen; Aneignungen, Transfers und Kritik kultureller Muster in Kunst, Architektur, Literatur, Konsum und Mode; Kontakte und Beziehungen unter Gelehrten; Erfahrungen und Wahrnehmungen von Reisenden; die Entstehung und Erfahrung der gemeinsamen Grenze; die Konstruktion von Eigen- und Fremdbildern u.a.m.<\/p>\n\n\n<div class=\"wp-block-image\">\n<figure class=\"alignright\"><img loading=\"lazy\" decoding=\"async\" width=\"300\" height=\"250\" src=\"https:\/\/www.sgeaj.ch\/wp-content\/uploads\/2020\/10\/Suisse-France-300x250.png\" alt=\"\" class=\"wp-image-4410\" srcset=\"https:\/\/www.sgeaj.ch\/wp-content\/uploads\/2020\/10\/Suisse-France-300x250.png 300w, https:\/\/www.sgeaj.ch\/wp-content\/uploads\/2020\/10\/Suisse-France-150x125.png 150w, https:\/\/www.sgeaj.ch\/wp-content\/uploads\/2020\/10\/Suisse-France.png 611w\" sizes=\"auto, (max-width: 300px) 100vw, 300px\" \/><\/figure>\n<\/div>\n\n\n<p>F\u00fcr Einzelreferate sind 25 Minuten, f\u00fcr Gemeinschaftsreferate 40 Minuten vorgesehen. <strong>Konzepte f\u00fcr Tagungsbeitr\u00e4ge sind auf Deutsch, Franz\u00f6sisch oder Englisch<\/strong> (max. 300 W\u00f6rter) bis zum <strong>31. M\u00e4rz 2021<\/strong> bei Claire Gantet (claire.gantet[at]unifr.ch) oder Andr\u00e9 Holenstein (andre.holenstein[at]hist.unibe.ch) einzureichen. Das wissenschaftliche Tagungskomitee wird dazu bis zum 30. Juni 2021 Stellung beziehen<\/p>\n\n\n\n<p><\/p>\n\n\n\n<p><\/p>\n","protected":false},"excerpt":{"rendered":"<p>Das Corps helv\u00e9tique und Frankreich (1660-1792). Transfers, Asymmetrien und Interdependenzen zwischen ungleichen Partnern, Schloss Waldegg (Solothurn), 28.-30. April 2022 Zwar erhielten das Corps helv\u00e9tique und das K\u00f6nigreich Frankreich erst in der zweiten H\u00e4lfte des 17. Jahrhunderts eine l\u00e4ngere gemeinsame Grenze, doch waren die politischen, diplomatischen und wirtschaftlichen Beziehungen zwischen den beiden ungleichen L\u00e4ndern schon seit [&hellip;]<\/p>\n","protected":false},"author":7,"featured_media":4362,"comment_status":"closed","ping_status":"open","sticky":false,"template":"","format":"standard","meta":{"footnotes":""},"categories":[42,26],"tags":[],"class_list":{"0":"post-5978","1":"post","2":"type-post","3":"status-publish","4":"format-standard","5":"has-post-thumbnail","7":"category-actualite","8":"category-call-for-papers-fr","9":"czr-hentry"},"yoast_head":"<!-- This site is optimized with the Yoast SEO plugin v26.9 - https:\/\/yoast.com\/product\/yoast-seo-wordpress\/ -->\n<title>Das Corps helv\u00e9tique und Frankreich (1660-1792) - Schweizerische Gesellschaft f\u00fcr die Erforschung des 18. Jahrhunderts (SGEAJ - SSEDS)<\/title>\n<meta name=\"robots\" content=\"index, follow, max-snippet:-1, max-image-preview:large, max-video-preview:-1\" \/>\n<link rel=\"canonical\" href=\"https:\/\/www.sgeaj.ch\/fr\/actualite\/call-for-papers-fr\/call-for-papers\/\" \/>\n<meta name=\"twitter:label1\" content=\"\u00c9crit par\" \/>\n\t<meta name=\"twitter:data1\" content=\"Nadja Ackermann\" \/>\n\t<meta name=\"twitter:label2\" content=\"Dur\u00e9e de lecture estim\u00e9e\" \/>\n\t<meta name=\"twitter:data2\" content=\"1 minute\" \/>\n<script type=\"application\/ld+json\" class=\"yoast-schema-graph\">{\"@context\":\"https:\/\/schema.org\",\"@graph\":[{\"@type\":\"Article\",\"@id\":\"https:\/\/www.sgeaj.ch\/fr\/actualite\/call-for-papers-fr\/call-for-papers\/#article\",\"isPartOf\":{\"@id\":\"https:\/\/www.sgeaj.ch\/fr\/actualite\/call-for-papers-fr\/call-for-papers\/\"},\"author\":{\"name\":\"Nadja Ackermann\",\"@id\":\"https:\/\/www.sgeaj.ch\/fr\/#\/schema\/person\/2cd839eed625879a17645fc9f307c8e7\"},\"headline\":\"Das Corps helv\u00e9tique und Frankreich (1660-1792)\",\"datePublished\":\"2020-11-03T16:00:21+00:00\",\"dateModified\":\"2023-01-23T15:06:59+00:00\",\"mainEntityOfPage\":{\"@id\":\"https:\/\/www.sgeaj.ch\/fr\/actualite\/call-for-papers-fr\/call-for-papers\/\"},\"wordCount\":293,\"publisher\":{\"@id\":\"https:\/\/www.sgeaj.ch\/fr\/#organization\"},\"image\":{\"@id\":\"https:\/\/www.sgeaj.ch\/fr\/actualite\/call-for-papers-fr\/call-for-papers\/#primaryimage\"},\"thumbnailUrl\":\"https:\/\/www.sgeaj.ch\/wp-content\/uploads\/2020\/10\/Besenval_baron_de2.jpg\",\"articleSection\":[\"Actualit\u00e9\",\"Call for Papers\"],\"inLanguage\":\"fr-FR\"},{\"@type\":\"WebPage\",\"@id\":\"https:\/\/www.sgeaj.ch\/fr\/actualite\/call-for-papers-fr\/call-for-papers\/\",\"url\":\"https:\/\/www.sgeaj.ch\/fr\/actualite\/call-for-papers-fr\/call-for-papers\/\",\"name\":\"Das Corps helv\u00e9tique und Frankreich (1660-1792) - Schweizerische Gesellschaft f\u00fcr die Erforschung des 18. Jahrhunderts (SGEAJ - SSEDS)\",\"isPartOf\":{\"@id\":\"https:\/\/www.sgeaj.ch\/fr\/#website\"},\"primaryImageOfPage\":{\"@id\":\"https:\/\/www.sgeaj.ch\/fr\/actualite\/call-for-papers-fr\/call-for-papers\/#primaryimage\"},\"image\":{\"@id\":\"https:\/\/www.sgeaj.ch\/fr\/actualite\/call-for-papers-fr\/call-for-papers\/#primaryimage\"},\"thumbnailUrl\":\"https:\/\/www.sgeaj.ch\/wp-content\/uploads\/2020\/10\/Besenval_baron_de2.jpg\",\"datePublished\":\"2020-11-03T16:00:21+00:00\",\"dateModified\":\"2023-01-23T15:06:59+00:00\",\"inLanguage\":\"fr-FR\",\"potentialAction\":[{\"@type\":\"ReadAction\",\"target\":[\"https:\/\/www.sgeaj.ch\/fr\/actualite\/call-for-papers-fr\/call-for-papers\/\"]}]},{\"@type\":\"ImageObject\",\"inLanguage\":\"fr-FR\",\"@id\":\"https:\/\/www.sgeaj.ch\/fr\/actualite\/call-for-papers-fr\/call-for-papers\/#primaryimage\",\"url\":\"https:\/\/www.sgeaj.ch\/wp-content\/uploads\/2020\/10\/Besenval_baron_de2.jpg\",\"contentUrl\":\"https:\/\/www.sgeaj.ch\/wp-content\/uploads\/2020\/10\/Besenval_baron_de2.jpg\",\"width\":4836,\"height\":6000},{\"@type\":\"WebSite\",\"@id\":\"https:\/\/www.sgeaj.ch\/fr\/#website\",\"url\":\"https:\/\/www.sgeaj.ch\/fr\/\",\"name\":\"Schweizerische Gesellschaft f\u00fcr die Erforschung des 18. Jahrhunderts (SGEAJ - SSEDS)\",\"description\":\"Schweizerische Gesellschaft f\u00fcr die Erforschung des 18. Jahrhunderts\",\"publisher\":{\"@id\":\"https:\/\/www.sgeaj.ch\/fr\/#organization\"},\"potentialAction\":[{\"@type\":\"SearchAction\",\"target\":{\"@type\":\"EntryPoint\",\"urlTemplate\":\"https:\/\/www.sgeaj.ch\/fr\/?s={search_term_string}\"},\"query-input\":{\"@type\":\"PropertyValueSpecification\",\"valueRequired\":true,\"valueName\":\"search_term_string\"}}],\"inLanguage\":\"fr-FR\"},{\"@type\":\"Organization\",\"@id\":\"https:\/\/www.sgeaj.ch\/fr\/#organization\",\"name\":\"Schweizerische Gesellschaft f\u00fcr die Erforschung des 18. Jahrhunderts (SGEAJ - SSEDS)\",\"url\":\"https:\/\/www.sgeaj.ch\/fr\/\",\"logo\":{\"@type\":\"ImageObject\",\"inLanguage\":\"fr-FR\",\"@id\":\"https:\/\/www.sgeaj.ch\/fr\/#\/schema\/logo\/image\/\",\"url\":\"https:\/\/www.sgeaj.ch\/wp-content\/uploads\/2021\/06\/cropped-logo-xviiies-horiz-abreuviations-bleues.png\",\"contentUrl\":\"https:\/\/www.sgeaj.ch\/wp-content\/uploads\/2021\/06\/cropped-logo-xviiies-horiz-abreuviations-bleues.png\",\"width\":659,\"height\":335,\"caption\":\"Schweizerische Gesellschaft f\u00fcr die Erforschung des 18. Jahrhunderts (SGEAJ - SSEDS)\"},\"image\":{\"@id\":\"https:\/\/www.sgeaj.ch\/fr\/#\/schema\/logo\/image\/\"}},{\"@type\":\"Person\",\"@id\":\"https:\/\/www.sgeaj.ch\/fr\/#\/schema\/person\/2cd839eed625879a17645fc9f307c8e7\",\"name\":\"Nadja Ackermann\",\"url\":\"https:\/\/www.sgeaj.ch\/fr\/author\/naackermann\/\"}]}<\/script>\n<!-- \/ Yoast SEO plugin. -->","yoast_head_json":{"title":"Das Corps helv\u00e9tique und Frankreich (1660-1792) - Schweizerische Gesellschaft f\u00fcr die Erforschung des 18. Jahrhunderts (SGEAJ - SSEDS)","robots":{"index":"index","follow":"follow","max-snippet":"max-snippet:-1","max-image-preview":"max-image-preview:large","max-video-preview":"max-video-preview:-1"},"canonical":"https:\/\/www.sgeaj.ch\/fr\/actualite\/call-for-papers-fr\/call-for-papers\/","twitter_misc":{"\u00c9crit par":"Nadja Ackermann","Dur\u00e9e de lecture estim\u00e9e":"1 minute"},"schema":{"@context":"https:\/\/schema.org","@graph":[{"@type":"Article","@id":"https:\/\/www.sgeaj.ch\/fr\/actualite\/call-for-papers-fr\/call-for-papers\/#article","isPartOf":{"@id":"https:\/\/www.sgeaj.ch\/fr\/actualite\/call-for-papers-fr\/call-for-papers\/"},"author":{"name":"Nadja Ackermann","@id":"https:\/\/www.sgeaj.ch\/fr\/#\/schema\/person\/2cd839eed625879a17645fc9f307c8e7"},"headline":"Das Corps helv\u00e9tique und Frankreich (1660-1792)","datePublished":"2020-11-03T16:00:21+00:00","dateModified":"2023-01-23T15:06:59+00:00","mainEntityOfPage":{"@id":"https:\/\/www.sgeaj.ch\/fr\/actualite\/call-for-papers-fr\/call-for-papers\/"},"wordCount":293,"publisher":{"@id":"https:\/\/www.sgeaj.ch\/fr\/#organization"},"image":{"@id":"https:\/\/www.sgeaj.ch\/fr\/actualite\/call-for-papers-fr\/call-for-papers\/#primaryimage"},"thumbnailUrl":"https:\/\/www.sgeaj.ch\/wp-content\/uploads\/2020\/10\/Besenval_baron_de2.jpg","articleSection":["Actualit\u00e9","Call for Papers"],"inLanguage":"fr-FR"},{"@type":"WebPage","@id":"https:\/\/www.sgeaj.ch\/fr\/actualite\/call-for-papers-fr\/call-for-papers\/","url":"https:\/\/www.sgeaj.ch\/fr\/actualite\/call-for-papers-fr\/call-for-papers\/","name":"Das Corps helv\u00e9tique und Frankreich (1660-1792) - Schweizerische Gesellschaft f\u00fcr die Erforschung des 18. Jahrhunderts (SGEAJ - SSEDS)","isPartOf":{"@id":"https:\/\/www.sgeaj.ch\/fr\/#website"},"primaryImageOfPage":{"@id":"https:\/\/www.sgeaj.ch\/fr\/actualite\/call-for-papers-fr\/call-for-papers\/#primaryimage"},"image":{"@id":"https:\/\/www.sgeaj.ch\/fr\/actualite\/call-for-papers-fr\/call-for-papers\/#primaryimage"},"thumbnailUrl":"https:\/\/www.sgeaj.ch\/wp-content\/uploads\/2020\/10\/Besenval_baron_de2.jpg","datePublished":"2020-11-03T16:00:21+00:00","dateModified":"2023-01-23T15:06:59+00:00","inLanguage":"fr-FR","potentialAction":[{"@type":"ReadAction","target":["https:\/\/www.sgeaj.ch\/fr\/actualite\/call-for-papers-fr\/call-for-papers\/"]}]},{"@type":"ImageObject","inLanguage":"fr-FR","@id":"https:\/\/www.sgeaj.ch\/fr\/actualite\/call-for-papers-fr\/call-for-papers\/#primaryimage","url":"https:\/\/www.sgeaj.ch\/wp-content\/uploads\/2020\/10\/Besenval_baron_de2.jpg","contentUrl":"https:\/\/www.sgeaj.ch\/wp-content\/uploads\/2020\/10\/Besenval_baron_de2.jpg","width":4836,"height":6000},{"@type":"WebSite","@id":"https:\/\/www.sgeaj.ch\/fr\/#website","url":"https:\/\/www.sgeaj.ch\/fr\/","name":"Schweizerische Gesellschaft f\u00fcr die Erforschung des 18. Jahrhunderts (SGEAJ - SSEDS)","description":"Schweizerische Gesellschaft f\u00fcr die Erforschung des 18. Jahrhunderts","publisher":{"@id":"https:\/\/www.sgeaj.ch\/fr\/#organization"},"potentialAction":[{"@type":"SearchAction","target":{"@type":"EntryPoint","urlTemplate":"https:\/\/www.sgeaj.ch\/fr\/?s={search_term_string}"},"query-input":{"@type":"PropertyValueSpecification","valueRequired":true,"valueName":"search_term_string"}}],"inLanguage":"fr-FR"},{"@type":"Organization","@id":"https:\/\/www.sgeaj.ch\/fr\/#organization","name":"Schweizerische Gesellschaft f\u00fcr die Erforschung des 18. Jahrhunderts (SGEAJ - SSEDS)","url":"https:\/\/www.sgeaj.ch\/fr\/","logo":{"@type":"ImageObject","inLanguage":"fr-FR","@id":"https:\/\/www.sgeaj.ch\/fr\/#\/schema\/logo\/image\/","url":"https:\/\/www.sgeaj.ch\/wp-content\/uploads\/2021\/06\/cropped-logo-xviiies-horiz-abreuviations-bleues.png","contentUrl":"https:\/\/www.sgeaj.ch\/wp-content\/uploads\/2021\/06\/cropped-logo-xviiies-horiz-abreuviations-bleues.png","width":659,"height":335,"caption":"Schweizerische Gesellschaft f\u00fcr die Erforschung des 18. Jahrhunderts (SGEAJ - SSEDS)"},"image":{"@id":"https:\/\/www.sgeaj.ch\/fr\/#\/schema\/logo\/image\/"}},{"@type":"Person","@id":"https:\/\/www.sgeaj.ch\/fr\/#\/schema\/person\/2cd839eed625879a17645fc9f307c8e7","name":"Nadja Ackermann","url":"https:\/\/www.sgeaj.ch\/fr\/author\/naackermann\/"}]}},"_links":{"self":[{"href":"https:\/\/www.sgeaj.ch\/fr\/wp-json\/wp\/v2\/posts\/5978","targetHints":{"allow":["GET"]}}],"collection":[{"href":"https:\/\/www.sgeaj.ch\/fr\/wp-json\/wp\/v2\/posts"}],"about":[{"href":"https:\/\/www.sgeaj.ch\/fr\/wp-json\/wp\/v2\/types\/post"}],"author":[{"embeddable":true,"href":"https:\/\/www.sgeaj.ch\/fr\/wp-json\/wp\/v2\/users\/7"}],"replies":[{"embeddable":true,"href":"https:\/\/www.sgeaj.ch\/fr\/wp-json\/wp\/v2\/comments?post=5978"}],"version-history":[{"count":2,"href":"https:\/\/www.sgeaj.ch\/fr\/wp-json\/wp\/v2\/posts\/5978\/revisions"}],"predecessor-version":[{"id":6958,"href":"https:\/\/www.sgeaj.ch\/fr\/wp-json\/wp\/v2\/posts\/5978\/revisions\/6958"}],"wp:featuredmedia":[{"embeddable":true,"href":"https:\/\/www.sgeaj.ch\/fr\/wp-json\/wp\/v2\/media\/4362"}],"wp:attachment":[{"href":"https:\/\/www.sgeaj.ch\/fr\/wp-json\/wp\/v2\/media?parent=5978"}],"wp:term":[{"taxonomy":"category","embeddable":true,"href":"https:\/\/www.sgeaj.ch\/fr\/wp-json\/wp\/v2\/categories?post=5978"},{"taxonomy":"post_tag","embeddable":true,"href":"https:\/\/www.sgeaj.ch\/fr\/wp-json\/wp\/v2\/tags?post=5978"}],"curies":[{"name":"wp","href":"https:\/\/api.w.org\/{rel}","templated":true}]}}