{"id":6006,"date":"2020-10-04T16:21:26","date_gmt":"2020-10-04T14:21:26","guid":{"rendered":"https:\/\/www.sgeaj.ch\/?p=6006"},"modified":"2021-04-02T16:42:22","modified_gmt":"2021-04-02T14:42:22","slug":"hallernet","status":"publish","type":"post","link":"https:\/\/www.sgeaj.ch\/fr\/humanites-digitales\/hallernet\/","title":{"rendered":"HallerNet"},"content":{"rendered":"\n<h2>hallerNet<\/h2>\n<p>Albrecht von Haller-Stiftung der Burgergemeinde Bern \/ Universit\u00e4t Bern \/ Universit\u00e4t zu K\u00f6ln&nbsp;(Cologne Center for eHumanities CCeH) \/ Burgerbibliothek Bern<br>Link: <a href=\"http:\/\/www.hallernet.org\">www.hallernet.org<\/a><\/p>\n<p><em>hallerNet<\/em> verbindet mehrere Sammlungen aus der \u00dcbergangszeit zwischen 1700 und 1850 miteinander, die<\/p>\n<ul>\n<li>ihren r\u00e4umlichen Ausgangspunkt in der Schweiz haben<\/li>\n<li>inhaltlich zueinander in Bezug stehen<\/li>\n<li>sich in ihrem Personal \u00fcberschneiden<\/li>\n<li>zu wesentlichen Teilen aus gelehrten Wissensbest\u00e4nden bestehen.<\/li>\n<\/ul>\n<p><em>hallerNet<\/em> hat eine gemeinsame Mitte in zwei grundlegenden Prozessen: Transformation der fr\u00fchneuzeitlichen <em>R\u00e9publique des Lettres<\/em> in die moderne <em>Scientific Community; <\/em>Ausdifferenzierung der Naturgeschichte zu den modernen Fachdisziplinen. <em>hallerNet<\/em> integriert die umfangreichen prosopografischen und bibliografischen Metadaten, die in Form einer relationalen Verbunddatenbank seit Anfang der 1990er-Jahre im Rahmen von zwei jeweils an der Universit\u00e4t Bern angesiedelten SNF-Projekten erhoben wurden:<\/p>\n<ul>\n<li>Albrecht von Haller und die Gelehrtenrepublik des 18. Jahrhunderts (Leitung: Urs Boschung, 1991-2013)<\/li>\n<li>N\u00fctzliche Wissenschaft, Naturaneignung und Politik. Die Oekonomische Gesellschaft Bern im europ\u00e4ischen Kontext (Leitung: Andr\u00e9 Holenstein \/ Christian Pfister, 2004-2011)<\/li>\n<\/ul>\n<p>Bemerkenswert ist dabei die Tiefe der Metadatenerschliessung, die beispielsweise nicht nur biografische Eckdaten wie Geburts-\/Sterbedatum und -ort oder die Hauptbesch\u00e4ftigung umfasst, sondern die Ausbildungsstationen, Reiseziele, \u00c4mter und Mitgliedschaften usw. einbezieht und auch das Beziehungsnetz (Verwandte, Briefpartner) soweit m\u00f6glich erfasst. W\u00e4hrend die prosopografische Erhebung weitgehend auf biografischen Werken sowie auf edierten Universit\u00e4tsmatrikeln und Mitgliederlisten von Akademien und Soziet\u00e4ten basiert, st\u00fctzen sich die bibliografischen Daten v.a. auf zwei autoptisch erarbeitete Grundlagenwerke.<\/p>\n<p><em>hallerNet<\/em> verk\u00fcpft diese Metadaten zu rund 48&rsquo;000 Publikationen, 25&rsquo;000 Personen, 20&rsquo;000 Briefen, 3&rsquo;000 Orten, 2&rsquo;900 Pflanzenarten, 1&rsquo;000 Versammlungen und 850 Institutionen systematisch mit digitalen Editionen, was die Auszeichnung von Personen, Publikationen, Orten und Institutionen erleichtert, und die Gewinnung von Forschungsdaten f\u00fcr Visualisierungen erm\u00f6glicht (Netzwerke, r\u00e4umliche Analysen).<\/p>\n<p>Wesentliche Erweiterungen erh\u00e4lt hallerNet zur Zeit durch die Integration der Daten aus dem SNF-Projekt Kulturen der Naturforschung (Leitung: Simona Boscani Leoni, 2013-2017) sowie durch das laufende SNF-Projekt: Online-Edition der Rezensionen und Briefe Albrecht von Hallers &#8211; Expertise und Kommunikation in der entstehenden Scientific community (Leitung: Christophe v. Werdt, Andr\u00e9 Holenstein, Hubert Steinke, Oliver Lubrich, Claudia Engler, 2018-2023).<\/p>\n<p>Projektleitung: Dr. Martin Stuber (Bern), Peter D\u00e4ngeli (Bern, K\u00f6ln)<br><a href=\"https:\/\/www.sgeaj.ch\/wp-content\/uploads\/2019\/05\/DH-hallerNet-Beschreibung.pdf\">Die vollst\u00e4ndige Beschreibung herunterladen<\/a>.<\/p>\n<p><a href=\"https:\/\/www.sgeaj.ch\/wp-content\/uploads\/2018\/11\/2018-Projet-Haller.jpg\"><img loading=\"lazy\" decoding=\"async\" class=\"aligncenter wp-image-2860 size-large\" src=\"https:\/\/www.sgeaj.ch\/wp-content\/uploads\/2018\/11\/2018-Projet-Haller-1024x256.jpg\" alt=\"\" width=\"640\" height=\"160\" srcset=\"https:\/\/www.sgeaj.ch\/wp-content\/uploads\/2018\/11\/2018-Projet-Haller-1024x256.jpg 1024w, https:\/\/www.sgeaj.ch\/wp-content\/uploads\/2018\/11\/2018-Projet-Haller-150x38.jpg 150w, https:\/\/www.sgeaj.ch\/wp-content\/uploads\/2018\/11\/2018-Projet-Haller-300x75.jpg 300w, https:\/\/www.sgeaj.ch\/wp-content\/uploads\/2018\/11\/2018-Projet-Haller-768x192.jpg 768w, https:\/\/www.sgeaj.ch\/wp-content\/uploads\/2018\/11\/2018-Projet-Haller.jpg 1875w\" sizes=\"auto, (max-width: 640px) 100vw, 640px\" \/><\/a><\/p>\n<h2>&nbsp;<\/h2>\n","protected":false},"excerpt":{"rendered":"hallerNet Albrecht von Haller-Stiftung der Burgergemeinde Bern \/ Universit\u00e4t Bern \/ Universit\u00e4t zu K\u00f6ln&nbsp;(Cologne Center for eHumanities CCeH) \/ Burgerbibliothek BernLink: www.hallernet.org hallerNet verbindet mehrere Sammlungen aus der \u00dcbergangszeit zwischen 1700 und 1850 miteinander, die ihren r\u00e4umlichen Ausgangspunkt in der Schweiz haben inhaltlich zueinander in Bezug stehen sich in ihrem Personal \u00fcberschneiden zu wesentlichen Teilen [...]","protected":false},"author":7,"featured_media":3772,"comment_status":"closed","ping_status":"closed","sticky":false,"template":"","format":"standard","meta":{"footnotes":""},"categories":[44],"tags":[],"class_list":{"0":"post-6006","1":"post","2":"type-post","3":"status-publish","4":"format-standard","5":"has-post-thumbnail","7":"category-humanites-digitales","8":"czr-hentry"},"yoast_head":"<!-- This site is optimized with the Yoast SEO plugin v26.9 - https:\/\/yoast.com\/product\/yoast-seo-wordpress\/ -->\n<title>HallerNet - Schweizerische Gesellschaft f\u00fcr die Erforschung des 18. Jahrhunderts (SGEAJ - SSEDS)<\/title>\n<meta name=\"robots\" content=\"index, follow, max-snippet:-1, max-image-preview:large, max-video-preview:-1\" \/>\n<link rel=\"canonical\" href=\"https:\/\/www.sgeaj.ch\/fr\/humanites-digitales\/hallernet\/\" \/>\n<meta name=\"twitter:label1\" content=\"\u00c9crit par\" \/>\n\t<meta name=\"twitter:data1\" content=\"Nadja Ackermann\" \/>\n\t<meta name=\"twitter:label2\" content=\"Dur\u00e9e de lecture estim\u00e9e\" \/>\n\t<meta name=\"twitter:data2\" content=\"2 minutes\" \/>\n<script type=\"application\/ld+json\" class=\"yoast-schema-graph\">{\"@context\":\"https:\/\/schema.org\",\"@graph\":[{\"@type\":\"Article\",\"@id\":\"https:\/\/www.sgeaj.ch\/fr\/humanites-digitales\/hallernet\/#article\",\"isPartOf\":{\"@id\":\"https:\/\/www.sgeaj.ch\/fr\/humanites-digitales\/hallernet\/\"},\"author\":{\"name\":\"Nadja Ackermann\",\"@id\":\"https:\/\/www.sgeaj.ch\/fr\/#\/schema\/person\/2cd839eed625879a17645fc9f307c8e7\"},\"headline\":\"HallerNet\",\"datePublished\":\"2020-10-04T14:21:26+00:00\",\"dateModified\":\"2021-04-02T14:42:22+00:00\",\"mainEntityOfPage\":{\"@id\":\"https:\/\/www.sgeaj.ch\/fr\/humanites-digitales\/hallernet\/\"},\"wordCount\":352,\"publisher\":{\"@id\":\"https:\/\/www.sgeaj.ch\/fr\/#organization\"},\"image\":{\"@id\":\"https:\/\/www.sgeaj.ch\/fr\/humanites-digitales\/hallernet\/#primaryimage\"},\"thumbnailUrl\":\"https:\/\/www.sgeaj.ch\/wp-content\/uploads\/2019\/03\/2019.05-Haller-plateform-Workshop.png\",\"articleSection\":[\"Humanit\u00e9s digitales : base de donn\u00e9es\"],\"inLanguage\":\"fr-FR\"},{\"@type\":\"WebPage\",\"@id\":\"https:\/\/www.sgeaj.ch\/fr\/humanites-digitales\/hallernet\/\",\"url\":\"https:\/\/www.sgeaj.ch\/fr\/humanites-digitales\/hallernet\/\",\"name\":\"HallerNet - Schweizerische Gesellschaft f\u00fcr die Erforschung des 18. Jahrhunderts (SGEAJ - SSEDS)\",\"isPartOf\":{\"@id\":\"https:\/\/www.sgeaj.ch\/fr\/#website\"},\"primaryImageOfPage\":{\"@id\":\"https:\/\/www.sgeaj.ch\/fr\/humanites-digitales\/hallernet\/#primaryimage\"},\"image\":{\"@id\":\"https:\/\/www.sgeaj.ch\/fr\/humanites-digitales\/hallernet\/#primaryimage\"},\"thumbnailUrl\":\"https:\/\/www.sgeaj.ch\/wp-content\/uploads\/2019\/03\/2019.05-Haller-plateform-Workshop.png\",\"datePublished\":\"2020-10-04T14:21:26+00:00\",\"dateModified\":\"2021-04-02T14:42:22+00:00\",\"inLanguage\":\"fr-FR\",\"potentialAction\":[{\"@type\":\"ReadAction\",\"target\":[\"https:\/\/www.sgeaj.ch\/fr\/humanites-digitales\/hallernet\/\"]}]},{\"@type\":\"ImageObject\",\"inLanguage\":\"fr-FR\",\"@id\":\"https:\/\/www.sgeaj.ch\/fr\/humanites-digitales\/hallernet\/#primaryimage\",\"url\":\"https:\/\/www.sgeaj.ch\/wp-content\/uploads\/2019\/03\/2019.05-Haller-plateform-Workshop.png\",\"contentUrl\":\"https:\/\/www.sgeaj.ch\/wp-content\/uploads\/2019\/03\/2019.05-Haller-plateform-Workshop.png\",\"width\":551,\"height\":733},{\"@type\":\"WebSite\",\"@id\":\"https:\/\/www.sgeaj.ch\/fr\/#website\",\"url\":\"https:\/\/www.sgeaj.ch\/fr\/\",\"name\":\"Schweizerische Gesellschaft f\u00fcr die Erforschung des 18. Jahrhunderts (SGEAJ - SSEDS)\",\"description\":\"Schweizerische Gesellschaft f\u00fcr die Erforschung des 18. Jahrhunderts\",\"publisher\":{\"@id\":\"https:\/\/www.sgeaj.ch\/fr\/#organization\"},\"potentialAction\":[{\"@type\":\"SearchAction\",\"target\":{\"@type\":\"EntryPoint\",\"urlTemplate\":\"https:\/\/www.sgeaj.ch\/fr\/?s={search_term_string}\"},\"query-input\":{\"@type\":\"PropertyValueSpecification\",\"valueRequired\":true,\"valueName\":\"search_term_string\"}}],\"inLanguage\":\"fr-FR\"},{\"@type\":\"Organization\",\"@id\":\"https:\/\/www.sgeaj.ch\/fr\/#organization\",\"name\":\"Schweizerische Gesellschaft f\u00fcr die Erforschung des 18. Jahrhunderts (SGEAJ - SSEDS)\",\"url\":\"https:\/\/www.sgeaj.ch\/fr\/\",\"logo\":{\"@type\":\"ImageObject\",\"inLanguage\":\"fr-FR\",\"@id\":\"https:\/\/www.sgeaj.ch\/fr\/#\/schema\/logo\/image\/\",\"url\":\"https:\/\/www.sgeaj.ch\/wp-content\/uploads\/2021\/06\/cropped-logo-xviiies-horiz-abreuviations-bleues.png\",\"contentUrl\":\"https:\/\/www.sgeaj.ch\/wp-content\/uploads\/2021\/06\/cropped-logo-xviiies-horiz-abreuviations-bleues.png\",\"width\":659,\"height\":335,\"caption\":\"Schweizerische Gesellschaft f\u00fcr die Erforschung des 18. Jahrhunderts (SGEAJ - SSEDS)\"},\"image\":{\"@id\":\"https:\/\/www.sgeaj.ch\/fr\/#\/schema\/logo\/image\/\"}},{\"@type\":\"Person\",\"@id\":\"https:\/\/www.sgeaj.ch\/fr\/#\/schema\/person\/2cd839eed625879a17645fc9f307c8e7\",\"name\":\"Nadja Ackermann\",\"url\":\"https:\/\/www.sgeaj.ch\/fr\/author\/naackermann\/\"}]}<\/script>\n<!-- \/ Yoast SEO plugin. -->","yoast_head_json":{"title":"HallerNet - Schweizerische Gesellschaft f\u00fcr die Erforschung des 18. Jahrhunderts (SGEAJ - SSEDS)","robots":{"index":"index","follow":"follow","max-snippet":"max-snippet:-1","max-image-preview":"max-image-preview:large","max-video-preview":"max-video-preview:-1"},"canonical":"https:\/\/www.sgeaj.ch\/fr\/humanites-digitales\/hallernet\/","twitter_misc":{"\u00c9crit par":"Nadja Ackermann","Dur\u00e9e de lecture estim\u00e9e":"2 minutes"},"schema":{"@context":"https:\/\/schema.org","@graph":[{"@type":"Article","@id":"https:\/\/www.sgeaj.ch\/fr\/humanites-digitales\/hallernet\/#article","isPartOf":{"@id":"https:\/\/www.sgeaj.ch\/fr\/humanites-digitales\/hallernet\/"},"author":{"name":"Nadja Ackermann","@id":"https:\/\/www.sgeaj.ch\/fr\/#\/schema\/person\/2cd839eed625879a17645fc9f307c8e7"},"headline":"HallerNet","datePublished":"2020-10-04T14:21:26+00:00","dateModified":"2021-04-02T14:42:22+00:00","mainEntityOfPage":{"@id":"https:\/\/www.sgeaj.ch\/fr\/humanites-digitales\/hallernet\/"},"wordCount":352,"publisher":{"@id":"https:\/\/www.sgeaj.ch\/fr\/#organization"},"image":{"@id":"https:\/\/www.sgeaj.ch\/fr\/humanites-digitales\/hallernet\/#primaryimage"},"thumbnailUrl":"https:\/\/www.sgeaj.ch\/wp-content\/uploads\/2019\/03\/2019.05-Haller-plateform-Workshop.png","articleSection":["Humanit\u00e9s digitales : base de donn\u00e9es"],"inLanguage":"fr-FR"},{"@type":"WebPage","@id":"https:\/\/www.sgeaj.ch\/fr\/humanites-digitales\/hallernet\/","url":"https:\/\/www.sgeaj.ch\/fr\/humanites-digitales\/hallernet\/","name":"HallerNet - Schweizerische Gesellschaft f\u00fcr die Erforschung des 18. Jahrhunderts (SGEAJ - SSEDS)","isPartOf":{"@id":"https:\/\/www.sgeaj.ch\/fr\/#website"},"primaryImageOfPage":{"@id":"https:\/\/www.sgeaj.ch\/fr\/humanites-digitales\/hallernet\/#primaryimage"},"image":{"@id":"https:\/\/www.sgeaj.ch\/fr\/humanites-digitales\/hallernet\/#primaryimage"},"thumbnailUrl":"https:\/\/www.sgeaj.ch\/wp-content\/uploads\/2019\/03\/2019.05-Haller-plateform-Workshop.png","datePublished":"2020-10-04T14:21:26+00:00","dateModified":"2021-04-02T14:42:22+00:00","inLanguage":"fr-FR","potentialAction":[{"@type":"ReadAction","target":["https:\/\/www.sgeaj.ch\/fr\/humanites-digitales\/hallernet\/"]}]},{"@type":"ImageObject","inLanguage":"fr-FR","@id":"https:\/\/www.sgeaj.ch\/fr\/humanites-digitales\/hallernet\/#primaryimage","url":"https:\/\/www.sgeaj.ch\/wp-content\/uploads\/2019\/03\/2019.05-Haller-plateform-Workshop.png","contentUrl":"https:\/\/www.sgeaj.ch\/wp-content\/uploads\/2019\/03\/2019.05-Haller-plateform-Workshop.png","width":551,"height":733},{"@type":"WebSite","@id":"https:\/\/www.sgeaj.ch\/fr\/#website","url":"https:\/\/www.sgeaj.ch\/fr\/","name":"Schweizerische Gesellschaft f\u00fcr die Erforschung des 18. Jahrhunderts (SGEAJ - SSEDS)","description":"Schweizerische Gesellschaft f\u00fcr die Erforschung des 18. Jahrhunderts","publisher":{"@id":"https:\/\/www.sgeaj.ch\/fr\/#organization"},"potentialAction":[{"@type":"SearchAction","target":{"@type":"EntryPoint","urlTemplate":"https:\/\/www.sgeaj.ch\/fr\/?s={search_term_string}"},"query-input":{"@type":"PropertyValueSpecification","valueRequired":true,"valueName":"search_term_string"}}],"inLanguage":"fr-FR"},{"@type":"Organization","@id":"https:\/\/www.sgeaj.ch\/fr\/#organization","name":"Schweizerische Gesellschaft f\u00fcr die Erforschung des 18. Jahrhunderts (SGEAJ - SSEDS)","url":"https:\/\/www.sgeaj.ch\/fr\/","logo":{"@type":"ImageObject","inLanguage":"fr-FR","@id":"https:\/\/www.sgeaj.ch\/fr\/#\/schema\/logo\/image\/","url":"https:\/\/www.sgeaj.ch\/wp-content\/uploads\/2021\/06\/cropped-logo-xviiies-horiz-abreuviations-bleues.png","contentUrl":"https:\/\/www.sgeaj.ch\/wp-content\/uploads\/2021\/06\/cropped-logo-xviiies-horiz-abreuviations-bleues.png","width":659,"height":335,"caption":"Schweizerische Gesellschaft f\u00fcr die Erforschung des 18. Jahrhunderts (SGEAJ - SSEDS)"},"image":{"@id":"https:\/\/www.sgeaj.ch\/fr\/#\/schema\/logo\/image\/"}},{"@type":"Person","@id":"https:\/\/www.sgeaj.ch\/fr\/#\/schema\/person\/2cd839eed625879a17645fc9f307c8e7","name":"Nadja Ackermann","url":"https:\/\/www.sgeaj.ch\/fr\/author\/naackermann\/"}]}},"_links":{"self":[{"href":"https:\/\/www.sgeaj.ch\/fr\/wp-json\/wp\/v2\/posts\/6006","targetHints":{"allow":["GET"]}}],"collection":[{"href":"https:\/\/www.sgeaj.ch\/fr\/wp-json\/wp\/v2\/posts"}],"about":[{"href":"https:\/\/www.sgeaj.ch\/fr\/wp-json\/wp\/v2\/types\/post"}],"author":[{"embeddable":true,"href":"https:\/\/www.sgeaj.ch\/fr\/wp-json\/wp\/v2\/users\/7"}],"replies":[{"embeddable":true,"href":"https:\/\/www.sgeaj.ch\/fr\/wp-json\/wp\/v2\/comments?post=6006"}],"version-history":[{"count":1,"href":"https:\/\/www.sgeaj.ch\/fr\/wp-json\/wp\/v2\/posts\/6006\/revisions"}],"predecessor-version":[{"id":6007,"href":"https:\/\/www.sgeaj.ch\/fr\/wp-json\/wp\/v2\/posts\/6006\/revisions\/6007"}],"wp:featuredmedia":[{"embeddable":true,"href":"https:\/\/www.sgeaj.ch\/fr\/wp-json\/wp\/v2\/media\/3772"}],"wp:attachment":[{"href":"https:\/\/www.sgeaj.ch\/fr\/wp-json\/wp\/v2\/media?parent=6006"}],"wp:term":[{"taxonomy":"category","embeddable":true,"href":"https:\/\/www.sgeaj.ch\/fr\/wp-json\/wp\/v2\/categories?post=6006"},{"taxonomy":"post_tag","embeddable":true,"href":"https:\/\/www.sgeaj.ch\/fr\/wp-json\/wp\/v2\/tags?post=6006"}],"curies":[{"name":"wp","href":"https:\/\/api.w.org\/{rel}","templated":true}]}}