{"id":6008,"date":"2020-08-26T20:32:53","date_gmt":"2020-08-26T18:32:53","guid":{"rendered":"https:\/\/www.sgeaj.ch\/?p=6008"},"modified":"2021-04-11T16:42:02","modified_gmt":"2021-04-11T14:42:02","slug":"cfp-les-planches-de-lencyclopedie-en-lumiere-mises-en-perspective-et-recherches-sur-le-recueil-de-planches-1762-1772-27-29-mai-2021","status":"publish","type":"post","link":"https:\/\/www.sgeaj.ch\/fr\/actualite\/cfp-les-planches-de-lencyclopedie-en-lumiere-mises-en-perspective-et-recherches-sur-le-recueil-de-planches-1762-1772-27-29-mai-2021\/","title":{"rendered":"Les planches de l\u2019Encyclop\u00e9die en lumi\u00e8re"},"content":{"rendered":"\n<p>Depuis plusieurs d\u00e9cennies, les \u00e9tudes sur l\u2019<em>Encyclop\u00e9die, ou Dictionnaire raisonn\u00e9 des sciences, des arts et des m\u00e9tiers<\/em> (1751-1772) de Diderot et D\u2019Alembert se sont multipli\u00e9es. De nombreux colloques, ouvrages et articles, dont ceux publi\u00e9s depuis 1986 dans la revue <em>Recherches sur Diderot et sur l\u2019Encyclop\u00e9die<\/em>, en t\u00e9moignent. L\u2019acc\u00e8s facilit\u00e9 \u00e0 l\u2019ouvrage gr\u00e2ce \u00e0 l\u2019apparition d\u2019\u00e9ditions num\u00e9riques (celle con\u00e7ue par la soci\u00e9t\u00e9 Redon, commercialement distribu\u00e9e depuis 2000, puis celle d\u2019ARTFL, librement accessible sur le web) ont \u00e9galement contribu\u00e9 \u00e0 cette dynamique. La mise en ligne en 2017 d\u2019une premi\u00e8re \u00e9dition critique num\u00e9rique de l\u2019\u0153uvre (l\u2019ENCCRE) constitue une nouvelle \u00e9tape de l\u2019int\u00e9r\u00eat port\u00e9 par les historiens de toutes disciplines \u00e0 ce monument incontournable du si\u00e8cle des Lumi\u00e8res.<\/p>\n\n\n\n<p>En revanche, les 11 volumes de planches de l\u2019<em>Encyclop\u00e9die<\/em> restent nettement moins connus et \u00e9tudi\u00e9s que les 17 volumes de discours (17511765) qui les pr\u00e9c\u00e8dent et y renvoient, comme si les illustrations et leurs relations avec le texte, pourtant consid\u00e9r\u00e9es comme l\u2019une des plus importantes innovations de l\u2019<em>Encyclop\u00e9die<\/em>, avaient finalement suscit\u00e9 moins d\u2019int\u00e9r\u00eat que les articles eux-m\u00eames. Aujourd\u2019hui, l\u2019ENCCRE \u2013 gr\u00e2ce \u00e0 sa num\u00e9risation de grande qualit\u00e9 des pages grav\u00e9es et \u00e0 ses fonctionnalit\u00e9s de mise en regard directe de l\u2019illustration et de l\u2019explication qui lui correspond \u2013 permet de red\u00e9couvrir d\u2019un \u0153il neuf ce tr\u00e9sor iconographique et offre des ressources renouvel\u00e9es pour l\u2019explorer. Plus g\u00e9n\u00e9ralement, les nouvelles technologies incitent \u00e0 imaginer des moyens sp\u00e9cifiques pour analyser ces illustrations, les explications qui les accompagnent, leurs liens r\u00e9ciproques ainsi que leurs relations avec les volumes de discours.<\/p>\n\n\n\n<p>D\u00e8s lors, la tenue d\u2019un colloque international permettant de dresser un point d\u2019\u00e9tape sur les recherches sp\u00e9cifiquement d\u00e9di\u00e9es aux planches de l\u2019<em>Encyclop\u00e9die<\/em> para\u00eet indispensable. Nous lan\u00e7ons dans cette perspective un appel \u00e0 communications pour le colloque \u201cLes Planches de l\u2019<em>Encyclop\u00e9die<\/em> en lumi\u00e8re\u201d qui se tiendra sur trois jours \u00e0 Sorbonne Universit\u00e9 du 27 au 29 mai 2021.<\/p>\n\n\n\n<p><a href=\"https:\/\/www.sgeaj.ch\/wp-content\/uploads\/2020\/08\/Colloque_planches_ENCCRE_appel_a_communications.pdf\" target=\"_blank\" rel=\"noreferrer noopener\">\u2192 Appel \u00e0 communications (en fran\u00e7ais)<\/a><\/p>\n\n\n\n<p>Les communications propos\u00e9es sont \u00e0 envoyer jusqu\u2019au 30 septembre 2020 \u00e0 l\u2019adresse : enccre@gmail.com. Elles comporteront un titre et un r\u00e9sum\u00e9 d\u2019une quinzaine de lignes, compl\u00e9t\u00e9s par quelques renseignements g\u00e9n\u00e9raux : ancrage institutionnel, principaux sujets de recherche, liste de publications en lien avec les th\u00e9matiques du colloque et\/ou le XVIIIe si\u00e8cle fran\u00e7ais.<\/p>\n","protected":false},"excerpt":{"rendered":"<p>Depuis plusieurs d\u00e9cennies, les \u00e9tudes sur l\u2019Encyclop\u00e9die, ou Dictionnaire raisonn\u00e9 des sciences, des arts et des m\u00e9tiers (1751-1772) de Diderot et D\u2019Alembert se sont multipli\u00e9es. De nombreux colloques, ouvrages et articles, dont ceux publi\u00e9s depuis 1986 dans la revue Recherches sur Diderot et sur l\u2019Encyclop\u00e9die, en t\u00e9moignent. L\u2019acc\u00e8s facilit\u00e9 \u00e0 l\u2019ouvrage gr\u00e2ce \u00e0 l\u2019apparition d\u2019\u00e9ditions [&hellip;]<\/p>\n","protected":false},"author":7,"featured_media":3983,"comment_status":"closed","ping_status":"open","sticky":false,"template":"","format":"standard","meta":{"footnotes":""},"categories":[42,26],"tags":[],"class_list":{"0":"post-6008","1":"post","2":"type-post","3":"status-publish","4":"format-standard","5":"has-post-thumbnail","7":"category-actualite","8":"category-call-for-papers-fr","9":"czr-hentry"},"yoast_head":"<!-- This site is optimized with the Yoast SEO plugin v26.9 - https:\/\/yoast.com\/product\/yoast-seo-wordpress\/ -->\n<title>Les planches de l\u2019Encyclop\u00e9die en lumi\u00e8re - Schweizerische Gesellschaft f\u00fcr die Erforschung des 18. Jahrhunderts (SGEAJ - SSEDS)<\/title>\n<meta name=\"robots\" content=\"index, follow, max-snippet:-1, max-image-preview:large, max-video-preview:-1\" \/>\n<link rel=\"canonical\" href=\"https:\/\/www.sgeaj.ch\/fr\/actualite\/cfp-les-planches-de-lencyclopedie-en-lumiere-mises-en-perspective-et-recherches-sur-le-recueil-de-planches-1762-1772-27-29-mai-2021\/\" \/>\n<meta name=\"twitter:label1\" content=\"\u00c9crit par\" \/>\n\t<meta name=\"twitter:data1\" content=\"Nadja Ackermann\" \/>\n\t<meta name=\"twitter:label2\" content=\"Dur\u00e9e de lecture estim\u00e9e\" \/>\n\t<meta name=\"twitter:data2\" content=\"2 minutes\" \/>\n<script type=\"application\/ld+json\" class=\"yoast-schema-graph\">{\"@context\":\"https:\/\/schema.org\",\"@graph\":[{\"@type\":\"Article\",\"@id\":\"https:\/\/www.sgeaj.ch\/fr\/actualite\/cfp-les-planches-de-lencyclopedie-en-lumiere-mises-en-perspective-et-recherches-sur-le-recueil-de-planches-1762-1772-27-29-mai-2021\/#article\",\"isPartOf\":{\"@id\":\"https:\/\/www.sgeaj.ch\/fr\/actualite\/cfp-les-planches-de-lencyclopedie-en-lumiere-mises-en-perspective-et-recherches-sur-le-recueil-de-planches-1762-1772-27-29-mai-2021\/\"},\"author\":{\"name\":\"Nadja Ackermann\",\"@id\":\"https:\/\/www.sgeaj.ch\/fr\/#\/schema\/person\/2cd839eed625879a17645fc9f307c8e7\"},\"headline\":\"Les planches de l\u2019Encyclop\u00e9die en lumi\u00e8re\",\"datePublished\":\"2020-08-26T18:32:53+00:00\",\"dateModified\":\"2021-04-11T14:42:02+00:00\",\"mainEntityOfPage\":{\"@id\":\"https:\/\/www.sgeaj.ch\/fr\/actualite\/cfp-les-planches-de-lencyclopedie-en-lumiere-mises-en-perspective-et-recherches-sur-le-recueil-de-planches-1762-1772-27-29-mai-2021\/\"},\"wordCount\":438,\"publisher\":{\"@id\":\"https:\/\/www.sgeaj.ch\/fr\/#organization\"},\"image\":{\"@id\":\"https:\/\/www.sgeaj.ch\/fr\/actualite\/cfp-les-planches-de-lencyclopedie-en-lumiere-mises-en-perspective-et-recherches-sur-le-recueil-de-planches-1762-1772-27-29-mai-2021\/#primaryimage\"},\"thumbnailUrl\":\"https:\/\/www.sgeaj.ch\/wp-content\/uploads\/2020\/08\/visuel_colloque_planches_md.jpg\",\"articleSection\":[\"Actualit\u00e9\",\"Call for Papers\"],\"inLanguage\":\"fr-FR\"},{\"@type\":\"WebPage\",\"@id\":\"https:\/\/www.sgeaj.ch\/fr\/actualite\/cfp-les-planches-de-lencyclopedie-en-lumiere-mises-en-perspective-et-recherches-sur-le-recueil-de-planches-1762-1772-27-29-mai-2021\/\",\"url\":\"https:\/\/www.sgeaj.ch\/fr\/actualite\/cfp-les-planches-de-lencyclopedie-en-lumiere-mises-en-perspective-et-recherches-sur-le-recueil-de-planches-1762-1772-27-29-mai-2021\/\",\"name\":\"Les planches de l\u2019Encyclop\u00e9die en lumi\u00e8re - Schweizerische Gesellschaft f\u00fcr die Erforschung des 18. Jahrhunderts (SGEAJ - SSEDS)\",\"isPartOf\":{\"@id\":\"https:\/\/www.sgeaj.ch\/fr\/#website\"},\"primaryImageOfPage\":{\"@id\":\"https:\/\/www.sgeaj.ch\/fr\/actualite\/cfp-les-planches-de-lencyclopedie-en-lumiere-mises-en-perspective-et-recherches-sur-le-recueil-de-planches-1762-1772-27-29-mai-2021\/#primaryimage\"},\"image\":{\"@id\":\"https:\/\/www.sgeaj.ch\/fr\/actualite\/cfp-les-planches-de-lencyclopedie-en-lumiere-mises-en-perspective-et-recherches-sur-le-recueil-de-planches-1762-1772-27-29-mai-2021\/#primaryimage\"},\"thumbnailUrl\":\"https:\/\/www.sgeaj.ch\/wp-content\/uploads\/2020\/08\/visuel_colloque_planches_md.jpg\",\"datePublished\":\"2020-08-26T18:32:53+00:00\",\"dateModified\":\"2021-04-11T14:42:02+00:00\",\"inLanguage\":\"fr-FR\",\"potentialAction\":[{\"@type\":\"ReadAction\",\"target\":[\"https:\/\/www.sgeaj.ch\/fr\/actualite\/cfp-les-planches-de-lencyclopedie-en-lumiere-mises-en-perspective-et-recherches-sur-le-recueil-de-planches-1762-1772-27-29-mai-2021\/\"]}]},{\"@type\":\"ImageObject\",\"inLanguage\":\"fr-FR\",\"@id\":\"https:\/\/www.sgeaj.ch\/fr\/actualite\/cfp-les-planches-de-lencyclopedie-en-lumiere-mises-en-perspective-et-recherches-sur-le-recueil-de-planches-1762-1772-27-29-mai-2021\/#primaryimage\",\"url\":\"https:\/\/www.sgeaj.ch\/wp-content\/uploads\/2020\/08\/visuel_colloque_planches_md.jpg\",\"contentUrl\":\"https:\/\/www.sgeaj.ch\/wp-content\/uploads\/2020\/08\/visuel_colloque_planches_md.jpg\",\"width\":1000,\"height\":634},{\"@type\":\"WebSite\",\"@id\":\"https:\/\/www.sgeaj.ch\/fr\/#website\",\"url\":\"https:\/\/www.sgeaj.ch\/fr\/\",\"name\":\"Schweizerische Gesellschaft f\u00fcr die Erforschung des 18. Jahrhunderts (SGEAJ - SSEDS)\",\"description\":\"Schweizerische Gesellschaft f\u00fcr die Erforschung des 18. Jahrhunderts\",\"publisher\":{\"@id\":\"https:\/\/www.sgeaj.ch\/fr\/#organization\"},\"potentialAction\":[{\"@type\":\"SearchAction\",\"target\":{\"@type\":\"EntryPoint\",\"urlTemplate\":\"https:\/\/www.sgeaj.ch\/fr\/?s={search_term_string}\"},\"query-input\":{\"@type\":\"PropertyValueSpecification\",\"valueRequired\":true,\"valueName\":\"search_term_string\"}}],\"inLanguage\":\"fr-FR\"},{\"@type\":\"Organization\",\"@id\":\"https:\/\/www.sgeaj.ch\/fr\/#organization\",\"name\":\"Schweizerische Gesellschaft f\u00fcr die Erforschung des 18. Jahrhunderts (SGEAJ - SSEDS)\",\"url\":\"https:\/\/www.sgeaj.ch\/fr\/\",\"logo\":{\"@type\":\"ImageObject\",\"inLanguage\":\"fr-FR\",\"@id\":\"https:\/\/www.sgeaj.ch\/fr\/#\/schema\/logo\/image\/\",\"url\":\"https:\/\/www.sgeaj.ch\/wp-content\/uploads\/2021\/06\/cropped-logo-xviiies-horiz-abreuviations-bleues.png\",\"contentUrl\":\"https:\/\/www.sgeaj.ch\/wp-content\/uploads\/2021\/06\/cropped-logo-xviiies-horiz-abreuviations-bleues.png\",\"width\":659,\"height\":335,\"caption\":\"Schweizerische Gesellschaft f\u00fcr die Erforschung des 18. Jahrhunderts (SGEAJ - SSEDS)\"},\"image\":{\"@id\":\"https:\/\/www.sgeaj.ch\/fr\/#\/schema\/logo\/image\/\"}},{\"@type\":\"Person\",\"@id\":\"https:\/\/www.sgeaj.ch\/fr\/#\/schema\/person\/2cd839eed625879a17645fc9f307c8e7\",\"name\":\"Nadja Ackermann\",\"url\":\"https:\/\/www.sgeaj.ch\/fr\/author\/naackermann\/\"}]}<\/script>\n<!-- \/ Yoast SEO plugin. -->","yoast_head_json":{"title":"Les planches de l\u2019Encyclop\u00e9die en lumi\u00e8re - Schweizerische Gesellschaft f\u00fcr die Erforschung des 18. Jahrhunderts (SGEAJ - SSEDS)","robots":{"index":"index","follow":"follow","max-snippet":"max-snippet:-1","max-image-preview":"max-image-preview:large","max-video-preview":"max-video-preview:-1"},"canonical":"https:\/\/www.sgeaj.ch\/fr\/actualite\/cfp-les-planches-de-lencyclopedie-en-lumiere-mises-en-perspective-et-recherches-sur-le-recueil-de-planches-1762-1772-27-29-mai-2021\/","twitter_misc":{"\u00c9crit par":"Nadja Ackermann","Dur\u00e9e de lecture estim\u00e9e":"2 minutes"},"schema":{"@context":"https:\/\/schema.org","@graph":[{"@type":"Article","@id":"https:\/\/www.sgeaj.ch\/fr\/actualite\/cfp-les-planches-de-lencyclopedie-en-lumiere-mises-en-perspective-et-recherches-sur-le-recueil-de-planches-1762-1772-27-29-mai-2021\/#article","isPartOf":{"@id":"https:\/\/www.sgeaj.ch\/fr\/actualite\/cfp-les-planches-de-lencyclopedie-en-lumiere-mises-en-perspective-et-recherches-sur-le-recueil-de-planches-1762-1772-27-29-mai-2021\/"},"author":{"name":"Nadja Ackermann","@id":"https:\/\/www.sgeaj.ch\/fr\/#\/schema\/person\/2cd839eed625879a17645fc9f307c8e7"},"headline":"Les planches de l\u2019Encyclop\u00e9die en lumi\u00e8re","datePublished":"2020-08-26T18:32:53+00:00","dateModified":"2021-04-11T14:42:02+00:00","mainEntityOfPage":{"@id":"https:\/\/www.sgeaj.ch\/fr\/actualite\/cfp-les-planches-de-lencyclopedie-en-lumiere-mises-en-perspective-et-recherches-sur-le-recueil-de-planches-1762-1772-27-29-mai-2021\/"},"wordCount":438,"publisher":{"@id":"https:\/\/www.sgeaj.ch\/fr\/#organization"},"image":{"@id":"https:\/\/www.sgeaj.ch\/fr\/actualite\/cfp-les-planches-de-lencyclopedie-en-lumiere-mises-en-perspective-et-recherches-sur-le-recueil-de-planches-1762-1772-27-29-mai-2021\/#primaryimage"},"thumbnailUrl":"https:\/\/www.sgeaj.ch\/wp-content\/uploads\/2020\/08\/visuel_colloque_planches_md.jpg","articleSection":["Actualit\u00e9","Call for Papers"],"inLanguage":"fr-FR"},{"@type":"WebPage","@id":"https:\/\/www.sgeaj.ch\/fr\/actualite\/cfp-les-planches-de-lencyclopedie-en-lumiere-mises-en-perspective-et-recherches-sur-le-recueil-de-planches-1762-1772-27-29-mai-2021\/","url":"https:\/\/www.sgeaj.ch\/fr\/actualite\/cfp-les-planches-de-lencyclopedie-en-lumiere-mises-en-perspective-et-recherches-sur-le-recueil-de-planches-1762-1772-27-29-mai-2021\/","name":"Les planches de l\u2019Encyclop\u00e9die en lumi\u00e8re - Schweizerische Gesellschaft f\u00fcr die Erforschung des 18. Jahrhunderts (SGEAJ - SSEDS)","isPartOf":{"@id":"https:\/\/www.sgeaj.ch\/fr\/#website"},"primaryImageOfPage":{"@id":"https:\/\/www.sgeaj.ch\/fr\/actualite\/cfp-les-planches-de-lencyclopedie-en-lumiere-mises-en-perspective-et-recherches-sur-le-recueil-de-planches-1762-1772-27-29-mai-2021\/#primaryimage"},"image":{"@id":"https:\/\/www.sgeaj.ch\/fr\/actualite\/cfp-les-planches-de-lencyclopedie-en-lumiere-mises-en-perspective-et-recherches-sur-le-recueil-de-planches-1762-1772-27-29-mai-2021\/#primaryimage"},"thumbnailUrl":"https:\/\/www.sgeaj.ch\/wp-content\/uploads\/2020\/08\/visuel_colloque_planches_md.jpg","datePublished":"2020-08-26T18:32:53+00:00","dateModified":"2021-04-11T14:42:02+00:00","inLanguage":"fr-FR","potentialAction":[{"@type":"ReadAction","target":["https:\/\/www.sgeaj.ch\/fr\/actualite\/cfp-les-planches-de-lencyclopedie-en-lumiere-mises-en-perspective-et-recherches-sur-le-recueil-de-planches-1762-1772-27-29-mai-2021\/"]}]},{"@type":"ImageObject","inLanguage":"fr-FR","@id":"https:\/\/www.sgeaj.ch\/fr\/actualite\/cfp-les-planches-de-lencyclopedie-en-lumiere-mises-en-perspective-et-recherches-sur-le-recueil-de-planches-1762-1772-27-29-mai-2021\/#primaryimage","url":"https:\/\/www.sgeaj.ch\/wp-content\/uploads\/2020\/08\/visuel_colloque_planches_md.jpg","contentUrl":"https:\/\/www.sgeaj.ch\/wp-content\/uploads\/2020\/08\/visuel_colloque_planches_md.jpg","width":1000,"height":634},{"@type":"WebSite","@id":"https:\/\/www.sgeaj.ch\/fr\/#website","url":"https:\/\/www.sgeaj.ch\/fr\/","name":"Schweizerische Gesellschaft f\u00fcr die Erforschung des 18. Jahrhunderts (SGEAJ - SSEDS)","description":"Schweizerische Gesellschaft f\u00fcr die Erforschung des 18. Jahrhunderts","publisher":{"@id":"https:\/\/www.sgeaj.ch\/fr\/#organization"},"potentialAction":[{"@type":"SearchAction","target":{"@type":"EntryPoint","urlTemplate":"https:\/\/www.sgeaj.ch\/fr\/?s={search_term_string}"},"query-input":{"@type":"PropertyValueSpecification","valueRequired":true,"valueName":"search_term_string"}}],"inLanguage":"fr-FR"},{"@type":"Organization","@id":"https:\/\/www.sgeaj.ch\/fr\/#organization","name":"Schweizerische Gesellschaft f\u00fcr die Erforschung des 18. Jahrhunderts (SGEAJ - SSEDS)","url":"https:\/\/www.sgeaj.ch\/fr\/","logo":{"@type":"ImageObject","inLanguage":"fr-FR","@id":"https:\/\/www.sgeaj.ch\/fr\/#\/schema\/logo\/image\/","url":"https:\/\/www.sgeaj.ch\/wp-content\/uploads\/2021\/06\/cropped-logo-xviiies-horiz-abreuviations-bleues.png","contentUrl":"https:\/\/www.sgeaj.ch\/wp-content\/uploads\/2021\/06\/cropped-logo-xviiies-horiz-abreuviations-bleues.png","width":659,"height":335,"caption":"Schweizerische Gesellschaft f\u00fcr die Erforschung des 18. Jahrhunderts (SGEAJ - SSEDS)"},"image":{"@id":"https:\/\/www.sgeaj.ch\/fr\/#\/schema\/logo\/image\/"}},{"@type":"Person","@id":"https:\/\/www.sgeaj.ch\/fr\/#\/schema\/person\/2cd839eed625879a17645fc9f307c8e7","name":"Nadja Ackermann","url":"https:\/\/www.sgeaj.ch\/fr\/author\/naackermann\/"}]}},"_links":{"self":[{"href":"https:\/\/www.sgeaj.ch\/fr\/wp-json\/wp\/v2\/posts\/6008","targetHints":{"allow":["GET"]}}],"collection":[{"href":"https:\/\/www.sgeaj.ch\/fr\/wp-json\/wp\/v2\/posts"}],"about":[{"href":"https:\/\/www.sgeaj.ch\/fr\/wp-json\/wp\/v2\/types\/post"}],"author":[{"embeddable":true,"href":"https:\/\/www.sgeaj.ch\/fr\/wp-json\/wp\/v2\/users\/7"}],"replies":[{"embeddable":true,"href":"https:\/\/www.sgeaj.ch\/fr\/wp-json\/wp\/v2\/comments?post=6008"}],"version-history":[{"count":2,"href":"https:\/\/www.sgeaj.ch\/fr\/wp-json\/wp\/v2\/posts\/6008\/revisions"}],"predecessor-version":[{"id":6262,"href":"https:\/\/www.sgeaj.ch\/fr\/wp-json\/wp\/v2\/posts\/6008\/revisions\/6262"}],"wp:featuredmedia":[{"embeddable":true,"href":"https:\/\/www.sgeaj.ch\/fr\/wp-json\/wp\/v2\/media\/3983"}],"wp:attachment":[{"href":"https:\/\/www.sgeaj.ch\/fr\/wp-json\/wp\/v2\/media?parent=6008"}],"wp:term":[{"taxonomy":"category","embeddable":true,"href":"https:\/\/www.sgeaj.ch\/fr\/wp-json\/wp\/v2\/categories?post=6008"},{"taxonomy":"post_tag","embeddable":true,"href":"https:\/\/www.sgeaj.ch\/fr\/wp-json\/wp\/v2\/tags?post=6008"}],"curies":[{"name":"wp","href":"https:\/\/api.w.org\/{rel}","templated":true}]}}