{"id":6385,"date":"2021-04-28T20:08:09","date_gmt":"2021-04-28T18:08:09","guid":{"rendered":"https:\/\/www.sgeaj.ch\/?p=6385"},"modified":"2024-09-05T17:21:02","modified_gmt":"2024-09-05T15:21:02","slug":"edition-ausgewaehlter-briefwechsel-lavaters","status":"publish","type":"post","link":"https:\/\/www.sgeaj.ch\/fr\/projets-recherche\/recherches-actuelles\/edition-ausgewaehlter-briefwechsel-lavaters\/","title":{"rendered":"Edition ausgew\u00e4hlter Briefwechsel Lavaters"},"content":{"rendered":"\n<h2 class=\"wp-block-heading\"><strong>Johann Caspar Lavater: Historisch-kritische Edition ausgew\u00e4hlter Briefwechsel<\/strong><\/h2>\n\n\n\n<h4 class=\"wp-block-heading\">Forschungsprojekt des Schweizerischen Nationalfonds 2017 bis 2020, Forschungsprojekt der Schweizerischen Akademie der Geistes- und Sozialwissenschaften 2021 bis 2028<\/h4>\n\n\n\n<h5 class=\"wp-block-heading\">Projektleitung: Dr. Ursula Caflisch-Schnetzler \/ Prof. Dr. Davide Giuriato<\/h5>\n\n\n\n<p>Die Korrespondenz Johann Caspar Lavaters (1741\u20131801) war \u00fcber alle Grenzen der Kleinstaaterei und gesellschaftlichen Schichtung hinweg Teil eines weitgespannten Kommunikationsnetzes. Der \u00fcberlieferte Briefbestand bietet nicht nur inhaltsreiches Quellenmaterial f\u00fcr die Auseinandersetzung mit dem Leben und Werk des Autors; er gibt vor allem auch Auskunft \u00fcber gelehrte Kommunikationsnetze und -strukturen, \u00fcber Ver\u00e4nderungen der Brief- und Wissenskultur sowie \u00fcber Ph\u00e4nomene des intellektuellen Kulturaustauschs im 18. Jahrhundert.<\/p>\n\n\n\n<p>Ziel des seit 2017 laufenden Forschungsprojektes <em>Johann Caspar Lavater: Historisch-kritische Edition ausgew\u00e4hlter Briefwechsel <\/em>(JCLB) ist die digitale Erfassung und Erschliessung von Lavaters Korrespondenz f\u00fcr das Verst\u00e4ndnis zentraler Diskurse der Kultur- und Geistesgeschichte. Das Forschungsprojekt JCLB visualisiert die Netzwerkstruktur mit den entsprechenden Metadaten und ediert ausgew\u00e4hlte Briefwechsel in digitaler Form und als Printausgabe. Dank der strukturierten Aufbereitung der Digitalisate und der Brieftranskripte sowie der Aufnahme von Metadaten werden beste Voraussetzungen f\u00fcr die Erforschung des 18. Jahrhunderts geschaffen, was einen erweiterten wissenschaftlichen Diskurs erm\u00f6glicht.<\/p>\n\n\n\n<p>Johann Caspar Lavaters zentrale Bedeutung f\u00fcr das Zeitalter der Aufkl\u00e4rung ist in der Forschung allgemein anerkannt. Mit seiner \u00fcber 23&rsquo;000 Briefe umfassenden Korrespondenz war er Teil der deutschsprachigen Briefkultur. F\u00fcr die Rekonstruktion und Darstellung der Netzwerkstruktur werden in JCLB die Metadaten s\u00e4mtlicher auffindbarer Briefe in enger Zusammenarbeit mit der Zentralbibliothek Z\u00fcrich (ZBZ) und anderen Institutionen weltweit \u00fcber eine im Verbund neu konzipierte webbasierte Plattform aufgenommen. Die nachhaltige Generierung der Daten (digitale Langzeitarchivierung) und die Anschlussf\u00e4higkeit (\u00abkeep alive\u00bb) der Edition wird in Zusammenarbeit mit dem Kompetenzzentrum f\u00fcr elektronische Erschlie\u00dfungs- und Publikationsverfahren in den Geisteswissenschaften der Universit\u00e4t Trier (TCDH) und dem DaSCH (Swiss National Data and Service Center for the Humanities) im Back- und im Frontend realisiert. In Kooperation mit dem TCDH erstellt JCLB eine webbasierte grafische Oberfl\u00e4che zur Darstellung und Bearbeitung des in sich koh\u00e4renten, jedoch auch f\u00fcr sp\u00e4tere editorische Erweiterungen offenen Korpus der Digitalen Edition.<\/p>\n\n\n\n<p>Hier geht es zur <a href=\"https:\/\/lavater.com\/briefwechsel\" target=\"_blank\" rel=\"noreferrer noopener\">Online-Edition JCLB<\/a>.<\/p>\n\n\n\n<p>F\u00fcr weitere Informationen siehe auch den 2020 erschienenen <a href=\"https:\/\/www.sgeaj.ch\/fr\/publications\/xviii-ch-fr\/band-11-2020\/\" target=\"_blank\" rel=\"noreferrer noopener\">Band xviii.ch (11\/2020) \u00abLavater vernetzt. Gelehrtenrepublik und Digital Humanities\u00bb<\/a>.<\/p>\n","protected":false},"excerpt":{"rendered":"<p>Johann Caspar Lavater: Historisch-kritische Edition ausgew\u00e4hlter Briefwechsel (JCLB) ist die digitale Erfassung und Erschliessung von Lavaters Korrespondenz f\u00fcr das Verst\u00e4ndnis zentraler Diskurse der Kultur- und Geistesgeschichte. <\/p>\n","protected":false},"author":7,"featured_media":6383,"comment_status":"closed","ping_status":"open","sticky":false,"template":"","format":"standard","meta":{"footnotes":""},"categories":[45,53],"tags":[],"class_list":{"0":"post-6385","1":"post","2":"type-post","3":"status-publish","4":"format-standard","5":"has-post-thumbnail","7":"category-projets-recherche","8":"category-recherches-actuelles","9":"czr-hentry"},"yoast_head":"<!-- This site is optimized with the Yoast SEO plugin v26.9 - https:\/\/yoast.com\/product\/yoast-seo-wordpress\/ -->\n<title>Edition ausgew\u00e4hlter Briefwechsel Lavaters - Schweizerische Gesellschaft f\u00fcr die Erforschung des 18. Jahrhunderts (SGEAJ - SSEDS)<\/title>\n<meta name=\"robots\" content=\"index, follow, max-snippet:-1, max-image-preview:large, max-video-preview:-1\" \/>\n<link rel=\"canonical\" href=\"https:\/\/www.sgeaj.ch\/fr\/projets-recherche\/recherches-actuelles\/edition-ausgewaehlter-briefwechsel-lavaters\/\" \/>\n<meta name=\"twitter:label1\" content=\"\u00c9crit par\" \/>\n\t<meta name=\"twitter:data1\" content=\"Nadja Ackermann\" \/>\n\t<meta name=\"twitter:label2\" content=\"Dur\u00e9e de lecture estim\u00e9e\" \/>\n\t<meta name=\"twitter:data2\" content=\"3 minutes\" \/>\n<script type=\"application\/ld+json\" class=\"yoast-schema-graph\">{\"@context\":\"https:\/\/schema.org\",\"@graph\":[{\"@type\":\"Article\",\"@id\":\"https:\/\/www.sgeaj.ch\/fr\/projets-recherche\/recherches-actuelles\/edition-ausgewaehlter-briefwechsel-lavaters\/#article\",\"isPartOf\":{\"@id\":\"https:\/\/www.sgeaj.ch\/fr\/projets-recherche\/recherches-actuelles\/edition-ausgewaehlter-briefwechsel-lavaters\/\"},\"author\":{\"name\":\"Nadja Ackermann\",\"@id\":\"https:\/\/www.sgeaj.ch\/fr\/#\/schema\/person\/2cd839eed625879a17645fc9f307c8e7\"},\"headline\":\"Edition ausgew\u00e4hlter Briefwechsel Lavaters\",\"datePublished\":\"2021-04-28T18:08:09+00:00\",\"dateModified\":\"2024-09-05T15:21:02+00:00\",\"mainEntityOfPage\":{\"@id\":\"https:\/\/www.sgeaj.ch\/fr\/projets-recherche\/recherches-actuelles\/edition-ausgewaehlter-briefwechsel-lavaters\/\"},\"wordCount\":366,\"publisher\":{\"@id\":\"https:\/\/www.sgeaj.ch\/fr\/#organization\"},\"image\":{\"@id\":\"https:\/\/www.sgeaj.ch\/fr\/projets-recherche\/recherches-actuelles\/edition-ausgewaehlter-briefwechsel-lavaters\/#primaryimage\"},\"thumbnailUrl\":\"https:\/\/www.sgeaj.ch\/wp-content\/uploads\/2021\/04\/johann-caspar-lavater.jpg\",\"articleSection\":[\"Projets de recherche\",\"Recherches actuelles\"],\"inLanguage\":\"fr-FR\"},{\"@type\":\"WebPage\",\"@id\":\"https:\/\/www.sgeaj.ch\/fr\/projets-recherche\/recherches-actuelles\/edition-ausgewaehlter-briefwechsel-lavaters\/\",\"url\":\"https:\/\/www.sgeaj.ch\/fr\/projets-recherche\/recherches-actuelles\/edition-ausgewaehlter-briefwechsel-lavaters\/\",\"name\":\"Edition ausgew\u00e4hlter Briefwechsel Lavaters - Schweizerische Gesellschaft f\u00fcr die Erforschung des 18. Jahrhunderts (SGEAJ - SSEDS)\",\"isPartOf\":{\"@id\":\"https:\/\/www.sgeaj.ch\/fr\/#website\"},\"primaryImageOfPage\":{\"@id\":\"https:\/\/www.sgeaj.ch\/fr\/projets-recherche\/recherches-actuelles\/edition-ausgewaehlter-briefwechsel-lavaters\/#primaryimage\"},\"image\":{\"@id\":\"https:\/\/www.sgeaj.ch\/fr\/projets-recherche\/recherches-actuelles\/edition-ausgewaehlter-briefwechsel-lavaters\/#primaryimage\"},\"thumbnailUrl\":\"https:\/\/www.sgeaj.ch\/wp-content\/uploads\/2021\/04\/johann-caspar-lavater.jpg\",\"datePublished\":\"2021-04-28T18:08:09+00:00\",\"dateModified\":\"2024-09-05T15:21:02+00:00\",\"inLanguage\":\"fr-FR\",\"potentialAction\":[{\"@type\":\"ReadAction\",\"target\":[\"https:\/\/www.sgeaj.ch\/fr\/projets-recherche\/recherches-actuelles\/edition-ausgewaehlter-briefwechsel-lavaters\/\"]}]},{\"@type\":\"ImageObject\",\"inLanguage\":\"fr-FR\",\"@id\":\"https:\/\/www.sgeaj.ch\/fr\/projets-recherche\/recherches-actuelles\/edition-ausgewaehlter-briefwechsel-lavaters\/#primaryimage\",\"url\":\"https:\/\/www.sgeaj.ch\/wp-content\/uploads\/2021\/04\/johann-caspar-lavater.jpg\",\"contentUrl\":\"https:\/\/www.sgeaj.ch\/wp-content\/uploads\/2021\/04\/johann-caspar-lavater.jpg\",\"width\":1181,\"height\":1578},{\"@type\":\"WebSite\",\"@id\":\"https:\/\/www.sgeaj.ch\/fr\/#website\",\"url\":\"https:\/\/www.sgeaj.ch\/fr\/\",\"name\":\"Schweizerische Gesellschaft f\u00fcr die Erforschung des 18. Jahrhunderts (SGEAJ - SSEDS)\",\"description\":\"Schweizerische Gesellschaft f\u00fcr die Erforschung des 18. Jahrhunderts\",\"publisher\":{\"@id\":\"https:\/\/www.sgeaj.ch\/fr\/#organization\"},\"potentialAction\":[{\"@type\":\"SearchAction\",\"target\":{\"@type\":\"EntryPoint\",\"urlTemplate\":\"https:\/\/www.sgeaj.ch\/fr\/?s={search_term_string}\"},\"query-input\":{\"@type\":\"PropertyValueSpecification\",\"valueRequired\":true,\"valueName\":\"search_term_string\"}}],\"inLanguage\":\"fr-FR\"},{\"@type\":\"Organization\",\"@id\":\"https:\/\/www.sgeaj.ch\/fr\/#organization\",\"name\":\"Schweizerische Gesellschaft f\u00fcr die Erforschung des 18. Jahrhunderts (SGEAJ - SSEDS)\",\"url\":\"https:\/\/www.sgeaj.ch\/fr\/\",\"logo\":{\"@type\":\"ImageObject\",\"inLanguage\":\"fr-FR\",\"@id\":\"https:\/\/www.sgeaj.ch\/fr\/#\/schema\/logo\/image\/\",\"url\":\"https:\/\/www.sgeaj.ch\/wp-content\/uploads\/2021\/06\/cropped-logo-xviiies-horiz-abreuviations-bleues.png\",\"contentUrl\":\"https:\/\/www.sgeaj.ch\/wp-content\/uploads\/2021\/06\/cropped-logo-xviiies-horiz-abreuviations-bleues.png\",\"width\":659,\"height\":335,\"caption\":\"Schweizerische Gesellschaft f\u00fcr die Erforschung des 18. Jahrhunderts (SGEAJ - SSEDS)\"},\"image\":{\"@id\":\"https:\/\/www.sgeaj.ch\/fr\/#\/schema\/logo\/image\/\"}},{\"@type\":\"Person\",\"@id\":\"https:\/\/www.sgeaj.ch\/fr\/#\/schema\/person\/2cd839eed625879a17645fc9f307c8e7\",\"name\":\"Nadja Ackermann\",\"url\":\"https:\/\/www.sgeaj.ch\/fr\/author\/naackermann\/\"}]}<\/script>\n<!-- \/ Yoast SEO plugin. -->","yoast_head_json":{"title":"Edition ausgew\u00e4hlter Briefwechsel Lavaters - Schweizerische Gesellschaft f\u00fcr die Erforschung des 18. Jahrhunderts (SGEAJ - SSEDS)","robots":{"index":"index","follow":"follow","max-snippet":"max-snippet:-1","max-image-preview":"max-image-preview:large","max-video-preview":"max-video-preview:-1"},"canonical":"https:\/\/www.sgeaj.ch\/fr\/projets-recherche\/recherches-actuelles\/edition-ausgewaehlter-briefwechsel-lavaters\/","twitter_misc":{"\u00c9crit par":"Nadja Ackermann","Dur\u00e9e de lecture estim\u00e9e":"3 minutes"},"schema":{"@context":"https:\/\/schema.org","@graph":[{"@type":"Article","@id":"https:\/\/www.sgeaj.ch\/fr\/projets-recherche\/recherches-actuelles\/edition-ausgewaehlter-briefwechsel-lavaters\/#article","isPartOf":{"@id":"https:\/\/www.sgeaj.ch\/fr\/projets-recherche\/recherches-actuelles\/edition-ausgewaehlter-briefwechsel-lavaters\/"},"author":{"name":"Nadja Ackermann","@id":"https:\/\/www.sgeaj.ch\/fr\/#\/schema\/person\/2cd839eed625879a17645fc9f307c8e7"},"headline":"Edition ausgew\u00e4hlter Briefwechsel Lavaters","datePublished":"2021-04-28T18:08:09+00:00","dateModified":"2024-09-05T15:21:02+00:00","mainEntityOfPage":{"@id":"https:\/\/www.sgeaj.ch\/fr\/projets-recherche\/recherches-actuelles\/edition-ausgewaehlter-briefwechsel-lavaters\/"},"wordCount":366,"publisher":{"@id":"https:\/\/www.sgeaj.ch\/fr\/#organization"},"image":{"@id":"https:\/\/www.sgeaj.ch\/fr\/projets-recherche\/recherches-actuelles\/edition-ausgewaehlter-briefwechsel-lavaters\/#primaryimage"},"thumbnailUrl":"https:\/\/www.sgeaj.ch\/wp-content\/uploads\/2021\/04\/johann-caspar-lavater.jpg","articleSection":["Projets de recherche","Recherches actuelles"],"inLanguage":"fr-FR"},{"@type":"WebPage","@id":"https:\/\/www.sgeaj.ch\/fr\/projets-recherche\/recherches-actuelles\/edition-ausgewaehlter-briefwechsel-lavaters\/","url":"https:\/\/www.sgeaj.ch\/fr\/projets-recherche\/recherches-actuelles\/edition-ausgewaehlter-briefwechsel-lavaters\/","name":"Edition ausgew\u00e4hlter Briefwechsel Lavaters - Schweizerische Gesellschaft f\u00fcr die Erforschung des 18. Jahrhunderts (SGEAJ - SSEDS)","isPartOf":{"@id":"https:\/\/www.sgeaj.ch\/fr\/#website"},"primaryImageOfPage":{"@id":"https:\/\/www.sgeaj.ch\/fr\/projets-recherche\/recherches-actuelles\/edition-ausgewaehlter-briefwechsel-lavaters\/#primaryimage"},"image":{"@id":"https:\/\/www.sgeaj.ch\/fr\/projets-recherche\/recherches-actuelles\/edition-ausgewaehlter-briefwechsel-lavaters\/#primaryimage"},"thumbnailUrl":"https:\/\/www.sgeaj.ch\/wp-content\/uploads\/2021\/04\/johann-caspar-lavater.jpg","datePublished":"2021-04-28T18:08:09+00:00","dateModified":"2024-09-05T15:21:02+00:00","inLanguage":"fr-FR","potentialAction":[{"@type":"ReadAction","target":["https:\/\/www.sgeaj.ch\/fr\/projets-recherche\/recherches-actuelles\/edition-ausgewaehlter-briefwechsel-lavaters\/"]}]},{"@type":"ImageObject","inLanguage":"fr-FR","@id":"https:\/\/www.sgeaj.ch\/fr\/projets-recherche\/recherches-actuelles\/edition-ausgewaehlter-briefwechsel-lavaters\/#primaryimage","url":"https:\/\/www.sgeaj.ch\/wp-content\/uploads\/2021\/04\/johann-caspar-lavater.jpg","contentUrl":"https:\/\/www.sgeaj.ch\/wp-content\/uploads\/2021\/04\/johann-caspar-lavater.jpg","width":1181,"height":1578},{"@type":"WebSite","@id":"https:\/\/www.sgeaj.ch\/fr\/#website","url":"https:\/\/www.sgeaj.ch\/fr\/","name":"Schweizerische Gesellschaft f\u00fcr die Erforschung des 18. Jahrhunderts (SGEAJ - SSEDS)","description":"Schweizerische Gesellschaft f\u00fcr die Erforschung des 18. Jahrhunderts","publisher":{"@id":"https:\/\/www.sgeaj.ch\/fr\/#organization"},"potentialAction":[{"@type":"SearchAction","target":{"@type":"EntryPoint","urlTemplate":"https:\/\/www.sgeaj.ch\/fr\/?s={search_term_string}"},"query-input":{"@type":"PropertyValueSpecification","valueRequired":true,"valueName":"search_term_string"}}],"inLanguage":"fr-FR"},{"@type":"Organization","@id":"https:\/\/www.sgeaj.ch\/fr\/#organization","name":"Schweizerische Gesellschaft f\u00fcr die Erforschung des 18. Jahrhunderts (SGEAJ - SSEDS)","url":"https:\/\/www.sgeaj.ch\/fr\/","logo":{"@type":"ImageObject","inLanguage":"fr-FR","@id":"https:\/\/www.sgeaj.ch\/fr\/#\/schema\/logo\/image\/","url":"https:\/\/www.sgeaj.ch\/wp-content\/uploads\/2021\/06\/cropped-logo-xviiies-horiz-abreuviations-bleues.png","contentUrl":"https:\/\/www.sgeaj.ch\/wp-content\/uploads\/2021\/06\/cropped-logo-xviiies-horiz-abreuviations-bleues.png","width":659,"height":335,"caption":"Schweizerische Gesellschaft f\u00fcr die Erforschung des 18. Jahrhunderts (SGEAJ - SSEDS)"},"image":{"@id":"https:\/\/www.sgeaj.ch\/fr\/#\/schema\/logo\/image\/"}},{"@type":"Person","@id":"https:\/\/www.sgeaj.ch\/fr\/#\/schema\/person\/2cd839eed625879a17645fc9f307c8e7","name":"Nadja Ackermann","url":"https:\/\/www.sgeaj.ch\/fr\/author\/naackermann\/"}]}},"_links":{"self":[{"href":"https:\/\/www.sgeaj.ch\/fr\/wp-json\/wp\/v2\/posts\/6385","targetHints":{"allow":["GET"]}}],"collection":[{"href":"https:\/\/www.sgeaj.ch\/fr\/wp-json\/wp\/v2\/posts"}],"about":[{"href":"https:\/\/www.sgeaj.ch\/fr\/wp-json\/wp\/v2\/types\/post"}],"author":[{"embeddable":true,"href":"https:\/\/www.sgeaj.ch\/fr\/wp-json\/wp\/v2\/users\/7"}],"replies":[{"embeddable":true,"href":"https:\/\/www.sgeaj.ch\/fr\/wp-json\/wp\/v2\/comments?post=6385"}],"version-history":[{"count":5,"href":"https:\/\/www.sgeaj.ch\/fr\/wp-json\/wp\/v2\/posts\/6385\/revisions"}],"predecessor-version":[{"id":7472,"href":"https:\/\/www.sgeaj.ch\/fr\/wp-json\/wp\/v2\/posts\/6385\/revisions\/7472"}],"wp:featuredmedia":[{"embeddable":true,"href":"https:\/\/www.sgeaj.ch\/fr\/wp-json\/wp\/v2\/media\/6383"}],"wp:attachment":[{"href":"https:\/\/www.sgeaj.ch\/fr\/wp-json\/wp\/v2\/media?parent=6385"}],"wp:term":[{"taxonomy":"category","embeddable":true,"href":"https:\/\/www.sgeaj.ch\/fr\/wp-json\/wp\/v2\/categories?post=6385"},{"taxonomy":"post_tag","embeddable":true,"href":"https:\/\/www.sgeaj.ch\/fr\/wp-json\/wp\/v2\/tags?post=6385"}],"curies":[{"name":"wp","href":"https:\/\/api.w.org\/{rel}","templated":true}]}}