{"id":6422,"date":"2021-05-22T12:23:29","date_gmt":"2021-05-22T10:23:29","guid":{"rendered":"https:\/\/www.sgeaj.ch\/?p=6422"},"modified":"2021-05-22T12:23:32","modified_gmt":"2021-05-22T10:23:32","slug":"faire-voir-lhistoire","status":"publish","type":"post","link":"https:\/\/www.sgeaj.ch\/fr\/actualite\/colloques\/faire-voir-lhistoire\/","title":{"rendered":"Faire voir l\u2019histoire"},"content":{"rendered":"\n<h2 class=\"wp-block-heading\">Journ\u00e9e d\u2019\u00e9tude \u00abFaire voir l\u2019histoire (17e-18esi\u00e8cles) \u00bb 7 juin 2021, en ligne<\/h2>\n\n\n\n<p>Organisation: Anne R\u00e9gent-Susini (Universit\u00e9 Sorbonne nouvelle &#8211; Paris 3) et Adrien Paschoud (Universit\u00e9 de B\u00e2le)<\/p>\n\n\n\n<p>Compte tenu de la situation sanitaire, la rencontre se d\u00e9roulera par <strong>visioconf\u00e9rence<\/strong> uniquement. Le lien sera fourni sur simple demande aux organisateurs: anne.regent-susini@sorbonne-nouvelle.fr  ou adrien.paschoud@unibas.ch.<\/p>\n\n\n\n<ul class=\"wp-block-list\"><li><strong>9.30-9.45<\/strong> Anne R\u00e9gent-Susini et Adrien Paschoud: <em>Avant-propos<\/em>; Pr\u00e9sident de s\u00e9ance:Bernard Teyssandier (Universit\u00e9 de Reims)<\/li><li><strong>9.45-10.15<\/strong> Christian Jouhaud (\u00c9cole des Hautes \u00c9tudes en Sciences Sociales): <em>Pratiques historiographiques : de la figuration \u00e0 l&rsquo;usage du pass\u00e9<\/em><\/li><li><strong>10.15-10.45<\/strong> Mathilde Bombart (Universit\u00e9 Versailles Saint-Quentin-en-Yvelines): <em>Voir ou ne pas voir ? Ce que le portrait fait \u00e0 la mazarinade<\/em><\/li><li><strong>11.15-11.45<\/strong> B\u00e9atrice Guion (Universit\u00e9 de Strasbourg):<em> Faire voir les arcana<\/em><\/li><li><strong>11.45-12.15<\/strong> Dinah Ribard (\u00c9cole des Hautes \u00c9tudes en Sciences Sociales): <em>Faire voir l&rsquo;histoire, voir le pass\u00e9<\/em> ; Pr\u00e9sident de s\u00e9ance: Christophe Martin (Sorbonne Universit\u00e9)<\/li><li><strong>14.00-14.30<\/strong> Olivier Leplatre (Universit\u00e9 Jean Moulin -Lyon III): <em>Visibilit\u00e9 et visualit\u00e9 de l&rsquo;Histoire: autour du Grand th\u00e9\u00e2tre historique de Nicolas Gueudeville<\/em><\/li><li><strong>14.30-15.00<\/strong> Leo Catana (Universit\u00e9 de Copenhague): <em>The Rhetorical Presentation of Contested Knowledge as Historical Knowledge in Diderot\u2019s Encyclop\u00e9die: The Case of Socrates<\/em><\/li><li><strong>15.30-16.00<\/strong> Marc Hersant (Universit\u00e9 Sorbonne nouvelle \u2013Paris 3): <em>La sc\u00e8ne dans le r\u00e9cit historique au XVIIIe si\u00e8cle : les exemples de Saint-Simon et de Voltaire<\/em><\/li><li><strong>16.00-16.30<\/strong> Myrtille M\u00e9ricam-Bourdet(Universit\u00e9 Lumi\u00e8re \u2013Lyon II): \u00ab<em>Fai[re] de ce chaos un tableau g\u00e9n\u00e9ral\u00bb: r\u00e9flexions autour de l\u2019Essai sur les m\u0153ursde Voltaire<\/em><\/li><li><strong>Conclusion<\/strong><\/li><\/ul>\n","protected":false},"excerpt":{"rendered":"<p>Journ\u00e9e d\u2019\u00e9tude \u00abFaire voir l\u2019histoire (17e-18esi\u00e8cles) \u00bb 7 juin 2021, en ligne Organisation: Anne R\u00e9gent-Susini (Universit\u00e9 Sorbonne nouvelle &#8211; Paris 3) et Adrien Paschoud (Universit\u00e9 de B\u00e2le) Compte tenu de la situation sanitaire, la rencontre se d\u00e9roulera par visioconf\u00e9rence uniquement. Le lien sera fourni sur simple demande aux organisateurs: anne.regent-susini@sorbonne-nouvelle.fr ou adrien.paschoud@unibas.ch. 9.30-9.45 Anne R\u00e9gent-Susini [&hellip;]<\/p>\n","protected":false},"author":7,"featured_media":6420,"comment_status":"closed","ping_status":"open","sticky":false,"template":"","format":"standard","meta":{"footnotes":""},"categories":[42,27],"tags":[],"class_list":{"0":"post-6422","1":"post","2":"type-post","3":"status-publish","4":"format-standard","5":"has-post-thumbnail","7":"category-actualite","8":"category-colloques","9":"czr-hentry"},"yoast_head":"<!-- This site is optimized with the Yoast SEO plugin v26.9 - https:\/\/yoast.com\/product\/yoast-seo-wordpress\/ -->\n<title>Faire voir l\u2019histoire - Schweizerische Gesellschaft f\u00fcr die Erforschung des 18. Jahrhunderts (SGEAJ - SSEDS)<\/title>\n<meta name=\"robots\" content=\"index, follow, max-snippet:-1, max-image-preview:large, max-video-preview:-1\" \/>\n<link rel=\"canonical\" href=\"https:\/\/www.sgeaj.ch\/fr\/actualite\/colloques\/faire-voir-lhistoire\/\" \/>\n<meta name=\"twitter:label1\" content=\"\u00c9crit par\" \/>\n\t<meta name=\"twitter:data1\" content=\"Nadja Ackermann\" \/>\n\t<meta name=\"twitter:label2\" content=\"Dur\u00e9e de lecture estim\u00e9e\" \/>\n\t<meta name=\"twitter:data2\" content=\"1 minute\" \/>\n<script type=\"application\/ld+json\" class=\"yoast-schema-graph\">{\"@context\":\"https:\/\/schema.org\",\"@graph\":[{\"@type\":\"Article\",\"@id\":\"https:\/\/www.sgeaj.ch\/fr\/actualite\/colloques\/faire-voir-lhistoire\/#article\",\"isPartOf\":{\"@id\":\"https:\/\/www.sgeaj.ch\/fr\/actualite\/colloques\/faire-voir-lhistoire\/\"},\"author\":{\"name\":\"Nadja Ackermann\",\"@id\":\"https:\/\/www.sgeaj.ch\/fr\/#\/schema\/person\/2cd839eed625879a17645fc9f307c8e7\"},\"headline\":\"Faire voir l\u2019histoire\",\"datePublished\":\"2021-05-22T10:23:29+00:00\",\"dateModified\":\"2021-05-22T10:23:32+00:00\",\"mainEntityOfPage\":{\"@id\":\"https:\/\/www.sgeaj.ch\/fr\/actualite\/colloques\/faire-voir-lhistoire\/\"},\"wordCount\":263,\"publisher\":{\"@id\":\"https:\/\/www.sgeaj.ch\/fr\/#organization\"},\"image\":{\"@id\":\"https:\/\/www.sgeaj.ch\/fr\/actualite\/colloques\/faire-voir-lhistoire\/#primaryimage\"},\"thumbnailUrl\":\"https:\/\/www.sgeaj.ch\/wp-content\/uploads\/2021\/05\/faire-voire-lhistoire.jpg\",\"articleSection\":[\"Actualit\u00e9\",\"Colloques\"],\"inLanguage\":\"fr-FR\"},{\"@type\":\"WebPage\",\"@id\":\"https:\/\/www.sgeaj.ch\/fr\/actualite\/colloques\/faire-voir-lhistoire\/\",\"url\":\"https:\/\/www.sgeaj.ch\/fr\/actualite\/colloques\/faire-voir-lhistoire\/\",\"name\":\"Faire voir l\u2019histoire - Schweizerische Gesellschaft f\u00fcr die Erforschung des 18. Jahrhunderts (SGEAJ - SSEDS)\",\"isPartOf\":{\"@id\":\"https:\/\/www.sgeaj.ch\/fr\/#website\"},\"primaryImageOfPage\":{\"@id\":\"https:\/\/www.sgeaj.ch\/fr\/actualite\/colloques\/faire-voir-lhistoire\/#primaryimage\"},\"image\":{\"@id\":\"https:\/\/www.sgeaj.ch\/fr\/actualite\/colloques\/faire-voir-lhistoire\/#primaryimage\"},\"thumbnailUrl\":\"https:\/\/www.sgeaj.ch\/wp-content\/uploads\/2021\/05\/faire-voire-lhistoire.jpg\",\"datePublished\":\"2021-05-22T10:23:29+00:00\",\"dateModified\":\"2021-05-22T10:23:32+00:00\",\"inLanguage\":\"fr-FR\",\"potentialAction\":[{\"@type\":\"ReadAction\",\"target\":[\"https:\/\/www.sgeaj.ch\/fr\/actualite\/colloques\/faire-voir-lhistoire\/\"]}]},{\"@type\":\"ImageObject\",\"inLanguage\":\"fr-FR\",\"@id\":\"https:\/\/www.sgeaj.ch\/fr\/actualite\/colloques\/faire-voir-lhistoire\/#primaryimage\",\"url\":\"https:\/\/www.sgeaj.ch\/wp-content\/uploads\/2021\/05\/faire-voire-lhistoire.jpg\",\"contentUrl\":\"https:\/\/www.sgeaj.ch\/wp-content\/uploads\/2021\/05\/faire-voire-lhistoire.jpg\",\"width\":654,\"height\":655},{\"@type\":\"WebSite\",\"@id\":\"https:\/\/www.sgeaj.ch\/fr\/#website\",\"url\":\"https:\/\/www.sgeaj.ch\/fr\/\",\"name\":\"Schweizerische Gesellschaft f\u00fcr die Erforschung des 18. Jahrhunderts (SGEAJ - SSEDS)\",\"description\":\"Schweizerische Gesellschaft f\u00fcr die Erforschung des 18. Jahrhunderts\",\"publisher\":{\"@id\":\"https:\/\/www.sgeaj.ch\/fr\/#organization\"},\"potentialAction\":[{\"@type\":\"SearchAction\",\"target\":{\"@type\":\"EntryPoint\",\"urlTemplate\":\"https:\/\/www.sgeaj.ch\/fr\/?s={search_term_string}\"},\"query-input\":{\"@type\":\"PropertyValueSpecification\",\"valueRequired\":true,\"valueName\":\"search_term_string\"}}],\"inLanguage\":\"fr-FR\"},{\"@type\":\"Organization\",\"@id\":\"https:\/\/www.sgeaj.ch\/fr\/#organization\",\"name\":\"Schweizerische Gesellschaft f\u00fcr die Erforschung des 18. Jahrhunderts (SGEAJ - SSEDS)\",\"url\":\"https:\/\/www.sgeaj.ch\/fr\/\",\"logo\":{\"@type\":\"ImageObject\",\"inLanguage\":\"fr-FR\",\"@id\":\"https:\/\/www.sgeaj.ch\/fr\/#\/schema\/logo\/image\/\",\"url\":\"https:\/\/www.sgeaj.ch\/wp-content\/uploads\/2021\/06\/cropped-logo-xviiies-horiz-abreuviations-bleues.png\",\"contentUrl\":\"https:\/\/www.sgeaj.ch\/wp-content\/uploads\/2021\/06\/cropped-logo-xviiies-horiz-abreuviations-bleues.png\",\"width\":659,\"height\":335,\"caption\":\"Schweizerische Gesellschaft f\u00fcr die Erforschung des 18. Jahrhunderts (SGEAJ - SSEDS)\"},\"image\":{\"@id\":\"https:\/\/www.sgeaj.ch\/fr\/#\/schema\/logo\/image\/\"}},{\"@type\":\"Person\",\"@id\":\"https:\/\/www.sgeaj.ch\/fr\/#\/schema\/person\/2cd839eed625879a17645fc9f307c8e7\",\"name\":\"Nadja Ackermann\",\"url\":\"https:\/\/www.sgeaj.ch\/fr\/author\/naackermann\/\"}]}<\/script>\n<!-- \/ Yoast SEO plugin. -->","yoast_head_json":{"title":"Faire voir l\u2019histoire - Schweizerische Gesellschaft f\u00fcr die Erforschung des 18. Jahrhunderts (SGEAJ - SSEDS)","robots":{"index":"index","follow":"follow","max-snippet":"max-snippet:-1","max-image-preview":"max-image-preview:large","max-video-preview":"max-video-preview:-1"},"canonical":"https:\/\/www.sgeaj.ch\/fr\/actualite\/colloques\/faire-voir-lhistoire\/","twitter_misc":{"\u00c9crit par":"Nadja Ackermann","Dur\u00e9e de lecture estim\u00e9e":"1 minute"},"schema":{"@context":"https:\/\/schema.org","@graph":[{"@type":"Article","@id":"https:\/\/www.sgeaj.ch\/fr\/actualite\/colloques\/faire-voir-lhistoire\/#article","isPartOf":{"@id":"https:\/\/www.sgeaj.ch\/fr\/actualite\/colloques\/faire-voir-lhistoire\/"},"author":{"name":"Nadja Ackermann","@id":"https:\/\/www.sgeaj.ch\/fr\/#\/schema\/person\/2cd839eed625879a17645fc9f307c8e7"},"headline":"Faire voir l\u2019histoire","datePublished":"2021-05-22T10:23:29+00:00","dateModified":"2021-05-22T10:23:32+00:00","mainEntityOfPage":{"@id":"https:\/\/www.sgeaj.ch\/fr\/actualite\/colloques\/faire-voir-lhistoire\/"},"wordCount":263,"publisher":{"@id":"https:\/\/www.sgeaj.ch\/fr\/#organization"},"image":{"@id":"https:\/\/www.sgeaj.ch\/fr\/actualite\/colloques\/faire-voir-lhistoire\/#primaryimage"},"thumbnailUrl":"https:\/\/www.sgeaj.ch\/wp-content\/uploads\/2021\/05\/faire-voire-lhistoire.jpg","articleSection":["Actualit\u00e9","Colloques"],"inLanguage":"fr-FR"},{"@type":"WebPage","@id":"https:\/\/www.sgeaj.ch\/fr\/actualite\/colloques\/faire-voir-lhistoire\/","url":"https:\/\/www.sgeaj.ch\/fr\/actualite\/colloques\/faire-voir-lhistoire\/","name":"Faire voir l\u2019histoire - Schweizerische Gesellschaft f\u00fcr die Erforschung des 18. Jahrhunderts (SGEAJ - SSEDS)","isPartOf":{"@id":"https:\/\/www.sgeaj.ch\/fr\/#website"},"primaryImageOfPage":{"@id":"https:\/\/www.sgeaj.ch\/fr\/actualite\/colloques\/faire-voir-lhistoire\/#primaryimage"},"image":{"@id":"https:\/\/www.sgeaj.ch\/fr\/actualite\/colloques\/faire-voir-lhistoire\/#primaryimage"},"thumbnailUrl":"https:\/\/www.sgeaj.ch\/wp-content\/uploads\/2021\/05\/faire-voire-lhistoire.jpg","datePublished":"2021-05-22T10:23:29+00:00","dateModified":"2021-05-22T10:23:32+00:00","inLanguage":"fr-FR","potentialAction":[{"@type":"ReadAction","target":["https:\/\/www.sgeaj.ch\/fr\/actualite\/colloques\/faire-voir-lhistoire\/"]}]},{"@type":"ImageObject","inLanguage":"fr-FR","@id":"https:\/\/www.sgeaj.ch\/fr\/actualite\/colloques\/faire-voir-lhistoire\/#primaryimage","url":"https:\/\/www.sgeaj.ch\/wp-content\/uploads\/2021\/05\/faire-voire-lhistoire.jpg","contentUrl":"https:\/\/www.sgeaj.ch\/wp-content\/uploads\/2021\/05\/faire-voire-lhistoire.jpg","width":654,"height":655},{"@type":"WebSite","@id":"https:\/\/www.sgeaj.ch\/fr\/#website","url":"https:\/\/www.sgeaj.ch\/fr\/","name":"Schweizerische Gesellschaft f\u00fcr die Erforschung des 18. Jahrhunderts (SGEAJ - SSEDS)","description":"Schweizerische Gesellschaft f\u00fcr die Erforschung des 18. Jahrhunderts","publisher":{"@id":"https:\/\/www.sgeaj.ch\/fr\/#organization"},"potentialAction":[{"@type":"SearchAction","target":{"@type":"EntryPoint","urlTemplate":"https:\/\/www.sgeaj.ch\/fr\/?s={search_term_string}"},"query-input":{"@type":"PropertyValueSpecification","valueRequired":true,"valueName":"search_term_string"}}],"inLanguage":"fr-FR"},{"@type":"Organization","@id":"https:\/\/www.sgeaj.ch\/fr\/#organization","name":"Schweizerische Gesellschaft f\u00fcr die Erforschung des 18. Jahrhunderts (SGEAJ - SSEDS)","url":"https:\/\/www.sgeaj.ch\/fr\/","logo":{"@type":"ImageObject","inLanguage":"fr-FR","@id":"https:\/\/www.sgeaj.ch\/fr\/#\/schema\/logo\/image\/","url":"https:\/\/www.sgeaj.ch\/wp-content\/uploads\/2021\/06\/cropped-logo-xviiies-horiz-abreuviations-bleues.png","contentUrl":"https:\/\/www.sgeaj.ch\/wp-content\/uploads\/2021\/06\/cropped-logo-xviiies-horiz-abreuviations-bleues.png","width":659,"height":335,"caption":"Schweizerische Gesellschaft f\u00fcr die Erforschung des 18. Jahrhunderts (SGEAJ - SSEDS)"},"image":{"@id":"https:\/\/www.sgeaj.ch\/fr\/#\/schema\/logo\/image\/"}},{"@type":"Person","@id":"https:\/\/www.sgeaj.ch\/fr\/#\/schema\/person\/2cd839eed625879a17645fc9f307c8e7","name":"Nadja Ackermann","url":"https:\/\/www.sgeaj.ch\/fr\/author\/naackermann\/"}]}},"_links":{"self":[{"href":"https:\/\/www.sgeaj.ch\/fr\/wp-json\/wp\/v2\/posts\/6422","targetHints":{"allow":["GET"]}}],"collection":[{"href":"https:\/\/www.sgeaj.ch\/fr\/wp-json\/wp\/v2\/posts"}],"about":[{"href":"https:\/\/www.sgeaj.ch\/fr\/wp-json\/wp\/v2\/types\/post"}],"author":[{"embeddable":true,"href":"https:\/\/www.sgeaj.ch\/fr\/wp-json\/wp\/v2\/users\/7"}],"replies":[{"embeddable":true,"href":"https:\/\/www.sgeaj.ch\/fr\/wp-json\/wp\/v2\/comments?post=6422"}],"version-history":[{"count":1,"href":"https:\/\/www.sgeaj.ch\/fr\/wp-json\/wp\/v2\/posts\/6422\/revisions"}],"predecessor-version":[{"id":6423,"href":"https:\/\/www.sgeaj.ch\/fr\/wp-json\/wp\/v2\/posts\/6422\/revisions\/6423"}],"wp:featuredmedia":[{"embeddable":true,"href":"https:\/\/www.sgeaj.ch\/fr\/wp-json\/wp\/v2\/media\/6420"}],"wp:attachment":[{"href":"https:\/\/www.sgeaj.ch\/fr\/wp-json\/wp\/v2\/media?parent=6422"}],"wp:term":[{"taxonomy":"category","embeddable":true,"href":"https:\/\/www.sgeaj.ch\/fr\/wp-json\/wp\/v2\/categories?post=6422"},{"taxonomy":"post_tag","embeddable":true,"href":"https:\/\/www.sgeaj.ch\/fr\/wp-json\/wp\/v2\/tags?post=6422"}],"curies":[{"name":"wp","href":"https:\/\/api.w.org\/{rel}","templated":true}]}}