{"id":6428,"date":"2021-05-27T18:31:22","date_gmt":"2021-05-27T16:31:22","guid":{"rendered":"https:\/\/www.sgeaj.ch\/?p=6428"},"modified":"2021-05-27T18:32:10","modified_gmt":"2021-05-27T16:32:10","slug":"un-tissua-la-conquete-du-monde","status":"publish","type":"post","link":"https:\/\/www.sgeaj.ch\/fr\/actualite\/expositions\/un-tissua-la-conquete-du-monde\/","title":{"rendered":"UN TISSU \u00c0 LA CONQU\u00caTE DU MONDE"},"content":{"rendered":"\n<h2 class=\"wp-block-heading\">INDIENNES. Un tissu \u00e0 la conqu\u00eate du monde, Exposition au Ch\u00e2teau de Prangins. Mus\u00e9e national Suisse, d\u00e8s le 8.5.2021<\/h2>\n\n\n\n<p>Fort du succ\u00e8s de l\u2019exposition pr\u00e9sent\u00e9e en 2018, le Ch\u00e2teau de Prangins cr\u00e9e un Centre<br>des indiennes in\u00e9dit comprenant une exposition permanente, un espace d\u2019\u00e9tude et une<br>offre d\u2019ateliers de teinture v\u00e9g\u00e9tale en lien avec le Jardin potager historique.<br>Avec Indiennes. Un tissu \u00e0 la conqu\u00eate du monde, le Mus\u00e9e national croise histoire locale<br>et globale, et met la Suisse en relation avec le monde. La nouvelle exposition invite le<br>public \u00e0 suivre la trajectoire de ces tissus de coton sur quatre continents en s\u2019interrogeant<br>sur l\u2019impact qu\u2019ils ont eu dans les diff\u00e9rents centres de production et de consommation.<br>L\u2019itin\u00e9raire emm\u00e8ne les visiteurs de l\u2019Inde au Br\u00e9sil, en passant par la Suisse, la France<br>et l\u2019Afrique de l\u2019Ouest. Tout au long du parcours, la pr\u00e9sence et le r\u00f4le des Suisses sont<br>soulign\u00e9s. Une histoire palpitante, entre mode et mondialisation, o\u00f9 il est question<br>d\u2019imitation, d\u2019interdiction, d\u2019espionnage commercial et de contrebande. <\/p>\n\n\n\n<p><a href=\"https:\/\/www.chateaudeprangins.ch\/indiennes\" target=\"_blank\" rel=\"noreferrer noopener\">Voire le site du mus\u00e9e<\/a><\/p>\n","protected":false},"excerpt":{"rendered":"<p>INDIENNES. Un tissu \u00e0 la conqu\u00eate du monde, Exposition au Ch\u00e2teau de Prangins. Mus\u00e9e national Suisse, d\u00e8s le 8.5.2021 Fort du succ\u00e8s de l\u2019exposition pr\u00e9sent\u00e9e en 2018, le Ch\u00e2teau de Prangins cr\u00e9e un Centredes indiennes in\u00e9dit comprenant une exposition permanente, un espace d\u2019\u00e9tude et uneoffre d\u2019ateliers de teinture v\u00e9g\u00e9tale en lien avec le Jardin potager [&hellip;]<\/p>\n","protected":false},"author":7,"featured_media":6432,"comment_status":"closed","ping_status":"open","sticky":false,"template":"","format":"standard","meta":{"footnotes":""},"categories":[42,55],"tags":[],"class_list":{"0":"post-6428","1":"post","2":"type-post","3":"status-publish","4":"format-standard","5":"has-post-thumbnail","7":"category-actualite","8":"category-expositions","9":"czr-hentry"},"yoast_head":"<!-- This site is optimized with the Yoast SEO plugin v26.9 - https:\/\/yoast.com\/product\/yoast-seo-wordpress\/ -->\n<title>UN TISSU \u00c0 LA CONQU\u00caTE DU MONDE - Schweizerische Gesellschaft f\u00fcr die Erforschung des 18. Jahrhunderts (SGEAJ - SSEDS)<\/title>\n<meta name=\"robots\" content=\"index, follow, max-snippet:-1, max-image-preview:large, max-video-preview:-1\" \/>\n<link rel=\"canonical\" href=\"https:\/\/www.sgeaj.ch\/fr\/actualite\/expositions\/un-tissua-la-conquete-du-monde\/\" \/>\n<meta name=\"twitter:label1\" content=\"\u00c9crit par\" \/>\n\t<meta name=\"twitter:data1\" content=\"Nadja Ackermann\" \/>\n\t<meta name=\"twitter:label2\" content=\"Dur\u00e9e de lecture estim\u00e9e\" \/>\n\t<meta name=\"twitter:data2\" content=\"1 minute\" \/>\n<script type=\"application\/ld+json\" class=\"yoast-schema-graph\">{\"@context\":\"https:\/\/schema.org\",\"@graph\":[{\"@type\":\"Article\",\"@id\":\"https:\/\/www.sgeaj.ch\/fr\/actualite\/expositions\/un-tissua-la-conquete-du-monde\/#article\",\"isPartOf\":{\"@id\":\"https:\/\/www.sgeaj.ch\/fr\/actualite\/expositions\/un-tissua-la-conquete-du-monde\/\"},\"author\":{\"name\":\"Nadja Ackermann\",\"@id\":\"https:\/\/www.sgeaj.ch\/fr\/#\/schema\/person\/2cd839eed625879a17645fc9f307c8e7\"},\"headline\":\"UN TISSU \u00c0 LA CONQU\u00caTE DU MONDE\",\"datePublished\":\"2021-05-27T16:31:22+00:00\",\"dateModified\":\"2021-05-27T16:32:10+00:00\",\"mainEntityOfPage\":{\"@id\":\"https:\/\/www.sgeaj.ch\/fr\/actualite\/expositions\/un-tissua-la-conquete-du-monde\/\"},\"wordCount\":203,\"publisher\":{\"@id\":\"https:\/\/www.sgeaj.ch\/fr\/#organization\"},\"image\":{\"@id\":\"https:\/\/www.sgeaj.ch\/fr\/actualite\/expositions\/un-tissua-la-conquete-du-monde\/#primaryimage\"},\"thumbnailUrl\":\"https:\/\/www.sgeaj.ch\/wp-content\/uploads\/2021\/05\/indiennes-1000x1000-1.jpg\",\"articleSection\":[\"Actualit\u00e9\",\"Expositions\"],\"inLanguage\":\"fr-FR\"},{\"@type\":\"WebPage\",\"@id\":\"https:\/\/www.sgeaj.ch\/fr\/actualite\/expositions\/un-tissua-la-conquete-du-monde\/\",\"url\":\"https:\/\/www.sgeaj.ch\/fr\/actualite\/expositions\/un-tissua-la-conquete-du-monde\/\",\"name\":\"UN TISSU \u00c0 LA CONQU\u00caTE DU MONDE - Schweizerische Gesellschaft f\u00fcr die Erforschung des 18. Jahrhunderts (SGEAJ - SSEDS)\",\"isPartOf\":{\"@id\":\"https:\/\/www.sgeaj.ch\/fr\/#website\"},\"primaryImageOfPage\":{\"@id\":\"https:\/\/www.sgeaj.ch\/fr\/actualite\/expositions\/un-tissua-la-conquete-du-monde\/#primaryimage\"},\"image\":{\"@id\":\"https:\/\/www.sgeaj.ch\/fr\/actualite\/expositions\/un-tissua-la-conquete-du-monde\/#primaryimage\"},\"thumbnailUrl\":\"https:\/\/www.sgeaj.ch\/wp-content\/uploads\/2021\/05\/indiennes-1000x1000-1.jpg\",\"datePublished\":\"2021-05-27T16:31:22+00:00\",\"dateModified\":\"2021-05-27T16:32:10+00:00\",\"inLanguage\":\"fr-FR\",\"potentialAction\":[{\"@type\":\"ReadAction\",\"target\":[\"https:\/\/www.sgeaj.ch\/fr\/actualite\/expositions\/un-tissua-la-conquete-du-monde\/\"]}]},{\"@type\":\"ImageObject\",\"inLanguage\":\"fr-FR\",\"@id\":\"https:\/\/www.sgeaj.ch\/fr\/actualite\/expositions\/un-tissua-la-conquete-du-monde\/#primaryimage\",\"url\":\"https:\/\/www.sgeaj.ch\/wp-content\/uploads\/2021\/05\/indiennes-1000x1000-1.jpg\",\"contentUrl\":\"https:\/\/www.sgeaj.ch\/wp-content\/uploads\/2021\/05\/indiennes-1000x1000-1.jpg\",\"width\":1000,\"height\":1000},{\"@type\":\"WebSite\",\"@id\":\"https:\/\/www.sgeaj.ch\/fr\/#website\",\"url\":\"https:\/\/www.sgeaj.ch\/fr\/\",\"name\":\"Schweizerische Gesellschaft f\u00fcr die Erforschung des 18. Jahrhunderts (SGEAJ - SSEDS)\",\"description\":\"Schweizerische Gesellschaft f\u00fcr die Erforschung des 18. Jahrhunderts\",\"publisher\":{\"@id\":\"https:\/\/www.sgeaj.ch\/fr\/#organization\"},\"potentialAction\":[{\"@type\":\"SearchAction\",\"target\":{\"@type\":\"EntryPoint\",\"urlTemplate\":\"https:\/\/www.sgeaj.ch\/fr\/?s={search_term_string}\"},\"query-input\":{\"@type\":\"PropertyValueSpecification\",\"valueRequired\":true,\"valueName\":\"search_term_string\"}}],\"inLanguage\":\"fr-FR\"},{\"@type\":\"Organization\",\"@id\":\"https:\/\/www.sgeaj.ch\/fr\/#organization\",\"name\":\"Schweizerische Gesellschaft f\u00fcr die Erforschung des 18. Jahrhunderts (SGEAJ - SSEDS)\",\"url\":\"https:\/\/www.sgeaj.ch\/fr\/\",\"logo\":{\"@type\":\"ImageObject\",\"inLanguage\":\"fr-FR\",\"@id\":\"https:\/\/www.sgeaj.ch\/fr\/#\/schema\/logo\/image\/\",\"url\":\"https:\/\/www.sgeaj.ch\/wp-content\/uploads\/2021\/06\/cropped-logo-xviiies-horiz-abreuviations-bleues.png\",\"contentUrl\":\"https:\/\/www.sgeaj.ch\/wp-content\/uploads\/2021\/06\/cropped-logo-xviiies-horiz-abreuviations-bleues.png\",\"width\":659,\"height\":335,\"caption\":\"Schweizerische Gesellschaft f\u00fcr die Erforschung des 18. Jahrhunderts (SGEAJ - SSEDS)\"},\"image\":{\"@id\":\"https:\/\/www.sgeaj.ch\/fr\/#\/schema\/logo\/image\/\"}},{\"@type\":\"Person\",\"@id\":\"https:\/\/www.sgeaj.ch\/fr\/#\/schema\/person\/2cd839eed625879a17645fc9f307c8e7\",\"name\":\"Nadja Ackermann\",\"url\":\"https:\/\/www.sgeaj.ch\/fr\/author\/naackermann\/\"}]}<\/script>\n<!-- \/ Yoast SEO plugin. -->","yoast_head_json":{"title":"UN TISSU \u00c0 LA CONQU\u00caTE DU MONDE - Schweizerische Gesellschaft f\u00fcr die Erforschung des 18. Jahrhunderts (SGEAJ - SSEDS)","robots":{"index":"index","follow":"follow","max-snippet":"max-snippet:-1","max-image-preview":"max-image-preview:large","max-video-preview":"max-video-preview:-1"},"canonical":"https:\/\/www.sgeaj.ch\/fr\/actualite\/expositions\/un-tissua-la-conquete-du-monde\/","twitter_misc":{"\u00c9crit par":"Nadja Ackermann","Dur\u00e9e de lecture estim\u00e9e":"1 minute"},"schema":{"@context":"https:\/\/schema.org","@graph":[{"@type":"Article","@id":"https:\/\/www.sgeaj.ch\/fr\/actualite\/expositions\/un-tissua-la-conquete-du-monde\/#article","isPartOf":{"@id":"https:\/\/www.sgeaj.ch\/fr\/actualite\/expositions\/un-tissua-la-conquete-du-monde\/"},"author":{"name":"Nadja Ackermann","@id":"https:\/\/www.sgeaj.ch\/fr\/#\/schema\/person\/2cd839eed625879a17645fc9f307c8e7"},"headline":"UN TISSU \u00c0 LA CONQU\u00caTE DU MONDE","datePublished":"2021-05-27T16:31:22+00:00","dateModified":"2021-05-27T16:32:10+00:00","mainEntityOfPage":{"@id":"https:\/\/www.sgeaj.ch\/fr\/actualite\/expositions\/un-tissua-la-conquete-du-monde\/"},"wordCount":203,"publisher":{"@id":"https:\/\/www.sgeaj.ch\/fr\/#organization"},"image":{"@id":"https:\/\/www.sgeaj.ch\/fr\/actualite\/expositions\/un-tissua-la-conquete-du-monde\/#primaryimage"},"thumbnailUrl":"https:\/\/www.sgeaj.ch\/wp-content\/uploads\/2021\/05\/indiennes-1000x1000-1.jpg","articleSection":["Actualit\u00e9","Expositions"],"inLanguage":"fr-FR"},{"@type":"WebPage","@id":"https:\/\/www.sgeaj.ch\/fr\/actualite\/expositions\/un-tissua-la-conquete-du-monde\/","url":"https:\/\/www.sgeaj.ch\/fr\/actualite\/expositions\/un-tissua-la-conquete-du-monde\/","name":"UN TISSU \u00c0 LA CONQU\u00caTE DU MONDE - Schweizerische Gesellschaft f\u00fcr die Erforschung des 18. Jahrhunderts (SGEAJ - SSEDS)","isPartOf":{"@id":"https:\/\/www.sgeaj.ch\/fr\/#website"},"primaryImageOfPage":{"@id":"https:\/\/www.sgeaj.ch\/fr\/actualite\/expositions\/un-tissua-la-conquete-du-monde\/#primaryimage"},"image":{"@id":"https:\/\/www.sgeaj.ch\/fr\/actualite\/expositions\/un-tissua-la-conquete-du-monde\/#primaryimage"},"thumbnailUrl":"https:\/\/www.sgeaj.ch\/wp-content\/uploads\/2021\/05\/indiennes-1000x1000-1.jpg","datePublished":"2021-05-27T16:31:22+00:00","dateModified":"2021-05-27T16:32:10+00:00","inLanguage":"fr-FR","potentialAction":[{"@type":"ReadAction","target":["https:\/\/www.sgeaj.ch\/fr\/actualite\/expositions\/un-tissua-la-conquete-du-monde\/"]}]},{"@type":"ImageObject","inLanguage":"fr-FR","@id":"https:\/\/www.sgeaj.ch\/fr\/actualite\/expositions\/un-tissua-la-conquete-du-monde\/#primaryimage","url":"https:\/\/www.sgeaj.ch\/wp-content\/uploads\/2021\/05\/indiennes-1000x1000-1.jpg","contentUrl":"https:\/\/www.sgeaj.ch\/wp-content\/uploads\/2021\/05\/indiennes-1000x1000-1.jpg","width":1000,"height":1000},{"@type":"WebSite","@id":"https:\/\/www.sgeaj.ch\/fr\/#website","url":"https:\/\/www.sgeaj.ch\/fr\/","name":"Schweizerische Gesellschaft f\u00fcr die Erforschung des 18. Jahrhunderts (SGEAJ - SSEDS)","description":"Schweizerische Gesellschaft f\u00fcr die Erforschung des 18. Jahrhunderts","publisher":{"@id":"https:\/\/www.sgeaj.ch\/fr\/#organization"},"potentialAction":[{"@type":"SearchAction","target":{"@type":"EntryPoint","urlTemplate":"https:\/\/www.sgeaj.ch\/fr\/?s={search_term_string}"},"query-input":{"@type":"PropertyValueSpecification","valueRequired":true,"valueName":"search_term_string"}}],"inLanguage":"fr-FR"},{"@type":"Organization","@id":"https:\/\/www.sgeaj.ch\/fr\/#organization","name":"Schweizerische Gesellschaft f\u00fcr die Erforschung des 18. Jahrhunderts (SGEAJ - SSEDS)","url":"https:\/\/www.sgeaj.ch\/fr\/","logo":{"@type":"ImageObject","inLanguage":"fr-FR","@id":"https:\/\/www.sgeaj.ch\/fr\/#\/schema\/logo\/image\/","url":"https:\/\/www.sgeaj.ch\/wp-content\/uploads\/2021\/06\/cropped-logo-xviiies-horiz-abreuviations-bleues.png","contentUrl":"https:\/\/www.sgeaj.ch\/wp-content\/uploads\/2021\/06\/cropped-logo-xviiies-horiz-abreuviations-bleues.png","width":659,"height":335,"caption":"Schweizerische Gesellschaft f\u00fcr die Erforschung des 18. Jahrhunderts (SGEAJ - SSEDS)"},"image":{"@id":"https:\/\/www.sgeaj.ch\/fr\/#\/schema\/logo\/image\/"}},{"@type":"Person","@id":"https:\/\/www.sgeaj.ch\/fr\/#\/schema\/person\/2cd839eed625879a17645fc9f307c8e7","name":"Nadja Ackermann","url":"https:\/\/www.sgeaj.ch\/fr\/author\/naackermann\/"}]}},"_links":{"self":[{"href":"https:\/\/www.sgeaj.ch\/fr\/wp-json\/wp\/v2\/posts\/6428","targetHints":{"allow":["GET"]}}],"collection":[{"href":"https:\/\/www.sgeaj.ch\/fr\/wp-json\/wp\/v2\/posts"}],"about":[{"href":"https:\/\/www.sgeaj.ch\/fr\/wp-json\/wp\/v2\/types\/post"}],"author":[{"embeddable":true,"href":"https:\/\/www.sgeaj.ch\/fr\/wp-json\/wp\/v2\/users\/7"}],"replies":[{"embeddable":true,"href":"https:\/\/www.sgeaj.ch\/fr\/wp-json\/wp\/v2\/comments?post=6428"}],"version-history":[{"count":2,"href":"https:\/\/www.sgeaj.ch\/fr\/wp-json\/wp\/v2\/posts\/6428\/revisions"}],"predecessor-version":[{"id":6434,"href":"https:\/\/www.sgeaj.ch\/fr\/wp-json\/wp\/v2\/posts\/6428\/revisions\/6434"}],"wp:featuredmedia":[{"embeddable":true,"href":"https:\/\/www.sgeaj.ch\/fr\/wp-json\/wp\/v2\/media\/6432"}],"wp:attachment":[{"href":"https:\/\/www.sgeaj.ch\/fr\/wp-json\/wp\/v2\/media?parent=6428"}],"wp:term":[{"taxonomy":"category","embeddable":true,"href":"https:\/\/www.sgeaj.ch\/fr\/wp-json\/wp\/v2\/categories?post=6428"},{"taxonomy":"post_tag","embeddable":true,"href":"https:\/\/www.sgeaj.ch\/fr\/wp-json\/wp\/v2\/tags?post=6428"}],"curies":[{"name":"wp","href":"https:\/\/api.w.org\/{rel}","templated":true}]}}