{"id":6440,"date":"2021-06-09T19:54:03","date_gmt":"2021-06-09T17:54:03","guid":{"rendered":"https:\/\/www.sgeaj.ch\/?p=6440"},"modified":"2021-06-09T19:54:07","modified_gmt":"2021-06-09T17:54:07","slug":"lovis-robert-theatre-et-societe-en-suisse-romande-2021","status":"publish","type":"post","link":"https:\/\/www.sgeaj.ch\/fr\/actualite\/nouvelles-publications\/lovis-robert-theatre-et-societe-en-suisse-romande-2021\/","title":{"rendered":"Lovis \/ Robert, Th\u00e9\u00e2tre et soci\u00e9t\u00e9 en Suisse romande, 2021"},"content":{"rendered":"\n<p>Organis\u00e9 \u00e0 La Grange de Dorigny les 5 et 6 octobre 2018, le colloque \u00abTh\u00e9\u00e2tre et soci\u00e9t\u00e9 en Suisse romande: pratiques et enjeux socioculturels\u00bb avait pour objectif d\u2019explorer la vie th\u00e9\u00e2trale romande \u00e0 une \u00e9poque o\u00f9 ce divertissement n\u2019est pas encore institutionnalis\u00e9, depuis le milieu du XVIIIe si\u00e8cle \u2013 p\u00e9riode o\u00f9 l\u2019on assiste \u00e0 un essor des arts du spectacle \u2013 jusqu\u2019\u00e0 l\u2019entre-deux-guerres. Le pr\u00e9sent volume est le r\u00e9sultat d\u2019une rencontre tr\u00e8s fructueuse entre des chercheurs provenant de diverses disciplines. Au fil de la lecture des quatorze contributions se dessine peu \u00e0 peu une fresque mettant en valeur les diff\u00e9rentes pratiques et fonctions sociales du th\u00e9\u00e2tre, ainsi que ses enjeux symboliques. L\u2019ouvrage s\u2019int\u00e9resse en premier lieu \u00e0 l\u2019essor du th\u00e9\u00e2tre dans la r\u00e9gion l\u00e9manique et \u00e0 son appropriation parfois tumultueuse. La deuxi\u00e8me partie \u00e9voque l\u2019int\u00e9r\u00eat grandissant des Romands pour le th\u00e9\u00e2tre amateur qui se d\u00e9mocratise dans le courant du XIXe si\u00e8cle. Le dernier volet est consacr\u00e9 aux affirmations identitaires sur lesquelles se construit le th\u00e9\u00e2tre romand d\u00e8s la fin du XIXe si\u00e8cle. Ce num\u00e9ro ne pr\u00e9tend pas avoir \u00e9puis\u00e9 le sujet, bien au contraire; ses \u00e9diteurs scientifiques souhaitent avant tout d\u00e9montrer l\u2019int\u00e9r\u00eat de s\u2019y pencher davantage et de mettre au jour de nouvelles archives, de nouveaux sujets. Nombreux sont les fonds encore inexploit\u00e9s ou qui m\u00e9ritent d\u2019\u00eatre \u00e9tudi\u00e9s avec une approche nouvelle, qui se devrait d\u2019\u00eatre la plus interdisciplinaire possible, favorisant le dialogue entre histoire, litt\u00e9rature, musique et histoire de l\u2019art.<\/p>\n\n\n\n<p><a href=\"https:\/\/www.unil.ch\/edl\/home\/menuinst\/table-des-sommaires\/2020-2024\/315-20211-2.html\" target=\"_blank\" rel=\"noreferrer noopener\">Voir les sommaires<\/a><\/p>\n","protected":false},"excerpt":{"rendered":"<p>Le pr\u00e9sent volume est le r\u00e9sultat d\u2019une rencontre tr\u00e8s fructueuse entre des chercheurs provenant de diverses disciplines. Au fil de la lecture des quatorze contributions se dessine peu \u00e0 peu une fresque mettant en valeur les diff\u00e9rentes pratiques et fonctions sociales du th\u00e9\u00e2tre, ainsi que ses enjeux symboliques.<\/p>\n","protected":false},"author":7,"featured_media":6439,"comment_status":"closed","ping_status":"open","sticky":false,"template":"","format":"standard","meta":{"footnotes":""},"categories":[42,25],"tags":[],"class_list":{"0":"post-6440","1":"post","2":"type-post","3":"status-publish","4":"format-standard","5":"has-post-thumbnail","7":"category-actualite","8":"category-nouvelles-publications","9":"czr-hentry"},"yoast_head":"<!-- This site is optimized with the Yoast SEO plugin v26.9 - https:\/\/yoast.com\/product\/yoast-seo-wordpress\/ -->\n<title>Lovis \/ Robert, Th\u00e9\u00e2tre et soci\u00e9t\u00e9 en Suisse romande, 2021 - Schweizerische Gesellschaft f\u00fcr die Erforschung des 18. Jahrhunderts (SGEAJ - SSEDS)<\/title>\n<meta name=\"robots\" content=\"index, follow, max-snippet:-1, max-image-preview:large, max-video-preview:-1\" \/>\n<link rel=\"canonical\" href=\"https:\/\/www.sgeaj.ch\/fr\/actualite\/nouvelles-publications\/lovis-robert-theatre-et-societe-en-suisse-romande-2021\/\" \/>\n<meta name=\"twitter:label1\" content=\"\u00c9crit par\" \/>\n\t<meta name=\"twitter:data1\" content=\"Nadja Ackermann\" \/>\n\t<meta name=\"twitter:label2\" content=\"Dur\u00e9e de lecture estim\u00e9e\" \/>\n\t<meta name=\"twitter:data2\" content=\"2 minutes\" \/>\n<script type=\"application\/ld+json\" class=\"yoast-schema-graph\">{\"@context\":\"https:\/\/schema.org\",\"@graph\":[{\"@type\":\"Article\",\"@id\":\"https:\/\/www.sgeaj.ch\/fr\/actualite\/nouvelles-publications\/lovis-robert-theatre-et-societe-en-suisse-romande-2021\/#article\",\"isPartOf\":{\"@id\":\"https:\/\/www.sgeaj.ch\/fr\/actualite\/nouvelles-publications\/lovis-robert-theatre-et-societe-en-suisse-romande-2021\/\"},\"author\":{\"name\":\"Nadja Ackermann\",\"@id\":\"https:\/\/www.sgeaj.ch\/fr\/#\/schema\/person\/2cd839eed625879a17645fc9f307c8e7\"},\"headline\":\"Lovis \/ Robert, Th\u00e9\u00e2tre et soci\u00e9t\u00e9 en Suisse romande, 2021\",\"datePublished\":\"2021-06-09T17:54:03+00:00\",\"dateModified\":\"2021-06-09T17:54:07+00:00\",\"mainEntityOfPage\":{\"@id\":\"https:\/\/www.sgeaj.ch\/fr\/actualite\/nouvelles-publications\/lovis-robert-theatre-et-societe-en-suisse-romande-2021\/\"},\"wordCount\":289,\"publisher\":{\"@id\":\"https:\/\/www.sgeaj.ch\/fr\/#organization\"},\"image\":{\"@id\":\"https:\/\/www.sgeaj.ch\/fr\/actualite\/nouvelles-publications\/lovis-robert-theatre-et-societe-en-suisse-romande-2021\/#primaryimage\"},\"thumbnailUrl\":\"https:\/\/www.sgeaj.ch\/wp-content\/uploads\/2021\/06\/theatre.jpg\",\"articleSection\":[\"Actualit\u00e9\",\"Nouvelles publications\"],\"inLanguage\":\"fr-FR\"},{\"@type\":\"WebPage\",\"@id\":\"https:\/\/www.sgeaj.ch\/fr\/actualite\/nouvelles-publications\/lovis-robert-theatre-et-societe-en-suisse-romande-2021\/\",\"url\":\"https:\/\/www.sgeaj.ch\/fr\/actualite\/nouvelles-publications\/lovis-robert-theatre-et-societe-en-suisse-romande-2021\/\",\"name\":\"Lovis \/ Robert, Th\u00e9\u00e2tre et soci\u00e9t\u00e9 en Suisse romande, 2021 - Schweizerische Gesellschaft f\u00fcr die Erforschung des 18. Jahrhunderts (SGEAJ - SSEDS)\",\"isPartOf\":{\"@id\":\"https:\/\/www.sgeaj.ch\/fr\/#website\"},\"primaryImageOfPage\":{\"@id\":\"https:\/\/www.sgeaj.ch\/fr\/actualite\/nouvelles-publications\/lovis-robert-theatre-et-societe-en-suisse-romande-2021\/#primaryimage\"},\"image\":{\"@id\":\"https:\/\/www.sgeaj.ch\/fr\/actualite\/nouvelles-publications\/lovis-robert-theatre-et-societe-en-suisse-romande-2021\/#primaryimage\"},\"thumbnailUrl\":\"https:\/\/www.sgeaj.ch\/wp-content\/uploads\/2021\/06\/theatre.jpg\",\"datePublished\":\"2021-06-09T17:54:03+00:00\",\"dateModified\":\"2021-06-09T17:54:07+00:00\",\"inLanguage\":\"fr-FR\",\"potentialAction\":[{\"@type\":\"ReadAction\",\"target\":[\"https:\/\/www.sgeaj.ch\/fr\/actualite\/nouvelles-publications\/lovis-robert-theatre-et-societe-en-suisse-romande-2021\/\"]}]},{\"@type\":\"ImageObject\",\"inLanguage\":\"fr-FR\",\"@id\":\"https:\/\/www.sgeaj.ch\/fr\/actualite\/nouvelles-publications\/lovis-robert-theatre-et-societe-en-suisse-romande-2021\/#primaryimage\",\"url\":\"https:\/\/www.sgeaj.ch\/wp-content\/uploads\/2021\/06\/theatre.jpg\",\"contentUrl\":\"https:\/\/www.sgeaj.ch\/wp-content\/uploads\/2021\/06\/theatre.jpg\",\"width\":1641,\"height\":1231},{\"@type\":\"WebSite\",\"@id\":\"https:\/\/www.sgeaj.ch\/fr\/#website\",\"url\":\"https:\/\/www.sgeaj.ch\/fr\/\",\"name\":\"Schweizerische Gesellschaft f\u00fcr die Erforschung des 18. Jahrhunderts (SGEAJ - SSEDS)\",\"description\":\"Schweizerische Gesellschaft f\u00fcr die Erforschung des 18. Jahrhunderts\",\"publisher\":{\"@id\":\"https:\/\/www.sgeaj.ch\/fr\/#organization\"},\"potentialAction\":[{\"@type\":\"SearchAction\",\"target\":{\"@type\":\"EntryPoint\",\"urlTemplate\":\"https:\/\/www.sgeaj.ch\/fr\/?s={search_term_string}\"},\"query-input\":{\"@type\":\"PropertyValueSpecification\",\"valueRequired\":true,\"valueName\":\"search_term_string\"}}],\"inLanguage\":\"fr-FR\"},{\"@type\":\"Organization\",\"@id\":\"https:\/\/www.sgeaj.ch\/fr\/#organization\",\"name\":\"Schweizerische Gesellschaft f\u00fcr die Erforschung des 18. Jahrhunderts (SGEAJ - SSEDS)\",\"url\":\"https:\/\/www.sgeaj.ch\/fr\/\",\"logo\":{\"@type\":\"ImageObject\",\"inLanguage\":\"fr-FR\",\"@id\":\"https:\/\/www.sgeaj.ch\/fr\/#\/schema\/logo\/image\/\",\"url\":\"https:\/\/www.sgeaj.ch\/wp-content\/uploads\/2021\/06\/cropped-logo-xviiies-horiz-abreuviations-bleues.png\",\"contentUrl\":\"https:\/\/www.sgeaj.ch\/wp-content\/uploads\/2021\/06\/cropped-logo-xviiies-horiz-abreuviations-bleues.png\",\"width\":659,\"height\":335,\"caption\":\"Schweizerische Gesellschaft f\u00fcr die Erforschung des 18. Jahrhunderts (SGEAJ - SSEDS)\"},\"image\":{\"@id\":\"https:\/\/www.sgeaj.ch\/fr\/#\/schema\/logo\/image\/\"}},{\"@type\":\"Person\",\"@id\":\"https:\/\/www.sgeaj.ch\/fr\/#\/schema\/person\/2cd839eed625879a17645fc9f307c8e7\",\"name\":\"Nadja Ackermann\",\"url\":\"https:\/\/www.sgeaj.ch\/fr\/author\/naackermann\/\"}]}<\/script>\n<!-- \/ Yoast SEO plugin. -->","yoast_head_json":{"title":"Lovis \/ Robert, Th\u00e9\u00e2tre et soci\u00e9t\u00e9 en Suisse romande, 2021 - Schweizerische Gesellschaft f\u00fcr die Erforschung des 18. Jahrhunderts (SGEAJ - SSEDS)","robots":{"index":"index","follow":"follow","max-snippet":"max-snippet:-1","max-image-preview":"max-image-preview:large","max-video-preview":"max-video-preview:-1"},"canonical":"https:\/\/www.sgeaj.ch\/fr\/actualite\/nouvelles-publications\/lovis-robert-theatre-et-societe-en-suisse-romande-2021\/","twitter_misc":{"\u00c9crit par":"Nadja Ackermann","Dur\u00e9e de lecture estim\u00e9e":"2 minutes"},"schema":{"@context":"https:\/\/schema.org","@graph":[{"@type":"Article","@id":"https:\/\/www.sgeaj.ch\/fr\/actualite\/nouvelles-publications\/lovis-robert-theatre-et-societe-en-suisse-romande-2021\/#article","isPartOf":{"@id":"https:\/\/www.sgeaj.ch\/fr\/actualite\/nouvelles-publications\/lovis-robert-theatre-et-societe-en-suisse-romande-2021\/"},"author":{"name":"Nadja Ackermann","@id":"https:\/\/www.sgeaj.ch\/fr\/#\/schema\/person\/2cd839eed625879a17645fc9f307c8e7"},"headline":"Lovis \/ Robert, Th\u00e9\u00e2tre et soci\u00e9t\u00e9 en Suisse romande, 2021","datePublished":"2021-06-09T17:54:03+00:00","dateModified":"2021-06-09T17:54:07+00:00","mainEntityOfPage":{"@id":"https:\/\/www.sgeaj.ch\/fr\/actualite\/nouvelles-publications\/lovis-robert-theatre-et-societe-en-suisse-romande-2021\/"},"wordCount":289,"publisher":{"@id":"https:\/\/www.sgeaj.ch\/fr\/#organization"},"image":{"@id":"https:\/\/www.sgeaj.ch\/fr\/actualite\/nouvelles-publications\/lovis-robert-theatre-et-societe-en-suisse-romande-2021\/#primaryimage"},"thumbnailUrl":"https:\/\/www.sgeaj.ch\/wp-content\/uploads\/2021\/06\/theatre.jpg","articleSection":["Actualit\u00e9","Nouvelles publications"],"inLanguage":"fr-FR"},{"@type":"WebPage","@id":"https:\/\/www.sgeaj.ch\/fr\/actualite\/nouvelles-publications\/lovis-robert-theatre-et-societe-en-suisse-romande-2021\/","url":"https:\/\/www.sgeaj.ch\/fr\/actualite\/nouvelles-publications\/lovis-robert-theatre-et-societe-en-suisse-romande-2021\/","name":"Lovis \/ Robert, Th\u00e9\u00e2tre et soci\u00e9t\u00e9 en Suisse romande, 2021 - Schweizerische Gesellschaft f\u00fcr die Erforschung des 18. Jahrhunderts (SGEAJ - SSEDS)","isPartOf":{"@id":"https:\/\/www.sgeaj.ch\/fr\/#website"},"primaryImageOfPage":{"@id":"https:\/\/www.sgeaj.ch\/fr\/actualite\/nouvelles-publications\/lovis-robert-theatre-et-societe-en-suisse-romande-2021\/#primaryimage"},"image":{"@id":"https:\/\/www.sgeaj.ch\/fr\/actualite\/nouvelles-publications\/lovis-robert-theatre-et-societe-en-suisse-romande-2021\/#primaryimage"},"thumbnailUrl":"https:\/\/www.sgeaj.ch\/wp-content\/uploads\/2021\/06\/theatre.jpg","datePublished":"2021-06-09T17:54:03+00:00","dateModified":"2021-06-09T17:54:07+00:00","inLanguage":"fr-FR","potentialAction":[{"@type":"ReadAction","target":["https:\/\/www.sgeaj.ch\/fr\/actualite\/nouvelles-publications\/lovis-robert-theatre-et-societe-en-suisse-romande-2021\/"]}]},{"@type":"ImageObject","inLanguage":"fr-FR","@id":"https:\/\/www.sgeaj.ch\/fr\/actualite\/nouvelles-publications\/lovis-robert-theatre-et-societe-en-suisse-romande-2021\/#primaryimage","url":"https:\/\/www.sgeaj.ch\/wp-content\/uploads\/2021\/06\/theatre.jpg","contentUrl":"https:\/\/www.sgeaj.ch\/wp-content\/uploads\/2021\/06\/theatre.jpg","width":1641,"height":1231},{"@type":"WebSite","@id":"https:\/\/www.sgeaj.ch\/fr\/#website","url":"https:\/\/www.sgeaj.ch\/fr\/","name":"Schweizerische Gesellschaft f\u00fcr die Erforschung des 18. Jahrhunderts (SGEAJ - SSEDS)","description":"Schweizerische Gesellschaft f\u00fcr die Erforschung des 18. Jahrhunderts","publisher":{"@id":"https:\/\/www.sgeaj.ch\/fr\/#organization"},"potentialAction":[{"@type":"SearchAction","target":{"@type":"EntryPoint","urlTemplate":"https:\/\/www.sgeaj.ch\/fr\/?s={search_term_string}"},"query-input":{"@type":"PropertyValueSpecification","valueRequired":true,"valueName":"search_term_string"}}],"inLanguage":"fr-FR"},{"@type":"Organization","@id":"https:\/\/www.sgeaj.ch\/fr\/#organization","name":"Schweizerische Gesellschaft f\u00fcr die Erforschung des 18. Jahrhunderts (SGEAJ - SSEDS)","url":"https:\/\/www.sgeaj.ch\/fr\/","logo":{"@type":"ImageObject","inLanguage":"fr-FR","@id":"https:\/\/www.sgeaj.ch\/fr\/#\/schema\/logo\/image\/","url":"https:\/\/www.sgeaj.ch\/wp-content\/uploads\/2021\/06\/cropped-logo-xviiies-horiz-abreuviations-bleues.png","contentUrl":"https:\/\/www.sgeaj.ch\/wp-content\/uploads\/2021\/06\/cropped-logo-xviiies-horiz-abreuviations-bleues.png","width":659,"height":335,"caption":"Schweizerische Gesellschaft f\u00fcr die Erforschung des 18. Jahrhunderts (SGEAJ - SSEDS)"},"image":{"@id":"https:\/\/www.sgeaj.ch\/fr\/#\/schema\/logo\/image\/"}},{"@type":"Person","@id":"https:\/\/www.sgeaj.ch\/fr\/#\/schema\/person\/2cd839eed625879a17645fc9f307c8e7","name":"Nadja Ackermann","url":"https:\/\/www.sgeaj.ch\/fr\/author\/naackermann\/"}]}},"_links":{"self":[{"href":"https:\/\/www.sgeaj.ch\/fr\/wp-json\/wp\/v2\/posts\/6440","targetHints":{"allow":["GET"]}}],"collection":[{"href":"https:\/\/www.sgeaj.ch\/fr\/wp-json\/wp\/v2\/posts"}],"about":[{"href":"https:\/\/www.sgeaj.ch\/fr\/wp-json\/wp\/v2\/types\/post"}],"author":[{"embeddable":true,"href":"https:\/\/www.sgeaj.ch\/fr\/wp-json\/wp\/v2\/users\/7"}],"replies":[{"embeddable":true,"href":"https:\/\/www.sgeaj.ch\/fr\/wp-json\/wp\/v2\/comments?post=6440"}],"version-history":[{"count":1,"href":"https:\/\/www.sgeaj.ch\/fr\/wp-json\/wp\/v2\/posts\/6440\/revisions"}],"predecessor-version":[{"id":6441,"href":"https:\/\/www.sgeaj.ch\/fr\/wp-json\/wp\/v2\/posts\/6440\/revisions\/6441"}],"wp:featuredmedia":[{"embeddable":true,"href":"https:\/\/www.sgeaj.ch\/fr\/wp-json\/wp\/v2\/media\/6439"}],"wp:attachment":[{"href":"https:\/\/www.sgeaj.ch\/fr\/wp-json\/wp\/v2\/media?parent=6440"}],"wp:term":[{"taxonomy":"category","embeddable":true,"href":"https:\/\/www.sgeaj.ch\/fr\/wp-json\/wp\/v2\/categories?post=6440"},{"taxonomy":"post_tag","embeddable":true,"href":"https:\/\/www.sgeaj.ch\/fr\/wp-json\/wp\/v2\/tags?post=6440"}],"curies":[{"name":"wp","href":"https:\/\/api.w.org\/{rel}","templated":true}]}}