{"id":6508,"date":"2021-07-26T20:12:18","date_gmt":"2021-07-26T18:12:18","guid":{"rendered":"https:\/\/www.sgeaj.ch\/?p=6508"},"modified":"2021-07-26T20:14:06","modified_gmt":"2021-07-26T18:14:06","slug":"beiderbeck-gantet-wissenskulturen-in-der-leibniz-zeit","status":"publish","type":"post","link":"https:\/\/www.sgeaj.ch\/fr\/actualite\/nouvelles-publications\/beiderbeck-gantet-wissenskulturen-in-der-leibniz-zeit\/","title":{"rendered":"Beiderbeck\/Gantet, Wissenskulturen in der Leibniz-Zeit, 2021"},"content":{"rendered":"\n<h4 class=\"wp-block-heading\">Beiderbeck, Friedrich \/ Gantet, Claire, <em>Wissenskulturen in der Leibniz-Zeit<\/em> (Cultures and Practices of Knowledge in History 9), Berlin \/ Boston 2021 <a href=\"https:\/\/doi.org\/10.1515\/9783110730593\">https:\/\/doi.org\/10.1515\/9783110730593<\/a><\/h4>\n\n\n\n<p>Das 17. Jahrhundert kann als ein Zeitalter der beschleunigten Entfaltung von Wissenssystemen und epistemischen Diskursen betrachtet werden. Der Universalgelehrte Gottfried Wilhelm Leibniz befindet sich an einer Schnittstelle dieser komplexen fr\u00fchneuzeitlichen, eine neue \u00d6ffentlichkeit generierenden Entwicklung, die weltliche wie geistliche Amtstr\u00e4ger und Gelehrte einschlie\u00dft. Ihre gemeinsamen Interessen und Kontakte, ihre Arbeitsmethoden und ihr Umgang mit Medien \u00f6ffnen einen weiten Blick auf Prozesse der Erzeugung, Verbreitung und Modifizierung von Wissen und lassen diese zudem in ihrer zeitbedingten Funktionalit\u00e4t und Materialit\u00e4t erkennbar werden.<\/p>\n\n\n\n<p>Die Beitr\u00e4ge dieses Bandes thematisieren Wissenskulturen der Leibniz-Zeit, indem sie deren soziokulturelle Rahmenbedingungen, Praktiken und Netzwerke kontextualisieren.<\/p>\n\n\n\n<p><a href=\"https:\/\/www.degruyter.com\/document\/doi\/10.1515\/9783110730593\/html\" target=\"_blank\" rel=\"noreferrer noopener\">Publikation bestellen<\/a><\/p>\n","protected":false},"excerpt":{"rendered":"<p>Beiderbeck, Friedrich \/ Gantet, Claire, Wissenskulturen in der Leibniz-Zeit (Cultures and Practices of Knowledge in History 9), Berlin \/ Boston 2021 https:\/\/doi.org\/10.1515\/9783110730593 Das 17. Jahrhundert kann als ein Zeitalter der beschleunigten Entfaltung von Wissenssystemen und epistemischen Diskursen betrachtet werden. Der Universalgelehrte Gottfried Wilhelm Leibniz befindet sich an einer Schnittstelle dieser komplexen fr\u00fchneuzeitlichen, eine neue \u00d6ffentlichkeit [&hellip;]<\/p>\n","protected":false},"author":7,"featured_media":6506,"comment_status":"closed","ping_status":"open","sticky":false,"template":"","format":"standard","meta":{"footnotes":""},"categories":[42,25],"tags":[],"class_list":{"0":"post-6508","1":"post","2":"type-post","3":"status-publish","4":"format-standard","5":"has-post-thumbnail","7":"category-actualite","8":"category-nouvelles-publications","9":"czr-hentry"},"yoast_head":"<!-- This site is optimized with the Yoast SEO plugin v26.9 - https:\/\/yoast.com\/product\/yoast-seo-wordpress\/ -->\n<title>Beiderbeck\/Gantet, Wissenskulturen in der Leibniz-Zeit, 2021 - Schweizerische Gesellschaft f\u00fcr die Erforschung des 18. Jahrhunderts (SGEAJ - SSEDS)<\/title>\n<meta name=\"robots\" content=\"index, follow, max-snippet:-1, max-image-preview:large, max-video-preview:-1\" \/>\n<link rel=\"canonical\" href=\"https:\/\/www.sgeaj.ch\/fr\/actualite\/nouvelles-publications\/beiderbeck-gantet-wissenskulturen-in-der-leibniz-zeit\/\" \/>\n<meta name=\"twitter:label1\" content=\"\u00c9crit par\" \/>\n\t<meta name=\"twitter:data1\" content=\"Nadja Ackermann\" \/>\n\t<meta name=\"twitter:label2\" content=\"Dur\u00e9e de lecture estim\u00e9e\" \/>\n\t<meta name=\"twitter:data2\" content=\"1 minute\" \/>\n<script type=\"application\/ld+json\" class=\"yoast-schema-graph\">{\"@context\":\"https:\/\/schema.org\",\"@graph\":[{\"@type\":\"Article\",\"@id\":\"https:\/\/www.sgeaj.ch\/fr\/actualite\/nouvelles-publications\/beiderbeck-gantet-wissenskulturen-in-der-leibniz-zeit\/#article\",\"isPartOf\":{\"@id\":\"https:\/\/www.sgeaj.ch\/fr\/actualite\/nouvelles-publications\/beiderbeck-gantet-wissenskulturen-in-der-leibniz-zeit\/\"},\"author\":{\"name\":\"Nadja Ackermann\",\"@id\":\"https:\/\/www.sgeaj.ch\/fr\/#\/schema\/person\/2cd839eed625879a17645fc9f307c8e7\"},\"headline\":\"Beiderbeck\/Gantet, Wissenskulturen in der Leibniz-Zeit, 2021\",\"datePublished\":\"2021-07-26T18:12:18+00:00\",\"dateModified\":\"2021-07-26T18:14:06+00:00\",\"mainEntityOfPage\":{\"@id\":\"https:\/\/www.sgeaj.ch\/fr\/actualite\/nouvelles-publications\/beiderbeck-gantet-wissenskulturen-in-der-leibniz-zeit\/\"},\"wordCount\":130,\"publisher\":{\"@id\":\"https:\/\/www.sgeaj.ch\/fr\/#organization\"},\"image\":{\"@id\":\"https:\/\/www.sgeaj.ch\/fr\/actualite\/nouvelles-publications\/beiderbeck-gantet-wissenskulturen-in-der-leibniz-zeit\/#primaryimage\"},\"thumbnailUrl\":\"https:\/\/www.sgeaj.ch\/wp-content\/uploads\/2021\/07\/philosophen-leibniz-ca-1695-1-scaled.jpg\",\"articleSection\":[\"Actualit\u00e9\",\"Nouvelles publications\"],\"inLanguage\":\"fr-FR\"},{\"@type\":\"WebPage\",\"@id\":\"https:\/\/www.sgeaj.ch\/fr\/actualite\/nouvelles-publications\/beiderbeck-gantet-wissenskulturen-in-der-leibniz-zeit\/\",\"url\":\"https:\/\/www.sgeaj.ch\/fr\/actualite\/nouvelles-publications\/beiderbeck-gantet-wissenskulturen-in-der-leibniz-zeit\/\",\"name\":\"Beiderbeck\/Gantet, Wissenskulturen in der Leibniz-Zeit, 2021 - Schweizerische Gesellschaft f\u00fcr die Erforschung des 18. Jahrhunderts (SGEAJ - SSEDS)\",\"isPartOf\":{\"@id\":\"https:\/\/www.sgeaj.ch\/fr\/#website\"},\"primaryImageOfPage\":{\"@id\":\"https:\/\/www.sgeaj.ch\/fr\/actualite\/nouvelles-publications\/beiderbeck-gantet-wissenskulturen-in-der-leibniz-zeit\/#primaryimage\"},\"image\":{\"@id\":\"https:\/\/www.sgeaj.ch\/fr\/actualite\/nouvelles-publications\/beiderbeck-gantet-wissenskulturen-in-der-leibniz-zeit\/#primaryimage\"},\"thumbnailUrl\":\"https:\/\/www.sgeaj.ch\/wp-content\/uploads\/2021\/07\/philosophen-leibniz-ca-1695-1-scaled.jpg\",\"datePublished\":\"2021-07-26T18:12:18+00:00\",\"dateModified\":\"2021-07-26T18:14:06+00:00\",\"inLanguage\":\"fr-FR\",\"potentialAction\":[{\"@type\":\"ReadAction\",\"target\":[\"https:\/\/www.sgeaj.ch\/fr\/actualite\/nouvelles-publications\/beiderbeck-gantet-wissenskulturen-in-der-leibniz-zeit\/\"]}]},{\"@type\":\"ImageObject\",\"inLanguage\":\"fr-FR\",\"@id\":\"https:\/\/www.sgeaj.ch\/fr\/actualite\/nouvelles-publications\/beiderbeck-gantet-wissenskulturen-in-der-leibniz-zeit\/#primaryimage\",\"url\":\"https:\/\/www.sgeaj.ch\/wp-content\/uploads\/2021\/07\/philosophen-leibniz-ca-1695-1-scaled.jpg\",\"contentUrl\":\"https:\/\/www.sgeaj.ch\/wp-content\/uploads\/2021\/07\/philosophen-leibniz-ca-1695-1-scaled.jpg\",\"width\":2074,\"height\":2560,\"caption\":\"GG 558, Bernhard Christoph Francke (gest. 1729), Gottfried Wilhelm Leibniz, Leinwand 81 x 66 cm\"},{\"@type\":\"WebSite\",\"@id\":\"https:\/\/www.sgeaj.ch\/fr\/#website\",\"url\":\"https:\/\/www.sgeaj.ch\/fr\/\",\"name\":\"Schweizerische Gesellschaft f\u00fcr die Erforschung des 18. Jahrhunderts (SGEAJ - SSEDS)\",\"description\":\"Schweizerische Gesellschaft f\u00fcr die Erforschung des 18. Jahrhunderts\",\"publisher\":{\"@id\":\"https:\/\/www.sgeaj.ch\/fr\/#organization\"},\"potentialAction\":[{\"@type\":\"SearchAction\",\"target\":{\"@type\":\"EntryPoint\",\"urlTemplate\":\"https:\/\/www.sgeaj.ch\/fr\/?s={search_term_string}\"},\"query-input\":{\"@type\":\"PropertyValueSpecification\",\"valueRequired\":true,\"valueName\":\"search_term_string\"}}],\"inLanguage\":\"fr-FR\"},{\"@type\":\"Organization\",\"@id\":\"https:\/\/www.sgeaj.ch\/fr\/#organization\",\"name\":\"Schweizerische Gesellschaft f\u00fcr die Erforschung des 18. Jahrhunderts (SGEAJ - SSEDS)\",\"url\":\"https:\/\/www.sgeaj.ch\/fr\/\",\"logo\":{\"@type\":\"ImageObject\",\"inLanguage\":\"fr-FR\",\"@id\":\"https:\/\/www.sgeaj.ch\/fr\/#\/schema\/logo\/image\/\",\"url\":\"https:\/\/www.sgeaj.ch\/wp-content\/uploads\/2021\/06\/cropped-logo-xviiies-horiz-abreuviations-bleues.png\",\"contentUrl\":\"https:\/\/www.sgeaj.ch\/wp-content\/uploads\/2021\/06\/cropped-logo-xviiies-horiz-abreuviations-bleues.png\",\"width\":659,\"height\":335,\"caption\":\"Schweizerische Gesellschaft f\u00fcr die Erforschung des 18. Jahrhunderts (SGEAJ - SSEDS)\"},\"image\":{\"@id\":\"https:\/\/www.sgeaj.ch\/fr\/#\/schema\/logo\/image\/\"}},{\"@type\":\"Person\",\"@id\":\"https:\/\/www.sgeaj.ch\/fr\/#\/schema\/person\/2cd839eed625879a17645fc9f307c8e7\",\"name\":\"Nadja Ackermann\",\"url\":\"https:\/\/www.sgeaj.ch\/fr\/author\/naackermann\/\"}]}<\/script>\n<!-- \/ Yoast SEO plugin. -->","yoast_head_json":{"title":"Beiderbeck\/Gantet, Wissenskulturen in der Leibniz-Zeit, 2021 - Schweizerische Gesellschaft f\u00fcr die Erforschung des 18. Jahrhunderts (SGEAJ - SSEDS)","robots":{"index":"index","follow":"follow","max-snippet":"max-snippet:-1","max-image-preview":"max-image-preview:large","max-video-preview":"max-video-preview:-1"},"canonical":"https:\/\/www.sgeaj.ch\/fr\/actualite\/nouvelles-publications\/beiderbeck-gantet-wissenskulturen-in-der-leibniz-zeit\/","twitter_misc":{"\u00c9crit par":"Nadja Ackermann","Dur\u00e9e de lecture estim\u00e9e":"1 minute"},"schema":{"@context":"https:\/\/schema.org","@graph":[{"@type":"Article","@id":"https:\/\/www.sgeaj.ch\/fr\/actualite\/nouvelles-publications\/beiderbeck-gantet-wissenskulturen-in-der-leibniz-zeit\/#article","isPartOf":{"@id":"https:\/\/www.sgeaj.ch\/fr\/actualite\/nouvelles-publications\/beiderbeck-gantet-wissenskulturen-in-der-leibniz-zeit\/"},"author":{"name":"Nadja Ackermann","@id":"https:\/\/www.sgeaj.ch\/fr\/#\/schema\/person\/2cd839eed625879a17645fc9f307c8e7"},"headline":"Beiderbeck\/Gantet, Wissenskulturen in der Leibniz-Zeit, 2021","datePublished":"2021-07-26T18:12:18+00:00","dateModified":"2021-07-26T18:14:06+00:00","mainEntityOfPage":{"@id":"https:\/\/www.sgeaj.ch\/fr\/actualite\/nouvelles-publications\/beiderbeck-gantet-wissenskulturen-in-der-leibniz-zeit\/"},"wordCount":130,"publisher":{"@id":"https:\/\/www.sgeaj.ch\/fr\/#organization"},"image":{"@id":"https:\/\/www.sgeaj.ch\/fr\/actualite\/nouvelles-publications\/beiderbeck-gantet-wissenskulturen-in-der-leibniz-zeit\/#primaryimage"},"thumbnailUrl":"https:\/\/www.sgeaj.ch\/wp-content\/uploads\/2021\/07\/philosophen-leibniz-ca-1695-1-scaled.jpg","articleSection":["Actualit\u00e9","Nouvelles publications"],"inLanguage":"fr-FR"},{"@type":"WebPage","@id":"https:\/\/www.sgeaj.ch\/fr\/actualite\/nouvelles-publications\/beiderbeck-gantet-wissenskulturen-in-der-leibniz-zeit\/","url":"https:\/\/www.sgeaj.ch\/fr\/actualite\/nouvelles-publications\/beiderbeck-gantet-wissenskulturen-in-der-leibniz-zeit\/","name":"Beiderbeck\/Gantet, Wissenskulturen in der Leibniz-Zeit, 2021 - Schweizerische Gesellschaft f\u00fcr die Erforschung des 18. Jahrhunderts (SGEAJ - SSEDS)","isPartOf":{"@id":"https:\/\/www.sgeaj.ch\/fr\/#website"},"primaryImageOfPage":{"@id":"https:\/\/www.sgeaj.ch\/fr\/actualite\/nouvelles-publications\/beiderbeck-gantet-wissenskulturen-in-der-leibniz-zeit\/#primaryimage"},"image":{"@id":"https:\/\/www.sgeaj.ch\/fr\/actualite\/nouvelles-publications\/beiderbeck-gantet-wissenskulturen-in-der-leibniz-zeit\/#primaryimage"},"thumbnailUrl":"https:\/\/www.sgeaj.ch\/wp-content\/uploads\/2021\/07\/philosophen-leibniz-ca-1695-1-scaled.jpg","datePublished":"2021-07-26T18:12:18+00:00","dateModified":"2021-07-26T18:14:06+00:00","inLanguage":"fr-FR","potentialAction":[{"@type":"ReadAction","target":["https:\/\/www.sgeaj.ch\/fr\/actualite\/nouvelles-publications\/beiderbeck-gantet-wissenskulturen-in-der-leibniz-zeit\/"]}]},{"@type":"ImageObject","inLanguage":"fr-FR","@id":"https:\/\/www.sgeaj.ch\/fr\/actualite\/nouvelles-publications\/beiderbeck-gantet-wissenskulturen-in-der-leibniz-zeit\/#primaryimage","url":"https:\/\/www.sgeaj.ch\/wp-content\/uploads\/2021\/07\/philosophen-leibniz-ca-1695-1-scaled.jpg","contentUrl":"https:\/\/www.sgeaj.ch\/wp-content\/uploads\/2021\/07\/philosophen-leibniz-ca-1695-1-scaled.jpg","width":2074,"height":2560,"caption":"GG 558, Bernhard Christoph Francke (gest. 1729), Gottfried Wilhelm Leibniz, Leinwand 81 x 66 cm"},{"@type":"WebSite","@id":"https:\/\/www.sgeaj.ch\/fr\/#website","url":"https:\/\/www.sgeaj.ch\/fr\/","name":"Schweizerische Gesellschaft f\u00fcr die Erforschung des 18. Jahrhunderts (SGEAJ - SSEDS)","description":"Schweizerische Gesellschaft f\u00fcr die Erforschung des 18. Jahrhunderts","publisher":{"@id":"https:\/\/www.sgeaj.ch\/fr\/#organization"},"potentialAction":[{"@type":"SearchAction","target":{"@type":"EntryPoint","urlTemplate":"https:\/\/www.sgeaj.ch\/fr\/?s={search_term_string}"},"query-input":{"@type":"PropertyValueSpecification","valueRequired":true,"valueName":"search_term_string"}}],"inLanguage":"fr-FR"},{"@type":"Organization","@id":"https:\/\/www.sgeaj.ch\/fr\/#organization","name":"Schweizerische Gesellschaft f\u00fcr die Erforschung des 18. Jahrhunderts (SGEAJ - SSEDS)","url":"https:\/\/www.sgeaj.ch\/fr\/","logo":{"@type":"ImageObject","inLanguage":"fr-FR","@id":"https:\/\/www.sgeaj.ch\/fr\/#\/schema\/logo\/image\/","url":"https:\/\/www.sgeaj.ch\/wp-content\/uploads\/2021\/06\/cropped-logo-xviiies-horiz-abreuviations-bleues.png","contentUrl":"https:\/\/www.sgeaj.ch\/wp-content\/uploads\/2021\/06\/cropped-logo-xviiies-horiz-abreuviations-bleues.png","width":659,"height":335,"caption":"Schweizerische Gesellschaft f\u00fcr die Erforschung des 18. Jahrhunderts (SGEAJ - SSEDS)"},"image":{"@id":"https:\/\/www.sgeaj.ch\/fr\/#\/schema\/logo\/image\/"}},{"@type":"Person","@id":"https:\/\/www.sgeaj.ch\/fr\/#\/schema\/person\/2cd839eed625879a17645fc9f307c8e7","name":"Nadja Ackermann","url":"https:\/\/www.sgeaj.ch\/fr\/author\/naackermann\/"}]}},"_links":{"self":[{"href":"https:\/\/www.sgeaj.ch\/fr\/wp-json\/wp\/v2\/posts\/6508","targetHints":{"allow":["GET"]}}],"collection":[{"href":"https:\/\/www.sgeaj.ch\/fr\/wp-json\/wp\/v2\/posts"}],"about":[{"href":"https:\/\/www.sgeaj.ch\/fr\/wp-json\/wp\/v2\/types\/post"}],"author":[{"embeddable":true,"href":"https:\/\/www.sgeaj.ch\/fr\/wp-json\/wp\/v2\/users\/7"}],"replies":[{"embeddable":true,"href":"https:\/\/www.sgeaj.ch\/fr\/wp-json\/wp\/v2\/comments?post=6508"}],"version-history":[{"count":3,"href":"https:\/\/www.sgeaj.ch\/fr\/wp-json\/wp\/v2\/posts\/6508\/revisions"}],"predecessor-version":[{"id":6513,"href":"https:\/\/www.sgeaj.ch\/fr\/wp-json\/wp\/v2\/posts\/6508\/revisions\/6513"}],"wp:featuredmedia":[{"embeddable":true,"href":"https:\/\/www.sgeaj.ch\/fr\/wp-json\/wp\/v2\/media\/6506"}],"wp:attachment":[{"href":"https:\/\/www.sgeaj.ch\/fr\/wp-json\/wp\/v2\/media?parent=6508"}],"wp:term":[{"taxonomy":"category","embeddable":true,"href":"https:\/\/www.sgeaj.ch\/fr\/wp-json\/wp\/v2\/categories?post=6508"},{"taxonomy":"post_tag","embeddable":true,"href":"https:\/\/www.sgeaj.ch\/fr\/wp-json\/wp\/v2\/tags?post=6508"}],"curies":[{"name":"wp","href":"https:\/\/api.w.org\/{rel}","templated":true}]}}