{"id":6518,"date":"2021-07-26T20:22:30","date_gmt":"2021-07-26T18:22:30","guid":{"rendered":"https:\/\/www.sgeaj.ch\/?p=6518"},"modified":"2021-07-26T20:23:23","modified_gmt":"2021-07-26T18:23:23","slug":"buchvernissage-briefwechsel-sulzer-bodmer","status":"publish","type":"post","link":"https:\/\/www.sgeaj.ch\/fr\/actualite\/colloques\/buchvernissage-briefwechsel-sulzer-bodmer\/","title":{"rendered":"Buchvernissage: Briefwechsel Sulzer &#8211; Bodmer"},"content":{"rendered":"\n<h4 class=\"wp-block-heading\">Johann GeorgSulzer \u2013 Johann Jakob Bodmer Briefwechsel. Kritische Ausgabe Buchvorstellung und Lesung, Schloss Au (Z\u00fcrich),17. September 2021, 14:00-17:00 Uhr<\/h4>\n\n\n\n<p>\u00abSie haben das erste Licht mitten in der Dunkelheit angez\u00fcndet, ich habe, da es schon Tag war nur noch einen Fensterladen aufgemacht um etwas mehr Licht zu geben.\u00bb Die Worte stammen aus der mehr als drei Jahrzehnte andauernden und \u00fcber vierhundertf\u00fcnfzig Briefe umfassenden Korrespondenz zwischen den beiden Aufkl\u00e4rern Johann Georg Sulzer (1720\u20131779) und Johann Jakob Bodmer (1698\u20131783), die seit einigen Monaten vollst\u00e4ndig ediert in einer Kritischen Ausgabe vorliegt. Fast alle dieser Briefe werden in der Handschriftenabteilung der ZB aufbewahrt. Die beiden Herausgeberinnen Elisabeth D\u00e9cultot und Jana Kittelmann pr\u00e4sentieren die Edition und geben, mit Unterst\u00fctzung ihres Teams, Einblicke in die themenreichen und unterhaltsamen Briefgespr\u00e4che Sulzers und Bodmers.<\/p>\n\n\n\n<h4 class=\"wp-block-heading\">Programm<\/h4>\n\n\n\n<p><strong>Begr\u00fcssung:<\/strong> Stefan Wiederkehr (ZB), Elisabeth D\u00e9cultot (IZEA) und Christian Barth (Schwabe-Verlag)<\/p>\n\n\n\n<p><strong>Einf\u00fchrung in die Edition:<\/strong> Elisabeth D\u00e9cultot und Jana Kittelmann<\/p>\n\n\n\n<p><strong>Das 18. Jahrhundert im Briefformat: Lesung<\/strong> &#8211; Baptiste Baumann, Jana Kittelmann, Janin Rominger<\/p>\n\n\n\n<p>Eintritt frei, begrenzte Teilnehmerzahl \u2013 bitte melden Sie sich an. Die Veranstaltung findet vorbehaltlich der Entwicklung der Coronavirus-Pandemie statt. Die Teilnehmer*innenzahl ist begrenzt. <\/p>\n\n\n\n<p><strong>Ort<\/strong>: Tagungszentrum Schloss Au, Hinter Au 1, 8804 Au ZH<br><strong>Kontakt und weitere Informationen<\/strong>: jana.kittelmann@izea.uni-halle.de<\/p>\n\n\n\n<p><a href=\"https:\/\/www.zb.uzh.ch\/de\/events\/buchvernissage-briefwechsel-johann-georg-sulzer-johann-jakob-bodmer\" target=\"_blank\" rel=\"noreferrer noopener\">Flyer und Anmeldung<\/a><\/p>\n","protected":false},"excerpt":{"rendered":"<p>Johann GeorgSulzer \u2013 Johann Jakob Bodmer Briefwechsel. Kritische Ausgabe Buchvorstellung und Lesung, Schloss Au (Z\u00fcrich),17. September 2021, 14:00-17:00 Uhr \u00abSie haben das erste Licht mitten in der Dunkelheit angez\u00fcndet, ich habe, da es schon Tag war nur noch einen Fensterladen aufgemacht um etwas mehr Licht zu geben.\u00bb Die Worte stammen aus der mehr als drei [&hellip;]<\/p>\n","protected":false},"author":7,"featured_media":6516,"comment_status":"closed","ping_status":"open","sticky":false,"template":"","format":"standard","meta":{"footnotes":""},"categories":[42,27],"tags":[],"class_list":{"0":"post-6518","1":"post","2":"type-post","3":"status-publish","4":"format-standard","5":"has-post-thumbnail","7":"category-actualite","8":"category-colloques","9":"czr-hentry"},"yoast_head":"<!-- This site is optimized with the Yoast SEO plugin v26.9 - https:\/\/yoast.com\/product\/yoast-seo-wordpress\/ -->\n<title>Buchvernissage: Briefwechsel Sulzer - Bodmer - Schweizerische Gesellschaft f\u00fcr die Erforschung des 18. Jahrhunderts (SGEAJ - SSEDS)<\/title>\n<meta name=\"robots\" content=\"index, follow, max-snippet:-1, max-image-preview:large, max-video-preview:-1\" \/>\n<link rel=\"canonical\" href=\"https:\/\/www.sgeaj.ch\/fr\/actualite\/colloques\/buchvernissage-briefwechsel-sulzer-bodmer\/\" \/>\n<meta name=\"twitter:label1\" content=\"\u00c9crit par\" \/>\n\t<meta name=\"twitter:data1\" content=\"Nadja Ackermann\" \/>\n\t<meta name=\"twitter:label2\" content=\"Dur\u00e9e de lecture estim\u00e9e\" \/>\n\t<meta name=\"twitter:data2\" content=\"1 minute\" \/>\n<script type=\"application\/ld+json\" class=\"yoast-schema-graph\">{\"@context\":\"https:\/\/schema.org\",\"@graph\":[{\"@type\":\"Article\",\"@id\":\"https:\/\/www.sgeaj.ch\/fr\/actualite\/colloques\/buchvernissage-briefwechsel-sulzer-bodmer\/#article\",\"isPartOf\":{\"@id\":\"https:\/\/www.sgeaj.ch\/fr\/actualite\/colloques\/buchvernissage-briefwechsel-sulzer-bodmer\/\"},\"author\":{\"name\":\"Nadja Ackermann\",\"@id\":\"https:\/\/www.sgeaj.ch\/fr\/#\/schema\/person\/2cd839eed625879a17645fc9f307c8e7\"},\"headline\":\"Buchvernissage: Briefwechsel Sulzer &#8211; Bodmer\",\"datePublished\":\"2021-07-26T18:22:30+00:00\",\"dateModified\":\"2021-07-26T18:23:23+00:00\",\"mainEntityOfPage\":{\"@id\":\"https:\/\/www.sgeaj.ch\/fr\/actualite\/colloques\/buchvernissage-briefwechsel-sulzer-bodmer\/\"},\"wordCount\":215,\"publisher\":{\"@id\":\"https:\/\/www.sgeaj.ch\/fr\/#organization\"},\"image\":{\"@id\":\"https:\/\/www.sgeaj.ch\/fr\/actualite\/colloques\/buchvernissage-briefwechsel-sulzer-bodmer\/#primaryimage\"},\"thumbnailUrl\":\"https:\/\/www.sgeaj.ch\/wp-content\/uploads\/2021\/07\/web-lesung-zuerich.jpg\",\"articleSection\":[\"Actualit\u00e9\",\"Colloques\"],\"inLanguage\":\"fr-FR\"},{\"@type\":\"WebPage\",\"@id\":\"https:\/\/www.sgeaj.ch\/fr\/actualite\/colloques\/buchvernissage-briefwechsel-sulzer-bodmer\/\",\"url\":\"https:\/\/www.sgeaj.ch\/fr\/actualite\/colloques\/buchvernissage-briefwechsel-sulzer-bodmer\/\",\"name\":\"Buchvernissage: Briefwechsel Sulzer - Bodmer - Schweizerische Gesellschaft f\u00fcr die Erforschung des 18. Jahrhunderts (SGEAJ - SSEDS)\",\"isPartOf\":{\"@id\":\"https:\/\/www.sgeaj.ch\/fr\/#website\"},\"primaryImageOfPage\":{\"@id\":\"https:\/\/www.sgeaj.ch\/fr\/actualite\/colloques\/buchvernissage-briefwechsel-sulzer-bodmer\/#primaryimage\"},\"image\":{\"@id\":\"https:\/\/www.sgeaj.ch\/fr\/actualite\/colloques\/buchvernissage-briefwechsel-sulzer-bodmer\/#primaryimage\"},\"thumbnailUrl\":\"https:\/\/www.sgeaj.ch\/wp-content\/uploads\/2021\/07\/web-lesung-zuerich.jpg\",\"datePublished\":\"2021-07-26T18:22:30+00:00\",\"dateModified\":\"2021-07-26T18:23:23+00:00\",\"inLanguage\":\"fr-FR\",\"potentialAction\":[{\"@type\":\"ReadAction\",\"target\":[\"https:\/\/www.sgeaj.ch\/fr\/actualite\/colloques\/buchvernissage-briefwechsel-sulzer-bodmer\/\"]}]},{\"@type\":\"ImageObject\",\"inLanguage\":\"fr-FR\",\"@id\":\"https:\/\/www.sgeaj.ch\/fr\/actualite\/colloques\/buchvernissage-briefwechsel-sulzer-bodmer\/#primaryimage\",\"url\":\"https:\/\/www.sgeaj.ch\/wp-content\/uploads\/2021\/07\/web-lesung-zuerich.jpg\",\"contentUrl\":\"https:\/\/www.sgeaj.ch\/wp-content\/uploads\/2021\/07\/web-lesung-zuerich.jpg\",\"width\":1966,\"height\":857},{\"@type\":\"WebSite\",\"@id\":\"https:\/\/www.sgeaj.ch\/fr\/#website\",\"url\":\"https:\/\/www.sgeaj.ch\/fr\/\",\"name\":\"Schweizerische Gesellschaft f\u00fcr die Erforschung des 18. Jahrhunderts (SGEAJ - SSEDS)\",\"description\":\"Schweizerische Gesellschaft f\u00fcr die Erforschung des 18. Jahrhunderts\",\"publisher\":{\"@id\":\"https:\/\/www.sgeaj.ch\/fr\/#organization\"},\"potentialAction\":[{\"@type\":\"SearchAction\",\"target\":{\"@type\":\"EntryPoint\",\"urlTemplate\":\"https:\/\/www.sgeaj.ch\/fr\/?s={search_term_string}\"},\"query-input\":{\"@type\":\"PropertyValueSpecification\",\"valueRequired\":true,\"valueName\":\"search_term_string\"}}],\"inLanguage\":\"fr-FR\"},{\"@type\":\"Organization\",\"@id\":\"https:\/\/www.sgeaj.ch\/fr\/#organization\",\"name\":\"Schweizerische Gesellschaft f\u00fcr die Erforschung des 18. Jahrhunderts (SGEAJ - SSEDS)\",\"url\":\"https:\/\/www.sgeaj.ch\/fr\/\",\"logo\":{\"@type\":\"ImageObject\",\"inLanguage\":\"fr-FR\",\"@id\":\"https:\/\/www.sgeaj.ch\/fr\/#\/schema\/logo\/image\/\",\"url\":\"https:\/\/www.sgeaj.ch\/wp-content\/uploads\/2021\/06\/cropped-logo-xviiies-horiz-abreuviations-bleues.png\",\"contentUrl\":\"https:\/\/www.sgeaj.ch\/wp-content\/uploads\/2021\/06\/cropped-logo-xviiies-horiz-abreuviations-bleues.png\",\"width\":659,\"height\":335,\"caption\":\"Schweizerische Gesellschaft f\u00fcr die Erforschung des 18. Jahrhunderts (SGEAJ - SSEDS)\"},\"image\":{\"@id\":\"https:\/\/www.sgeaj.ch\/fr\/#\/schema\/logo\/image\/\"}},{\"@type\":\"Person\",\"@id\":\"https:\/\/www.sgeaj.ch\/fr\/#\/schema\/person\/2cd839eed625879a17645fc9f307c8e7\",\"name\":\"Nadja Ackermann\",\"url\":\"https:\/\/www.sgeaj.ch\/fr\/author\/naackermann\/\"}]}<\/script>\n<!-- \/ Yoast SEO plugin. -->","yoast_head_json":{"title":"Buchvernissage: Briefwechsel Sulzer - Bodmer - Schweizerische Gesellschaft f\u00fcr die Erforschung des 18. Jahrhunderts (SGEAJ - SSEDS)","robots":{"index":"index","follow":"follow","max-snippet":"max-snippet:-1","max-image-preview":"max-image-preview:large","max-video-preview":"max-video-preview:-1"},"canonical":"https:\/\/www.sgeaj.ch\/fr\/actualite\/colloques\/buchvernissage-briefwechsel-sulzer-bodmer\/","twitter_misc":{"\u00c9crit par":"Nadja Ackermann","Dur\u00e9e de lecture estim\u00e9e":"1 minute"},"schema":{"@context":"https:\/\/schema.org","@graph":[{"@type":"Article","@id":"https:\/\/www.sgeaj.ch\/fr\/actualite\/colloques\/buchvernissage-briefwechsel-sulzer-bodmer\/#article","isPartOf":{"@id":"https:\/\/www.sgeaj.ch\/fr\/actualite\/colloques\/buchvernissage-briefwechsel-sulzer-bodmer\/"},"author":{"name":"Nadja Ackermann","@id":"https:\/\/www.sgeaj.ch\/fr\/#\/schema\/person\/2cd839eed625879a17645fc9f307c8e7"},"headline":"Buchvernissage: Briefwechsel Sulzer &#8211; Bodmer","datePublished":"2021-07-26T18:22:30+00:00","dateModified":"2021-07-26T18:23:23+00:00","mainEntityOfPage":{"@id":"https:\/\/www.sgeaj.ch\/fr\/actualite\/colloques\/buchvernissage-briefwechsel-sulzer-bodmer\/"},"wordCount":215,"publisher":{"@id":"https:\/\/www.sgeaj.ch\/fr\/#organization"},"image":{"@id":"https:\/\/www.sgeaj.ch\/fr\/actualite\/colloques\/buchvernissage-briefwechsel-sulzer-bodmer\/#primaryimage"},"thumbnailUrl":"https:\/\/www.sgeaj.ch\/wp-content\/uploads\/2021\/07\/web-lesung-zuerich.jpg","articleSection":["Actualit\u00e9","Colloques"],"inLanguage":"fr-FR"},{"@type":"WebPage","@id":"https:\/\/www.sgeaj.ch\/fr\/actualite\/colloques\/buchvernissage-briefwechsel-sulzer-bodmer\/","url":"https:\/\/www.sgeaj.ch\/fr\/actualite\/colloques\/buchvernissage-briefwechsel-sulzer-bodmer\/","name":"Buchvernissage: Briefwechsel Sulzer - Bodmer - Schweizerische Gesellschaft f\u00fcr die Erforschung des 18. Jahrhunderts (SGEAJ - SSEDS)","isPartOf":{"@id":"https:\/\/www.sgeaj.ch\/fr\/#website"},"primaryImageOfPage":{"@id":"https:\/\/www.sgeaj.ch\/fr\/actualite\/colloques\/buchvernissage-briefwechsel-sulzer-bodmer\/#primaryimage"},"image":{"@id":"https:\/\/www.sgeaj.ch\/fr\/actualite\/colloques\/buchvernissage-briefwechsel-sulzer-bodmer\/#primaryimage"},"thumbnailUrl":"https:\/\/www.sgeaj.ch\/wp-content\/uploads\/2021\/07\/web-lesung-zuerich.jpg","datePublished":"2021-07-26T18:22:30+00:00","dateModified":"2021-07-26T18:23:23+00:00","inLanguage":"fr-FR","potentialAction":[{"@type":"ReadAction","target":["https:\/\/www.sgeaj.ch\/fr\/actualite\/colloques\/buchvernissage-briefwechsel-sulzer-bodmer\/"]}]},{"@type":"ImageObject","inLanguage":"fr-FR","@id":"https:\/\/www.sgeaj.ch\/fr\/actualite\/colloques\/buchvernissage-briefwechsel-sulzer-bodmer\/#primaryimage","url":"https:\/\/www.sgeaj.ch\/wp-content\/uploads\/2021\/07\/web-lesung-zuerich.jpg","contentUrl":"https:\/\/www.sgeaj.ch\/wp-content\/uploads\/2021\/07\/web-lesung-zuerich.jpg","width":1966,"height":857},{"@type":"WebSite","@id":"https:\/\/www.sgeaj.ch\/fr\/#website","url":"https:\/\/www.sgeaj.ch\/fr\/","name":"Schweizerische Gesellschaft f\u00fcr die Erforschung des 18. Jahrhunderts (SGEAJ - SSEDS)","description":"Schweizerische Gesellschaft f\u00fcr die Erforschung des 18. Jahrhunderts","publisher":{"@id":"https:\/\/www.sgeaj.ch\/fr\/#organization"},"potentialAction":[{"@type":"SearchAction","target":{"@type":"EntryPoint","urlTemplate":"https:\/\/www.sgeaj.ch\/fr\/?s={search_term_string}"},"query-input":{"@type":"PropertyValueSpecification","valueRequired":true,"valueName":"search_term_string"}}],"inLanguage":"fr-FR"},{"@type":"Organization","@id":"https:\/\/www.sgeaj.ch\/fr\/#organization","name":"Schweizerische Gesellschaft f\u00fcr die Erforschung des 18. Jahrhunderts (SGEAJ - SSEDS)","url":"https:\/\/www.sgeaj.ch\/fr\/","logo":{"@type":"ImageObject","inLanguage":"fr-FR","@id":"https:\/\/www.sgeaj.ch\/fr\/#\/schema\/logo\/image\/","url":"https:\/\/www.sgeaj.ch\/wp-content\/uploads\/2021\/06\/cropped-logo-xviiies-horiz-abreuviations-bleues.png","contentUrl":"https:\/\/www.sgeaj.ch\/wp-content\/uploads\/2021\/06\/cropped-logo-xviiies-horiz-abreuviations-bleues.png","width":659,"height":335,"caption":"Schweizerische Gesellschaft f\u00fcr die Erforschung des 18. Jahrhunderts (SGEAJ - SSEDS)"},"image":{"@id":"https:\/\/www.sgeaj.ch\/fr\/#\/schema\/logo\/image\/"}},{"@type":"Person","@id":"https:\/\/www.sgeaj.ch\/fr\/#\/schema\/person\/2cd839eed625879a17645fc9f307c8e7","name":"Nadja Ackermann","url":"https:\/\/www.sgeaj.ch\/fr\/author\/naackermann\/"}]}},"_links":{"self":[{"href":"https:\/\/www.sgeaj.ch\/fr\/wp-json\/wp\/v2\/posts\/6518","targetHints":{"allow":["GET"]}}],"collection":[{"href":"https:\/\/www.sgeaj.ch\/fr\/wp-json\/wp\/v2\/posts"}],"about":[{"href":"https:\/\/www.sgeaj.ch\/fr\/wp-json\/wp\/v2\/types\/post"}],"author":[{"embeddable":true,"href":"https:\/\/www.sgeaj.ch\/fr\/wp-json\/wp\/v2\/users\/7"}],"replies":[{"embeddable":true,"href":"https:\/\/www.sgeaj.ch\/fr\/wp-json\/wp\/v2\/comments?post=6518"}],"version-history":[{"count":3,"href":"https:\/\/www.sgeaj.ch\/fr\/wp-json\/wp\/v2\/posts\/6518\/revisions"}],"predecessor-version":[{"id":6523,"href":"https:\/\/www.sgeaj.ch\/fr\/wp-json\/wp\/v2\/posts\/6518\/revisions\/6523"}],"wp:featuredmedia":[{"embeddable":true,"href":"https:\/\/www.sgeaj.ch\/fr\/wp-json\/wp\/v2\/media\/6516"}],"wp:attachment":[{"href":"https:\/\/www.sgeaj.ch\/fr\/wp-json\/wp\/v2\/media?parent=6518"}],"wp:term":[{"taxonomy":"category","embeddable":true,"href":"https:\/\/www.sgeaj.ch\/fr\/wp-json\/wp\/v2\/categories?post=6518"},{"taxonomy":"post_tag","embeddable":true,"href":"https:\/\/www.sgeaj.ch\/fr\/wp-json\/wp\/v2\/tags?post=6518"}],"curies":[{"name":"wp","href":"https:\/\/api.w.org\/{rel}","templated":true}]}}