{"id":6550,"date":"2021-09-21T20:51:44","date_gmt":"2021-09-21T18:51:44","guid":{"rendered":"https:\/\/www.sgeaj.ch\/?p=6550"},"modified":"2021-09-21T20:59:44","modified_gmt":"2021-09-21T18:59:44","slug":"ein-leben-im-dienst-der-franzoesischen-krone","status":"publish","type":"post","link":"https:\/\/www.sgeaj.ch\/fr\/actualite\/expositions\/ein-leben-im-dienst-der-franzoesischen-krone\/","title":{"rendered":"UNE VIE AU SERVICE DE LA COURONNE FRAN\u00c7AISE"},"content":{"rendered":"\n<h3 class=\"wp-block-heading\">PIERRE-VICTOR DE BESENVAL (1721\u20131791)<br>UNE VIE AU SERVICE DE LA COURONNE FRAN\u00c7AISE, Ch\u00e2teau de Waldegg, 18.9.2021\u201331.5.2022<\/h3>\n\n\n\n<p>Pierre-Victor de Besenval voit le jour au Ch\u00e2teau de Waldegg il y a 300 ans. Sa vie se<br>d\u00e9roule pourtant presque enti\u00e8rement en France ; au service du roi, il acquiert la gloire,<br>les honneurs et sa richesse.<br>Dans les salles du Ch\u00e2teau de Waldegg, nous d\u00e9couvrons le \u00ab plus fran\u00e7ais des Suisses \u00bb<br>sous tous ses aspects : Besenval est \u00e0 la fois militaire et courtisan, confident de la reine<br>Marie-Antoinette, mais \u00e9galement auteur, collectionneur d\u2019objets d\u2019art et de plantes rares,<br>m\u00e9c\u00e8ne, ma\u00eetre d\u2019ouvrage et, enfin, un amant galant. \u00c0 travers la personnalit\u00e9 et la vie du<br>baron, l\u2019exposition offre une vue d\u2019ensemble sur le XVIIIe<br>si\u00e8cle fran\u00e7ais.<br><\/p>\n\n\n\n<p>Les d\u00e9tails du programme des \u00e9v\u00e9nements qui accompagnent l\u2019exposition et des plus<br>amples informations sur les visites guid\u00e9es et l\u2019exposition elle-m\u00eame sont disponibles<br>sur le site www.schloss-waldegg.ch<\/p>\n\n\n\n<p><strong>Visites guid\u00e9es <\/strong>par le curateur Andreas Affolter ont lieu:<\/p>\n\n\n\n<ul class=\"wp-block-list\"><li>30 septembre, 19.00 h <\/li><li>20 octobre, 19.00 h<\/li><li>30 octobre, 13.30 h<\/li><li>14 novembre, 14.00 h<\/li><li>9 d\u00e9cembre, 19.00 h <strong>(compl\u00e8te)<\/strong><\/li><\/ul>\n\n\n\n<p>R\u00e9servation: antoinette.zbinden@dbk.so.ch \/ 032 627 63 60<\/p>\n\n\n\n<p><\/p>\n\n\n\n<div class=\"wp-block-file\"><a href=\"https:\/\/www.sgeaj.ch\/wp-content\/uploads\/2021\/09\/flyer-f-1.pdf\">Flyer (pdf)<\/a><a href=\"https:\/\/www.sgeaj.ch\/wp-content\/uploads\/2021\/09\/flyer-f-1.pdf\" class=\"wp-block-file__button\" download>Herunterladen<\/a><\/div>\n","protected":false},"excerpt":{"rendered":"<p>PIERRE-VICTOR DE BESENVAL (1721\u20131791)UNE VIE AU SERVICE DE LA COURONNE FRAN\u00c7AISE, Ch\u00e2teau de Waldegg, 18.9.2021\u201331.5.2022 Pierre-Victor de Besenval voit le jour au Ch\u00e2teau de Waldegg il y a 300 ans. Sa vie sed\u00e9roule pourtant presque enti\u00e8rement en France ; au service du roi, il acquiert la gloire,les honneurs et sa richesse.Dans les salles du Ch\u00e2teau [&hellip;]<\/p>\n","protected":false},"author":7,"featured_media":6548,"comment_status":"closed","ping_status":"open","sticky":false,"template":"","format":"standard","meta":{"footnotes":""},"categories":[42,55],"tags":[],"class_list":{"0":"post-6550","1":"post","2":"type-post","3":"status-publish","4":"format-standard","5":"has-post-thumbnail","7":"category-actualite","8":"category-expositions","9":"czr-hentry"},"yoast_head":"<!-- This site is optimized with the Yoast SEO plugin v26.9 - https:\/\/yoast.com\/product\/yoast-seo-wordpress\/ -->\n<title>UNE VIE AU SERVICE DE LA COURONNE FRAN\u00c7AISE - Schweizerische Gesellschaft f\u00fcr die Erforschung des 18. Jahrhunderts (SGEAJ - SSEDS)<\/title>\n<meta name=\"robots\" content=\"index, follow, max-snippet:-1, max-image-preview:large, max-video-preview:-1\" \/>\n<link rel=\"canonical\" href=\"https:\/\/www.sgeaj.ch\/fr\/actualite\/expositions\/ein-leben-im-dienst-der-franzoesischen-krone\/\" \/>\n<meta name=\"twitter:label1\" content=\"\u00c9crit par\" \/>\n\t<meta name=\"twitter:data1\" content=\"Nadja Ackermann\" \/>\n\t<meta name=\"twitter:label2\" content=\"Dur\u00e9e de lecture estim\u00e9e\" \/>\n\t<meta name=\"twitter:data2\" content=\"1 minute\" \/>\n<script type=\"application\/ld+json\" class=\"yoast-schema-graph\">{\"@context\":\"https:\/\/schema.org\",\"@graph\":[{\"@type\":\"Article\",\"@id\":\"https:\/\/www.sgeaj.ch\/fr\/actualite\/expositions\/ein-leben-im-dienst-der-franzoesischen-krone\/#article\",\"isPartOf\":{\"@id\":\"https:\/\/www.sgeaj.ch\/fr\/actualite\/expositions\/ein-leben-im-dienst-der-franzoesischen-krone\/\"},\"author\":{\"name\":\"Nadja Ackermann\",\"@id\":\"https:\/\/www.sgeaj.ch\/fr\/#\/schema\/person\/2cd839eed625879a17645fc9f307c8e7\"},\"headline\":\"UNE VIE AU SERVICE DE LA COURONNE FRAN\u00c7AISE\",\"datePublished\":\"2021-09-21T18:51:44+00:00\",\"dateModified\":\"2021-09-21T18:59:44+00:00\",\"mainEntityOfPage\":{\"@id\":\"https:\/\/www.sgeaj.ch\/fr\/actualite\/expositions\/ein-leben-im-dienst-der-franzoesischen-krone\/\"},\"wordCount\":205,\"publisher\":{\"@id\":\"https:\/\/www.sgeaj.ch\/fr\/#organization\"},\"image\":{\"@id\":\"https:\/\/www.sgeaj.ch\/fr\/actualite\/expositions\/ein-leben-im-dienst-der-franzoesischen-krone\/#primaryimage\"},\"thumbnailUrl\":\"https:\/\/www.sgeaj.ch\/wp-content\/uploads\/2021\/09\/portrait-of-pierre-victoire-baron-of-besenval-hermitage-e1632250267551.jpg\",\"articleSection\":[\"Actualit\u00e9\",\"Expositions\"],\"inLanguage\":\"fr-FR\"},{\"@type\":\"WebPage\",\"@id\":\"https:\/\/www.sgeaj.ch\/fr\/actualite\/expositions\/ein-leben-im-dienst-der-franzoesischen-krone\/\",\"url\":\"https:\/\/www.sgeaj.ch\/fr\/actualite\/expositions\/ein-leben-im-dienst-der-franzoesischen-krone\/\",\"name\":\"UNE VIE AU SERVICE DE LA COURONNE FRAN\u00c7AISE - Schweizerische Gesellschaft f\u00fcr die Erforschung des 18. Jahrhunderts (SGEAJ - SSEDS)\",\"isPartOf\":{\"@id\":\"https:\/\/www.sgeaj.ch\/fr\/#website\"},\"primaryImageOfPage\":{\"@id\":\"https:\/\/www.sgeaj.ch\/fr\/actualite\/expositions\/ein-leben-im-dienst-der-franzoesischen-krone\/#primaryimage\"},\"image\":{\"@id\":\"https:\/\/www.sgeaj.ch\/fr\/actualite\/expositions\/ein-leben-im-dienst-der-franzoesischen-krone\/#primaryimage\"},\"thumbnailUrl\":\"https:\/\/www.sgeaj.ch\/wp-content\/uploads\/2021\/09\/portrait-of-pierre-victoire-baron-of-besenval-hermitage-e1632250267551.jpg\",\"datePublished\":\"2021-09-21T18:51:44+00:00\",\"dateModified\":\"2021-09-21T18:59:44+00:00\",\"inLanguage\":\"fr-FR\",\"potentialAction\":[{\"@type\":\"ReadAction\",\"target\":[\"https:\/\/www.sgeaj.ch\/fr\/actualite\/expositions\/ein-leben-im-dienst-der-franzoesischen-krone\/\"]}]},{\"@type\":\"ImageObject\",\"inLanguage\":\"fr-FR\",\"@id\":\"https:\/\/www.sgeaj.ch\/fr\/actualite\/expositions\/ein-leben-im-dienst-der-franzoesischen-krone\/#primaryimage\",\"url\":\"https:\/\/www.sgeaj.ch\/wp-content\/uploads\/2021\/09\/portrait-of-pierre-victoire-baron-of-besenval-hermitage-e1632250267551.jpg\",\"contentUrl\":\"https:\/\/www.sgeaj.ch\/wp-content\/uploads\/2021\/09\/portrait-of-pierre-victoire-baron-of-besenval-hermitage-e1632250267551.jpg\",\"width\":1502,\"height\":1920},{\"@type\":\"WebSite\",\"@id\":\"https:\/\/www.sgeaj.ch\/fr\/#website\",\"url\":\"https:\/\/www.sgeaj.ch\/fr\/\",\"name\":\"Schweizerische Gesellschaft f\u00fcr die Erforschung des 18. Jahrhunderts (SGEAJ - SSEDS)\",\"description\":\"Schweizerische Gesellschaft f\u00fcr die Erforschung des 18. Jahrhunderts\",\"publisher\":{\"@id\":\"https:\/\/www.sgeaj.ch\/fr\/#organization\"},\"potentialAction\":[{\"@type\":\"SearchAction\",\"target\":{\"@type\":\"EntryPoint\",\"urlTemplate\":\"https:\/\/www.sgeaj.ch\/fr\/?s={search_term_string}\"},\"query-input\":{\"@type\":\"PropertyValueSpecification\",\"valueRequired\":true,\"valueName\":\"search_term_string\"}}],\"inLanguage\":\"fr-FR\"},{\"@type\":\"Organization\",\"@id\":\"https:\/\/www.sgeaj.ch\/fr\/#organization\",\"name\":\"Schweizerische Gesellschaft f\u00fcr die Erforschung des 18. Jahrhunderts (SGEAJ - SSEDS)\",\"url\":\"https:\/\/www.sgeaj.ch\/fr\/\",\"logo\":{\"@type\":\"ImageObject\",\"inLanguage\":\"fr-FR\",\"@id\":\"https:\/\/www.sgeaj.ch\/fr\/#\/schema\/logo\/image\/\",\"url\":\"https:\/\/www.sgeaj.ch\/wp-content\/uploads\/2021\/06\/cropped-logo-xviiies-horiz-abreuviations-bleues.png\",\"contentUrl\":\"https:\/\/www.sgeaj.ch\/wp-content\/uploads\/2021\/06\/cropped-logo-xviiies-horiz-abreuviations-bleues.png\",\"width\":659,\"height\":335,\"caption\":\"Schweizerische Gesellschaft f\u00fcr die Erforschung des 18. Jahrhunderts (SGEAJ - SSEDS)\"},\"image\":{\"@id\":\"https:\/\/www.sgeaj.ch\/fr\/#\/schema\/logo\/image\/\"}},{\"@type\":\"Person\",\"@id\":\"https:\/\/www.sgeaj.ch\/fr\/#\/schema\/person\/2cd839eed625879a17645fc9f307c8e7\",\"name\":\"Nadja Ackermann\",\"url\":\"https:\/\/www.sgeaj.ch\/fr\/author\/naackermann\/\"}]}<\/script>\n<!-- \/ Yoast SEO plugin. -->","yoast_head_json":{"title":"UNE VIE AU SERVICE DE LA COURONNE FRAN\u00c7AISE - Schweizerische Gesellschaft f\u00fcr die Erforschung des 18. Jahrhunderts (SGEAJ - SSEDS)","robots":{"index":"index","follow":"follow","max-snippet":"max-snippet:-1","max-image-preview":"max-image-preview:large","max-video-preview":"max-video-preview:-1"},"canonical":"https:\/\/www.sgeaj.ch\/fr\/actualite\/expositions\/ein-leben-im-dienst-der-franzoesischen-krone\/","twitter_misc":{"\u00c9crit par":"Nadja Ackermann","Dur\u00e9e de lecture estim\u00e9e":"1 minute"},"schema":{"@context":"https:\/\/schema.org","@graph":[{"@type":"Article","@id":"https:\/\/www.sgeaj.ch\/fr\/actualite\/expositions\/ein-leben-im-dienst-der-franzoesischen-krone\/#article","isPartOf":{"@id":"https:\/\/www.sgeaj.ch\/fr\/actualite\/expositions\/ein-leben-im-dienst-der-franzoesischen-krone\/"},"author":{"name":"Nadja Ackermann","@id":"https:\/\/www.sgeaj.ch\/fr\/#\/schema\/person\/2cd839eed625879a17645fc9f307c8e7"},"headline":"UNE VIE AU SERVICE DE LA COURONNE FRAN\u00c7AISE","datePublished":"2021-09-21T18:51:44+00:00","dateModified":"2021-09-21T18:59:44+00:00","mainEntityOfPage":{"@id":"https:\/\/www.sgeaj.ch\/fr\/actualite\/expositions\/ein-leben-im-dienst-der-franzoesischen-krone\/"},"wordCount":205,"publisher":{"@id":"https:\/\/www.sgeaj.ch\/fr\/#organization"},"image":{"@id":"https:\/\/www.sgeaj.ch\/fr\/actualite\/expositions\/ein-leben-im-dienst-der-franzoesischen-krone\/#primaryimage"},"thumbnailUrl":"https:\/\/www.sgeaj.ch\/wp-content\/uploads\/2021\/09\/portrait-of-pierre-victoire-baron-of-besenval-hermitage-e1632250267551.jpg","articleSection":["Actualit\u00e9","Expositions"],"inLanguage":"fr-FR"},{"@type":"WebPage","@id":"https:\/\/www.sgeaj.ch\/fr\/actualite\/expositions\/ein-leben-im-dienst-der-franzoesischen-krone\/","url":"https:\/\/www.sgeaj.ch\/fr\/actualite\/expositions\/ein-leben-im-dienst-der-franzoesischen-krone\/","name":"UNE VIE AU SERVICE DE LA COURONNE FRAN\u00c7AISE - Schweizerische Gesellschaft f\u00fcr die Erforschung des 18. Jahrhunderts (SGEAJ - SSEDS)","isPartOf":{"@id":"https:\/\/www.sgeaj.ch\/fr\/#website"},"primaryImageOfPage":{"@id":"https:\/\/www.sgeaj.ch\/fr\/actualite\/expositions\/ein-leben-im-dienst-der-franzoesischen-krone\/#primaryimage"},"image":{"@id":"https:\/\/www.sgeaj.ch\/fr\/actualite\/expositions\/ein-leben-im-dienst-der-franzoesischen-krone\/#primaryimage"},"thumbnailUrl":"https:\/\/www.sgeaj.ch\/wp-content\/uploads\/2021\/09\/portrait-of-pierre-victoire-baron-of-besenval-hermitage-e1632250267551.jpg","datePublished":"2021-09-21T18:51:44+00:00","dateModified":"2021-09-21T18:59:44+00:00","inLanguage":"fr-FR","potentialAction":[{"@type":"ReadAction","target":["https:\/\/www.sgeaj.ch\/fr\/actualite\/expositions\/ein-leben-im-dienst-der-franzoesischen-krone\/"]}]},{"@type":"ImageObject","inLanguage":"fr-FR","@id":"https:\/\/www.sgeaj.ch\/fr\/actualite\/expositions\/ein-leben-im-dienst-der-franzoesischen-krone\/#primaryimage","url":"https:\/\/www.sgeaj.ch\/wp-content\/uploads\/2021\/09\/portrait-of-pierre-victoire-baron-of-besenval-hermitage-e1632250267551.jpg","contentUrl":"https:\/\/www.sgeaj.ch\/wp-content\/uploads\/2021\/09\/portrait-of-pierre-victoire-baron-of-besenval-hermitage-e1632250267551.jpg","width":1502,"height":1920},{"@type":"WebSite","@id":"https:\/\/www.sgeaj.ch\/fr\/#website","url":"https:\/\/www.sgeaj.ch\/fr\/","name":"Schweizerische Gesellschaft f\u00fcr die Erforschung des 18. Jahrhunderts (SGEAJ - SSEDS)","description":"Schweizerische Gesellschaft f\u00fcr die Erforschung des 18. Jahrhunderts","publisher":{"@id":"https:\/\/www.sgeaj.ch\/fr\/#organization"},"potentialAction":[{"@type":"SearchAction","target":{"@type":"EntryPoint","urlTemplate":"https:\/\/www.sgeaj.ch\/fr\/?s={search_term_string}"},"query-input":{"@type":"PropertyValueSpecification","valueRequired":true,"valueName":"search_term_string"}}],"inLanguage":"fr-FR"},{"@type":"Organization","@id":"https:\/\/www.sgeaj.ch\/fr\/#organization","name":"Schweizerische Gesellschaft f\u00fcr die Erforschung des 18. Jahrhunderts (SGEAJ - SSEDS)","url":"https:\/\/www.sgeaj.ch\/fr\/","logo":{"@type":"ImageObject","inLanguage":"fr-FR","@id":"https:\/\/www.sgeaj.ch\/fr\/#\/schema\/logo\/image\/","url":"https:\/\/www.sgeaj.ch\/wp-content\/uploads\/2021\/06\/cropped-logo-xviiies-horiz-abreuviations-bleues.png","contentUrl":"https:\/\/www.sgeaj.ch\/wp-content\/uploads\/2021\/06\/cropped-logo-xviiies-horiz-abreuviations-bleues.png","width":659,"height":335,"caption":"Schweizerische Gesellschaft f\u00fcr die Erforschung des 18. Jahrhunderts (SGEAJ - SSEDS)"},"image":{"@id":"https:\/\/www.sgeaj.ch\/fr\/#\/schema\/logo\/image\/"}},{"@type":"Person","@id":"https:\/\/www.sgeaj.ch\/fr\/#\/schema\/person\/2cd839eed625879a17645fc9f307c8e7","name":"Nadja Ackermann","url":"https:\/\/www.sgeaj.ch\/fr\/author\/naackermann\/"}]}},"_links":{"self":[{"href":"https:\/\/www.sgeaj.ch\/fr\/wp-json\/wp\/v2\/posts\/6550","targetHints":{"allow":["GET"]}}],"collection":[{"href":"https:\/\/www.sgeaj.ch\/fr\/wp-json\/wp\/v2\/posts"}],"about":[{"href":"https:\/\/www.sgeaj.ch\/fr\/wp-json\/wp\/v2\/types\/post"}],"author":[{"embeddable":true,"href":"https:\/\/www.sgeaj.ch\/fr\/wp-json\/wp\/v2\/users\/7"}],"replies":[{"embeddable":true,"href":"https:\/\/www.sgeaj.ch\/fr\/wp-json\/wp\/v2\/comments?post=6550"}],"version-history":[{"count":5,"href":"https:\/\/www.sgeaj.ch\/fr\/wp-json\/wp\/v2\/posts\/6550\/revisions"}],"predecessor-version":[{"id":6565,"href":"https:\/\/www.sgeaj.ch\/fr\/wp-json\/wp\/v2\/posts\/6550\/revisions\/6565"}],"wp:featuredmedia":[{"embeddable":true,"href":"https:\/\/www.sgeaj.ch\/fr\/wp-json\/wp\/v2\/media\/6548"}],"wp:attachment":[{"href":"https:\/\/www.sgeaj.ch\/fr\/wp-json\/wp\/v2\/media?parent=6550"}],"wp:term":[{"taxonomy":"category","embeddable":true,"href":"https:\/\/www.sgeaj.ch\/fr\/wp-json\/wp\/v2\/categories?post=6550"},{"taxonomy":"post_tag","embeddable":true,"href":"https:\/\/www.sgeaj.ch\/fr\/wp-json\/wp\/v2\/tags?post=6550"}],"curies":[{"name":"wp","href":"https:\/\/api.w.org\/{rel}","templated":true}]}}