{"id":6581,"date":"2021-10-30T11:00:33","date_gmt":"2021-10-30T09:00:33","guid":{"rendered":"https:\/\/www.sgeaj.ch\/?p=6581"},"modified":"2021-10-30T11:02:09","modified_gmt":"2021-10-30T09:02:09","slug":"fontana-eclairer-le-crime-geneve-2021","status":"publish","type":"post","link":"https:\/\/www.sgeaj.ch\/fr\/actualite\/nouvelles-publications\/fontana-eclairer-le-crime-geneve-2021\/","title":{"rendered":"Fontana, Eclairer le crime, Gen\u00e8ve 2021"},"content":{"rendered":"\n<h3 class=\"wp-block-heading\">Fontana, Vincent,<em>&nbsp;Eclairer le crime.&nbsp;Une histoire de l&rsquo;enqu\u00eate p\u00e9nale sous la R\u00e9volution et l&rsquo;Empire (Gen\u00e8ve 1790-1814)<\/em>, Gen\u00e8ve, 2021<\/h3>\n\n\n\n<div class=\"wp-block-image\"><figure class=\"alignright is-resized\"><img loading=\"lazy\" decoding=\"async\" src=\"https:\/\/www.sgeaj.ch\/wp-content\/uploads\/2021\/10\/eclairer-le-crime-couv-673x1024.jpg\" alt=\"\" class=\"wp-image-6577\" width=\"256\" height=\"390\"\/><\/figure><\/div>\n\n\n\n<p>Comment mener une enqu\u00eate criminelle en pleine r\u00e9volution ? Ce livre tente de r\u00e9pondre \u00e0 cette question \u00e0 partir de l\u2019exemple de la R\u00e9publique de Gen\u00e8ve, qui illustre bien la modernisation de l\u2019\u00c9tat \u00e0 l\u2019oeuvre en Europe \u00e0 la fin du XVIIIe si\u00e8cle. Alors que la R\u00e9volution genevoise de 1792 amorce un processus de codification inspir\u00e9 des Lumi\u00e8res europ\u00e9ennes, l\u2019occupation militaire de 1798 impose brutalement le droit fran\u00e7ais : avec l\u2019annexion, c\u2019est tout le syst\u00e8me de police judiciaire fran\u00e7ais qui est import\u00e9 \u00e0 Gen\u00e8ve. Si le caract\u00e8re novateur des codes r\u00e9volutionnaires et imp\u00e9riaux est av\u00e9r\u00e9, la port\u00e9e de ces \u00e9volutions juridiques sur les pratiques de terrain est encore m\u00e9connue. Le nouveau syst\u00e8me juridique modifie-t-il, en profondeur, les gestes des enqu\u00eateurs ? En quoi le concept de police judiciaire, qui octroie la majorit\u00e9 des pr\u00e9rogatives d\u2019investigation aux institutions polici\u00e8res, reconfigure-t-il la dynamique de l\u2019enqu\u00eate p\u00e9nale ? En \u00e9cho aux m\u00e9thodes obscures de Vidocq (1775-1857) et des agents secrets de l\u2019Empire, ce livre examine les innovations introduites par la police napol\u00e9onienne dans la r\u00e9pression de la criminalit\u00e9.<\/p>\n\n\n\n<p>Gold Open Access Book: <a href=\"https:\/\/www.georg.ch\/eclairer-le-crime\" target=\"_blank\" rel=\"noreferrer noopener\">https:\/\/www.georg.ch\/eclairer-le-crime<\/a><\/p>\n","protected":false},"excerpt":{"rendered":"<p>Fontana, Vincent,&nbsp;Eclairer le crime.&nbsp;Une histoire de l&rsquo;enqu\u00eate p\u00e9nale sous la R\u00e9volution et l&rsquo;Empire (Gen\u00e8ve 1790-1814), Gen\u00e8ve, 2021 Comment mener une enqu\u00eate criminelle en pleine r\u00e9volution ? Ce livre tente de r\u00e9pondre \u00e0 cette question \u00e0 partir de l\u2019exemple de la R\u00e9publique de Gen\u00e8ve, qui illustre bien la modernisation de l\u2019\u00c9tat \u00e0 l\u2019oeuvre en Europe \u00e0 [&hellip;]<\/p>\n","protected":false},"author":7,"featured_media":6578,"comment_status":"closed","ping_status":"open","sticky":false,"template":"","format":"standard","meta":{"footnotes":""},"categories":[42,25],"tags":[],"class_list":{"0":"post-6581","1":"post","2":"type-post","3":"status-publish","4":"format-standard","5":"has-post-thumbnail","7":"category-actualite","8":"category-nouvelles-publications","9":"czr-hentry"},"yoast_head":"<!-- This site is optimized with the Yoast SEO plugin v26.9 - https:\/\/yoast.com\/product\/yoast-seo-wordpress\/ -->\n<title>Fontana, Eclairer le crime, Gen\u00e8ve 2021 - Schweizerische Gesellschaft f\u00fcr die Erforschung des 18. Jahrhunderts (SGEAJ - SSEDS)<\/title>\n<meta name=\"robots\" content=\"index, follow, max-snippet:-1, max-image-preview:large, max-video-preview:-1\" \/>\n<link rel=\"canonical\" href=\"https:\/\/www.sgeaj.ch\/fr\/actualite\/nouvelles-publications\/fontana-eclairer-le-crime-geneve-2021\/\" \/>\n<meta name=\"twitter:label1\" content=\"\u00c9crit par\" \/>\n\t<meta name=\"twitter:data1\" content=\"Nadja Ackermann\" \/>\n\t<meta name=\"twitter:label2\" content=\"Dur\u00e9e de lecture estim\u00e9e\" \/>\n\t<meta name=\"twitter:data2\" content=\"2 minutes\" \/>\n<script type=\"application\/ld+json\" class=\"yoast-schema-graph\">{\"@context\":\"https:\/\/schema.org\",\"@graph\":[{\"@type\":\"Article\",\"@id\":\"https:\/\/www.sgeaj.ch\/fr\/actualite\/nouvelles-publications\/fontana-eclairer-le-crime-geneve-2021\/#article\",\"isPartOf\":{\"@id\":\"https:\/\/www.sgeaj.ch\/fr\/actualite\/nouvelles-publications\/fontana-eclairer-le-crime-geneve-2021\/\"},\"author\":{\"name\":\"Nadja Ackermann\",\"@id\":\"https:\/\/www.sgeaj.ch\/fr\/#\/schema\/person\/2cd839eed625879a17645fc9f307c8e7\"},\"headline\":\"Fontana, Eclairer le crime, Gen\u00e8ve 2021\",\"datePublished\":\"2021-10-30T09:00:33+00:00\",\"dateModified\":\"2021-10-30T09:02:09+00:00\",\"mainEntityOfPage\":{\"@id\":\"https:\/\/www.sgeaj.ch\/fr\/actualite\/nouvelles-publications\/fontana-eclairer-le-crime-geneve-2021\/\"},\"wordCount\":243,\"publisher\":{\"@id\":\"https:\/\/www.sgeaj.ch\/fr\/#organization\"},\"image\":{\"@id\":\"https:\/\/www.sgeaj.ch\/fr\/actualite\/nouvelles-publications\/fontana-eclairer-le-crime-geneve-2021\/#primaryimage\"},\"thumbnailUrl\":\"https:\/\/www.sgeaj.ch\/wp-content\/uploads\/2021\/10\/eclairer-le-crime-couv-scaled-e1635584496671.jpg\",\"articleSection\":[\"Actualit\u00e9\",\"Nouvelles publications\"],\"inLanguage\":\"fr-FR\"},{\"@type\":\"WebPage\",\"@id\":\"https:\/\/www.sgeaj.ch\/fr\/actualite\/nouvelles-publications\/fontana-eclairer-le-crime-geneve-2021\/\",\"url\":\"https:\/\/www.sgeaj.ch\/fr\/actualite\/nouvelles-publications\/fontana-eclairer-le-crime-geneve-2021\/\",\"name\":\"Fontana, Eclairer le crime, Gen\u00e8ve 2021 - Schweizerische Gesellschaft f\u00fcr die Erforschung des 18. Jahrhunderts (SGEAJ - SSEDS)\",\"isPartOf\":{\"@id\":\"https:\/\/www.sgeaj.ch\/fr\/#website\"},\"primaryImageOfPage\":{\"@id\":\"https:\/\/www.sgeaj.ch\/fr\/actualite\/nouvelles-publications\/fontana-eclairer-le-crime-geneve-2021\/#primaryimage\"},\"image\":{\"@id\":\"https:\/\/www.sgeaj.ch\/fr\/actualite\/nouvelles-publications\/fontana-eclairer-le-crime-geneve-2021\/#primaryimage\"},\"thumbnailUrl\":\"https:\/\/www.sgeaj.ch\/wp-content\/uploads\/2021\/10\/eclairer-le-crime-couv-scaled-e1635584496671.jpg\",\"datePublished\":\"2021-10-30T09:00:33+00:00\",\"dateModified\":\"2021-10-30T09:02:09+00:00\",\"inLanguage\":\"fr-FR\",\"potentialAction\":[{\"@type\":\"ReadAction\",\"target\":[\"https:\/\/www.sgeaj.ch\/fr\/actualite\/nouvelles-publications\/fontana-eclairer-le-crime-geneve-2021\/\"]}]},{\"@type\":\"ImageObject\",\"inLanguage\":\"fr-FR\",\"@id\":\"https:\/\/www.sgeaj.ch\/fr\/actualite\/nouvelles-publications\/fontana-eclairer-le-crime-geneve-2021\/#primaryimage\",\"url\":\"https:\/\/www.sgeaj.ch\/wp-content\/uploads\/2021\/10\/eclairer-le-crime-couv-scaled-e1635584496671.jpg\",\"contentUrl\":\"https:\/\/www.sgeaj.ch\/wp-content\/uploads\/2021\/10\/eclairer-le-crime-couv-scaled-e1635584496671.jpg\",\"width\":1683,\"height\":2560},{\"@type\":\"WebSite\",\"@id\":\"https:\/\/www.sgeaj.ch\/fr\/#website\",\"url\":\"https:\/\/www.sgeaj.ch\/fr\/\",\"name\":\"Schweizerische Gesellschaft f\u00fcr die Erforschung des 18. Jahrhunderts (SGEAJ - SSEDS)\",\"description\":\"Schweizerische Gesellschaft f\u00fcr die Erforschung des 18. Jahrhunderts\",\"publisher\":{\"@id\":\"https:\/\/www.sgeaj.ch\/fr\/#organization\"},\"potentialAction\":[{\"@type\":\"SearchAction\",\"target\":{\"@type\":\"EntryPoint\",\"urlTemplate\":\"https:\/\/www.sgeaj.ch\/fr\/?s={search_term_string}\"},\"query-input\":{\"@type\":\"PropertyValueSpecification\",\"valueRequired\":true,\"valueName\":\"search_term_string\"}}],\"inLanguage\":\"fr-FR\"},{\"@type\":\"Organization\",\"@id\":\"https:\/\/www.sgeaj.ch\/fr\/#organization\",\"name\":\"Schweizerische Gesellschaft f\u00fcr die Erforschung des 18. Jahrhunderts (SGEAJ - SSEDS)\",\"url\":\"https:\/\/www.sgeaj.ch\/fr\/\",\"logo\":{\"@type\":\"ImageObject\",\"inLanguage\":\"fr-FR\",\"@id\":\"https:\/\/www.sgeaj.ch\/fr\/#\/schema\/logo\/image\/\",\"url\":\"https:\/\/www.sgeaj.ch\/wp-content\/uploads\/2021\/06\/cropped-logo-xviiies-horiz-abreuviations-bleues.png\",\"contentUrl\":\"https:\/\/www.sgeaj.ch\/wp-content\/uploads\/2021\/06\/cropped-logo-xviiies-horiz-abreuviations-bleues.png\",\"width\":659,\"height\":335,\"caption\":\"Schweizerische Gesellschaft f\u00fcr die Erforschung des 18. Jahrhunderts (SGEAJ - SSEDS)\"},\"image\":{\"@id\":\"https:\/\/www.sgeaj.ch\/fr\/#\/schema\/logo\/image\/\"}},{\"@type\":\"Person\",\"@id\":\"https:\/\/www.sgeaj.ch\/fr\/#\/schema\/person\/2cd839eed625879a17645fc9f307c8e7\",\"name\":\"Nadja Ackermann\",\"url\":\"https:\/\/www.sgeaj.ch\/fr\/author\/naackermann\/\"}]}<\/script>\n<!-- \/ Yoast SEO plugin. -->","yoast_head_json":{"title":"Fontana, Eclairer le crime, Gen\u00e8ve 2021 - Schweizerische Gesellschaft f\u00fcr die Erforschung des 18. Jahrhunderts (SGEAJ - SSEDS)","robots":{"index":"index","follow":"follow","max-snippet":"max-snippet:-1","max-image-preview":"max-image-preview:large","max-video-preview":"max-video-preview:-1"},"canonical":"https:\/\/www.sgeaj.ch\/fr\/actualite\/nouvelles-publications\/fontana-eclairer-le-crime-geneve-2021\/","twitter_misc":{"\u00c9crit par":"Nadja Ackermann","Dur\u00e9e de lecture estim\u00e9e":"2 minutes"},"schema":{"@context":"https:\/\/schema.org","@graph":[{"@type":"Article","@id":"https:\/\/www.sgeaj.ch\/fr\/actualite\/nouvelles-publications\/fontana-eclairer-le-crime-geneve-2021\/#article","isPartOf":{"@id":"https:\/\/www.sgeaj.ch\/fr\/actualite\/nouvelles-publications\/fontana-eclairer-le-crime-geneve-2021\/"},"author":{"name":"Nadja Ackermann","@id":"https:\/\/www.sgeaj.ch\/fr\/#\/schema\/person\/2cd839eed625879a17645fc9f307c8e7"},"headline":"Fontana, Eclairer le crime, Gen\u00e8ve 2021","datePublished":"2021-10-30T09:00:33+00:00","dateModified":"2021-10-30T09:02:09+00:00","mainEntityOfPage":{"@id":"https:\/\/www.sgeaj.ch\/fr\/actualite\/nouvelles-publications\/fontana-eclairer-le-crime-geneve-2021\/"},"wordCount":243,"publisher":{"@id":"https:\/\/www.sgeaj.ch\/fr\/#organization"},"image":{"@id":"https:\/\/www.sgeaj.ch\/fr\/actualite\/nouvelles-publications\/fontana-eclairer-le-crime-geneve-2021\/#primaryimage"},"thumbnailUrl":"https:\/\/www.sgeaj.ch\/wp-content\/uploads\/2021\/10\/eclairer-le-crime-couv-scaled-e1635584496671.jpg","articleSection":["Actualit\u00e9","Nouvelles publications"],"inLanguage":"fr-FR"},{"@type":"WebPage","@id":"https:\/\/www.sgeaj.ch\/fr\/actualite\/nouvelles-publications\/fontana-eclairer-le-crime-geneve-2021\/","url":"https:\/\/www.sgeaj.ch\/fr\/actualite\/nouvelles-publications\/fontana-eclairer-le-crime-geneve-2021\/","name":"Fontana, Eclairer le crime, Gen\u00e8ve 2021 - Schweizerische Gesellschaft f\u00fcr die Erforschung des 18. Jahrhunderts (SGEAJ - SSEDS)","isPartOf":{"@id":"https:\/\/www.sgeaj.ch\/fr\/#website"},"primaryImageOfPage":{"@id":"https:\/\/www.sgeaj.ch\/fr\/actualite\/nouvelles-publications\/fontana-eclairer-le-crime-geneve-2021\/#primaryimage"},"image":{"@id":"https:\/\/www.sgeaj.ch\/fr\/actualite\/nouvelles-publications\/fontana-eclairer-le-crime-geneve-2021\/#primaryimage"},"thumbnailUrl":"https:\/\/www.sgeaj.ch\/wp-content\/uploads\/2021\/10\/eclairer-le-crime-couv-scaled-e1635584496671.jpg","datePublished":"2021-10-30T09:00:33+00:00","dateModified":"2021-10-30T09:02:09+00:00","inLanguage":"fr-FR","potentialAction":[{"@type":"ReadAction","target":["https:\/\/www.sgeaj.ch\/fr\/actualite\/nouvelles-publications\/fontana-eclairer-le-crime-geneve-2021\/"]}]},{"@type":"ImageObject","inLanguage":"fr-FR","@id":"https:\/\/www.sgeaj.ch\/fr\/actualite\/nouvelles-publications\/fontana-eclairer-le-crime-geneve-2021\/#primaryimage","url":"https:\/\/www.sgeaj.ch\/wp-content\/uploads\/2021\/10\/eclairer-le-crime-couv-scaled-e1635584496671.jpg","contentUrl":"https:\/\/www.sgeaj.ch\/wp-content\/uploads\/2021\/10\/eclairer-le-crime-couv-scaled-e1635584496671.jpg","width":1683,"height":2560},{"@type":"WebSite","@id":"https:\/\/www.sgeaj.ch\/fr\/#website","url":"https:\/\/www.sgeaj.ch\/fr\/","name":"Schweizerische Gesellschaft f\u00fcr die Erforschung des 18. Jahrhunderts (SGEAJ - SSEDS)","description":"Schweizerische Gesellschaft f\u00fcr die Erforschung des 18. Jahrhunderts","publisher":{"@id":"https:\/\/www.sgeaj.ch\/fr\/#organization"},"potentialAction":[{"@type":"SearchAction","target":{"@type":"EntryPoint","urlTemplate":"https:\/\/www.sgeaj.ch\/fr\/?s={search_term_string}"},"query-input":{"@type":"PropertyValueSpecification","valueRequired":true,"valueName":"search_term_string"}}],"inLanguage":"fr-FR"},{"@type":"Organization","@id":"https:\/\/www.sgeaj.ch\/fr\/#organization","name":"Schweizerische Gesellschaft f\u00fcr die Erforschung des 18. Jahrhunderts (SGEAJ - SSEDS)","url":"https:\/\/www.sgeaj.ch\/fr\/","logo":{"@type":"ImageObject","inLanguage":"fr-FR","@id":"https:\/\/www.sgeaj.ch\/fr\/#\/schema\/logo\/image\/","url":"https:\/\/www.sgeaj.ch\/wp-content\/uploads\/2021\/06\/cropped-logo-xviiies-horiz-abreuviations-bleues.png","contentUrl":"https:\/\/www.sgeaj.ch\/wp-content\/uploads\/2021\/06\/cropped-logo-xviiies-horiz-abreuviations-bleues.png","width":659,"height":335,"caption":"Schweizerische Gesellschaft f\u00fcr die Erforschung des 18. Jahrhunderts (SGEAJ - SSEDS)"},"image":{"@id":"https:\/\/www.sgeaj.ch\/fr\/#\/schema\/logo\/image\/"}},{"@type":"Person","@id":"https:\/\/www.sgeaj.ch\/fr\/#\/schema\/person\/2cd839eed625879a17645fc9f307c8e7","name":"Nadja Ackermann","url":"https:\/\/www.sgeaj.ch\/fr\/author\/naackermann\/"}]}},"_links":{"self":[{"href":"https:\/\/www.sgeaj.ch\/fr\/wp-json\/wp\/v2\/posts\/6581","targetHints":{"allow":["GET"]}}],"collection":[{"href":"https:\/\/www.sgeaj.ch\/fr\/wp-json\/wp\/v2\/posts"}],"about":[{"href":"https:\/\/www.sgeaj.ch\/fr\/wp-json\/wp\/v2\/types\/post"}],"author":[{"embeddable":true,"href":"https:\/\/www.sgeaj.ch\/fr\/wp-json\/wp\/v2\/users\/7"}],"replies":[{"embeddable":true,"href":"https:\/\/www.sgeaj.ch\/fr\/wp-json\/wp\/v2\/comments?post=6581"}],"version-history":[{"count":2,"href":"https:\/\/www.sgeaj.ch\/fr\/wp-json\/wp\/v2\/posts\/6581\/revisions"}],"predecessor-version":[{"id":6585,"href":"https:\/\/www.sgeaj.ch\/fr\/wp-json\/wp\/v2\/posts\/6581\/revisions\/6585"}],"wp:featuredmedia":[{"embeddable":true,"href":"https:\/\/www.sgeaj.ch\/fr\/wp-json\/wp\/v2\/media\/6578"}],"wp:attachment":[{"href":"https:\/\/www.sgeaj.ch\/fr\/wp-json\/wp\/v2\/media?parent=6581"}],"wp:term":[{"taxonomy":"category","embeddable":true,"href":"https:\/\/www.sgeaj.ch\/fr\/wp-json\/wp\/v2\/categories?post=6581"},{"taxonomy":"post_tag","embeddable":true,"href":"https:\/\/www.sgeaj.ch\/fr\/wp-json\/wp\/v2\/tags?post=6581"}],"curies":[{"name":"wp","href":"https:\/\/api.w.org\/{rel}","templated":true}]}}