{"id":6591,"date":"2021-10-30T11:15:44","date_gmt":"2021-10-30T09:15:44","guid":{"rendered":"https:\/\/www.sgeaj.ch\/?p=6591"},"modified":"2021-11-03T17:47:10","modified_gmt":"2021-11-03T16:47:10","slug":"appel-a-communication-creation-representation-et-sociabilite-au-feminin","status":"publish","type":"post","link":"https:\/\/www.sgeaj.ch\/fr\/actualite\/call-for-papers-fr\/appel-a-communication-creation-representation-et-sociabilite-au-feminin\/","title":{"rendered":"Cr\u00e9ation, repr\u00e9sentation et sociabilit\u00e9 au f\u00e9minin"},"content":{"rendered":"\n<h3 class=\"wp-block-heading\"><strong>Cr\u00e9ation, repr\u00e9sentation et sociabilit\u00e9 au f\u00e9minin : entre sc\u00e8nes publiques et spectacles de soci\u00e9t\u00e9 (1650-1914)<\/strong> <\/h3>\n\n\n\n<h4 class=\"wp-block-heading\"><em>Colloque organis\u00e9 par la Prof. Val\u00e9rie Cossy (Section d\u2019anglais\/CIEL), la Prof. Valentina Ponzetto et M. Romain Bionda (Section de fran\u00e7ais\/CET\/FNS), \u00e0 l\u2019Universit\u00e9 de Lausanne, les 7 et 8 avril 2022<\/em><\/h4>\n\n\n\n<p>Ce colloque s\u2019inscrit dans un effort commun et r\u00e9cent de r\u00e9\u00e9valuation de la part et du r\u00f4le des femmes dans l\u2019histoire, qui consiste notamment \u00e0 d\u00e9passer le \u00ab&nbsp;d\u00e9ni d\u2019ant\u00e9riorit\u00e9&nbsp;\u00bb (Naudier, 2010)&nbsp;: la \u00ab&nbsp;rh\u00e9torique de la nouveaut\u00e9&nbsp;\u00bb, en privant \u00ab&nbsp;collectivement [les femmes] d\u2019une filiation l\u00e9gitime&nbsp;\u00bb, les emp\u00eache paradoxalement \u00ab&nbsp;de faire date en laissant une trace dans l&rsquo;histoire litt\u00e9raire \u00bb. Nous tenterons de d\u00e9passer \u00e9galement le simple catalogue ou r\u00e9pertoire encyclop\u00e9dique de \u00ab&nbsp;femmes cr\u00e9atrices&nbsp;\u00bb au profit de d\u00e9marches plus analytiques.<\/p>\n\n\n\n<div class=\"wp-block-image\"><figure class=\"alignright size-large is-resized\"><img loading=\"lazy\" decoding=\"async\" src=\"https:\/\/www.sgeaj.ch\/wp-content\/uploads\/2021\/10\/image-giron-charles-femme-aux-gants-dite-la-parisienne-ppp3587-585474-467x1024.jpg\" alt=\"\" class=\"wp-image-6587\" width=\"384\" height=\"843\"\/><figcaption>Charles Giron (1850-1914). \u00ab\u00a0Femme aux gants dite la parisienne\u00a0\u00bb, 1883. Mus\u00e9e des Beaux-Arts de la Ville de Paris, Petit Palais.<\/figcaption><\/figure><\/div>\n\n\n\n<p>Ce colloque entend plus particuli\u00e8rement contribuer \u00e0 une meilleure connaissance de l\u2019histoire des spectacles, en s\u2019int\u00e9ressant \u00e0 l\u2019\u00e9tendue et \u00e0 la complexit\u00e9 des parcours professionnels des femmes&nbsp;: nous interrogerons les \u00ab&nbsp;strat\u00e9gies de carri\u00e8re&nbsp;\u00bb mises en place pour contourner les obstacles rencontr\u00e9s \u2013 notamment le d\u00e9tour par des formes spectaculaires non institutionnelles et priv\u00e9es. Dans le domaine th\u00e9\u00e2tral, il peut s\u2019agir de th\u00e9\u00e2tre de soci\u00e9t\u00e9, de famille ou d\u2019\u00e9ducation, mais aussi de lectures de salon. Les carri\u00e8res f\u00e9minines peuvent comprendre l\u2019\u00e9criture d\u2019un \u00ab&nbsp;th\u00e9\u00e2tre de lecture&nbsp;\u00bb (non jou\u00e9, m\u00eame si th\u00e9\u00e2tralisable), la critique ou la traduction. Nous souhaitons v\u00e9rifier, sur le temps long (1650-1914) et dans une perspective comparatiste (\u00e0 l\u2019\u00e9chelle de l\u2019Europe occidentale), l\u2019hypoth\u00e8se selon laquelle ces formes de spectacles, partiellement ou compl\u00e8tement \u00e9cart\u00e9es de la sph\u00e8re publique, ont pu favoriser la cr\u00e9ativit\u00e9 et l\u2019agentivit\u00e9 des femmes, leur ouvrant des opportunit\u00e9s nouvelles ou in\u00e9dites dans leur ampleur (par rapport \u00e0 celles g\u00e9n\u00e9ralement offertes par l\u2019industrie du spectacle). Il s\u2019agira donc d\u2019\u00e9tudier les circulations entre ces deux sph\u00e8res (priv\u00e9e et publique). Cette approche devrait permettre d\u2019effacer \u00e0 terme une distinction trop nette entre les pratiques priv\u00e9es et publiques, entre les pratiques amateures et professionnelles.<\/p>\n\n\n\n<p>Plus d&rsquo;informations <a href=\"https:\/\/news.unil.ch\/display\/1634654684371\" target=\"_blank\" rel=\"noreferrer noopener\">ici<\/a><\/p>\n\n\n\n<p>Les propositions de communication, en fran\u00e7ais ou en anglais, compos\u00e9es d\u2019un texte de 2000 \u00e0 3000 signes (1 page) et d\u2019une courte bio-bibliographie d\u2019une quinzaine de lignes au maximum, sont \u00e0 envoyer <strong>avant le 20 d\u00e9cembre 2021<\/strong> \u00e0&nbsp;:<\/p>\n\n\n\n<ul class=\"wp-block-list\"><li>Val\u00e9rie Cossy : <a href=\"mailto:valerie.cossy@unil.ch\" target=\"_blank\" rel=\"noreferrer noopener\">valerie.cossy@unil.ch<\/a><\/li><li>Valentina Ponzetto : <a href=\"mailto:valentina.ponzetto@unil.ch\" target=\"_blank\" rel=\"noreferrer noopener\">valentina.ponzetto@unil.ch<\/a><\/li><li>Romain Bionda : <a href=\"mailto:romain.bionda@unil.ch\" target=\"_blank\" rel=\"noreferrer noopener\">romain.bionda@unil.ch<\/a><\/li><\/ul>\n\n\n\n<p>Les personnes dont les propositions auront \u00e9t\u00e9 retenues seront contact\u00e9es le 15 janvier 2022.<\/p>\n","protected":false},"excerpt":{"rendered":"<p>Cr\u00e9ation, repr\u00e9sentation et sociabilit\u00e9 au f\u00e9minin : entre sc\u00e8nes publiques et spectacles de soci\u00e9t\u00e9 (1650-1914) Colloque organis\u00e9 par la Prof. Val\u00e9rie Cossy (Section d\u2019anglais\/CIEL), la Prof. Valentina Ponzetto et M. Romain Bionda (Section de fran\u00e7ais\/CET\/FNS), \u00e0 l\u2019Universit\u00e9 de Lausanne, les 7 et 8 avril 2022 Ce colloque s\u2019inscrit dans un effort commun et r\u00e9cent de [&hellip;]<\/p>\n","protected":false},"author":7,"featured_media":6588,"comment_status":"closed","ping_status":"open","sticky":false,"template":"","format":"standard","meta":{"footnotes":""},"categories":[42,26],"tags":[],"class_list":{"0":"post-6591","1":"post","2":"type-post","3":"status-publish","4":"format-standard","5":"has-post-thumbnail","7":"category-actualite","8":"category-call-for-papers-fr","9":"czr-hentry"},"yoast_head":"<!-- This site is optimized with the Yoast SEO plugin v26.9 - https:\/\/yoast.com\/product\/yoast-seo-wordpress\/ -->\n<title>Cr\u00e9ation, repr\u00e9sentation et sociabilit\u00e9 au f\u00e9minin - Schweizerische Gesellschaft f\u00fcr die Erforschung des 18. Jahrhunderts (SGEAJ - SSEDS)<\/title>\n<meta name=\"robots\" content=\"index, follow, max-snippet:-1, max-image-preview:large, max-video-preview:-1\" \/>\n<link rel=\"canonical\" href=\"https:\/\/www.sgeaj.ch\/fr\/actualite\/call-for-papers-fr\/appel-a-communication-creation-representation-et-sociabilite-au-feminin\/\" \/>\n<meta name=\"twitter:label1\" content=\"\u00c9crit par\" \/>\n\t<meta name=\"twitter:data1\" content=\"Nadja Ackermann\" \/>\n\t<meta name=\"twitter:label2\" content=\"Dur\u00e9e de lecture estim\u00e9e\" \/>\n\t<meta name=\"twitter:data2\" content=\"2 minutes\" \/>\n<script type=\"application\/ld+json\" class=\"yoast-schema-graph\">{\"@context\":\"https:\/\/schema.org\",\"@graph\":[{\"@type\":\"Article\",\"@id\":\"https:\/\/www.sgeaj.ch\/fr\/actualite\/call-for-papers-fr\/appel-a-communication-creation-representation-et-sociabilite-au-feminin\/#article\",\"isPartOf\":{\"@id\":\"https:\/\/www.sgeaj.ch\/fr\/actualite\/call-for-papers-fr\/appel-a-communication-creation-representation-et-sociabilite-au-feminin\/\"},\"author\":{\"name\":\"Nadja Ackermann\",\"@id\":\"https:\/\/www.sgeaj.ch\/fr\/#\/schema\/person\/2cd839eed625879a17645fc9f307c8e7\"},\"headline\":\"Cr\u00e9ation, repr\u00e9sentation et sociabilit\u00e9 au f\u00e9minin\",\"datePublished\":\"2021-10-30T09:15:44+00:00\",\"dateModified\":\"2021-11-03T16:47:10+00:00\",\"mainEntityOfPage\":{\"@id\":\"https:\/\/www.sgeaj.ch\/fr\/actualite\/call-for-papers-fr\/appel-a-communication-creation-representation-et-sociabilite-au-feminin\/\"},\"wordCount\":492,\"publisher\":{\"@id\":\"https:\/\/www.sgeaj.ch\/fr\/#organization\"},\"image\":{\"@id\":\"https:\/\/www.sgeaj.ch\/fr\/actualite\/call-for-papers-fr\/appel-a-communication-creation-representation-et-sociabilite-au-feminin\/#primaryimage\"},\"thumbnailUrl\":\"https:\/\/www.sgeaj.ch\/wp-content\/uploads\/2021\/10\/image-giron-charles-femme-aux-gants-dite-la-parisienne-ppp3587-585474-scaled-e1648577165749.jpg\",\"articleSection\":[\"Actualit\u00e9\",\"Call for Papers\"],\"inLanguage\":\"fr-FR\"},{\"@type\":\"WebPage\",\"@id\":\"https:\/\/www.sgeaj.ch\/fr\/actualite\/call-for-papers-fr\/appel-a-communication-creation-representation-et-sociabilite-au-feminin\/\",\"url\":\"https:\/\/www.sgeaj.ch\/fr\/actualite\/call-for-papers-fr\/appel-a-communication-creation-representation-et-sociabilite-au-feminin\/\",\"name\":\"Cr\u00e9ation, repr\u00e9sentation et sociabilit\u00e9 au f\u00e9minin - Schweizerische Gesellschaft f\u00fcr die Erforschung des 18. Jahrhunderts (SGEAJ - SSEDS)\",\"isPartOf\":{\"@id\":\"https:\/\/www.sgeaj.ch\/fr\/#website\"},\"primaryImageOfPage\":{\"@id\":\"https:\/\/www.sgeaj.ch\/fr\/actualite\/call-for-papers-fr\/appel-a-communication-creation-representation-et-sociabilite-au-feminin\/#primaryimage\"},\"image\":{\"@id\":\"https:\/\/www.sgeaj.ch\/fr\/actualite\/call-for-papers-fr\/appel-a-communication-creation-representation-et-sociabilite-au-feminin\/#primaryimage\"},\"thumbnailUrl\":\"https:\/\/www.sgeaj.ch\/wp-content\/uploads\/2021\/10\/image-giron-charles-femme-aux-gants-dite-la-parisienne-ppp3587-585474-scaled-e1648577165749.jpg\",\"datePublished\":\"2021-10-30T09:15:44+00:00\",\"dateModified\":\"2021-11-03T16:47:10+00:00\",\"inLanguage\":\"fr-FR\",\"potentialAction\":[{\"@type\":\"ReadAction\",\"target\":[\"https:\/\/www.sgeaj.ch\/fr\/actualite\/call-for-papers-fr\/appel-a-communication-creation-representation-et-sociabilite-au-feminin\/\"]}]},{\"@type\":\"ImageObject\",\"inLanguage\":\"fr-FR\",\"@id\":\"https:\/\/www.sgeaj.ch\/fr\/actualite\/call-for-papers-fr\/appel-a-communication-creation-representation-et-sociabilite-au-feminin\/#primaryimage\",\"url\":\"https:\/\/www.sgeaj.ch\/wp-content\/uploads\/2021\/10\/image-giron-charles-femme-aux-gants-dite-la-parisienne-ppp3587-585474-scaled-e1648577165749.jpg\",\"contentUrl\":\"https:\/\/www.sgeaj.ch\/wp-content\/uploads\/2021\/10\/image-giron-charles-femme-aux-gants-dite-la-parisienne-ppp3587-585474-scaled-e1648577165749.jpg\",\"width\":1167,\"height\":2560,\"caption\":\"Charles Giron (1850-1914). \\\"Femme aux gants dite la parisienne\\\", 1883. Mus\u00e9e des Beaux-Arts de la Ville de Paris, Petit Palais.\"},{\"@type\":\"WebSite\",\"@id\":\"https:\/\/www.sgeaj.ch\/fr\/#website\",\"url\":\"https:\/\/www.sgeaj.ch\/fr\/\",\"name\":\"Schweizerische Gesellschaft f\u00fcr die Erforschung des 18. Jahrhunderts (SGEAJ - SSEDS)\",\"description\":\"Schweizerische Gesellschaft f\u00fcr die Erforschung des 18. Jahrhunderts\",\"publisher\":{\"@id\":\"https:\/\/www.sgeaj.ch\/fr\/#organization\"},\"potentialAction\":[{\"@type\":\"SearchAction\",\"target\":{\"@type\":\"EntryPoint\",\"urlTemplate\":\"https:\/\/www.sgeaj.ch\/fr\/?s={search_term_string}\"},\"query-input\":{\"@type\":\"PropertyValueSpecification\",\"valueRequired\":true,\"valueName\":\"search_term_string\"}}],\"inLanguage\":\"fr-FR\"},{\"@type\":\"Organization\",\"@id\":\"https:\/\/www.sgeaj.ch\/fr\/#organization\",\"name\":\"Schweizerische Gesellschaft f\u00fcr die Erforschung des 18. Jahrhunderts (SGEAJ - SSEDS)\",\"url\":\"https:\/\/www.sgeaj.ch\/fr\/\",\"logo\":{\"@type\":\"ImageObject\",\"inLanguage\":\"fr-FR\",\"@id\":\"https:\/\/www.sgeaj.ch\/fr\/#\/schema\/logo\/image\/\",\"url\":\"https:\/\/www.sgeaj.ch\/wp-content\/uploads\/2021\/06\/cropped-logo-xviiies-horiz-abreuviations-bleues.png\",\"contentUrl\":\"https:\/\/www.sgeaj.ch\/wp-content\/uploads\/2021\/06\/cropped-logo-xviiies-horiz-abreuviations-bleues.png\",\"width\":659,\"height\":335,\"caption\":\"Schweizerische Gesellschaft f\u00fcr die Erforschung des 18. Jahrhunderts (SGEAJ - SSEDS)\"},\"image\":{\"@id\":\"https:\/\/www.sgeaj.ch\/fr\/#\/schema\/logo\/image\/\"}},{\"@type\":\"Person\",\"@id\":\"https:\/\/www.sgeaj.ch\/fr\/#\/schema\/person\/2cd839eed625879a17645fc9f307c8e7\",\"name\":\"Nadja Ackermann\",\"url\":\"https:\/\/www.sgeaj.ch\/fr\/author\/naackermann\/\"}]}<\/script>\n<!-- \/ Yoast SEO plugin. -->","yoast_head_json":{"title":"Cr\u00e9ation, repr\u00e9sentation et sociabilit\u00e9 au f\u00e9minin - Schweizerische Gesellschaft f\u00fcr die Erforschung des 18. Jahrhunderts (SGEAJ - SSEDS)","robots":{"index":"index","follow":"follow","max-snippet":"max-snippet:-1","max-image-preview":"max-image-preview:large","max-video-preview":"max-video-preview:-1"},"canonical":"https:\/\/www.sgeaj.ch\/fr\/actualite\/call-for-papers-fr\/appel-a-communication-creation-representation-et-sociabilite-au-feminin\/","twitter_misc":{"\u00c9crit par":"Nadja Ackermann","Dur\u00e9e de lecture estim\u00e9e":"2 minutes"},"schema":{"@context":"https:\/\/schema.org","@graph":[{"@type":"Article","@id":"https:\/\/www.sgeaj.ch\/fr\/actualite\/call-for-papers-fr\/appel-a-communication-creation-representation-et-sociabilite-au-feminin\/#article","isPartOf":{"@id":"https:\/\/www.sgeaj.ch\/fr\/actualite\/call-for-papers-fr\/appel-a-communication-creation-representation-et-sociabilite-au-feminin\/"},"author":{"name":"Nadja Ackermann","@id":"https:\/\/www.sgeaj.ch\/fr\/#\/schema\/person\/2cd839eed625879a17645fc9f307c8e7"},"headline":"Cr\u00e9ation, repr\u00e9sentation et sociabilit\u00e9 au f\u00e9minin","datePublished":"2021-10-30T09:15:44+00:00","dateModified":"2021-11-03T16:47:10+00:00","mainEntityOfPage":{"@id":"https:\/\/www.sgeaj.ch\/fr\/actualite\/call-for-papers-fr\/appel-a-communication-creation-representation-et-sociabilite-au-feminin\/"},"wordCount":492,"publisher":{"@id":"https:\/\/www.sgeaj.ch\/fr\/#organization"},"image":{"@id":"https:\/\/www.sgeaj.ch\/fr\/actualite\/call-for-papers-fr\/appel-a-communication-creation-representation-et-sociabilite-au-feminin\/#primaryimage"},"thumbnailUrl":"https:\/\/www.sgeaj.ch\/wp-content\/uploads\/2021\/10\/image-giron-charles-femme-aux-gants-dite-la-parisienne-ppp3587-585474-scaled-e1648577165749.jpg","articleSection":["Actualit\u00e9","Call for Papers"],"inLanguage":"fr-FR"},{"@type":"WebPage","@id":"https:\/\/www.sgeaj.ch\/fr\/actualite\/call-for-papers-fr\/appel-a-communication-creation-representation-et-sociabilite-au-feminin\/","url":"https:\/\/www.sgeaj.ch\/fr\/actualite\/call-for-papers-fr\/appel-a-communication-creation-representation-et-sociabilite-au-feminin\/","name":"Cr\u00e9ation, repr\u00e9sentation et sociabilit\u00e9 au f\u00e9minin - Schweizerische Gesellschaft f\u00fcr die Erforschung des 18. Jahrhunderts (SGEAJ - SSEDS)","isPartOf":{"@id":"https:\/\/www.sgeaj.ch\/fr\/#website"},"primaryImageOfPage":{"@id":"https:\/\/www.sgeaj.ch\/fr\/actualite\/call-for-papers-fr\/appel-a-communication-creation-representation-et-sociabilite-au-feminin\/#primaryimage"},"image":{"@id":"https:\/\/www.sgeaj.ch\/fr\/actualite\/call-for-papers-fr\/appel-a-communication-creation-representation-et-sociabilite-au-feminin\/#primaryimage"},"thumbnailUrl":"https:\/\/www.sgeaj.ch\/wp-content\/uploads\/2021\/10\/image-giron-charles-femme-aux-gants-dite-la-parisienne-ppp3587-585474-scaled-e1648577165749.jpg","datePublished":"2021-10-30T09:15:44+00:00","dateModified":"2021-11-03T16:47:10+00:00","inLanguage":"fr-FR","potentialAction":[{"@type":"ReadAction","target":["https:\/\/www.sgeaj.ch\/fr\/actualite\/call-for-papers-fr\/appel-a-communication-creation-representation-et-sociabilite-au-feminin\/"]}]},{"@type":"ImageObject","inLanguage":"fr-FR","@id":"https:\/\/www.sgeaj.ch\/fr\/actualite\/call-for-papers-fr\/appel-a-communication-creation-representation-et-sociabilite-au-feminin\/#primaryimage","url":"https:\/\/www.sgeaj.ch\/wp-content\/uploads\/2021\/10\/image-giron-charles-femme-aux-gants-dite-la-parisienne-ppp3587-585474-scaled-e1648577165749.jpg","contentUrl":"https:\/\/www.sgeaj.ch\/wp-content\/uploads\/2021\/10\/image-giron-charles-femme-aux-gants-dite-la-parisienne-ppp3587-585474-scaled-e1648577165749.jpg","width":1167,"height":2560,"caption":"Charles Giron (1850-1914). \"Femme aux gants dite la parisienne\", 1883. Mus\u00e9e des Beaux-Arts de la Ville de Paris, Petit Palais."},{"@type":"WebSite","@id":"https:\/\/www.sgeaj.ch\/fr\/#website","url":"https:\/\/www.sgeaj.ch\/fr\/","name":"Schweizerische Gesellschaft f\u00fcr die Erforschung des 18. Jahrhunderts (SGEAJ - SSEDS)","description":"Schweizerische Gesellschaft f\u00fcr die Erforschung des 18. Jahrhunderts","publisher":{"@id":"https:\/\/www.sgeaj.ch\/fr\/#organization"},"potentialAction":[{"@type":"SearchAction","target":{"@type":"EntryPoint","urlTemplate":"https:\/\/www.sgeaj.ch\/fr\/?s={search_term_string}"},"query-input":{"@type":"PropertyValueSpecification","valueRequired":true,"valueName":"search_term_string"}}],"inLanguage":"fr-FR"},{"@type":"Organization","@id":"https:\/\/www.sgeaj.ch\/fr\/#organization","name":"Schweizerische Gesellschaft f\u00fcr die Erforschung des 18. Jahrhunderts (SGEAJ - SSEDS)","url":"https:\/\/www.sgeaj.ch\/fr\/","logo":{"@type":"ImageObject","inLanguage":"fr-FR","@id":"https:\/\/www.sgeaj.ch\/fr\/#\/schema\/logo\/image\/","url":"https:\/\/www.sgeaj.ch\/wp-content\/uploads\/2021\/06\/cropped-logo-xviiies-horiz-abreuviations-bleues.png","contentUrl":"https:\/\/www.sgeaj.ch\/wp-content\/uploads\/2021\/06\/cropped-logo-xviiies-horiz-abreuviations-bleues.png","width":659,"height":335,"caption":"Schweizerische Gesellschaft f\u00fcr die Erforschung des 18. Jahrhunderts (SGEAJ - SSEDS)"},"image":{"@id":"https:\/\/www.sgeaj.ch\/fr\/#\/schema\/logo\/image\/"}},{"@type":"Person","@id":"https:\/\/www.sgeaj.ch\/fr\/#\/schema\/person\/2cd839eed625879a17645fc9f307c8e7","name":"Nadja Ackermann","url":"https:\/\/www.sgeaj.ch\/fr\/author\/naackermann\/"}]}},"_links":{"self":[{"href":"https:\/\/www.sgeaj.ch\/fr\/wp-json\/wp\/v2\/posts\/6591","targetHints":{"allow":["GET"]}}],"collection":[{"href":"https:\/\/www.sgeaj.ch\/fr\/wp-json\/wp\/v2\/posts"}],"about":[{"href":"https:\/\/www.sgeaj.ch\/fr\/wp-json\/wp\/v2\/types\/post"}],"author":[{"embeddable":true,"href":"https:\/\/www.sgeaj.ch\/fr\/wp-json\/wp\/v2\/users\/7"}],"replies":[{"embeddable":true,"href":"https:\/\/www.sgeaj.ch\/fr\/wp-json\/wp\/v2\/comments?post=6591"}],"version-history":[{"count":3,"href":"https:\/\/www.sgeaj.ch\/fr\/wp-json\/wp\/v2\/posts\/6591\/revisions"}],"predecessor-version":[{"id":6601,"href":"https:\/\/www.sgeaj.ch\/fr\/wp-json\/wp\/v2\/posts\/6591\/revisions\/6601"}],"wp:featuredmedia":[{"embeddable":true,"href":"https:\/\/www.sgeaj.ch\/fr\/wp-json\/wp\/v2\/media\/6588"}],"wp:attachment":[{"href":"https:\/\/www.sgeaj.ch\/fr\/wp-json\/wp\/v2\/media?parent=6591"}],"wp:term":[{"taxonomy":"category","embeddable":true,"href":"https:\/\/www.sgeaj.ch\/fr\/wp-json\/wp\/v2\/categories?post=6591"},{"taxonomy":"post_tag","embeddable":true,"href":"https:\/\/www.sgeaj.ch\/fr\/wp-json\/wp\/v2\/tags?post=6591"}],"curies":[{"name":"wp","href":"https:\/\/api.w.org\/{rel}","templated":true}]}}