{"id":6641,"date":"2021-11-08T11:30:02","date_gmt":"2021-11-08T10:30:02","guid":{"rendered":"https:\/\/www.sgeaj.ch\/?p=6641"},"modified":"2021-11-08T11:30:04","modified_gmt":"2021-11-08T10:30:04","slug":"das-corps-helvetique-und-frankreich-1660-1792","status":"publish","type":"post","link":"https:\/\/www.sgeaj.ch\/fr\/actualite\/colloques\/das-corps-helvetique-und-frankreich-1660-1792\/","title":{"rendered":"Das Corps helv\u00e9tique und Frankreich (1660-1792)"},"content":{"rendered":"\n<h3 class=\"wp-block-heading\">Das Corps helv\u00e9tique und Frankreich (1660-1792). Transfers, Asymmetrien und Interdependenzen zwischen ungleichen Partnern, Tagung der (SGEAJ), Schloss Waldegg, 28.\u201330.04.2022<\/h3>\n\n\n\n<p>Die Tagung leuchtet die schweizerisch-franz\u00f6sischen Beziehungen im sp\u00e4ten Ancien R\u00e9gime im Hinblick auf die Spannungen zwischen N\u00e4he und Distanz, zwischen Bewunderung und Ablehnung, zwischen Abh\u00e4ngigkeit und Emanzipation, Asymmetrie und Symbiose gem\u00e4ss dem interdisziplin\u00e4ren Selbstverst\u00e4ndnis der Schweizerischen Gesellschaft f\u00fcr die Erforschung des 18. Jahrhunderts aus.<br>Dies \u00f6ffnet den Blick f\u00fcr eine Vielzahl von Themen: das Milit\u00e4runternehmertum und die Fremden Dienste; die diplomatischen Beziehungen; Handelsbeziehungen und Schmuggel; Migrationsbewegungen; Aneignungen, Transfers und Kritik kultureller Muster in Kunst, Architektur, Literatur, Konsum und Mode; Kontakte und Beziehungen unter Gelehrten; Erfahrungen und Wahrnehmungen von Reisenden; die Entstehung und Erfahrung der gemeinsamen Grenze; die Konstruktion von Eigen- und Fremdbildern u.a.m.<\/p>\n\n\n\n<div class=\"wp-block-file\"><a href=\"https:\/\/www.sgeaj.ch\/wp-content\/uploads\/2021\/11\/corpshelvetique-france-flyer.pdf\" class=\"wp-block-file__button\" download>Tagungsprogramm als PDF<\/a><\/div>\n","protected":false},"excerpt":{"rendered":"<p>Das Corps helv\u00e9tique und Frankreich (1660-1792). Transfers, Asymmetrien und Interdependenzen zwischen ungleichen Partnern, Tagung der (SGEAJ), Schloss Waldegg, 28.\u201330.04.2022 Die Tagung leuchtet die schweizerisch-franz\u00f6sischen Beziehungen im sp\u00e4ten Ancien R\u00e9gime im Hinblick auf die Spannungen zwischen N\u00e4he und Distanz, zwischen Bewunderung und Ablehnung, zwischen Abh\u00e4ngigkeit und Emanzipation, Asymmetrie und Symbiose gem\u00e4ss dem interdisziplin\u00e4ren Selbstverst\u00e4ndnis der Schweizerischen [&hellip;]<\/p>\n","protected":false},"author":7,"featured_media":6652,"comment_status":"closed","ping_status":"open","sticky":false,"template":"","format":"standard","meta":{"footnotes":""},"categories":[42,27],"tags":[],"class_list":{"0":"post-6641","1":"post","2":"type-post","3":"status-publish","4":"format-standard","5":"has-post-thumbnail","7":"category-actualite","8":"category-colloques","9":"czr-hentry"},"yoast_head":"<!-- This site is optimized with the Yoast SEO plugin v26.9 - https:\/\/yoast.com\/product\/yoast-seo-wordpress\/ -->\n<title>Das Corps helv\u00e9tique und Frankreich (1660-1792) - Schweizerische Gesellschaft f\u00fcr die Erforschung des 18. Jahrhunderts (SGEAJ - SSEDS)<\/title>\n<meta name=\"robots\" content=\"index, follow, max-snippet:-1, max-image-preview:large, max-video-preview:-1\" \/>\n<link rel=\"canonical\" href=\"https:\/\/www.sgeaj.ch\/fr\/actualite\/colloques\/das-corps-helvetique-und-frankreich-1660-1792\/\" \/>\n<meta name=\"twitter:label1\" content=\"\u00c9crit par\" \/>\n\t<meta name=\"twitter:data1\" content=\"Nadja Ackermann\" \/>\n\t<meta name=\"twitter:label2\" content=\"Dur\u00e9e de lecture estim\u00e9e\" \/>\n\t<meta name=\"twitter:data2\" content=\"1 minute\" \/>\n<script type=\"application\/ld+json\" class=\"yoast-schema-graph\">{\"@context\":\"https:\/\/schema.org\",\"@graph\":[{\"@type\":\"Article\",\"@id\":\"https:\/\/www.sgeaj.ch\/fr\/actualite\/colloques\/das-corps-helvetique-und-frankreich-1660-1792\/#article\",\"isPartOf\":{\"@id\":\"https:\/\/www.sgeaj.ch\/fr\/actualite\/colloques\/das-corps-helvetique-und-frankreich-1660-1792\/\"},\"author\":{\"name\":\"Nadja Ackermann\",\"@id\":\"https:\/\/www.sgeaj.ch\/fr\/#\/schema\/person\/2cd839eed625879a17645fc9f307c8e7\"},\"headline\":\"Das Corps helv\u00e9tique und Frankreich (1660-1792)\",\"datePublished\":\"2021-11-08T10:30:02+00:00\",\"dateModified\":\"2021-11-08T10:30:04+00:00\",\"mainEntityOfPage\":{\"@id\":\"https:\/\/www.sgeaj.ch\/fr\/actualite\/colloques\/das-corps-helvetique-und-frankreich-1660-1792\/\"},\"wordCount\":144,\"publisher\":{\"@id\":\"https:\/\/www.sgeaj.ch\/fr\/#organization\"},\"image\":{\"@id\":\"https:\/\/www.sgeaj.ch\/fr\/actualite\/colloques\/das-corps-helvetique-und-frankreich-1660-1792\/#primaryimage\"},\"thumbnailUrl\":\"https:\/\/www.sgeaj.ch\/wp-content\/uploads\/2021\/11\/schloss-waldegg-feldbrunnen.jpg\",\"articleSection\":[\"Actualit\u00e9\",\"Colloques\"],\"inLanguage\":\"fr-FR\"},{\"@type\":\"WebPage\",\"@id\":\"https:\/\/www.sgeaj.ch\/fr\/actualite\/colloques\/das-corps-helvetique-und-frankreich-1660-1792\/\",\"url\":\"https:\/\/www.sgeaj.ch\/fr\/actualite\/colloques\/das-corps-helvetique-und-frankreich-1660-1792\/\",\"name\":\"Das Corps helv\u00e9tique und Frankreich (1660-1792) - Schweizerische Gesellschaft f\u00fcr die Erforschung des 18. Jahrhunderts (SGEAJ - SSEDS)\",\"isPartOf\":{\"@id\":\"https:\/\/www.sgeaj.ch\/fr\/#website\"},\"primaryImageOfPage\":{\"@id\":\"https:\/\/www.sgeaj.ch\/fr\/actualite\/colloques\/das-corps-helvetique-und-frankreich-1660-1792\/#primaryimage\"},\"image\":{\"@id\":\"https:\/\/www.sgeaj.ch\/fr\/actualite\/colloques\/das-corps-helvetique-und-frankreich-1660-1792\/#primaryimage\"},\"thumbnailUrl\":\"https:\/\/www.sgeaj.ch\/wp-content\/uploads\/2021\/11\/schloss-waldegg-feldbrunnen.jpg\",\"datePublished\":\"2021-11-08T10:30:02+00:00\",\"dateModified\":\"2021-11-08T10:30:04+00:00\",\"inLanguage\":\"fr-FR\",\"potentialAction\":[{\"@type\":\"ReadAction\",\"target\":[\"https:\/\/www.sgeaj.ch\/fr\/actualite\/colloques\/das-corps-helvetique-und-frankreich-1660-1792\/\"]}]},{\"@type\":\"ImageObject\",\"inLanguage\":\"fr-FR\",\"@id\":\"https:\/\/www.sgeaj.ch\/fr\/actualite\/colloques\/das-corps-helvetique-und-frankreich-1660-1792\/#primaryimage\",\"url\":\"https:\/\/www.sgeaj.ch\/wp-content\/uploads\/2021\/11\/schloss-waldegg-feldbrunnen.jpg\",\"contentUrl\":\"https:\/\/www.sgeaj.ch\/wp-content\/uploads\/2021\/11\/schloss-waldegg-feldbrunnen.jpg\",\"width\":2400,\"height\":600},{\"@type\":\"WebSite\",\"@id\":\"https:\/\/www.sgeaj.ch\/fr\/#website\",\"url\":\"https:\/\/www.sgeaj.ch\/fr\/\",\"name\":\"Schweizerische Gesellschaft f\u00fcr die Erforschung des 18. Jahrhunderts (SGEAJ - SSEDS)\",\"description\":\"Schweizerische Gesellschaft f\u00fcr die Erforschung des 18. Jahrhunderts\",\"publisher\":{\"@id\":\"https:\/\/www.sgeaj.ch\/fr\/#organization\"},\"potentialAction\":[{\"@type\":\"SearchAction\",\"target\":{\"@type\":\"EntryPoint\",\"urlTemplate\":\"https:\/\/www.sgeaj.ch\/fr\/?s={search_term_string}\"},\"query-input\":{\"@type\":\"PropertyValueSpecification\",\"valueRequired\":true,\"valueName\":\"search_term_string\"}}],\"inLanguage\":\"fr-FR\"},{\"@type\":\"Organization\",\"@id\":\"https:\/\/www.sgeaj.ch\/fr\/#organization\",\"name\":\"Schweizerische Gesellschaft f\u00fcr die Erforschung des 18. Jahrhunderts (SGEAJ - SSEDS)\",\"url\":\"https:\/\/www.sgeaj.ch\/fr\/\",\"logo\":{\"@type\":\"ImageObject\",\"inLanguage\":\"fr-FR\",\"@id\":\"https:\/\/www.sgeaj.ch\/fr\/#\/schema\/logo\/image\/\",\"url\":\"https:\/\/www.sgeaj.ch\/wp-content\/uploads\/2021\/06\/cropped-logo-xviiies-horiz-abreuviations-bleues.png\",\"contentUrl\":\"https:\/\/www.sgeaj.ch\/wp-content\/uploads\/2021\/06\/cropped-logo-xviiies-horiz-abreuviations-bleues.png\",\"width\":659,\"height\":335,\"caption\":\"Schweizerische Gesellschaft f\u00fcr die Erforschung des 18. Jahrhunderts (SGEAJ - SSEDS)\"},\"image\":{\"@id\":\"https:\/\/www.sgeaj.ch\/fr\/#\/schema\/logo\/image\/\"}},{\"@type\":\"Person\",\"@id\":\"https:\/\/www.sgeaj.ch\/fr\/#\/schema\/person\/2cd839eed625879a17645fc9f307c8e7\",\"name\":\"Nadja Ackermann\",\"url\":\"https:\/\/www.sgeaj.ch\/fr\/author\/naackermann\/\"}]}<\/script>\n<!-- \/ Yoast SEO plugin. -->","yoast_head_json":{"title":"Das Corps helv\u00e9tique und Frankreich (1660-1792) - Schweizerische Gesellschaft f\u00fcr die Erforschung des 18. Jahrhunderts (SGEAJ - SSEDS)","robots":{"index":"index","follow":"follow","max-snippet":"max-snippet:-1","max-image-preview":"max-image-preview:large","max-video-preview":"max-video-preview:-1"},"canonical":"https:\/\/www.sgeaj.ch\/fr\/actualite\/colloques\/das-corps-helvetique-und-frankreich-1660-1792\/","twitter_misc":{"\u00c9crit par":"Nadja Ackermann","Dur\u00e9e de lecture estim\u00e9e":"1 minute"},"schema":{"@context":"https:\/\/schema.org","@graph":[{"@type":"Article","@id":"https:\/\/www.sgeaj.ch\/fr\/actualite\/colloques\/das-corps-helvetique-und-frankreich-1660-1792\/#article","isPartOf":{"@id":"https:\/\/www.sgeaj.ch\/fr\/actualite\/colloques\/das-corps-helvetique-und-frankreich-1660-1792\/"},"author":{"name":"Nadja Ackermann","@id":"https:\/\/www.sgeaj.ch\/fr\/#\/schema\/person\/2cd839eed625879a17645fc9f307c8e7"},"headline":"Das Corps helv\u00e9tique und Frankreich (1660-1792)","datePublished":"2021-11-08T10:30:02+00:00","dateModified":"2021-11-08T10:30:04+00:00","mainEntityOfPage":{"@id":"https:\/\/www.sgeaj.ch\/fr\/actualite\/colloques\/das-corps-helvetique-und-frankreich-1660-1792\/"},"wordCount":144,"publisher":{"@id":"https:\/\/www.sgeaj.ch\/fr\/#organization"},"image":{"@id":"https:\/\/www.sgeaj.ch\/fr\/actualite\/colloques\/das-corps-helvetique-und-frankreich-1660-1792\/#primaryimage"},"thumbnailUrl":"https:\/\/www.sgeaj.ch\/wp-content\/uploads\/2021\/11\/schloss-waldegg-feldbrunnen.jpg","articleSection":["Actualit\u00e9","Colloques"],"inLanguage":"fr-FR"},{"@type":"WebPage","@id":"https:\/\/www.sgeaj.ch\/fr\/actualite\/colloques\/das-corps-helvetique-und-frankreich-1660-1792\/","url":"https:\/\/www.sgeaj.ch\/fr\/actualite\/colloques\/das-corps-helvetique-und-frankreich-1660-1792\/","name":"Das Corps helv\u00e9tique und Frankreich (1660-1792) - Schweizerische Gesellschaft f\u00fcr die Erforschung des 18. Jahrhunderts (SGEAJ - SSEDS)","isPartOf":{"@id":"https:\/\/www.sgeaj.ch\/fr\/#website"},"primaryImageOfPage":{"@id":"https:\/\/www.sgeaj.ch\/fr\/actualite\/colloques\/das-corps-helvetique-und-frankreich-1660-1792\/#primaryimage"},"image":{"@id":"https:\/\/www.sgeaj.ch\/fr\/actualite\/colloques\/das-corps-helvetique-und-frankreich-1660-1792\/#primaryimage"},"thumbnailUrl":"https:\/\/www.sgeaj.ch\/wp-content\/uploads\/2021\/11\/schloss-waldegg-feldbrunnen.jpg","datePublished":"2021-11-08T10:30:02+00:00","dateModified":"2021-11-08T10:30:04+00:00","inLanguage":"fr-FR","potentialAction":[{"@type":"ReadAction","target":["https:\/\/www.sgeaj.ch\/fr\/actualite\/colloques\/das-corps-helvetique-und-frankreich-1660-1792\/"]}]},{"@type":"ImageObject","inLanguage":"fr-FR","@id":"https:\/\/www.sgeaj.ch\/fr\/actualite\/colloques\/das-corps-helvetique-und-frankreich-1660-1792\/#primaryimage","url":"https:\/\/www.sgeaj.ch\/wp-content\/uploads\/2021\/11\/schloss-waldegg-feldbrunnen.jpg","contentUrl":"https:\/\/www.sgeaj.ch\/wp-content\/uploads\/2021\/11\/schloss-waldegg-feldbrunnen.jpg","width":2400,"height":600},{"@type":"WebSite","@id":"https:\/\/www.sgeaj.ch\/fr\/#website","url":"https:\/\/www.sgeaj.ch\/fr\/","name":"Schweizerische Gesellschaft f\u00fcr die Erforschung des 18. Jahrhunderts (SGEAJ - SSEDS)","description":"Schweizerische Gesellschaft f\u00fcr die Erforschung des 18. Jahrhunderts","publisher":{"@id":"https:\/\/www.sgeaj.ch\/fr\/#organization"},"potentialAction":[{"@type":"SearchAction","target":{"@type":"EntryPoint","urlTemplate":"https:\/\/www.sgeaj.ch\/fr\/?s={search_term_string}"},"query-input":{"@type":"PropertyValueSpecification","valueRequired":true,"valueName":"search_term_string"}}],"inLanguage":"fr-FR"},{"@type":"Organization","@id":"https:\/\/www.sgeaj.ch\/fr\/#organization","name":"Schweizerische Gesellschaft f\u00fcr die Erforschung des 18. Jahrhunderts (SGEAJ - SSEDS)","url":"https:\/\/www.sgeaj.ch\/fr\/","logo":{"@type":"ImageObject","inLanguage":"fr-FR","@id":"https:\/\/www.sgeaj.ch\/fr\/#\/schema\/logo\/image\/","url":"https:\/\/www.sgeaj.ch\/wp-content\/uploads\/2021\/06\/cropped-logo-xviiies-horiz-abreuviations-bleues.png","contentUrl":"https:\/\/www.sgeaj.ch\/wp-content\/uploads\/2021\/06\/cropped-logo-xviiies-horiz-abreuviations-bleues.png","width":659,"height":335,"caption":"Schweizerische Gesellschaft f\u00fcr die Erforschung des 18. Jahrhunderts (SGEAJ - SSEDS)"},"image":{"@id":"https:\/\/www.sgeaj.ch\/fr\/#\/schema\/logo\/image\/"}},{"@type":"Person","@id":"https:\/\/www.sgeaj.ch\/fr\/#\/schema\/person\/2cd839eed625879a17645fc9f307c8e7","name":"Nadja Ackermann","url":"https:\/\/www.sgeaj.ch\/fr\/author\/naackermann\/"}]}},"_links":{"self":[{"href":"https:\/\/www.sgeaj.ch\/fr\/wp-json\/wp\/v2\/posts\/6641","targetHints":{"allow":["GET"]}}],"collection":[{"href":"https:\/\/www.sgeaj.ch\/fr\/wp-json\/wp\/v2\/posts"}],"about":[{"href":"https:\/\/www.sgeaj.ch\/fr\/wp-json\/wp\/v2\/types\/post"}],"author":[{"embeddable":true,"href":"https:\/\/www.sgeaj.ch\/fr\/wp-json\/wp\/v2\/users\/7"}],"replies":[{"embeddable":true,"href":"https:\/\/www.sgeaj.ch\/fr\/wp-json\/wp\/v2\/comments?post=6641"}],"version-history":[{"count":4,"href":"https:\/\/www.sgeaj.ch\/fr\/wp-json\/wp\/v2\/posts\/6641\/revisions"}],"predecessor-version":[{"id":6654,"href":"https:\/\/www.sgeaj.ch\/fr\/wp-json\/wp\/v2\/posts\/6641\/revisions\/6654"}],"wp:featuredmedia":[{"embeddable":true,"href":"https:\/\/www.sgeaj.ch\/fr\/wp-json\/wp\/v2\/media\/6652"}],"wp:attachment":[{"href":"https:\/\/www.sgeaj.ch\/fr\/wp-json\/wp\/v2\/media?parent=6641"}],"wp:term":[{"taxonomy":"category","embeddable":true,"href":"https:\/\/www.sgeaj.ch\/fr\/wp-json\/wp\/v2\/categories?post=6641"},{"taxonomy":"post_tag","embeddable":true,"href":"https:\/\/www.sgeaj.ch\/fr\/wp-json\/wp\/v2\/tags?post=6641"}],"curies":[{"name":"wp","href":"https:\/\/api.w.org\/{rel}","templated":true}]}}