{"id":6718,"date":"2022-03-14T16:24:48","date_gmt":"2022-03-14T15:24:48","guid":{"rendered":"https:\/\/www.sgeaj.ch\/?p=6718"},"modified":"2022-03-14T16:24:50","modified_gmt":"2022-03-14T15:24:50","slug":"moret-petrini-lenfance-sous-la-plume-2022","status":"publish","type":"post","link":"https:\/\/www.sgeaj.ch\/fr\/actualite\/nouvelles-publications\/moret-petrini-lenfance-sous-la-plume-2022\/","title":{"rendered":"Moret Petrini, L&rsquo;enfance sous la plume, 2022"},"content":{"rendered":"\n<h3 class=\"wp-block-heading\">Moret Petrini, Sylvie, <em>La diffusion de l&rsquo;\u00e9criture \u00e9ducative en Suisse romande, 1750-1820<\/em>, Rennes 2022<\/h3>\n\n\n\n<div class=\"wp-block-image\"><figure class=\"alignleft size-large is-resized\"><img loading=\"lazy\" decoding=\"async\" src=\"https:\/\/www.sgeaj.ch\/wp-content\/uploads\/2022\/03\/enfance-plume-couv-small480.jpg\" alt=\"\" class=\"wp-image-6715\" width=\"238\" height=\"369\" srcset=\"https:\/\/www.sgeaj.ch\/wp-content\/uploads\/2022\/03\/enfance-plume-couv-small480.jpg 309w, https:\/\/www.sgeaj.ch\/wp-content\/uploads\/2022\/03\/enfance-plume-couv-small480-193x300.jpg 193w, https:\/\/www.sgeaj.ch\/wp-content\/uploads\/2022\/03\/enfance-plume-couv-small480-97x150.jpg 97w\" sizes=\"auto, (max-width: 238px) 100vw, 238px\" \/><\/figure><\/div>\n\n\n\n<p>Syst\u00e9matiquement recommand\u00e9e par les trait\u00e9s p\u00e9dagogiques, l&rsquo;observation des enfants se d\u00e9veloppe d\u00e8s le milieu du XVIIIe si\u00e8cle, dans le sillage des Lumi\u00e8res et de l&rsquo;essor des sciences. P\u00e8res, m\u00e8res, pr\u00e9cepteurs et gouvernantes sont d\u00e9sormais exhort\u00e9s \u00e0 prendre la plume dans le cadre de leur mission \u00e9ducative. Et ils ne sont pas les seuls. Enfants et jeunes gens se voient aussi fortement encourag\u00e9s \u00e0 tenir un journal, auquel on attribue de nombreuses vertus.<\/p>\n\n\n\n<p>Fond\u00e9 sur l&rsquo;analyse d&rsquo;une centaine de journaux personnels conserv\u00e9s dans les archives de Suisse romande, le pr\u00e9sent ouvrage retrace l&rsquo;\u00e9mergence de ces nouvelles pratiques d&rsquo;\u00e9criture, issues d&rsquo;une \u00e8re de renforcement de la cellule familiale, et remonte aux mod\u00e8les qui leur ont donn\u00e9 naissance. Il questionne \u00e9galement la perception que les acteurs de l&rsquo;\u00e9ducation ont de leurs r\u00f4les respectifs.<\/p>\n\n\n\n<p>Cette \u00e9criture \u00e9ducative traduit le nouveau regard port\u00e9 sur l&rsquo;enfant et sur son d\u00e9veloppement, ainsi que la p\u00e9n\u00e9tration des th\u00e9ories p\u00e9dagogiques au sein des familles. Tout comme elle d\u00e9voile les dilemmes des parents, partag\u00e9s entre fid\u00e9lit\u00e9 aux principes pr\u00f4n\u00e9s et imp\u00e9ratifs sociaux. Incluant les jeunes scripteurs et scriptrices, elle permet de reconstituer l&rsquo;exp\u00e9rience enfantine. On voit ainsi \u00e9merger l&rsquo;enfant acteur de son \u00e9ducation, fille ou gar\u00e7on, qui au fil des pages revendique sa capacit\u00e9 \u00e0 g\u00e9rer, non seulement sa formation, mais sa propre existence.<\/p>\n\n\n\n<p><a href=\"https:\/\/books.openedition.org\/pur\/159297\" target=\"_blank\" rel=\"noreferrer noopener\">L&rsquo;ouvrage en ligne (open access)<\/a><\/p>\n","protected":false},"excerpt":{"rendered":"<p>Moret Petrini, Sylvie, La diffusion de l&rsquo;\u00e9criture \u00e9ducative en Suisse romande, 1750-1820, Rennes 2022 Syst\u00e9matiquement recommand\u00e9e par les trait\u00e9s p\u00e9dagogiques, l&rsquo;observation des enfants se d\u00e9veloppe d\u00e8s le milieu du XVIIIe si\u00e8cle, dans le sillage des Lumi\u00e8res et de l&rsquo;essor des sciences. P\u00e8res, m\u00e8res, pr\u00e9cepteurs et gouvernantes sont d\u00e9sormais exhort\u00e9s \u00e0 prendre la plume dans le [&hellip;]<\/p>\n","protected":false},"author":7,"featured_media":6716,"comment_status":"closed","ping_status":"open","sticky":false,"template":"","format":"standard","meta":{"footnotes":""},"categories":[42,25],"tags":[],"class_list":{"0":"post-6718","1":"post","2":"type-post","3":"status-publish","4":"format-standard","5":"has-post-thumbnail","7":"category-actualite","8":"category-nouvelles-publications","9":"czr-hentry"},"yoast_head":"<!-- This site is optimized with the Yoast SEO plugin v26.9 - https:\/\/yoast.com\/product\/yoast-seo-wordpress\/ -->\n<title>Moret Petrini, L&#039;enfance sous la plume, 2022 - Schweizerische Gesellschaft f\u00fcr die Erforschung des 18. Jahrhunderts (SGEAJ - SSEDS)<\/title>\n<meta name=\"robots\" content=\"index, follow, max-snippet:-1, max-image-preview:large, max-video-preview:-1\" \/>\n<link rel=\"canonical\" href=\"https:\/\/www.sgeaj.ch\/fr\/actualite\/nouvelles-publications\/moret-petrini-lenfance-sous-la-plume-2022\/\" \/>\n<meta name=\"twitter:label1\" content=\"\u00c9crit par\" \/>\n\t<meta name=\"twitter:data1\" content=\"Nadja Ackermann\" \/>\n\t<meta name=\"twitter:label2\" content=\"Dur\u00e9e de lecture estim\u00e9e\" \/>\n\t<meta name=\"twitter:data2\" content=\"2 minutes\" \/>\n<script type=\"application\/ld+json\" class=\"yoast-schema-graph\">{\"@context\":\"https:\/\/schema.org\",\"@graph\":[{\"@type\":\"Article\",\"@id\":\"https:\/\/www.sgeaj.ch\/fr\/actualite\/nouvelles-publications\/moret-petrini-lenfance-sous-la-plume-2022\/#article\",\"isPartOf\":{\"@id\":\"https:\/\/www.sgeaj.ch\/fr\/actualite\/nouvelles-publications\/moret-petrini-lenfance-sous-la-plume-2022\/\"},\"author\":{\"name\":\"Nadja Ackermann\",\"@id\":\"https:\/\/www.sgeaj.ch\/fr\/#\/schema\/person\/2cd839eed625879a17645fc9f307c8e7\"},\"headline\":\"Moret Petrini, L&rsquo;enfance sous la plume, 2022\",\"datePublished\":\"2022-03-14T15:24:48+00:00\",\"dateModified\":\"2022-03-14T15:24:50+00:00\",\"mainEntityOfPage\":{\"@id\":\"https:\/\/www.sgeaj.ch\/fr\/actualite\/nouvelles-publications\/moret-petrini-lenfance-sous-la-plume-2022\/\"},\"wordCount\":281,\"publisher\":{\"@id\":\"https:\/\/www.sgeaj.ch\/fr\/#organization\"},\"image\":{\"@id\":\"https:\/\/www.sgeaj.ch\/fr\/actualite\/nouvelles-publications\/moret-petrini-lenfance-sous-la-plume-2022\/#primaryimage\"},\"thumbnailUrl\":\"https:\/\/www.sgeaj.ch\/wp-content\/uploads\/2022\/03\/enfance-plume-couv-small480.jpg\",\"articleSection\":[\"Actualit\u00e9\",\"Nouvelles publications\"],\"inLanguage\":\"fr-FR\"},{\"@type\":\"WebPage\",\"@id\":\"https:\/\/www.sgeaj.ch\/fr\/actualite\/nouvelles-publications\/moret-petrini-lenfance-sous-la-plume-2022\/\",\"url\":\"https:\/\/www.sgeaj.ch\/fr\/actualite\/nouvelles-publications\/moret-petrini-lenfance-sous-la-plume-2022\/\",\"name\":\"Moret Petrini, L'enfance sous la plume, 2022 - Schweizerische Gesellschaft f\u00fcr die Erforschung des 18. Jahrhunderts (SGEAJ - SSEDS)\",\"isPartOf\":{\"@id\":\"https:\/\/www.sgeaj.ch\/fr\/#website\"},\"primaryImageOfPage\":{\"@id\":\"https:\/\/www.sgeaj.ch\/fr\/actualite\/nouvelles-publications\/moret-petrini-lenfance-sous-la-plume-2022\/#primaryimage\"},\"image\":{\"@id\":\"https:\/\/www.sgeaj.ch\/fr\/actualite\/nouvelles-publications\/moret-petrini-lenfance-sous-la-plume-2022\/#primaryimage\"},\"thumbnailUrl\":\"https:\/\/www.sgeaj.ch\/wp-content\/uploads\/2022\/03\/enfance-plume-couv-small480.jpg\",\"datePublished\":\"2022-03-14T15:24:48+00:00\",\"dateModified\":\"2022-03-14T15:24:50+00:00\",\"inLanguage\":\"fr-FR\",\"potentialAction\":[{\"@type\":\"ReadAction\",\"target\":[\"https:\/\/www.sgeaj.ch\/fr\/actualite\/nouvelles-publications\/moret-petrini-lenfance-sous-la-plume-2022\/\"]}]},{\"@type\":\"ImageObject\",\"inLanguage\":\"fr-FR\",\"@id\":\"https:\/\/www.sgeaj.ch\/fr\/actualite\/nouvelles-publications\/moret-petrini-lenfance-sous-la-plume-2022\/#primaryimage\",\"url\":\"https:\/\/www.sgeaj.ch\/wp-content\/uploads\/2022\/03\/enfance-plume-couv-small480.jpg\",\"contentUrl\":\"https:\/\/www.sgeaj.ch\/wp-content\/uploads\/2022\/03\/enfance-plume-couv-small480.jpg\",\"width\":309,\"height\":480},{\"@type\":\"WebSite\",\"@id\":\"https:\/\/www.sgeaj.ch\/fr\/#website\",\"url\":\"https:\/\/www.sgeaj.ch\/fr\/\",\"name\":\"Schweizerische Gesellschaft f\u00fcr die Erforschung des 18. Jahrhunderts (SGEAJ - SSEDS)\",\"description\":\"Schweizerische Gesellschaft f\u00fcr die Erforschung des 18. Jahrhunderts\",\"publisher\":{\"@id\":\"https:\/\/www.sgeaj.ch\/fr\/#organization\"},\"potentialAction\":[{\"@type\":\"SearchAction\",\"target\":{\"@type\":\"EntryPoint\",\"urlTemplate\":\"https:\/\/www.sgeaj.ch\/fr\/?s={search_term_string}\"},\"query-input\":{\"@type\":\"PropertyValueSpecification\",\"valueRequired\":true,\"valueName\":\"search_term_string\"}}],\"inLanguage\":\"fr-FR\"},{\"@type\":\"Organization\",\"@id\":\"https:\/\/www.sgeaj.ch\/fr\/#organization\",\"name\":\"Schweizerische Gesellschaft f\u00fcr die Erforschung des 18. Jahrhunderts (SGEAJ - SSEDS)\",\"url\":\"https:\/\/www.sgeaj.ch\/fr\/\",\"logo\":{\"@type\":\"ImageObject\",\"inLanguage\":\"fr-FR\",\"@id\":\"https:\/\/www.sgeaj.ch\/fr\/#\/schema\/logo\/image\/\",\"url\":\"https:\/\/www.sgeaj.ch\/wp-content\/uploads\/2021\/06\/cropped-logo-xviiies-horiz-abreuviations-bleues.png\",\"contentUrl\":\"https:\/\/www.sgeaj.ch\/wp-content\/uploads\/2021\/06\/cropped-logo-xviiies-horiz-abreuviations-bleues.png\",\"width\":659,\"height\":335,\"caption\":\"Schweizerische Gesellschaft f\u00fcr die Erforschung des 18. Jahrhunderts (SGEAJ - SSEDS)\"},\"image\":{\"@id\":\"https:\/\/www.sgeaj.ch\/fr\/#\/schema\/logo\/image\/\"}},{\"@type\":\"Person\",\"@id\":\"https:\/\/www.sgeaj.ch\/fr\/#\/schema\/person\/2cd839eed625879a17645fc9f307c8e7\",\"name\":\"Nadja Ackermann\",\"url\":\"https:\/\/www.sgeaj.ch\/fr\/author\/naackermann\/\"}]}<\/script>\n<!-- \/ Yoast SEO plugin. -->","yoast_head_json":{"title":"Moret Petrini, L'enfance sous la plume, 2022 - Schweizerische Gesellschaft f\u00fcr die Erforschung des 18. Jahrhunderts (SGEAJ - SSEDS)","robots":{"index":"index","follow":"follow","max-snippet":"max-snippet:-1","max-image-preview":"max-image-preview:large","max-video-preview":"max-video-preview:-1"},"canonical":"https:\/\/www.sgeaj.ch\/fr\/actualite\/nouvelles-publications\/moret-petrini-lenfance-sous-la-plume-2022\/","twitter_misc":{"\u00c9crit par":"Nadja Ackermann","Dur\u00e9e de lecture estim\u00e9e":"2 minutes"},"schema":{"@context":"https:\/\/schema.org","@graph":[{"@type":"Article","@id":"https:\/\/www.sgeaj.ch\/fr\/actualite\/nouvelles-publications\/moret-petrini-lenfance-sous-la-plume-2022\/#article","isPartOf":{"@id":"https:\/\/www.sgeaj.ch\/fr\/actualite\/nouvelles-publications\/moret-petrini-lenfance-sous-la-plume-2022\/"},"author":{"name":"Nadja Ackermann","@id":"https:\/\/www.sgeaj.ch\/fr\/#\/schema\/person\/2cd839eed625879a17645fc9f307c8e7"},"headline":"Moret Petrini, L&rsquo;enfance sous la plume, 2022","datePublished":"2022-03-14T15:24:48+00:00","dateModified":"2022-03-14T15:24:50+00:00","mainEntityOfPage":{"@id":"https:\/\/www.sgeaj.ch\/fr\/actualite\/nouvelles-publications\/moret-petrini-lenfance-sous-la-plume-2022\/"},"wordCount":281,"publisher":{"@id":"https:\/\/www.sgeaj.ch\/fr\/#organization"},"image":{"@id":"https:\/\/www.sgeaj.ch\/fr\/actualite\/nouvelles-publications\/moret-petrini-lenfance-sous-la-plume-2022\/#primaryimage"},"thumbnailUrl":"https:\/\/www.sgeaj.ch\/wp-content\/uploads\/2022\/03\/enfance-plume-couv-small480.jpg","articleSection":["Actualit\u00e9","Nouvelles publications"],"inLanguage":"fr-FR"},{"@type":"WebPage","@id":"https:\/\/www.sgeaj.ch\/fr\/actualite\/nouvelles-publications\/moret-petrini-lenfance-sous-la-plume-2022\/","url":"https:\/\/www.sgeaj.ch\/fr\/actualite\/nouvelles-publications\/moret-petrini-lenfance-sous-la-plume-2022\/","name":"Moret Petrini, L'enfance sous la plume, 2022 - Schweizerische Gesellschaft f\u00fcr die Erforschung des 18. Jahrhunderts (SGEAJ - SSEDS)","isPartOf":{"@id":"https:\/\/www.sgeaj.ch\/fr\/#website"},"primaryImageOfPage":{"@id":"https:\/\/www.sgeaj.ch\/fr\/actualite\/nouvelles-publications\/moret-petrini-lenfance-sous-la-plume-2022\/#primaryimage"},"image":{"@id":"https:\/\/www.sgeaj.ch\/fr\/actualite\/nouvelles-publications\/moret-petrini-lenfance-sous-la-plume-2022\/#primaryimage"},"thumbnailUrl":"https:\/\/www.sgeaj.ch\/wp-content\/uploads\/2022\/03\/enfance-plume-couv-small480.jpg","datePublished":"2022-03-14T15:24:48+00:00","dateModified":"2022-03-14T15:24:50+00:00","inLanguage":"fr-FR","potentialAction":[{"@type":"ReadAction","target":["https:\/\/www.sgeaj.ch\/fr\/actualite\/nouvelles-publications\/moret-petrini-lenfance-sous-la-plume-2022\/"]}]},{"@type":"ImageObject","inLanguage":"fr-FR","@id":"https:\/\/www.sgeaj.ch\/fr\/actualite\/nouvelles-publications\/moret-petrini-lenfance-sous-la-plume-2022\/#primaryimage","url":"https:\/\/www.sgeaj.ch\/wp-content\/uploads\/2022\/03\/enfance-plume-couv-small480.jpg","contentUrl":"https:\/\/www.sgeaj.ch\/wp-content\/uploads\/2022\/03\/enfance-plume-couv-small480.jpg","width":309,"height":480},{"@type":"WebSite","@id":"https:\/\/www.sgeaj.ch\/fr\/#website","url":"https:\/\/www.sgeaj.ch\/fr\/","name":"Schweizerische Gesellschaft f\u00fcr die Erforschung des 18. Jahrhunderts (SGEAJ - SSEDS)","description":"Schweizerische Gesellschaft f\u00fcr die Erforschung des 18. Jahrhunderts","publisher":{"@id":"https:\/\/www.sgeaj.ch\/fr\/#organization"},"potentialAction":[{"@type":"SearchAction","target":{"@type":"EntryPoint","urlTemplate":"https:\/\/www.sgeaj.ch\/fr\/?s={search_term_string}"},"query-input":{"@type":"PropertyValueSpecification","valueRequired":true,"valueName":"search_term_string"}}],"inLanguage":"fr-FR"},{"@type":"Organization","@id":"https:\/\/www.sgeaj.ch\/fr\/#organization","name":"Schweizerische Gesellschaft f\u00fcr die Erforschung des 18. Jahrhunderts (SGEAJ - SSEDS)","url":"https:\/\/www.sgeaj.ch\/fr\/","logo":{"@type":"ImageObject","inLanguage":"fr-FR","@id":"https:\/\/www.sgeaj.ch\/fr\/#\/schema\/logo\/image\/","url":"https:\/\/www.sgeaj.ch\/wp-content\/uploads\/2021\/06\/cropped-logo-xviiies-horiz-abreuviations-bleues.png","contentUrl":"https:\/\/www.sgeaj.ch\/wp-content\/uploads\/2021\/06\/cropped-logo-xviiies-horiz-abreuviations-bleues.png","width":659,"height":335,"caption":"Schweizerische Gesellschaft f\u00fcr die Erforschung des 18. Jahrhunderts (SGEAJ - SSEDS)"},"image":{"@id":"https:\/\/www.sgeaj.ch\/fr\/#\/schema\/logo\/image\/"}},{"@type":"Person","@id":"https:\/\/www.sgeaj.ch\/fr\/#\/schema\/person\/2cd839eed625879a17645fc9f307c8e7","name":"Nadja Ackermann","url":"https:\/\/www.sgeaj.ch\/fr\/author\/naackermann\/"}]}},"_links":{"self":[{"href":"https:\/\/www.sgeaj.ch\/fr\/wp-json\/wp\/v2\/posts\/6718","targetHints":{"allow":["GET"]}}],"collection":[{"href":"https:\/\/www.sgeaj.ch\/fr\/wp-json\/wp\/v2\/posts"}],"about":[{"href":"https:\/\/www.sgeaj.ch\/fr\/wp-json\/wp\/v2\/types\/post"}],"author":[{"embeddable":true,"href":"https:\/\/www.sgeaj.ch\/fr\/wp-json\/wp\/v2\/users\/7"}],"replies":[{"embeddable":true,"href":"https:\/\/www.sgeaj.ch\/fr\/wp-json\/wp\/v2\/comments?post=6718"}],"version-history":[{"count":3,"href":"https:\/\/www.sgeaj.ch\/fr\/wp-json\/wp\/v2\/posts\/6718\/revisions"}],"predecessor-version":[{"id":6723,"href":"https:\/\/www.sgeaj.ch\/fr\/wp-json\/wp\/v2\/posts\/6718\/revisions\/6723"}],"wp:featuredmedia":[{"embeddable":true,"href":"https:\/\/www.sgeaj.ch\/fr\/wp-json\/wp\/v2\/media\/6716"}],"wp:attachment":[{"href":"https:\/\/www.sgeaj.ch\/fr\/wp-json\/wp\/v2\/media?parent=6718"}],"wp:term":[{"taxonomy":"category","embeddable":true,"href":"https:\/\/www.sgeaj.ch\/fr\/wp-json\/wp\/v2\/categories?post=6718"},{"taxonomy":"post_tag","embeddable":true,"href":"https:\/\/www.sgeaj.ch\/fr\/wp-json\/wp\/v2\/tags?post=6718"}],"curies":[{"name":"wp","href":"https:\/\/api.w.org\/{rel}","templated":true}]}}