{"id":6731,"date":"2022-03-26T12:16:58","date_gmt":"2022-03-26T11:16:58","guid":{"rendered":"https:\/\/www.sgeaj.ch\/?p=6731"},"modified":"2022-03-26T12:17:01","modified_gmt":"2022-03-26T11:17:01","slug":"bibliotheque-des-lumieres-2022","status":"publish","type":"post","link":"https:\/\/www.sgeaj.ch\/fr\/actualite\/expositions\/bibliotheque-des-lumieres-2022\/","title":{"rendered":"Biblioth\u00e8que des Lumi\u00e8res 2022"},"content":{"rendered":"\n<div class=\"wp-block-image\"><figure class=\"alignright size-large is-resized\"><img loading=\"lazy\" decoding=\"async\" src=\"https:\/\/www.sgeaj.ch\/wp-content\/uploads\/2022\/03\/bibliotheque-des-lumieres-2022-752x1024.jpg\" alt=\"Flyer\" class=\"wp-image-6727\" width=\"320\" height=\"436\" srcset=\"https:\/\/www.sgeaj.ch\/wp-content\/uploads\/2022\/03\/bibliotheque-des-lumieres-2022-752x1024.jpg 752w, https:\/\/www.sgeaj.ch\/wp-content\/uploads\/2022\/03\/bibliotheque-des-lumieres-2022-220x300.jpg 220w, https:\/\/www.sgeaj.ch\/wp-content\/uploads\/2022\/03\/bibliotheque-des-lumieres-2022-110x150.jpg 110w, https:\/\/www.sgeaj.ch\/wp-content\/uploads\/2022\/03\/bibliotheque-des-lumieres-2022-768x1046.jpg 768w, https:\/\/www.sgeaj.ch\/wp-content\/uploads\/2022\/03\/bibliotheque-des-lumieres-2022-1128x1536.jpg 1128w, https:\/\/www.sgeaj.ch\/wp-content\/uploads\/2022\/03\/bibliotheque-des-lumieres-2022-1504x2048.jpg 1504w, https:\/\/www.sgeaj.ch\/wp-content\/uploads\/2022\/03\/bibliotheque-des-lumieres-2022.jpg 1755w\" sizes=\"auto, (max-width: 320px) 100vw, 320px\" \/><figcaption><a href=\"https:\/\/musee-yverdon-region.ch\/agenda\/une-bibliotheque-des-lumieres-2022\/\" target=\"_blank\" rel=\"noreferrer noopener\"><strong>Voir le programme<\/strong><\/a><\/figcaption><\/figure><\/div>\n\n\n\n<h3 class=\"wp-block-heading\">Une biblioth\u00e8que des Lumi\u00e8res, Cycle de conf\u00e9rences-discussions consacr\u00e9es \u00e0 l\u2019actualit\u00e9 \u00e9ditoriale et mus\u00e9ographique autour de la Suisse des Lumi\u00e8res, Mus\u00e9e d\u2019Yverdon et r\u00e9gion, d\u00e8s l\u2019automne 2021<\/h3>\n\n\n\n<p>H\u00e9ritier de l\u2019esprit qui anime l\u2019Encyclop\u00e9die d\u2019Yverdon (1770-1780) et son promoteur Bartolomeo De Felice, le Mus\u00e9e d\u2019Yverdon et r\u00e9gion propose au printemps 2022 un nouveau cycle de conf\u00e9rences-discussions consacr\u00e9es \u00e0 l\u2019actualit\u00e9 \u00e9ditoriale et mus\u00e9ographique autour de la Suisse des Lumi\u00e8res.<\/p>\n\n\n\n<p><\/p>\n","protected":false},"excerpt":{"rendered":"<p>Une biblioth\u00e8que des Lumi\u00e8res, Cycle de conf\u00e9rences-discussions consacr\u00e9es \u00e0 l\u2019actualit\u00e9 \u00e9ditoriale et mus\u00e9ographique autour de la Suisse des Lumi\u00e8res, Mus\u00e9e d\u2019Yverdon et r\u00e9gion, d\u00e8s l\u2019automne 2021 H\u00e9ritier de l\u2019esprit qui anime l\u2019Encyclop\u00e9die d\u2019Yverdon (1770-1780) et son promoteur Bartolomeo De Felice, le Mus\u00e9e d\u2019Yverdon et r\u00e9gion propose au printemps 2022 un nouveau cycle de conf\u00e9rences-discussions consacr\u00e9es [&hellip;]<\/p>\n","protected":false},"author":7,"featured_media":6728,"comment_status":"closed","ping_status":"open","sticky":false,"template":"","format":"standard","meta":{"footnotes":""},"categories":[42,55],"tags":[],"class_list":{"0":"post-6731","1":"post","2":"type-post","3":"status-publish","4":"format-standard","5":"has-post-thumbnail","7":"category-actualite","8":"category-expositions","9":"czr-hentry"},"yoast_head":"<!-- This site is optimized with the Yoast SEO plugin v26.9 - https:\/\/yoast.com\/product\/yoast-seo-wordpress\/ -->\n<title>Biblioth\u00e8que des Lumi\u00e8res 2022 - Schweizerische Gesellschaft f\u00fcr die Erforschung des 18. Jahrhunderts (SGEAJ - SSEDS)<\/title>\n<meta name=\"robots\" content=\"index, follow, max-snippet:-1, max-image-preview:large, max-video-preview:-1\" \/>\n<link rel=\"canonical\" href=\"https:\/\/www.sgeaj.ch\/fr\/actualite\/expositions\/bibliotheque-des-lumieres-2022\/\" \/>\n<meta name=\"twitter:label1\" content=\"\u00c9crit par\" \/>\n\t<meta name=\"twitter:data1\" content=\"Nadja Ackermann\" \/>\n\t<meta name=\"twitter:label2\" content=\"Dur\u00e9e de lecture estim\u00e9e\" \/>\n\t<meta name=\"twitter:data2\" content=\"1 minute\" \/>\n<script type=\"application\/ld+json\" class=\"yoast-schema-graph\">{\"@context\":\"https:\/\/schema.org\",\"@graph\":[{\"@type\":\"Article\",\"@id\":\"https:\/\/www.sgeaj.ch\/fr\/actualite\/expositions\/bibliotheque-des-lumieres-2022\/#article\",\"isPartOf\":{\"@id\":\"https:\/\/www.sgeaj.ch\/fr\/actualite\/expositions\/bibliotheque-des-lumieres-2022\/\"},\"author\":{\"name\":\"Nadja Ackermann\",\"@id\":\"https:\/\/www.sgeaj.ch\/fr\/#\/schema\/person\/2cd839eed625879a17645fc9f307c8e7\"},\"headline\":\"Biblioth\u00e8que des Lumi\u00e8res 2022\",\"datePublished\":\"2022-03-26T11:16:58+00:00\",\"dateModified\":\"2022-03-26T11:17:01+00:00\",\"mainEntityOfPage\":{\"@id\":\"https:\/\/www.sgeaj.ch\/fr\/actualite\/expositions\/bibliotheque-des-lumieres-2022\/\"},\"wordCount\":95,\"publisher\":{\"@id\":\"https:\/\/www.sgeaj.ch\/fr\/#organization\"},\"image\":{\"@id\":\"https:\/\/www.sgeaj.ch\/fr\/actualite\/expositions\/bibliotheque-des-lumieres-2022\/#primaryimage\"},\"thumbnailUrl\":\"https:\/\/www.sgeaj.ch\/wp-content\/uploads\/2022\/03\/bibliotheque-des-lumieres-2022.jpg\",\"articleSection\":[\"Actualit\u00e9\",\"Expositions\"],\"inLanguage\":\"fr-FR\"},{\"@type\":\"WebPage\",\"@id\":\"https:\/\/www.sgeaj.ch\/fr\/actualite\/expositions\/bibliotheque-des-lumieres-2022\/\",\"url\":\"https:\/\/www.sgeaj.ch\/fr\/actualite\/expositions\/bibliotheque-des-lumieres-2022\/\",\"name\":\"Biblioth\u00e8que des Lumi\u00e8res 2022 - Schweizerische Gesellschaft f\u00fcr die Erforschung des 18. Jahrhunderts (SGEAJ - SSEDS)\",\"isPartOf\":{\"@id\":\"https:\/\/www.sgeaj.ch\/fr\/#website\"},\"primaryImageOfPage\":{\"@id\":\"https:\/\/www.sgeaj.ch\/fr\/actualite\/expositions\/bibliotheque-des-lumieres-2022\/#primaryimage\"},\"image\":{\"@id\":\"https:\/\/www.sgeaj.ch\/fr\/actualite\/expositions\/bibliotheque-des-lumieres-2022\/#primaryimage\"},\"thumbnailUrl\":\"https:\/\/www.sgeaj.ch\/wp-content\/uploads\/2022\/03\/bibliotheque-des-lumieres-2022.jpg\",\"datePublished\":\"2022-03-26T11:16:58+00:00\",\"dateModified\":\"2022-03-26T11:17:01+00:00\",\"inLanguage\":\"fr-FR\",\"potentialAction\":[{\"@type\":\"ReadAction\",\"target\":[\"https:\/\/www.sgeaj.ch\/fr\/actualite\/expositions\/bibliotheque-des-lumieres-2022\/\"]}]},{\"@type\":\"ImageObject\",\"inLanguage\":\"fr-FR\",\"@id\":\"https:\/\/www.sgeaj.ch\/fr\/actualite\/expositions\/bibliotheque-des-lumieres-2022\/#primaryimage\",\"url\":\"https:\/\/www.sgeaj.ch\/wp-content\/uploads\/2022\/03\/bibliotheque-des-lumieres-2022.jpg\",\"contentUrl\":\"https:\/\/www.sgeaj.ch\/wp-content\/uploads\/2022\/03\/bibliotheque-des-lumieres-2022.jpg\",\"width\":1755,\"height\":2390,\"caption\":\"Flyer\"},{\"@type\":\"WebSite\",\"@id\":\"https:\/\/www.sgeaj.ch\/fr\/#website\",\"url\":\"https:\/\/www.sgeaj.ch\/fr\/\",\"name\":\"Schweizerische Gesellschaft f\u00fcr die Erforschung des 18. Jahrhunderts (SGEAJ - SSEDS)\",\"description\":\"Schweizerische Gesellschaft f\u00fcr die Erforschung des 18. Jahrhunderts\",\"publisher\":{\"@id\":\"https:\/\/www.sgeaj.ch\/fr\/#organization\"},\"potentialAction\":[{\"@type\":\"SearchAction\",\"target\":{\"@type\":\"EntryPoint\",\"urlTemplate\":\"https:\/\/www.sgeaj.ch\/fr\/?s={search_term_string}\"},\"query-input\":{\"@type\":\"PropertyValueSpecification\",\"valueRequired\":true,\"valueName\":\"search_term_string\"}}],\"inLanguage\":\"fr-FR\"},{\"@type\":\"Organization\",\"@id\":\"https:\/\/www.sgeaj.ch\/fr\/#organization\",\"name\":\"Schweizerische Gesellschaft f\u00fcr die Erforschung des 18. Jahrhunderts (SGEAJ - SSEDS)\",\"url\":\"https:\/\/www.sgeaj.ch\/fr\/\",\"logo\":{\"@type\":\"ImageObject\",\"inLanguage\":\"fr-FR\",\"@id\":\"https:\/\/www.sgeaj.ch\/fr\/#\/schema\/logo\/image\/\",\"url\":\"https:\/\/www.sgeaj.ch\/wp-content\/uploads\/2021\/06\/cropped-logo-xviiies-horiz-abreuviations-bleues.png\",\"contentUrl\":\"https:\/\/www.sgeaj.ch\/wp-content\/uploads\/2021\/06\/cropped-logo-xviiies-horiz-abreuviations-bleues.png\",\"width\":659,\"height\":335,\"caption\":\"Schweizerische Gesellschaft f\u00fcr die Erforschung des 18. Jahrhunderts (SGEAJ - SSEDS)\"},\"image\":{\"@id\":\"https:\/\/www.sgeaj.ch\/fr\/#\/schema\/logo\/image\/\"}},{\"@type\":\"Person\",\"@id\":\"https:\/\/www.sgeaj.ch\/fr\/#\/schema\/person\/2cd839eed625879a17645fc9f307c8e7\",\"name\":\"Nadja Ackermann\",\"url\":\"https:\/\/www.sgeaj.ch\/fr\/author\/naackermann\/\"}]}<\/script>\n<!-- \/ Yoast SEO plugin. -->","yoast_head_json":{"title":"Biblioth\u00e8que des Lumi\u00e8res 2022 - Schweizerische Gesellschaft f\u00fcr die Erforschung des 18. Jahrhunderts (SGEAJ - SSEDS)","robots":{"index":"index","follow":"follow","max-snippet":"max-snippet:-1","max-image-preview":"max-image-preview:large","max-video-preview":"max-video-preview:-1"},"canonical":"https:\/\/www.sgeaj.ch\/fr\/actualite\/expositions\/bibliotheque-des-lumieres-2022\/","twitter_misc":{"\u00c9crit par":"Nadja Ackermann","Dur\u00e9e de lecture estim\u00e9e":"1 minute"},"schema":{"@context":"https:\/\/schema.org","@graph":[{"@type":"Article","@id":"https:\/\/www.sgeaj.ch\/fr\/actualite\/expositions\/bibliotheque-des-lumieres-2022\/#article","isPartOf":{"@id":"https:\/\/www.sgeaj.ch\/fr\/actualite\/expositions\/bibliotheque-des-lumieres-2022\/"},"author":{"name":"Nadja Ackermann","@id":"https:\/\/www.sgeaj.ch\/fr\/#\/schema\/person\/2cd839eed625879a17645fc9f307c8e7"},"headline":"Biblioth\u00e8que des Lumi\u00e8res 2022","datePublished":"2022-03-26T11:16:58+00:00","dateModified":"2022-03-26T11:17:01+00:00","mainEntityOfPage":{"@id":"https:\/\/www.sgeaj.ch\/fr\/actualite\/expositions\/bibliotheque-des-lumieres-2022\/"},"wordCount":95,"publisher":{"@id":"https:\/\/www.sgeaj.ch\/fr\/#organization"},"image":{"@id":"https:\/\/www.sgeaj.ch\/fr\/actualite\/expositions\/bibliotheque-des-lumieres-2022\/#primaryimage"},"thumbnailUrl":"https:\/\/www.sgeaj.ch\/wp-content\/uploads\/2022\/03\/bibliotheque-des-lumieres-2022.jpg","articleSection":["Actualit\u00e9","Expositions"],"inLanguage":"fr-FR"},{"@type":"WebPage","@id":"https:\/\/www.sgeaj.ch\/fr\/actualite\/expositions\/bibliotheque-des-lumieres-2022\/","url":"https:\/\/www.sgeaj.ch\/fr\/actualite\/expositions\/bibliotheque-des-lumieres-2022\/","name":"Biblioth\u00e8que des Lumi\u00e8res 2022 - Schweizerische Gesellschaft f\u00fcr die Erforschung des 18. Jahrhunderts (SGEAJ - SSEDS)","isPartOf":{"@id":"https:\/\/www.sgeaj.ch\/fr\/#website"},"primaryImageOfPage":{"@id":"https:\/\/www.sgeaj.ch\/fr\/actualite\/expositions\/bibliotheque-des-lumieres-2022\/#primaryimage"},"image":{"@id":"https:\/\/www.sgeaj.ch\/fr\/actualite\/expositions\/bibliotheque-des-lumieres-2022\/#primaryimage"},"thumbnailUrl":"https:\/\/www.sgeaj.ch\/wp-content\/uploads\/2022\/03\/bibliotheque-des-lumieres-2022.jpg","datePublished":"2022-03-26T11:16:58+00:00","dateModified":"2022-03-26T11:17:01+00:00","inLanguage":"fr-FR","potentialAction":[{"@type":"ReadAction","target":["https:\/\/www.sgeaj.ch\/fr\/actualite\/expositions\/bibliotheque-des-lumieres-2022\/"]}]},{"@type":"ImageObject","inLanguage":"fr-FR","@id":"https:\/\/www.sgeaj.ch\/fr\/actualite\/expositions\/bibliotheque-des-lumieres-2022\/#primaryimage","url":"https:\/\/www.sgeaj.ch\/wp-content\/uploads\/2022\/03\/bibliotheque-des-lumieres-2022.jpg","contentUrl":"https:\/\/www.sgeaj.ch\/wp-content\/uploads\/2022\/03\/bibliotheque-des-lumieres-2022.jpg","width":1755,"height":2390,"caption":"Flyer"},{"@type":"WebSite","@id":"https:\/\/www.sgeaj.ch\/fr\/#website","url":"https:\/\/www.sgeaj.ch\/fr\/","name":"Schweizerische Gesellschaft f\u00fcr die Erforschung des 18. Jahrhunderts (SGEAJ - SSEDS)","description":"Schweizerische Gesellschaft f\u00fcr die Erforschung des 18. Jahrhunderts","publisher":{"@id":"https:\/\/www.sgeaj.ch\/fr\/#organization"},"potentialAction":[{"@type":"SearchAction","target":{"@type":"EntryPoint","urlTemplate":"https:\/\/www.sgeaj.ch\/fr\/?s={search_term_string}"},"query-input":{"@type":"PropertyValueSpecification","valueRequired":true,"valueName":"search_term_string"}}],"inLanguage":"fr-FR"},{"@type":"Organization","@id":"https:\/\/www.sgeaj.ch\/fr\/#organization","name":"Schweizerische Gesellschaft f\u00fcr die Erforschung des 18. Jahrhunderts (SGEAJ - SSEDS)","url":"https:\/\/www.sgeaj.ch\/fr\/","logo":{"@type":"ImageObject","inLanguage":"fr-FR","@id":"https:\/\/www.sgeaj.ch\/fr\/#\/schema\/logo\/image\/","url":"https:\/\/www.sgeaj.ch\/wp-content\/uploads\/2021\/06\/cropped-logo-xviiies-horiz-abreuviations-bleues.png","contentUrl":"https:\/\/www.sgeaj.ch\/wp-content\/uploads\/2021\/06\/cropped-logo-xviiies-horiz-abreuviations-bleues.png","width":659,"height":335,"caption":"Schweizerische Gesellschaft f\u00fcr die Erforschung des 18. Jahrhunderts (SGEAJ - SSEDS)"},"image":{"@id":"https:\/\/www.sgeaj.ch\/fr\/#\/schema\/logo\/image\/"}},{"@type":"Person","@id":"https:\/\/www.sgeaj.ch\/fr\/#\/schema\/person\/2cd839eed625879a17645fc9f307c8e7","name":"Nadja Ackermann","url":"https:\/\/www.sgeaj.ch\/fr\/author\/naackermann\/"}]}},"_links":{"self":[{"href":"https:\/\/www.sgeaj.ch\/fr\/wp-json\/wp\/v2\/posts\/6731","targetHints":{"allow":["GET"]}}],"collection":[{"href":"https:\/\/www.sgeaj.ch\/fr\/wp-json\/wp\/v2\/posts"}],"about":[{"href":"https:\/\/www.sgeaj.ch\/fr\/wp-json\/wp\/v2\/types\/post"}],"author":[{"embeddable":true,"href":"https:\/\/www.sgeaj.ch\/fr\/wp-json\/wp\/v2\/users\/7"}],"replies":[{"embeddable":true,"href":"https:\/\/www.sgeaj.ch\/fr\/wp-json\/wp\/v2\/comments?post=6731"}],"version-history":[{"count":1,"href":"https:\/\/www.sgeaj.ch\/fr\/wp-json\/wp\/v2\/posts\/6731\/revisions"}],"predecessor-version":[{"id":6732,"href":"https:\/\/www.sgeaj.ch\/fr\/wp-json\/wp\/v2\/posts\/6731\/revisions\/6732"}],"wp:featuredmedia":[{"embeddable":true,"href":"https:\/\/www.sgeaj.ch\/fr\/wp-json\/wp\/v2\/media\/6728"}],"wp:attachment":[{"href":"https:\/\/www.sgeaj.ch\/fr\/wp-json\/wp\/v2\/media?parent=6731"}],"wp:term":[{"taxonomy":"category","embeddable":true,"href":"https:\/\/www.sgeaj.ch\/fr\/wp-json\/wp\/v2\/categories?post=6731"},{"taxonomy":"post_tag","embeddable":true,"href":"https:\/\/www.sgeaj.ch\/fr\/wp-json\/wp\/v2\/tags?post=6731"}],"curies":[{"name":"wp","href":"https:\/\/api.w.org\/{rel}","templated":true}]}}