{"id":6735,"date":"2022-03-29T20:07:01","date_gmt":"2022-03-29T18:07:01","guid":{"rendered":"https:\/\/www.sgeaj.ch\/?p=6735"},"modified":"2022-11-03T19:55:26","modified_gmt":"2022-11-03T18:55:26","slug":"creation-representation-et-sociabilite-au-feminin","status":"publish","type":"post","link":"https:\/\/www.sgeaj.ch\/fr\/actualite\/colloques\/creation-representation-et-sociabilite-au-feminin\/","title":{"rendered":"Cr\u00e9ation, repr\u00e9sentation et sociabilit\u00e9 au f\u00e9minin"},"content":{"rendered":"\n<h3 class=\"wp-block-heading\">Colloque: C<em>r\u00e9ation, repr\u00e9sentation et sociabilit\u00e9 au f\u00e9minin : entre sc\u00e8nes publiques et spectacles de soci\u00e9t\u00e9, 1650-1914<\/em>, 6-8 avril 2022, Universit\u00e9 de Lausanne et en ligne<\/h3>\n\n\n\n<p>Ce colloque s\u2019inscrit dans un effort commun et r\u00e9cent de r\u00e9\u00e9valuation du r\u00f4le des femmes dans l\u2019histoire culturelle. Il entend plus particuli\u00e8rement contribuer \u00e0 une meilleure connaissance de l\u2019histoire des spectacles, en s\u2019int\u00e9ressant \u00e0 l\u2019\u00e9tendue et \u00e0 la complexit\u00e9 des parcours professionnels des femmes.<br>Il est organis\u00e9 \u00e0 l&rsquo;UNIL avec le soutien du Centre d&rsquo;\u00e9tudes th\u00e9\u00e2trales (CET) et du Centre d&rsquo;\u00e9tude interdisciplinaire des litt\u00e9ratures (CIEL). Il b\u00e9n\u00e9ficie \u00e9galement du soutien du Fonds national suisse (FNS).<\/p>\n\n\n\n<p>Il est possible d&rsquo;assister au colloque <strong>en pr\u00e9sence ou \u00e0 distance<\/strong> (lien zoom disponible sur demande aux organisateur\u00b7rice\u00b7s).<\/p>\n\n\n\n<p><a href=\"https:\/\/agenda.unil.ch\/display\/1648727160262\" target=\"_blank\" rel=\"noreferrer noopener\">Programme<\/a><\/p>\n","protected":false},"excerpt":{"rendered":"<p>Colloque: Cr\u00e9ation, repr\u00e9sentation et sociabilit\u00e9 au f\u00e9minin : entre sc\u00e8nes publiques et spectacles de soci\u00e9t\u00e9, 1650-1914, 6-8 avril 2022, Universit\u00e9 de Lausanne et en ligne Ce colloque s\u2019inscrit dans un effort commun et r\u00e9cent de r\u00e9\u00e9valuation du r\u00f4le des femmes dans l\u2019histoire culturelle. Il entend plus particuli\u00e8rement contribuer \u00e0 une meilleure connaissance de l\u2019histoire des [&hellip;]<\/p>\n","protected":false},"author":7,"featured_media":6588,"comment_status":"closed","ping_status":"open","sticky":false,"template":"","format":"standard","meta":{"footnotes":""},"categories":[42,27],"tags":[],"class_list":{"0":"post-6735","1":"post","2":"type-post","3":"status-publish","4":"format-standard","5":"has-post-thumbnail","7":"category-actualite","8":"category-colloques","9":"czr-hentry"},"yoast_head":"<!-- This site is optimized with the Yoast SEO plugin v26.9 - https:\/\/yoast.com\/product\/yoast-seo-wordpress\/ -->\n<title>Cr\u00e9ation, repr\u00e9sentation et sociabilit\u00e9 au f\u00e9minin - Schweizerische Gesellschaft f\u00fcr die Erforschung des 18. Jahrhunderts (SGEAJ - SSEDS)<\/title>\n<meta name=\"robots\" content=\"index, follow, max-snippet:-1, max-image-preview:large, max-video-preview:-1\" \/>\n<link rel=\"canonical\" href=\"https:\/\/www.sgeaj.ch\/fr\/actualite\/colloques\/creation-representation-et-sociabilite-au-feminin\/\" \/>\n<meta name=\"twitter:label1\" content=\"\u00c9crit par\" \/>\n\t<meta name=\"twitter:data1\" content=\"Nadja Ackermann\" \/>\n\t<meta name=\"twitter:label2\" content=\"Dur\u00e9e de lecture estim\u00e9e\" \/>\n\t<meta name=\"twitter:data2\" content=\"1 minute\" \/>\n<script type=\"application\/ld+json\" class=\"yoast-schema-graph\">{\"@context\":\"https:\/\/schema.org\",\"@graph\":[{\"@type\":\"Article\",\"@id\":\"https:\/\/www.sgeaj.ch\/fr\/actualite\/colloques\/creation-representation-et-sociabilite-au-feminin\/#article\",\"isPartOf\":{\"@id\":\"https:\/\/www.sgeaj.ch\/fr\/actualite\/colloques\/creation-representation-et-sociabilite-au-feminin\/\"},\"author\":{\"name\":\"Nadja Ackermann\",\"@id\":\"https:\/\/www.sgeaj.ch\/fr\/#\/schema\/person\/2cd839eed625879a17645fc9f307c8e7\"},\"headline\":\"Cr\u00e9ation, repr\u00e9sentation et sociabilit\u00e9 au f\u00e9minin\",\"datePublished\":\"2022-03-29T18:07:01+00:00\",\"dateModified\":\"2022-11-03T18:55:26+00:00\",\"mainEntityOfPage\":{\"@id\":\"https:\/\/www.sgeaj.ch\/fr\/actualite\/colloques\/creation-representation-et-sociabilite-au-feminin\/\"},\"wordCount\":147,\"publisher\":{\"@id\":\"https:\/\/www.sgeaj.ch\/fr\/#organization\"},\"image\":{\"@id\":\"https:\/\/www.sgeaj.ch\/fr\/actualite\/colloques\/creation-representation-et-sociabilite-au-feminin\/#primaryimage\"},\"thumbnailUrl\":\"https:\/\/www.sgeaj.ch\/wp-content\/uploads\/2021\/10\/image-giron-charles-femme-aux-gants-dite-la-parisienne-ppp3587-585474-scaled-e1648577165749.jpg\",\"articleSection\":[\"Actualit\u00e9\",\"Colloques\"],\"inLanguage\":\"fr-FR\"},{\"@type\":\"WebPage\",\"@id\":\"https:\/\/www.sgeaj.ch\/fr\/actualite\/colloques\/creation-representation-et-sociabilite-au-feminin\/\",\"url\":\"https:\/\/www.sgeaj.ch\/fr\/actualite\/colloques\/creation-representation-et-sociabilite-au-feminin\/\",\"name\":\"Cr\u00e9ation, repr\u00e9sentation et sociabilit\u00e9 au f\u00e9minin - Schweizerische Gesellschaft f\u00fcr die Erforschung des 18. Jahrhunderts (SGEAJ - SSEDS)\",\"isPartOf\":{\"@id\":\"https:\/\/www.sgeaj.ch\/fr\/#website\"},\"primaryImageOfPage\":{\"@id\":\"https:\/\/www.sgeaj.ch\/fr\/actualite\/colloques\/creation-representation-et-sociabilite-au-feminin\/#primaryimage\"},\"image\":{\"@id\":\"https:\/\/www.sgeaj.ch\/fr\/actualite\/colloques\/creation-representation-et-sociabilite-au-feminin\/#primaryimage\"},\"thumbnailUrl\":\"https:\/\/www.sgeaj.ch\/wp-content\/uploads\/2021\/10\/image-giron-charles-femme-aux-gants-dite-la-parisienne-ppp3587-585474-scaled-e1648577165749.jpg\",\"datePublished\":\"2022-03-29T18:07:01+00:00\",\"dateModified\":\"2022-11-03T18:55:26+00:00\",\"inLanguage\":\"fr-FR\",\"potentialAction\":[{\"@type\":\"ReadAction\",\"target\":[\"https:\/\/www.sgeaj.ch\/fr\/actualite\/colloques\/creation-representation-et-sociabilite-au-feminin\/\"]}]},{\"@type\":\"ImageObject\",\"inLanguage\":\"fr-FR\",\"@id\":\"https:\/\/www.sgeaj.ch\/fr\/actualite\/colloques\/creation-representation-et-sociabilite-au-feminin\/#primaryimage\",\"url\":\"https:\/\/www.sgeaj.ch\/wp-content\/uploads\/2021\/10\/image-giron-charles-femme-aux-gants-dite-la-parisienne-ppp3587-585474-scaled-e1648577165749.jpg\",\"contentUrl\":\"https:\/\/www.sgeaj.ch\/wp-content\/uploads\/2021\/10\/image-giron-charles-femme-aux-gants-dite-la-parisienne-ppp3587-585474-scaled-e1648577165749.jpg\",\"width\":1167,\"height\":2560,\"caption\":\"Charles Giron (1850-1914). \\\"Femme aux gants dite la parisienne\\\", 1883. Mus\u00e9e des Beaux-Arts de la Ville de Paris, Petit Palais.\"},{\"@type\":\"WebSite\",\"@id\":\"https:\/\/www.sgeaj.ch\/fr\/#website\",\"url\":\"https:\/\/www.sgeaj.ch\/fr\/\",\"name\":\"Schweizerische Gesellschaft f\u00fcr die Erforschung des 18. Jahrhunderts (SGEAJ - SSEDS)\",\"description\":\"Schweizerische Gesellschaft f\u00fcr die Erforschung des 18. Jahrhunderts\",\"publisher\":{\"@id\":\"https:\/\/www.sgeaj.ch\/fr\/#organization\"},\"potentialAction\":[{\"@type\":\"SearchAction\",\"target\":{\"@type\":\"EntryPoint\",\"urlTemplate\":\"https:\/\/www.sgeaj.ch\/fr\/?s={search_term_string}\"},\"query-input\":{\"@type\":\"PropertyValueSpecification\",\"valueRequired\":true,\"valueName\":\"search_term_string\"}}],\"inLanguage\":\"fr-FR\"},{\"@type\":\"Organization\",\"@id\":\"https:\/\/www.sgeaj.ch\/fr\/#organization\",\"name\":\"Schweizerische Gesellschaft f\u00fcr die Erforschung des 18. Jahrhunderts (SGEAJ - SSEDS)\",\"url\":\"https:\/\/www.sgeaj.ch\/fr\/\",\"logo\":{\"@type\":\"ImageObject\",\"inLanguage\":\"fr-FR\",\"@id\":\"https:\/\/www.sgeaj.ch\/fr\/#\/schema\/logo\/image\/\",\"url\":\"https:\/\/www.sgeaj.ch\/wp-content\/uploads\/2021\/06\/cropped-logo-xviiies-horiz-abreuviations-bleues.png\",\"contentUrl\":\"https:\/\/www.sgeaj.ch\/wp-content\/uploads\/2021\/06\/cropped-logo-xviiies-horiz-abreuviations-bleues.png\",\"width\":659,\"height\":335,\"caption\":\"Schweizerische Gesellschaft f\u00fcr die Erforschung des 18. Jahrhunderts (SGEAJ - SSEDS)\"},\"image\":{\"@id\":\"https:\/\/www.sgeaj.ch\/fr\/#\/schema\/logo\/image\/\"}},{\"@type\":\"Person\",\"@id\":\"https:\/\/www.sgeaj.ch\/fr\/#\/schema\/person\/2cd839eed625879a17645fc9f307c8e7\",\"name\":\"Nadja Ackermann\",\"url\":\"https:\/\/www.sgeaj.ch\/fr\/author\/naackermann\/\"}]}<\/script>\n<!-- \/ Yoast SEO plugin. -->","yoast_head_json":{"title":"Cr\u00e9ation, repr\u00e9sentation et sociabilit\u00e9 au f\u00e9minin - Schweizerische Gesellschaft f\u00fcr die Erforschung des 18. Jahrhunderts (SGEAJ - SSEDS)","robots":{"index":"index","follow":"follow","max-snippet":"max-snippet:-1","max-image-preview":"max-image-preview:large","max-video-preview":"max-video-preview:-1"},"canonical":"https:\/\/www.sgeaj.ch\/fr\/actualite\/colloques\/creation-representation-et-sociabilite-au-feminin\/","twitter_misc":{"\u00c9crit par":"Nadja Ackermann","Dur\u00e9e de lecture estim\u00e9e":"1 minute"},"schema":{"@context":"https:\/\/schema.org","@graph":[{"@type":"Article","@id":"https:\/\/www.sgeaj.ch\/fr\/actualite\/colloques\/creation-representation-et-sociabilite-au-feminin\/#article","isPartOf":{"@id":"https:\/\/www.sgeaj.ch\/fr\/actualite\/colloques\/creation-representation-et-sociabilite-au-feminin\/"},"author":{"name":"Nadja Ackermann","@id":"https:\/\/www.sgeaj.ch\/fr\/#\/schema\/person\/2cd839eed625879a17645fc9f307c8e7"},"headline":"Cr\u00e9ation, repr\u00e9sentation et sociabilit\u00e9 au f\u00e9minin","datePublished":"2022-03-29T18:07:01+00:00","dateModified":"2022-11-03T18:55:26+00:00","mainEntityOfPage":{"@id":"https:\/\/www.sgeaj.ch\/fr\/actualite\/colloques\/creation-representation-et-sociabilite-au-feminin\/"},"wordCount":147,"publisher":{"@id":"https:\/\/www.sgeaj.ch\/fr\/#organization"},"image":{"@id":"https:\/\/www.sgeaj.ch\/fr\/actualite\/colloques\/creation-representation-et-sociabilite-au-feminin\/#primaryimage"},"thumbnailUrl":"https:\/\/www.sgeaj.ch\/wp-content\/uploads\/2021\/10\/image-giron-charles-femme-aux-gants-dite-la-parisienne-ppp3587-585474-scaled-e1648577165749.jpg","articleSection":["Actualit\u00e9","Colloques"],"inLanguage":"fr-FR"},{"@type":"WebPage","@id":"https:\/\/www.sgeaj.ch\/fr\/actualite\/colloques\/creation-representation-et-sociabilite-au-feminin\/","url":"https:\/\/www.sgeaj.ch\/fr\/actualite\/colloques\/creation-representation-et-sociabilite-au-feminin\/","name":"Cr\u00e9ation, repr\u00e9sentation et sociabilit\u00e9 au f\u00e9minin - Schweizerische Gesellschaft f\u00fcr die Erforschung des 18. Jahrhunderts (SGEAJ - SSEDS)","isPartOf":{"@id":"https:\/\/www.sgeaj.ch\/fr\/#website"},"primaryImageOfPage":{"@id":"https:\/\/www.sgeaj.ch\/fr\/actualite\/colloques\/creation-representation-et-sociabilite-au-feminin\/#primaryimage"},"image":{"@id":"https:\/\/www.sgeaj.ch\/fr\/actualite\/colloques\/creation-representation-et-sociabilite-au-feminin\/#primaryimage"},"thumbnailUrl":"https:\/\/www.sgeaj.ch\/wp-content\/uploads\/2021\/10\/image-giron-charles-femme-aux-gants-dite-la-parisienne-ppp3587-585474-scaled-e1648577165749.jpg","datePublished":"2022-03-29T18:07:01+00:00","dateModified":"2022-11-03T18:55:26+00:00","inLanguage":"fr-FR","potentialAction":[{"@type":"ReadAction","target":["https:\/\/www.sgeaj.ch\/fr\/actualite\/colloques\/creation-representation-et-sociabilite-au-feminin\/"]}]},{"@type":"ImageObject","inLanguage":"fr-FR","@id":"https:\/\/www.sgeaj.ch\/fr\/actualite\/colloques\/creation-representation-et-sociabilite-au-feminin\/#primaryimage","url":"https:\/\/www.sgeaj.ch\/wp-content\/uploads\/2021\/10\/image-giron-charles-femme-aux-gants-dite-la-parisienne-ppp3587-585474-scaled-e1648577165749.jpg","contentUrl":"https:\/\/www.sgeaj.ch\/wp-content\/uploads\/2021\/10\/image-giron-charles-femme-aux-gants-dite-la-parisienne-ppp3587-585474-scaled-e1648577165749.jpg","width":1167,"height":2560,"caption":"Charles Giron (1850-1914). \"Femme aux gants dite la parisienne\", 1883. Mus\u00e9e des Beaux-Arts de la Ville de Paris, Petit Palais."},{"@type":"WebSite","@id":"https:\/\/www.sgeaj.ch\/fr\/#website","url":"https:\/\/www.sgeaj.ch\/fr\/","name":"Schweizerische Gesellschaft f\u00fcr die Erforschung des 18. Jahrhunderts (SGEAJ - SSEDS)","description":"Schweizerische Gesellschaft f\u00fcr die Erforschung des 18. Jahrhunderts","publisher":{"@id":"https:\/\/www.sgeaj.ch\/fr\/#organization"},"potentialAction":[{"@type":"SearchAction","target":{"@type":"EntryPoint","urlTemplate":"https:\/\/www.sgeaj.ch\/fr\/?s={search_term_string}"},"query-input":{"@type":"PropertyValueSpecification","valueRequired":true,"valueName":"search_term_string"}}],"inLanguage":"fr-FR"},{"@type":"Organization","@id":"https:\/\/www.sgeaj.ch\/fr\/#organization","name":"Schweizerische Gesellschaft f\u00fcr die Erforschung des 18. Jahrhunderts (SGEAJ - SSEDS)","url":"https:\/\/www.sgeaj.ch\/fr\/","logo":{"@type":"ImageObject","inLanguage":"fr-FR","@id":"https:\/\/www.sgeaj.ch\/fr\/#\/schema\/logo\/image\/","url":"https:\/\/www.sgeaj.ch\/wp-content\/uploads\/2021\/06\/cropped-logo-xviiies-horiz-abreuviations-bleues.png","contentUrl":"https:\/\/www.sgeaj.ch\/wp-content\/uploads\/2021\/06\/cropped-logo-xviiies-horiz-abreuviations-bleues.png","width":659,"height":335,"caption":"Schweizerische Gesellschaft f\u00fcr die Erforschung des 18. Jahrhunderts (SGEAJ - SSEDS)"},"image":{"@id":"https:\/\/www.sgeaj.ch\/fr\/#\/schema\/logo\/image\/"}},{"@type":"Person","@id":"https:\/\/www.sgeaj.ch\/fr\/#\/schema\/person\/2cd839eed625879a17645fc9f307c8e7","name":"Nadja Ackermann","url":"https:\/\/www.sgeaj.ch\/fr\/author\/naackermann\/"}]}},"_links":{"self":[{"href":"https:\/\/www.sgeaj.ch\/fr\/wp-json\/wp\/v2\/posts\/6735","targetHints":{"allow":["GET"]}}],"collection":[{"href":"https:\/\/www.sgeaj.ch\/fr\/wp-json\/wp\/v2\/posts"}],"about":[{"href":"https:\/\/www.sgeaj.ch\/fr\/wp-json\/wp\/v2\/types\/post"}],"author":[{"embeddable":true,"href":"https:\/\/www.sgeaj.ch\/fr\/wp-json\/wp\/v2\/users\/7"}],"replies":[{"embeddable":true,"href":"https:\/\/www.sgeaj.ch\/fr\/wp-json\/wp\/v2\/comments?post=6735"}],"version-history":[{"count":2,"href":"https:\/\/www.sgeaj.ch\/fr\/wp-json\/wp\/v2\/posts\/6735\/revisions"}],"predecessor-version":[{"id":6879,"href":"https:\/\/www.sgeaj.ch\/fr\/wp-json\/wp\/v2\/posts\/6735\/revisions\/6879"}],"wp:featuredmedia":[{"embeddable":true,"href":"https:\/\/www.sgeaj.ch\/fr\/wp-json\/wp\/v2\/media\/6588"}],"wp:attachment":[{"href":"https:\/\/www.sgeaj.ch\/fr\/wp-json\/wp\/v2\/media?parent=6735"}],"wp:term":[{"taxonomy":"category","embeddable":true,"href":"https:\/\/www.sgeaj.ch\/fr\/wp-json\/wp\/v2\/categories?post=6735"},{"taxonomy":"post_tag","embeddable":true,"href":"https:\/\/www.sgeaj.ch\/fr\/wp-json\/wp\/v2\/tags?post=6735"}],"curies":[{"name":"wp","href":"https:\/\/api.w.org\/{rel}","templated":true}]}}