{"id":6742,"date":"2022-04-04T10:42:03","date_gmt":"2022-04-04T08:42:03","guid":{"rendered":"https:\/\/www.sgeaj.ch\/?p=6742"},"modified":"2022-04-04T10:43:23","modified_gmt":"2022-04-04T08:43:23","slug":"gelebte-aufklaerung-johann-georg-sulzer-im-kontext","status":"publish","type":"post","link":"https:\/\/www.sgeaj.ch\/fr\/actualite\/colloques\/gelebte-aufklaerung-johann-georg-sulzer-im-kontext\/","title":{"rendered":"Gelebte Aufkl\u00e4rung. Johann Georg Sulzer im Kontext"},"content":{"rendered":"\n<h3 class=\"wp-block-heading\">Tagung: Gelebte Aufkl\u00e4rung. Johann Georg Sulzer (1720\u20131779) im Kontext, , Halle an der Saale, 18. bis 20. Mai 2022<\/h3>\n\n\n\n<p>Johann Georg Sulzer geh\u00f6rt zu den zentralen Akteuren der Europ\u00e4ischen Aufkl\u00e4rung. In seinem vielf\u00e4ltigen und facettenreichen Werk spiegeln sich \u00e4sthetische, naturwissenschaftliche, p\u00e4dagogische, anthropologische, politische und literaturkritische Positionen, Diskurse und Debatten der Epoche in geradezu beispielhafter Art und Weise wider. Sowohl wissenschaftlich und kulturell als auch institutionell betrachtet, ist Sulzer ein Knotenpunkt in der intellektuellen Geschichte des 18. Jahrhunderts. Als Mitglied der Philosophischen Klasse der Berliner Akademie ist er vor allem f\u00fcr den gewichtigen Beitrag bekannt, den er als Autor der <em>Allgemeinen Theorie der Sch\u00f6nen K\u00fcnste<\/em> (1771\u20131774) zur Kunsttheorie und \u00c4sthetik der Aufkl\u00e4rung lieferte. Neben Arbeiten zur Kunst und Kunstanthropologie hat Sulzer zudem eine Vielzahl an philosophischen und p\u00e4dagogischen, naturhistorischen und physikotheologischen Schriften sowie Reiseberichte, literaturkritische Beitr\u00e4ge, kleinere literarische Werke und Briefe verfasst, die in der seit 2014 laufenden Edition seiner <em>Gesammelten Schriften<\/em> sukzessive erschlossen und pr\u00e4sentiert werden.<\/p>\n\n\n\n<p>Vor diesem Hintergrund will die Tagung Sulzers Werk und Wirkung&nbsp;im Kontext und mit Blick auf aktuelle Fragestellungen der Forschung disziplinen-, medien- und gattungs\u00fcbergreifend diskutieren. Fallstudien zu einzelnen Quellenbest\u00e4nden, Schriften und Werken werden dabei ebenso ins Blickfeld r\u00fccken wie eine n\u00e4here Verortung Sulzers in den gelehrten, kulturellen und historischen Diskursen und Praktiken seiner Zeit. Die Vortr\u00e4ge widmen sich unter anderem Sulzers Beitrag zur P\u00e4dagogik, seinen naturkundlichen und naturphilosophischen Arbeiten, seiner kritischen Auseinandersetzung mit Gottsched, seinen Briefwechseln und Reiseberichten, der Bedeutung weiblichen Lesens und Schreibens&nbsp;f\u00fcr Sulzer, der ethischen Funktion seiner \u00c4sthetik, seinen Szenographien der Erkenntnis sowie seiner Rolle in gelehrten und geselligen Kreisen, als Sammler, Glaubenszweifler und Kunsttheoretiker.<\/p>\n\n\n\n<p>Mit Beitr\u00e4gen von Moritz Ahrens, Maximilian Bach, Luisa Banki, Baptiste Baumann, Elisabeth D\u00e9cultot, Rainer Godel, Jakob C. Heller, Annika Hildebrandt, Hans-Joachim Kertscher, Jana Kittelmann, Daniela Kohler, Reimar F. Lacher, Korbinian Lindel, Anett L\u00fctteken, Hirohito Mita, Roland Spalinger, Carolin Rocks, Martin Stuber und anderen.<\/p>\n\n\n\n<p><a href=\"https:\/\/www.izea.uni-halle.de\/fileadmin\/content\/Veranstaltungen\/2022\/sulzer_programm_2022.pdf\" target=\"_blank\" rel=\"noreferrer noopener\">Programm<\/a><\/p>\n\n\n\n<p>N\u00e4here Auskunft erhalten Sie unter jana.kittelmann(at)izea.uni-halle.de<\/p>\n","protected":false},"excerpt":{"rendered":"<p>Tagung: Gelebte Aufkl\u00e4rung. Johann Georg Sulzer (1720\u20131779) im Kontext, , Halle an der Saale, 18. bis 20. Mai 2022 Johann Georg Sulzer geh\u00f6rt zu den zentralen Akteuren der Europ\u00e4ischen Aufkl\u00e4rung. In seinem vielf\u00e4ltigen und facettenreichen Werk spiegeln sich \u00e4sthetische, naturwissenschaftliche, p\u00e4dagogische, anthropologische, politische und literaturkritische Positionen, Diskurse und Debatten der Epoche in geradezu beispielhafter Art [&hellip;]<\/p>\n","protected":false},"author":7,"featured_media":6740,"comment_status":"closed","ping_status":"open","sticky":false,"template":"","format":"standard","meta":{"footnotes":""},"categories":[42,27],"tags":[],"class_list":{"0":"post-6742","1":"post","2":"type-post","3":"status-publish","4":"format-standard","5":"has-post-thumbnail","7":"category-actualite","8":"category-colloques","9":"czr-hentry"},"yoast_head":"<!-- This site is optimized with the Yoast SEO plugin v26.9 - https:\/\/yoast.com\/product\/yoast-seo-wordpress\/ -->\n<title>Gelebte Aufkl\u00e4rung. Johann Georg Sulzer im Kontext - Schweizerische Gesellschaft f\u00fcr die Erforschung des 18. Jahrhunderts (SGEAJ - SSEDS)<\/title>\n<meta name=\"robots\" content=\"index, follow, max-snippet:-1, max-image-preview:large, max-video-preview:-1\" \/>\n<link rel=\"canonical\" href=\"https:\/\/www.sgeaj.ch\/fr\/actualite\/colloques\/gelebte-aufklaerung-johann-georg-sulzer-im-kontext\/\" \/>\n<meta name=\"twitter:label1\" content=\"\u00c9crit par\" \/>\n\t<meta name=\"twitter:data1\" content=\"Nadja Ackermann\" \/>\n\t<meta name=\"twitter:label2\" content=\"Dur\u00e9e de lecture estim\u00e9e\" \/>\n\t<meta name=\"twitter:data2\" content=\"2 minutes\" \/>\n<script type=\"application\/ld+json\" class=\"yoast-schema-graph\">{\"@context\":\"https:\/\/schema.org\",\"@graph\":[{\"@type\":\"Article\",\"@id\":\"https:\/\/www.sgeaj.ch\/fr\/actualite\/colloques\/gelebte-aufklaerung-johann-georg-sulzer-im-kontext\/#article\",\"isPartOf\":{\"@id\":\"https:\/\/www.sgeaj.ch\/fr\/actualite\/colloques\/gelebte-aufklaerung-johann-georg-sulzer-im-kontext\/\"},\"author\":{\"name\":\"Nadja Ackermann\",\"@id\":\"https:\/\/www.sgeaj.ch\/fr\/#\/schema\/person\/2cd839eed625879a17645fc9f307c8e7\"},\"headline\":\"Gelebte Aufkl\u00e4rung. Johann Georg Sulzer im Kontext\",\"datePublished\":\"2022-04-04T08:42:03+00:00\",\"dateModified\":\"2022-04-04T08:43:23+00:00\",\"mainEntityOfPage\":{\"@id\":\"https:\/\/www.sgeaj.ch\/fr\/actualite\/colloques\/gelebte-aufklaerung-johann-georg-sulzer-im-kontext\/\"},\"wordCount\":345,\"publisher\":{\"@id\":\"https:\/\/www.sgeaj.ch\/fr\/#organization\"},\"image\":{\"@id\":\"https:\/\/www.sgeaj.ch\/fr\/actualite\/colloques\/gelebte-aufklaerung-johann-georg-sulzer-im-kontext\/#primaryimage\"},\"thumbnailUrl\":\"https:\/\/www.sgeaj.ch\/wp-content\/uploads\/2022\/04\/sulzer-portrait-ca-1780-e1649061790121.jpg\",\"articleSection\":[\"Actualit\u00e9\",\"Colloques\"],\"inLanguage\":\"fr-FR\"},{\"@type\":\"WebPage\",\"@id\":\"https:\/\/www.sgeaj.ch\/fr\/actualite\/colloques\/gelebte-aufklaerung-johann-georg-sulzer-im-kontext\/\",\"url\":\"https:\/\/www.sgeaj.ch\/fr\/actualite\/colloques\/gelebte-aufklaerung-johann-georg-sulzer-im-kontext\/\",\"name\":\"Gelebte Aufkl\u00e4rung. Johann Georg Sulzer im Kontext - Schweizerische Gesellschaft f\u00fcr die Erforschung des 18. Jahrhunderts (SGEAJ - SSEDS)\",\"isPartOf\":{\"@id\":\"https:\/\/www.sgeaj.ch\/fr\/#website\"},\"primaryImageOfPage\":{\"@id\":\"https:\/\/www.sgeaj.ch\/fr\/actualite\/colloques\/gelebte-aufklaerung-johann-georg-sulzer-im-kontext\/#primaryimage\"},\"image\":{\"@id\":\"https:\/\/www.sgeaj.ch\/fr\/actualite\/colloques\/gelebte-aufklaerung-johann-georg-sulzer-im-kontext\/#primaryimage\"},\"thumbnailUrl\":\"https:\/\/www.sgeaj.ch\/wp-content\/uploads\/2022\/04\/sulzer-portrait-ca-1780-e1649061790121.jpg\",\"datePublished\":\"2022-04-04T08:42:03+00:00\",\"dateModified\":\"2022-04-04T08:43:23+00:00\",\"inLanguage\":\"fr-FR\",\"potentialAction\":[{\"@type\":\"ReadAction\",\"target\":[\"https:\/\/www.sgeaj.ch\/fr\/actualite\/colloques\/gelebte-aufklaerung-johann-georg-sulzer-im-kontext\/\"]}]},{\"@type\":\"ImageObject\",\"inLanguage\":\"fr-FR\",\"@id\":\"https:\/\/www.sgeaj.ch\/fr\/actualite\/colloques\/gelebte-aufklaerung-johann-georg-sulzer-im-kontext\/#primaryimage\",\"url\":\"https:\/\/www.sgeaj.ch\/wp-content\/uploads\/2022\/04\/sulzer-portrait-ca-1780-e1649061790121.jpg\",\"contentUrl\":\"https:\/\/www.sgeaj.ch\/wp-content\/uploads\/2022\/04\/sulzer-portrait-ca-1780-e1649061790121.jpg\",\"width\":1256,\"height\":1555,\"caption\":\"Sulzer_Portrait_ca_1780\"},{\"@type\":\"WebSite\",\"@id\":\"https:\/\/www.sgeaj.ch\/fr\/#website\",\"url\":\"https:\/\/www.sgeaj.ch\/fr\/\",\"name\":\"Schweizerische Gesellschaft f\u00fcr die Erforschung des 18. Jahrhunderts (SGEAJ - SSEDS)\",\"description\":\"Schweizerische Gesellschaft f\u00fcr die Erforschung des 18. Jahrhunderts\",\"publisher\":{\"@id\":\"https:\/\/www.sgeaj.ch\/fr\/#organization\"},\"potentialAction\":[{\"@type\":\"SearchAction\",\"target\":{\"@type\":\"EntryPoint\",\"urlTemplate\":\"https:\/\/www.sgeaj.ch\/fr\/?s={search_term_string}\"},\"query-input\":{\"@type\":\"PropertyValueSpecification\",\"valueRequired\":true,\"valueName\":\"search_term_string\"}}],\"inLanguage\":\"fr-FR\"},{\"@type\":\"Organization\",\"@id\":\"https:\/\/www.sgeaj.ch\/fr\/#organization\",\"name\":\"Schweizerische Gesellschaft f\u00fcr die Erforschung des 18. Jahrhunderts (SGEAJ - SSEDS)\",\"url\":\"https:\/\/www.sgeaj.ch\/fr\/\",\"logo\":{\"@type\":\"ImageObject\",\"inLanguage\":\"fr-FR\",\"@id\":\"https:\/\/www.sgeaj.ch\/fr\/#\/schema\/logo\/image\/\",\"url\":\"https:\/\/www.sgeaj.ch\/wp-content\/uploads\/2021\/06\/cropped-logo-xviiies-horiz-abreuviations-bleues.png\",\"contentUrl\":\"https:\/\/www.sgeaj.ch\/wp-content\/uploads\/2021\/06\/cropped-logo-xviiies-horiz-abreuviations-bleues.png\",\"width\":659,\"height\":335,\"caption\":\"Schweizerische Gesellschaft f\u00fcr die Erforschung des 18. Jahrhunderts (SGEAJ - SSEDS)\"},\"image\":{\"@id\":\"https:\/\/www.sgeaj.ch\/fr\/#\/schema\/logo\/image\/\"}},{\"@type\":\"Person\",\"@id\":\"https:\/\/www.sgeaj.ch\/fr\/#\/schema\/person\/2cd839eed625879a17645fc9f307c8e7\",\"name\":\"Nadja Ackermann\",\"url\":\"https:\/\/www.sgeaj.ch\/fr\/author\/naackermann\/\"}]}<\/script>\n<!-- \/ Yoast SEO plugin. -->","yoast_head_json":{"title":"Gelebte Aufkl\u00e4rung. Johann Georg Sulzer im Kontext - Schweizerische Gesellschaft f\u00fcr die Erforschung des 18. Jahrhunderts (SGEAJ - SSEDS)","robots":{"index":"index","follow":"follow","max-snippet":"max-snippet:-1","max-image-preview":"max-image-preview:large","max-video-preview":"max-video-preview:-1"},"canonical":"https:\/\/www.sgeaj.ch\/fr\/actualite\/colloques\/gelebte-aufklaerung-johann-georg-sulzer-im-kontext\/","twitter_misc":{"\u00c9crit par":"Nadja Ackermann","Dur\u00e9e de lecture estim\u00e9e":"2 minutes"},"schema":{"@context":"https:\/\/schema.org","@graph":[{"@type":"Article","@id":"https:\/\/www.sgeaj.ch\/fr\/actualite\/colloques\/gelebte-aufklaerung-johann-georg-sulzer-im-kontext\/#article","isPartOf":{"@id":"https:\/\/www.sgeaj.ch\/fr\/actualite\/colloques\/gelebte-aufklaerung-johann-georg-sulzer-im-kontext\/"},"author":{"name":"Nadja Ackermann","@id":"https:\/\/www.sgeaj.ch\/fr\/#\/schema\/person\/2cd839eed625879a17645fc9f307c8e7"},"headline":"Gelebte Aufkl\u00e4rung. Johann Georg Sulzer im Kontext","datePublished":"2022-04-04T08:42:03+00:00","dateModified":"2022-04-04T08:43:23+00:00","mainEntityOfPage":{"@id":"https:\/\/www.sgeaj.ch\/fr\/actualite\/colloques\/gelebte-aufklaerung-johann-georg-sulzer-im-kontext\/"},"wordCount":345,"publisher":{"@id":"https:\/\/www.sgeaj.ch\/fr\/#organization"},"image":{"@id":"https:\/\/www.sgeaj.ch\/fr\/actualite\/colloques\/gelebte-aufklaerung-johann-georg-sulzer-im-kontext\/#primaryimage"},"thumbnailUrl":"https:\/\/www.sgeaj.ch\/wp-content\/uploads\/2022\/04\/sulzer-portrait-ca-1780-e1649061790121.jpg","articleSection":["Actualit\u00e9","Colloques"],"inLanguage":"fr-FR"},{"@type":"WebPage","@id":"https:\/\/www.sgeaj.ch\/fr\/actualite\/colloques\/gelebte-aufklaerung-johann-georg-sulzer-im-kontext\/","url":"https:\/\/www.sgeaj.ch\/fr\/actualite\/colloques\/gelebte-aufklaerung-johann-georg-sulzer-im-kontext\/","name":"Gelebte Aufkl\u00e4rung. Johann Georg Sulzer im Kontext - Schweizerische Gesellschaft f\u00fcr die Erforschung des 18. Jahrhunderts (SGEAJ - SSEDS)","isPartOf":{"@id":"https:\/\/www.sgeaj.ch\/fr\/#website"},"primaryImageOfPage":{"@id":"https:\/\/www.sgeaj.ch\/fr\/actualite\/colloques\/gelebte-aufklaerung-johann-georg-sulzer-im-kontext\/#primaryimage"},"image":{"@id":"https:\/\/www.sgeaj.ch\/fr\/actualite\/colloques\/gelebte-aufklaerung-johann-georg-sulzer-im-kontext\/#primaryimage"},"thumbnailUrl":"https:\/\/www.sgeaj.ch\/wp-content\/uploads\/2022\/04\/sulzer-portrait-ca-1780-e1649061790121.jpg","datePublished":"2022-04-04T08:42:03+00:00","dateModified":"2022-04-04T08:43:23+00:00","inLanguage":"fr-FR","potentialAction":[{"@type":"ReadAction","target":["https:\/\/www.sgeaj.ch\/fr\/actualite\/colloques\/gelebte-aufklaerung-johann-georg-sulzer-im-kontext\/"]}]},{"@type":"ImageObject","inLanguage":"fr-FR","@id":"https:\/\/www.sgeaj.ch\/fr\/actualite\/colloques\/gelebte-aufklaerung-johann-georg-sulzer-im-kontext\/#primaryimage","url":"https:\/\/www.sgeaj.ch\/wp-content\/uploads\/2022\/04\/sulzer-portrait-ca-1780-e1649061790121.jpg","contentUrl":"https:\/\/www.sgeaj.ch\/wp-content\/uploads\/2022\/04\/sulzer-portrait-ca-1780-e1649061790121.jpg","width":1256,"height":1555,"caption":"Sulzer_Portrait_ca_1780"},{"@type":"WebSite","@id":"https:\/\/www.sgeaj.ch\/fr\/#website","url":"https:\/\/www.sgeaj.ch\/fr\/","name":"Schweizerische Gesellschaft f\u00fcr die Erforschung des 18. Jahrhunderts (SGEAJ - SSEDS)","description":"Schweizerische Gesellschaft f\u00fcr die Erforschung des 18. Jahrhunderts","publisher":{"@id":"https:\/\/www.sgeaj.ch\/fr\/#organization"},"potentialAction":[{"@type":"SearchAction","target":{"@type":"EntryPoint","urlTemplate":"https:\/\/www.sgeaj.ch\/fr\/?s={search_term_string}"},"query-input":{"@type":"PropertyValueSpecification","valueRequired":true,"valueName":"search_term_string"}}],"inLanguage":"fr-FR"},{"@type":"Organization","@id":"https:\/\/www.sgeaj.ch\/fr\/#organization","name":"Schweizerische Gesellschaft f\u00fcr die Erforschung des 18. Jahrhunderts (SGEAJ - SSEDS)","url":"https:\/\/www.sgeaj.ch\/fr\/","logo":{"@type":"ImageObject","inLanguage":"fr-FR","@id":"https:\/\/www.sgeaj.ch\/fr\/#\/schema\/logo\/image\/","url":"https:\/\/www.sgeaj.ch\/wp-content\/uploads\/2021\/06\/cropped-logo-xviiies-horiz-abreuviations-bleues.png","contentUrl":"https:\/\/www.sgeaj.ch\/wp-content\/uploads\/2021\/06\/cropped-logo-xviiies-horiz-abreuviations-bleues.png","width":659,"height":335,"caption":"Schweizerische Gesellschaft f\u00fcr die Erforschung des 18. Jahrhunderts (SGEAJ - SSEDS)"},"image":{"@id":"https:\/\/www.sgeaj.ch\/fr\/#\/schema\/logo\/image\/"}},{"@type":"Person","@id":"https:\/\/www.sgeaj.ch\/fr\/#\/schema\/person\/2cd839eed625879a17645fc9f307c8e7","name":"Nadja Ackermann","url":"https:\/\/www.sgeaj.ch\/fr\/author\/naackermann\/"}]}},"_links":{"self":[{"href":"https:\/\/www.sgeaj.ch\/fr\/wp-json\/wp\/v2\/posts\/6742","targetHints":{"allow":["GET"]}}],"collection":[{"href":"https:\/\/www.sgeaj.ch\/fr\/wp-json\/wp\/v2\/posts"}],"about":[{"href":"https:\/\/www.sgeaj.ch\/fr\/wp-json\/wp\/v2\/types\/post"}],"author":[{"embeddable":true,"href":"https:\/\/www.sgeaj.ch\/fr\/wp-json\/wp\/v2\/users\/7"}],"replies":[{"embeddable":true,"href":"https:\/\/www.sgeaj.ch\/fr\/wp-json\/wp\/v2\/comments?post=6742"}],"version-history":[{"count":1,"href":"https:\/\/www.sgeaj.ch\/fr\/wp-json\/wp\/v2\/posts\/6742\/revisions"}],"predecessor-version":[{"id":6743,"href":"https:\/\/www.sgeaj.ch\/fr\/wp-json\/wp\/v2\/posts\/6742\/revisions\/6743"}],"wp:featuredmedia":[{"embeddable":true,"href":"https:\/\/www.sgeaj.ch\/fr\/wp-json\/wp\/v2\/media\/6740"}],"wp:attachment":[{"href":"https:\/\/www.sgeaj.ch\/fr\/wp-json\/wp\/v2\/media?parent=6742"}],"wp:term":[{"taxonomy":"category","embeddable":true,"href":"https:\/\/www.sgeaj.ch\/fr\/wp-json\/wp\/v2\/categories?post=6742"},{"taxonomy":"post_tag","embeddable":true,"href":"https:\/\/www.sgeaj.ch\/fr\/wp-json\/wp\/v2\/tags?post=6742"}],"curies":[{"name":"wp","href":"https:\/\/api.w.org\/{rel}","templated":true}]}}