{"id":6784,"date":"2023-06-28T20:28:59","date_gmt":"2023-06-28T18:28:59","guid":{"rendered":"https:\/\/www.sgeaj.ch\/?p=6784"},"modified":"2023-06-28T20:30:56","modified_gmt":"2023-06-28T18:30:56","slug":"recherches-sur-la-suisse-au-xviiie-siecle","status":"publish","type":"post","link":"https:\/\/www.sgeaj.ch\/fr\/actualite\/call-for-papers-fr\/recherches-sur-la-suisse-au-xviiie-siecle\/","title":{"rendered":"Recherches sur la Suisse au XVIIIe si\u00e8cle"},"content":{"rendered":"\n<p>La r\u00e9daction de <em>xviii.ch. Revue suisse pour l&rsquo;\u00e9tude du XVIIIe si\u00e8cle<\/em> vous invite \u00e0 lui soumettre une proposition d&rsquo;articles pour son num\u00e9ro 15 (2024).<\/p>\n\n\n\n<p>xviii.ch publie des articles scientifiques, des \u00e9ditions comment\u00e9es de sources ou des essais sur les tendances actuelles de la recherche sur tous les aspects de l&rsquo;histoire intellectuelle, sociale ou culturelle du XVIII<sup>e<\/sup> si\u00e8cle qui concernent directement ou indirectement l&rsquo;espace suisse. Les articles, qui peuvent \u00eatre r\u00e9dig\u00e9s en allemand, fran\u00e7ais, italien ou anglais, sont publi\u00e9s simultan\u00e9ment sous forme imprim\u00e9e et \u00e9lectronique (Open Access Gold). Tous les frais de publication sont couverts par la Soci\u00e9t\u00e9 suisse pour l&rsquo;\u00e9tude du XVIII<sup>e<\/sup> si\u00e8cle et l&rsquo;Acad\u00e9mie suisse des sciences humaines et sociales. La qualit\u00e9 des publications est garantie par une double proc\u00e9dure de <em>peer review<\/em>, soutenue par l\u2019expertise interdisciplinaire de l\u2019\u00e9quipe de r\u00e9daction. Nous souhaitons express\u00e9ment encourager les jeunes chercheuses et chercheurs de toutes les disciplines qui s&rsquo;int\u00e9ressent au si\u00e8cle des Lumi\u00e8res \u00e0 soumettre des propositions d&rsquo;articles issus de leurs projets en cours.<\/p>\n\n\n\n<p>Les propositions d&rsquo;articles d&rsquo;une page maximum (avec les coordonn\u00e9es) peuvent \u00eatre envoy\u00e9es par e-mail \u00e0 <a href=\"mailto:xviii.ch@sgeaj.ch\" target=\"_blank\" rel=\"noreferrer noopener\">info@xviii.ch<\/a> jusqu&rsquo;au <strong>6 ao\u00fbt 2023<\/strong>. La r\u00e9daction examinera les propositions et invitera les autrices et auteurs s\u00e9lectionn\u00e9.e.s \u00e0 soumettre leur article jusqu&rsquo;au 31 d\u00e9cembre 2023 (publication garantie sous r\u00e9serve d&rsquo;acceptation lors de l&rsquo;\u00e9valuation externe par les pairs).<\/p>\n\n\n\n<p>La r\u00e9daction se tient \u00e0 votre disposition pour r\u00e9pondre \u00e0 toute question. Vous trouverez en outre de plus amples informations sur la revue sur notre site internet : <a href=\"http:\/\/www.xviii.ch\" target=\"_blank\" rel=\"noreferrer noopener\">www.xviii.ch<\/a>&nbsp;<\/p>\n\n\n\n<div data-wp-interactive=\"core\/file\" class=\"wp-block-file\"><object data-wp-bind--hidden=\"!state.hasPdfPreview\" hidden class=\"wp-block-file__embed\" data=\"https:\/\/www.sgeaj.ch\/wp-content\/uploads\/2023\/06\/call-for-proposals-de-1.pdf\" type=\"application\/pdf\" style=\"width:100%;height:600px\" aria-label=\"Contenu embarqu\u00e9 Call for Proposals_de.\"><\/object><a id=\"wp-block-file--media-494ca955-f973-4993-b102-2c774df7248f\" href=\"https:\/\/www.sgeaj.ch\/wp-content\/uploads\/2023\/06\/call-for-proposals-de-1.pdf\">Call for Proposals_de<\/a><a href=\"https:\/\/www.sgeaj.ch\/wp-content\/uploads\/2023\/06\/call-for-proposals-de-1.pdf\" class=\"wp-block-file__button wp-element-button\" download aria-describedby=\"wp-block-file--media-494ca955-f973-4993-b102-2c774df7248f\">Herunterladen<\/a><\/div>\n\n\n\n<div data-wp-interactive=\"core\/file\" class=\"wp-block-file\"><object data-wp-bind--hidden=\"!state.hasPdfPreview\" hidden class=\"wp-block-file__embed\" data=\"https:\/\/www.sgeaj.ch\/wp-content\/uploads\/2023\/06\/call-for-proposals-fr-1.pdf\" type=\"application\/pdf\" style=\"width:100%;height:600px\" aria-label=\"Contenu embarqu\u00e9 Call for Proposals_fr.\"><\/object><a id=\"wp-block-file--media-8884f7a4-cce7-4958-ad98-6ada72295a91\" href=\"https:\/\/www.sgeaj.ch\/wp-content\/uploads\/2023\/06\/call-for-proposals-fr-1.pdf\">Call for Proposals_fr<\/a><a href=\"https:\/\/www.sgeaj.ch\/wp-content\/uploads\/2023\/06\/call-for-proposals-fr-1.pdf\" class=\"wp-block-file__button wp-element-button\" download aria-describedby=\"wp-block-file--media-8884f7a4-cce7-4958-ad98-6ada72295a91\">Herunterladen<\/a><\/div>\n\n\n\n<div data-wp-interactive=\"core\/file\" class=\"wp-block-file\"><object data-wp-bind--hidden=\"!state.hasPdfPreview\" hidden class=\"wp-block-file__embed\" data=\"https:\/\/www.sgeaj.ch\/wp-content\/uploads\/2023\/06\/call-for-proposals-it-1.pdf\" type=\"application\/pdf\" style=\"width:100%;height:600px\" aria-label=\"Contenu embarqu\u00e9 Call for Proposals_it.\"><\/object><a id=\"wp-block-file--media-2f3c8edd-c98a-495d-904d-4790b19b4b15\" href=\"https:\/\/www.sgeaj.ch\/wp-content\/uploads\/2023\/06\/call-for-proposals-it-1.pdf\">Call for Proposals_it<\/a><a href=\"https:\/\/www.sgeaj.ch\/wp-content\/uploads\/2023\/06\/call-for-proposals-it-1.pdf\" class=\"wp-block-file__button wp-element-button\" download aria-describedby=\"wp-block-file--media-2f3c8edd-c98a-495d-904d-4790b19b4b15\">Herunterladen<\/a><\/div>\n\n\n\n<div data-wp-interactive=\"core\/file\" class=\"wp-block-file\"><object data-wp-bind--hidden=\"!state.hasPdfPreview\" hidden class=\"wp-block-file__embed\" data=\"https:\/\/www.sgeaj.ch\/wp-content\/uploads\/2023\/06\/call-for-proposals-en-1.pdf\" type=\"application\/pdf\" style=\"width:100%;height:600px\" aria-label=\"Contenu embarqu\u00e9 Call for Proposals_en.\"><\/object><a id=\"wp-block-file--media-f0a4d9d0-14ba-4412-8702-12ea85bd9ac1\" href=\"https:\/\/www.sgeaj.ch\/wp-content\/uploads\/2023\/06\/call-for-proposals-en-1.pdf\">Call for Proposals_en<\/a><a href=\"https:\/\/www.sgeaj.ch\/wp-content\/uploads\/2023\/06\/call-for-proposals-en-1.pdf\" class=\"wp-block-file__button wp-element-button\" download aria-describedby=\"wp-block-file--media-f0a4d9d0-14ba-4412-8702-12ea85bd9ac1\">Herunterladen<\/a><\/div>\n","protected":false},"excerpt":{"rendered":"<p>La r\u00e9daction de xviii.ch. Revue suisse pour l&rsquo;\u00e9tude du XVIIIe si\u00e8cle vous invite \u00e0 lui soumettre une proposition d&rsquo;articles pour son num\u00e9ro 15 (2024). xviii.ch publie des articles scientifiques, des \u00e9ditions comment\u00e9es de sources ou des essais sur les tendances actuelles de la recherche sur tous les aspects de l&rsquo;histoire intellectuelle, sociale ou culturelle du [&hellip;]<\/p>\n","protected":false},"author":7,"featured_media":5455,"comment_status":"closed","ping_status":"open","sticky":false,"template":"","format":"standard","meta":{"footnotes":""},"categories":[42,26],"tags":[],"class_list":{"0":"post-6784","1":"post","2":"type-post","3":"status-publish","4":"format-standard","5":"has-post-thumbnail","7":"category-actualite","8":"category-call-for-papers-fr","9":"czr-hentry"},"yoast_head":"<!-- This site is optimized with the Yoast SEO plugin v26.9 - https:\/\/yoast.com\/product\/yoast-seo-wordpress\/ -->\n<title>Recherches sur la Suisse au XVIIIe si\u00e8cle - Schweizerische Gesellschaft f\u00fcr die Erforschung des 18. Jahrhunderts (SGEAJ - SSEDS)<\/title>\n<meta name=\"robots\" content=\"index, follow, max-snippet:-1, max-image-preview:large, max-video-preview:-1\" \/>\n<link rel=\"canonical\" href=\"https:\/\/www.sgeaj.ch\/fr\/actualite\/call-for-papers-fr\/recherches-sur-la-suisse-au-xviiie-siecle\/\" \/>\n<meta name=\"twitter:label1\" content=\"\u00c9crit par\" \/>\n\t<meta name=\"twitter:data1\" content=\"Nadja Ackermann\" \/>\n\t<meta name=\"twitter:label2\" content=\"Dur\u00e9e de lecture estim\u00e9e\" \/>\n\t<meta name=\"twitter:data2\" content=\"2 minutes\" \/>\n<script type=\"application\/ld+json\" class=\"yoast-schema-graph\">{\"@context\":\"https:\/\/schema.org\",\"@graph\":[{\"@type\":\"Article\",\"@id\":\"https:\/\/www.sgeaj.ch\/fr\/actualite\/call-for-papers-fr\/recherches-sur-la-suisse-au-xviiie-siecle\/#article\",\"isPartOf\":{\"@id\":\"https:\/\/www.sgeaj.ch\/fr\/actualite\/call-for-papers-fr\/recherches-sur-la-suisse-au-xviiie-siecle\/\"},\"author\":{\"name\":\"Nadja Ackermann\",\"@id\":\"https:\/\/www.sgeaj.ch\/fr\/#\/schema\/person\/2cd839eed625879a17645fc9f307c8e7\"},\"headline\":\"Recherches sur la Suisse au XVIIIe si\u00e8cle\",\"datePublished\":\"2023-06-28T18:28:59+00:00\",\"dateModified\":\"2023-06-28T18:30:56+00:00\",\"mainEntityOfPage\":{\"@id\":\"https:\/\/www.sgeaj.ch\/fr\/actualite\/call-for-papers-fr\/recherches-sur-la-suisse-au-xviiie-siecle\/\"},\"wordCount\":312,\"publisher\":{\"@id\":\"https:\/\/www.sgeaj.ch\/fr\/#organization\"},\"image\":{\"@id\":\"https:\/\/www.sgeaj.ch\/fr\/actualite\/call-for-papers-fr\/recherches-sur-la-suisse-au-xviiie-siecle\/#primaryimage\"},\"thumbnailUrl\":\"https:\/\/www.sgeaj.ch\/wp-content\/uploads\/2021\/03\/0001-scaled.jpg\",\"articleSection\":[\"Actualit\u00e9\",\"Call for Papers\"],\"inLanguage\":\"fr-FR\"},{\"@type\":\"WebPage\",\"@id\":\"https:\/\/www.sgeaj.ch\/fr\/actualite\/call-for-papers-fr\/recherches-sur-la-suisse-au-xviiie-siecle\/\",\"url\":\"https:\/\/www.sgeaj.ch\/fr\/actualite\/call-for-papers-fr\/recherches-sur-la-suisse-au-xviiie-siecle\/\",\"name\":\"Recherches sur la Suisse au XVIIIe si\u00e8cle - Schweizerische Gesellschaft f\u00fcr die Erforschung des 18. Jahrhunderts (SGEAJ - SSEDS)\",\"isPartOf\":{\"@id\":\"https:\/\/www.sgeaj.ch\/fr\/#website\"},\"primaryImageOfPage\":{\"@id\":\"https:\/\/www.sgeaj.ch\/fr\/actualite\/call-for-papers-fr\/recherches-sur-la-suisse-au-xviiie-siecle\/#primaryimage\"},\"image\":{\"@id\":\"https:\/\/www.sgeaj.ch\/fr\/actualite\/call-for-papers-fr\/recherches-sur-la-suisse-au-xviiie-siecle\/#primaryimage\"},\"thumbnailUrl\":\"https:\/\/www.sgeaj.ch\/wp-content\/uploads\/2021\/03\/0001-scaled.jpg\",\"datePublished\":\"2023-06-28T18:28:59+00:00\",\"dateModified\":\"2023-06-28T18:30:56+00:00\",\"inLanguage\":\"fr-FR\",\"potentialAction\":[{\"@type\":\"ReadAction\",\"target\":[\"https:\/\/www.sgeaj.ch\/fr\/actualite\/call-for-papers-fr\/recherches-sur-la-suisse-au-xviiie-siecle\/\"]}]},{\"@type\":\"ImageObject\",\"inLanguage\":\"fr-FR\",\"@id\":\"https:\/\/www.sgeaj.ch\/fr\/actualite\/call-for-papers-fr\/recherches-sur-la-suisse-au-xviiie-siecle\/#primaryimage\",\"url\":\"https:\/\/www.sgeaj.ch\/wp-content\/uploads\/2021\/03\/0001-scaled.jpg\",\"contentUrl\":\"https:\/\/www.sgeaj.ch\/wp-content\/uploads\/2021\/03\/0001-scaled.jpg\",\"width\":1769,\"height\":2560},{\"@type\":\"WebSite\",\"@id\":\"https:\/\/www.sgeaj.ch\/fr\/#website\",\"url\":\"https:\/\/www.sgeaj.ch\/fr\/\",\"name\":\"Schweizerische Gesellschaft f\u00fcr die Erforschung des 18. Jahrhunderts (SGEAJ - SSEDS)\",\"description\":\"Schweizerische Gesellschaft f\u00fcr die Erforschung des 18. Jahrhunderts\",\"publisher\":{\"@id\":\"https:\/\/www.sgeaj.ch\/fr\/#organization\"},\"potentialAction\":[{\"@type\":\"SearchAction\",\"target\":{\"@type\":\"EntryPoint\",\"urlTemplate\":\"https:\/\/www.sgeaj.ch\/fr\/?s={search_term_string}\"},\"query-input\":{\"@type\":\"PropertyValueSpecification\",\"valueRequired\":true,\"valueName\":\"search_term_string\"}}],\"inLanguage\":\"fr-FR\"},{\"@type\":\"Organization\",\"@id\":\"https:\/\/www.sgeaj.ch\/fr\/#organization\",\"name\":\"Schweizerische Gesellschaft f\u00fcr die Erforschung des 18. Jahrhunderts (SGEAJ - SSEDS)\",\"url\":\"https:\/\/www.sgeaj.ch\/fr\/\",\"logo\":{\"@type\":\"ImageObject\",\"inLanguage\":\"fr-FR\",\"@id\":\"https:\/\/www.sgeaj.ch\/fr\/#\/schema\/logo\/image\/\",\"url\":\"https:\/\/www.sgeaj.ch\/wp-content\/uploads\/2021\/06\/cropped-logo-xviiies-horiz-abreuviations-bleues.png\",\"contentUrl\":\"https:\/\/www.sgeaj.ch\/wp-content\/uploads\/2021\/06\/cropped-logo-xviiies-horiz-abreuviations-bleues.png\",\"width\":659,\"height\":335,\"caption\":\"Schweizerische Gesellschaft f\u00fcr die Erforschung des 18. Jahrhunderts (SGEAJ - SSEDS)\"},\"image\":{\"@id\":\"https:\/\/www.sgeaj.ch\/fr\/#\/schema\/logo\/image\/\"}},{\"@type\":\"Person\",\"@id\":\"https:\/\/www.sgeaj.ch\/fr\/#\/schema\/person\/2cd839eed625879a17645fc9f307c8e7\",\"name\":\"Nadja Ackermann\",\"url\":\"https:\/\/www.sgeaj.ch\/fr\/author\/naackermann\/\"}]}<\/script>\n<!-- \/ Yoast SEO plugin. -->","yoast_head_json":{"title":"Recherches sur la Suisse au XVIIIe si\u00e8cle - Schweizerische Gesellschaft f\u00fcr die Erforschung des 18. Jahrhunderts (SGEAJ - SSEDS)","robots":{"index":"index","follow":"follow","max-snippet":"max-snippet:-1","max-image-preview":"max-image-preview:large","max-video-preview":"max-video-preview:-1"},"canonical":"https:\/\/www.sgeaj.ch\/fr\/actualite\/call-for-papers-fr\/recherches-sur-la-suisse-au-xviiie-siecle\/","twitter_misc":{"\u00c9crit par":"Nadja Ackermann","Dur\u00e9e de lecture estim\u00e9e":"2 minutes"},"schema":{"@context":"https:\/\/schema.org","@graph":[{"@type":"Article","@id":"https:\/\/www.sgeaj.ch\/fr\/actualite\/call-for-papers-fr\/recherches-sur-la-suisse-au-xviiie-siecle\/#article","isPartOf":{"@id":"https:\/\/www.sgeaj.ch\/fr\/actualite\/call-for-papers-fr\/recherches-sur-la-suisse-au-xviiie-siecle\/"},"author":{"name":"Nadja Ackermann","@id":"https:\/\/www.sgeaj.ch\/fr\/#\/schema\/person\/2cd839eed625879a17645fc9f307c8e7"},"headline":"Recherches sur la Suisse au XVIIIe si\u00e8cle","datePublished":"2023-06-28T18:28:59+00:00","dateModified":"2023-06-28T18:30:56+00:00","mainEntityOfPage":{"@id":"https:\/\/www.sgeaj.ch\/fr\/actualite\/call-for-papers-fr\/recherches-sur-la-suisse-au-xviiie-siecle\/"},"wordCount":312,"publisher":{"@id":"https:\/\/www.sgeaj.ch\/fr\/#organization"},"image":{"@id":"https:\/\/www.sgeaj.ch\/fr\/actualite\/call-for-papers-fr\/recherches-sur-la-suisse-au-xviiie-siecle\/#primaryimage"},"thumbnailUrl":"https:\/\/www.sgeaj.ch\/wp-content\/uploads\/2021\/03\/0001-scaled.jpg","articleSection":["Actualit\u00e9","Call for Papers"],"inLanguage":"fr-FR"},{"@type":"WebPage","@id":"https:\/\/www.sgeaj.ch\/fr\/actualite\/call-for-papers-fr\/recherches-sur-la-suisse-au-xviiie-siecle\/","url":"https:\/\/www.sgeaj.ch\/fr\/actualite\/call-for-papers-fr\/recherches-sur-la-suisse-au-xviiie-siecle\/","name":"Recherches sur la Suisse au XVIIIe si\u00e8cle - Schweizerische Gesellschaft f\u00fcr die Erforschung des 18. Jahrhunderts (SGEAJ - SSEDS)","isPartOf":{"@id":"https:\/\/www.sgeaj.ch\/fr\/#website"},"primaryImageOfPage":{"@id":"https:\/\/www.sgeaj.ch\/fr\/actualite\/call-for-papers-fr\/recherches-sur-la-suisse-au-xviiie-siecle\/#primaryimage"},"image":{"@id":"https:\/\/www.sgeaj.ch\/fr\/actualite\/call-for-papers-fr\/recherches-sur-la-suisse-au-xviiie-siecle\/#primaryimage"},"thumbnailUrl":"https:\/\/www.sgeaj.ch\/wp-content\/uploads\/2021\/03\/0001-scaled.jpg","datePublished":"2023-06-28T18:28:59+00:00","dateModified":"2023-06-28T18:30:56+00:00","inLanguage":"fr-FR","potentialAction":[{"@type":"ReadAction","target":["https:\/\/www.sgeaj.ch\/fr\/actualite\/call-for-papers-fr\/recherches-sur-la-suisse-au-xviiie-siecle\/"]}]},{"@type":"ImageObject","inLanguage":"fr-FR","@id":"https:\/\/www.sgeaj.ch\/fr\/actualite\/call-for-papers-fr\/recherches-sur-la-suisse-au-xviiie-siecle\/#primaryimage","url":"https:\/\/www.sgeaj.ch\/wp-content\/uploads\/2021\/03\/0001-scaled.jpg","contentUrl":"https:\/\/www.sgeaj.ch\/wp-content\/uploads\/2021\/03\/0001-scaled.jpg","width":1769,"height":2560},{"@type":"WebSite","@id":"https:\/\/www.sgeaj.ch\/fr\/#website","url":"https:\/\/www.sgeaj.ch\/fr\/","name":"Schweizerische Gesellschaft f\u00fcr die Erforschung des 18. Jahrhunderts (SGEAJ - SSEDS)","description":"Schweizerische Gesellschaft f\u00fcr die Erforschung des 18. Jahrhunderts","publisher":{"@id":"https:\/\/www.sgeaj.ch\/fr\/#organization"},"potentialAction":[{"@type":"SearchAction","target":{"@type":"EntryPoint","urlTemplate":"https:\/\/www.sgeaj.ch\/fr\/?s={search_term_string}"},"query-input":{"@type":"PropertyValueSpecification","valueRequired":true,"valueName":"search_term_string"}}],"inLanguage":"fr-FR"},{"@type":"Organization","@id":"https:\/\/www.sgeaj.ch\/fr\/#organization","name":"Schweizerische Gesellschaft f\u00fcr die Erforschung des 18. Jahrhunderts (SGEAJ - SSEDS)","url":"https:\/\/www.sgeaj.ch\/fr\/","logo":{"@type":"ImageObject","inLanguage":"fr-FR","@id":"https:\/\/www.sgeaj.ch\/fr\/#\/schema\/logo\/image\/","url":"https:\/\/www.sgeaj.ch\/wp-content\/uploads\/2021\/06\/cropped-logo-xviiies-horiz-abreuviations-bleues.png","contentUrl":"https:\/\/www.sgeaj.ch\/wp-content\/uploads\/2021\/06\/cropped-logo-xviiies-horiz-abreuviations-bleues.png","width":659,"height":335,"caption":"Schweizerische Gesellschaft f\u00fcr die Erforschung des 18. Jahrhunderts (SGEAJ - SSEDS)"},"image":{"@id":"https:\/\/www.sgeaj.ch\/fr\/#\/schema\/logo\/image\/"}},{"@type":"Person","@id":"https:\/\/www.sgeaj.ch\/fr\/#\/schema\/person\/2cd839eed625879a17645fc9f307c8e7","name":"Nadja Ackermann","url":"https:\/\/www.sgeaj.ch\/fr\/author\/naackermann\/"}]}},"_links":{"self":[{"href":"https:\/\/www.sgeaj.ch\/fr\/wp-json\/wp\/v2\/posts\/6784","targetHints":{"allow":["GET"]}}],"collection":[{"href":"https:\/\/www.sgeaj.ch\/fr\/wp-json\/wp\/v2\/posts"}],"about":[{"href":"https:\/\/www.sgeaj.ch\/fr\/wp-json\/wp\/v2\/types\/post"}],"author":[{"embeddable":true,"href":"https:\/\/www.sgeaj.ch\/fr\/wp-json\/wp\/v2\/users\/7"}],"replies":[{"embeddable":true,"href":"https:\/\/www.sgeaj.ch\/fr\/wp-json\/wp\/v2\/comments?post=6784"}],"version-history":[{"count":3,"href":"https:\/\/www.sgeaj.ch\/fr\/wp-json\/wp\/v2\/posts\/6784\/revisions"}],"predecessor-version":[{"id":7055,"href":"https:\/\/www.sgeaj.ch\/fr\/wp-json\/wp\/v2\/posts\/6784\/revisions\/7055"}],"wp:featuredmedia":[{"embeddable":true,"href":"https:\/\/www.sgeaj.ch\/fr\/wp-json\/wp\/v2\/media\/5455"}],"wp:attachment":[{"href":"https:\/\/www.sgeaj.ch\/fr\/wp-json\/wp\/v2\/media?parent=6784"}],"wp:term":[{"taxonomy":"category","embeddable":true,"href":"https:\/\/www.sgeaj.ch\/fr\/wp-json\/wp\/v2\/categories?post=6784"},{"taxonomy":"post_tag","embeddable":true,"href":"https:\/\/www.sgeaj.ch\/fr\/wp-json\/wp\/v2\/tags?post=6784"}],"curies":[{"name":"wp","href":"https:\/\/api.w.org\/{rel}","templated":true}]}}