{"id":6817,"date":"2022-05-21T11:27:45","date_gmt":"2022-05-21T09:27:45","guid":{"rendered":"https:\/\/www.sgeaj.ch\/?p=6817"},"modified":"2022-05-22T14:41:47","modified_gmt":"2022-05-22T12:41:47","slug":"ponzetto-ruimi-theatre-et-societe-2022","status":"publish","type":"post","link":"https:\/\/www.sgeaj.ch\/fr\/actualite\/nouvelles-publications\/ponzetto-ruimi-theatre-et-societe-2022\/","title":{"rendered":"Ponzetto\/Ruimi, Th\u00e9\u00e2tre et soci\u00e9t\u00e9, 2022"},"content":{"rendered":"\n<h3 class=\"wp-block-heading\">Ponzetto, Valentina\/Ruimi, Jennifer, (\u00e9ds), Th\u00e9\u00e2tre et soci\u00e9t\u00e9: r\u00e9seaux de sociabilit\u00e9 et repr\u00e9sentations de la soci\u00e9t\u00e9, <em>\u00c9tudes de lettres<\/em>, n. 317 (2022\/1-2)<\/h3>\n\n\n\n<p>Le th\u00e9\u00e2tre de soci\u00e9t\u00e9 correspond \u00e0 une pratique th\u00e9\u00e2trale particuli\u00e8re, caract\u00e9ris\u00e9e entre autres par l\u2019amateurisme de ses participants. Sociabilit\u00e9, partage et connivence y sont \u00e0 l\u2019honneur entre membres de groupes r\u00e9unis par la passion du th\u00e9\u00e2tre. Entre les sc\u00e8nes mont\u00e9es chez des particuliers et les sc\u00e8nes institutionnelles, entre les \u00abpetites soci\u00e9t\u00e9s\u00bb et la soci\u00e9t\u00e9 civile, se tisse une trame complexe de r\u00e9seaux sociaux, de jeux de pouvoir et de regards critiques. Que disent du monde ces th\u00e9\u00e2tres de soci\u00e9t\u00e9? \u00c0 quels besoins r\u00e9pondent-ils?<\/p>\n\n\n\n<p>Avec pour cadre celui de l\u2019Europe francophone du \u00ablong XVIII<sup>e<\/sup> si\u00e8cle\u00bb, ce volume se propose de r\u00e9pondre \u00e0 ces questions en \u00e9clairant le ph\u00e9nom\u00e8ne sous des jours vari\u00e9s allant de la microsociologie \u00e0 l\u2019esth\u00e9tique des spectacles, avec une attention port\u00e9e aux carri\u00e8res f\u00e9minines, aux valeurs identitaires et politiques assum\u00e9es par les pi\u00e8ces, aux repr\u00e9sentations de types sociaux ou encore aux mises en abyme m\u00e9tath\u00e9\u00e2trales de pratiques spectaculaires.<\/p>\n\n\n\n<p>Son but est de mettre en lumi\u00e8re l\u2019importance du th\u00e9\u00e2tre de soci\u00e9t\u00e9 dans la formation des r\u00e9seaux de sociabilit\u00e9 et des repr\u00e9sentations culturelles.<\/p>\n\n\n\n<div class=\"wp-block-buttons is-layout-flex wp-block-buttons-is-layout-flex\">\n<div class=\"wp-block-button\"><a class=\"wp-block-button__link\" href=\"https:\/\/www.unil.ch\/edl\/home\/menuinst\/table-des-sommaires\/2020-2024\/317-20221-2.html\" target=\"_blank\" rel=\"noreferrer noopener\">En ligne<\/a><\/div>\n<\/div>\n","protected":false},"excerpt":{"rendered":"<p>Ponzetto, Valentina\/Ruimi, Jennifer, (\u00e9ds), Th\u00e9\u00e2tre et soci\u00e9t\u00e9: r\u00e9seaux de sociabilit\u00e9 et repr\u00e9sentations de la soci\u00e9t\u00e9, \u00c9tudes de lettres, n. 317 (2022\/1-2) Le th\u00e9\u00e2tre de soci\u00e9t\u00e9 correspond \u00e0 une pratique th\u00e9\u00e2trale particuli\u00e8re, caract\u00e9ris\u00e9e entre autres par l\u2019amateurisme de ses participants. Sociabilit\u00e9, partage et connivence y sont \u00e0 l\u2019honneur entre membres de groupes r\u00e9unis par la passion [&hellip;]<\/p>\n","protected":false},"author":7,"featured_media":6820,"comment_status":"closed","ping_status":"open","sticky":false,"template":"","format":"standard","meta":{"footnotes":""},"categories":[42,25],"tags":[],"class_list":{"0":"post-6817","1":"post","2":"type-post","3":"status-publish","4":"format-standard","5":"has-post-thumbnail","7":"category-actualite","8":"category-nouvelles-publications","9":"czr-hentry"},"yoast_head":"<!-- This site is optimized with the Yoast SEO plugin v26.9 - https:\/\/yoast.com\/product\/yoast-seo-wordpress\/ -->\n<title>Ponzetto\/Ruimi, Th\u00e9\u00e2tre et soci\u00e9t\u00e9, 2022 - Schweizerische Gesellschaft f\u00fcr die Erforschung des 18. Jahrhunderts (SGEAJ - SSEDS)<\/title>\n<meta name=\"robots\" content=\"index, follow, max-snippet:-1, max-image-preview:large, max-video-preview:-1\" \/>\n<link rel=\"canonical\" href=\"https:\/\/www.sgeaj.ch\/fr\/actualite\/nouvelles-publications\/ponzetto-ruimi-theatre-et-societe-2022\/\" \/>\n<meta name=\"twitter:label1\" content=\"\u00c9crit par\" \/>\n\t<meta name=\"twitter:data1\" content=\"Nadja Ackermann\" \/>\n\t<meta name=\"twitter:label2\" content=\"Dur\u00e9e de lecture estim\u00e9e\" \/>\n\t<meta name=\"twitter:data2\" content=\"1 minute\" \/>\n<script type=\"application\/ld+json\" class=\"yoast-schema-graph\">{\"@context\":\"https:\/\/schema.org\",\"@graph\":[{\"@type\":\"Article\",\"@id\":\"https:\/\/www.sgeaj.ch\/fr\/actualite\/nouvelles-publications\/ponzetto-ruimi-theatre-et-societe-2022\/#article\",\"isPartOf\":{\"@id\":\"https:\/\/www.sgeaj.ch\/fr\/actualite\/nouvelles-publications\/ponzetto-ruimi-theatre-et-societe-2022\/\"},\"author\":{\"name\":\"Nadja Ackermann\",\"@id\":\"https:\/\/www.sgeaj.ch\/fr\/#\/schema\/person\/2cd839eed625879a17645fc9f307c8e7\"},\"headline\":\"Ponzetto\/Ruimi, Th\u00e9\u00e2tre et soci\u00e9t\u00e9, 2022\",\"datePublished\":\"2022-05-21T09:27:45+00:00\",\"dateModified\":\"2022-05-22T12:41:47+00:00\",\"mainEntityOfPage\":{\"@id\":\"https:\/\/www.sgeaj.ch\/fr\/actualite\/nouvelles-publications\/ponzetto-ruimi-theatre-et-societe-2022\/\"},\"wordCount\":245,\"publisher\":{\"@id\":\"https:\/\/www.sgeaj.ch\/fr\/#organization\"},\"image\":{\"@id\":\"https:\/\/www.sgeaj.ch\/fr\/actualite\/nouvelles-publications\/ponzetto-ruimi-theatre-et-societe-2022\/#primaryimage\"},\"thumbnailUrl\":\"https:\/\/www.sgeaj.ch\/wp-content\/uploads\/2022\/05\/hmw-018752tif-scaled.jpg\",\"articleSection\":[\"Actualit\u00e9\",\"Nouvelles publications\"],\"inLanguage\":\"fr-FR\"},{\"@type\":\"WebPage\",\"@id\":\"https:\/\/www.sgeaj.ch\/fr\/actualite\/nouvelles-publications\/ponzetto-ruimi-theatre-et-societe-2022\/\",\"url\":\"https:\/\/www.sgeaj.ch\/fr\/actualite\/nouvelles-publications\/ponzetto-ruimi-theatre-et-societe-2022\/\",\"name\":\"Ponzetto\/Ruimi, Th\u00e9\u00e2tre et soci\u00e9t\u00e9, 2022 - Schweizerische Gesellschaft f\u00fcr die Erforschung des 18. Jahrhunderts (SGEAJ - SSEDS)\",\"isPartOf\":{\"@id\":\"https:\/\/www.sgeaj.ch\/fr\/#website\"},\"primaryImageOfPage\":{\"@id\":\"https:\/\/www.sgeaj.ch\/fr\/actualite\/nouvelles-publications\/ponzetto-ruimi-theatre-et-societe-2022\/#primaryimage\"},\"image\":{\"@id\":\"https:\/\/www.sgeaj.ch\/fr\/actualite\/nouvelles-publications\/ponzetto-ruimi-theatre-et-societe-2022\/#primaryimage\"},\"thumbnailUrl\":\"https:\/\/www.sgeaj.ch\/wp-content\/uploads\/2022\/05\/hmw-018752tif-scaled.jpg\",\"datePublished\":\"2022-05-21T09:27:45+00:00\",\"dateModified\":\"2022-05-22T12:41:47+00:00\",\"inLanguage\":\"fr-FR\",\"potentialAction\":[{\"@type\":\"ReadAction\",\"target\":[\"https:\/\/www.sgeaj.ch\/fr\/actualite\/nouvelles-publications\/ponzetto-ruimi-theatre-et-societe-2022\/\"]}]},{\"@type\":\"ImageObject\",\"inLanguage\":\"fr-FR\",\"@id\":\"https:\/\/www.sgeaj.ch\/fr\/actualite\/nouvelles-publications\/ponzetto-ruimi-theatre-et-societe-2022\/#primaryimage\",\"url\":\"https:\/\/www.sgeaj.ch\/wp-content\/uploads\/2022\/05\/hmw-018752tif-scaled.jpg\",\"contentUrl\":\"https:\/\/www.sgeaj.ch\/wp-content\/uploads\/2022\/05\/hmw-018752tif-scaled.jpg\",\"width\":2560,\"height\":1981},{\"@type\":\"WebSite\",\"@id\":\"https:\/\/www.sgeaj.ch\/fr\/#website\",\"url\":\"https:\/\/www.sgeaj.ch\/fr\/\",\"name\":\"Schweizerische Gesellschaft f\u00fcr die Erforschung des 18. Jahrhunderts (SGEAJ - SSEDS)\",\"description\":\"Schweizerische Gesellschaft f\u00fcr die Erforschung des 18. Jahrhunderts\",\"publisher\":{\"@id\":\"https:\/\/www.sgeaj.ch\/fr\/#organization\"},\"potentialAction\":[{\"@type\":\"SearchAction\",\"target\":{\"@type\":\"EntryPoint\",\"urlTemplate\":\"https:\/\/www.sgeaj.ch\/fr\/?s={search_term_string}\"},\"query-input\":{\"@type\":\"PropertyValueSpecification\",\"valueRequired\":true,\"valueName\":\"search_term_string\"}}],\"inLanguage\":\"fr-FR\"},{\"@type\":\"Organization\",\"@id\":\"https:\/\/www.sgeaj.ch\/fr\/#organization\",\"name\":\"Schweizerische Gesellschaft f\u00fcr die Erforschung des 18. Jahrhunderts (SGEAJ - SSEDS)\",\"url\":\"https:\/\/www.sgeaj.ch\/fr\/\",\"logo\":{\"@type\":\"ImageObject\",\"inLanguage\":\"fr-FR\",\"@id\":\"https:\/\/www.sgeaj.ch\/fr\/#\/schema\/logo\/image\/\",\"url\":\"https:\/\/www.sgeaj.ch\/wp-content\/uploads\/2021\/06\/cropped-logo-xviiies-horiz-abreuviations-bleues.png\",\"contentUrl\":\"https:\/\/www.sgeaj.ch\/wp-content\/uploads\/2021\/06\/cropped-logo-xviiies-horiz-abreuviations-bleues.png\",\"width\":659,\"height\":335,\"caption\":\"Schweizerische Gesellschaft f\u00fcr die Erforschung des 18. Jahrhunderts (SGEAJ - SSEDS)\"},\"image\":{\"@id\":\"https:\/\/www.sgeaj.ch\/fr\/#\/schema\/logo\/image\/\"}},{\"@type\":\"Person\",\"@id\":\"https:\/\/www.sgeaj.ch\/fr\/#\/schema\/person\/2cd839eed625879a17645fc9f307c8e7\",\"name\":\"Nadja Ackermann\",\"url\":\"https:\/\/www.sgeaj.ch\/fr\/author\/naackermann\/\"}]}<\/script>\n<!-- \/ Yoast SEO plugin. -->","yoast_head_json":{"title":"Ponzetto\/Ruimi, Th\u00e9\u00e2tre et soci\u00e9t\u00e9, 2022 - Schweizerische Gesellschaft f\u00fcr die Erforschung des 18. Jahrhunderts (SGEAJ - SSEDS)","robots":{"index":"index","follow":"follow","max-snippet":"max-snippet:-1","max-image-preview":"max-image-preview:large","max-video-preview":"max-video-preview:-1"},"canonical":"https:\/\/www.sgeaj.ch\/fr\/actualite\/nouvelles-publications\/ponzetto-ruimi-theatre-et-societe-2022\/","twitter_misc":{"\u00c9crit par":"Nadja Ackermann","Dur\u00e9e de lecture estim\u00e9e":"1 minute"},"schema":{"@context":"https:\/\/schema.org","@graph":[{"@type":"Article","@id":"https:\/\/www.sgeaj.ch\/fr\/actualite\/nouvelles-publications\/ponzetto-ruimi-theatre-et-societe-2022\/#article","isPartOf":{"@id":"https:\/\/www.sgeaj.ch\/fr\/actualite\/nouvelles-publications\/ponzetto-ruimi-theatre-et-societe-2022\/"},"author":{"name":"Nadja Ackermann","@id":"https:\/\/www.sgeaj.ch\/fr\/#\/schema\/person\/2cd839eed625879a17645fc9f307c8e7"},"headline":"Ponzetto\/Ruimi, Th\u00e9\u00e2tre et soci\u00e9t\u00e9, 2022","datePublished":"2022-05-21T09:27:45+00:00","dateModified":"2022-05-22T12:41:47+00:00","mainEntityOfPage":{"@id":"https:\/\/www.sgeaj.ch\/fr\/actualite\/nouvelles-publications\/ponzetto-ruimi-theatre-et-societe-2022\/"},"wordCount":245,"publisher":{"@id":"https:\/\/www.sgeaj.ch\/fr\/#organization"},"image":{"@id":"https:\/\/www.sgeaj.ch\/fr\/actualite\/nouvelles-publications\/ponzetto-ruimi-theatre-et-societe-2022\/#primaryimage"},"thumbnailUrl":"https:\/\/www.sgeaj.ch\/wp-content\/uploads\/2022\/05\/hmw-018752tif-scaled.jpg","articleSection":["Actualit\u00e9","Nouvelles publications"],"inLanguage":"fr-FR"},{"@type":"WebPage","@id":"https:\/\/www.sgeaj.ch\/fr\/actualite\/nouvelles-publications\/ponzetto-ruimi-theatre-et-societe-2022\/","url":"https:\/\/www.sgeaj.ch\/fr\/actualite\/nouvelles-publications\/ponzetto-ruimi-theatre-et-societe-2022\/","name":"Ponzetto\/Ruimi, Th\u00e9\u00e2tre et soci\u00e9t\u00e9, 2022 - Schweizerische Gesellschaft f\u00fcr die Erforschung des 18. Jahrhunderts (SGEAJ - SSEDS)","isPartOf":{"@id":"https:\/\/www.sgeaj.ch\/fr\/#website"},"primaryImageOfPage":{"@id":"https:\/\/www.sgeaj.ch\/fr\/actualite\/nouvelles-publications\/ponzetto-ruimi-theatre-et-societe-2022\/#primaryimage"},"image":{"@id":"https:\/\/www.sgeaj.ch\/fr\/actualite\/nouvelles-publications\/ponzetto-ruimi-theatre-et-societe-2022\/#primaryimage"},"thumbnailUrl":"https:\/\/www.sgeaj.ch\/wp-content\/uploads\/2022\/05\/hmw-018752tif-scaled.jpg","datePublished":"2022-05-21T09:27:45+00:00","dateModified":"2022-05-22T12:41:47+00:00","inLanguage":"fr-FR","potentialAction":[{"@type":"ReadAction","target":["https:\/\/www.sgeaj.ch\/fr\/actualite\/nouvelles-publications\/ponzetto-ruimi-theatre-et-societe-2022\/"]}]},{"@type":"ImageObject","inLanguage":"fr-FR","@id":"https:\/\/www.sgeaj.ch\/fr\/actualite\/nouvelles-publications\/ponzetto-ruimi-theatre-et-societe-2022\/#primaryimage","url":"https:\/\/www.sgeaj.ch\/wp-content\/uploads\/2022\/05\/hmw-018752tif-scaled.jpg","contentUrl":"https:\/\/www.sgeaj.ch\/wp-content\/uploads\/2022\/05\/hmw-018752tif-scaled.jpg","width":2560,"height":1981},{"@type":"WebSite","@id":"https:\/\/www.sgeaj.ch\/fr\/#website","url":"https:\/\/www.sgeaj.ch\/fr\/","name":"Schweizerische Gesellschaft f\u00fcr die Erforschung des 18. Jahrhunderts (SGEAJ - SSEDS)","description":"Schweizerische Gesellschaft f\u00fcr die Erforschung des 18. Jahrhunderts","publisher":{"@id":"https:\/\/www.sgeaj.ch\/fr\/#organization"},"potentialAction":[{"@type":"SearchAction","target":{"@type":"EntryPoint","urlTemplate":"https:\/\/www.sgeaj.ch\/fr\/?s={search_term_string}"},"query-input":{"@type":"PropertyValueSpecification","valueRequired":true,"valueName":"search_term_string"}}],"inLanguage":"fr-FR"},{"@type":"Organization","@id":"https:\/\/www.sgeaj.ch\/fr\/#organization","name":"Schweizerische Gesellschaft f\u00fcr die Erforschung des 18. Jahrhunderts (SGEAJ - SSEDS)","url":"https:\/\/www.sgeaj.ch\/fr\/","logo":{"@type":"ImageObject","inLanguage":"fr-FR","@id":"https:\/\/www.sgeaj.ch\/fr\/#\/schema\/logo\/image\/","url":"https:\/\/www.sgeaj.ch\/wp-content\/uploads\/2021\/06\/cropped-logo-xviiies-horiz-abreuviations-bleues.png","contentUrl":"https:\/\/www.sgeaj.ch\/wp-content\/uploads\/2021\/06\/cropped-logo-xviiies-horiz-abreuviations-bleues.png","width":659,"height":335,"caption":"Schweizerische Gesellschaft f\u00fcr die Erforschung des 18. Jahrhunderts (SGEAJ - SSEDS)"},"image":{"@id":"https:\/\/www.sgeaj.ch\/fr\/#\/schema\/logo\/image\/"}},{"@type":"Person","@id":"https:\/\/www.sgeaj.ch\/fr\/#\/schema\/person\/2cd839eed625879a17645fc9f307c8e7","name":"Nadja Ackermann","url":"https:\/\/www.sgeaj.ch\/fr\/author\/naackermann\/"}]}},"_links":{"self":[{"href":"https:\/\/www.sgeaj.ch\/fr\/wp-json\/wp\/v2\/posts\/6817","targetHints":{"allow":["GET"]}}],"collection":[{"href":"https:\/\/www.sgeaj.ch\/fr\/wp-json\/wp\/v2\/posts"}],"about":[{"href":"https:\/\/www.sgeaj.ch\/fr\/wp-json\/wp\/v2\/types\/post"}],"author":[{"embeddable":true,"href":"https:\/\/www.sgeaj.ch\/fr\/wp-json\/wp\/v2\/users\/7"}],"replies":[{"embeddable":true,"href":"https:\/\/www.sgeaj.ch\/fr\/wp-json\/wp\/v2\/comments?post=6817"}],"version-history":[{"count":2,"href":"https:\/\/www.sgeaj.ch\/fr\/wp-json\/wp\/v2\/posts\/6817\/revisions"}],"predecessor-version":[{"id":6823,"href":"https:\/\/www.sgeaj.ch\/fr\/wp-json\/wp\/v2\/posts\/6817\/revisions\/6823"}],"wp:featuredmedia":[{"embeddable":true,"href":"https:\/\/www.sgeaj.ch\/fr\/wp-json\/wp\/v2\/media\/6820"}],"wp:attachment":[{"href":"https:\/\/www.sgeaj.ch\/fr\/wp-json\/wp\/v2\/media?parent=6817"}],"wp:term":[{"taxonomy":"category","embeddable":true,"href":"https:\/\/www.sgeaj.ch\/fr\/wp-json\/wp\/v2\/categories?post=6817"},{"taxonomy":"post_tag","embeddable":true,"href":"https:\/\/www.sgeaj.ch\/fr\/wp-json\/wp\/v2\/tags?post=6817"}],"curies":[{"name":"wp","href":"https:\/\/api.w.org\/{rel}","templated":true}]}}