{"id":6866,"date":"2022-10-30T17:28:18","date_gmt":"2022-10-30T16:28:18","guid":{"rendered":"https:\/\/www.sgeaj.ch\/?p=6866"},"modified":"2025-04-23T18:05:05","modified_gmt":"2025-04-23T16:05:05","slug":"heritages-botaniques-des-lumieres","status":"publish","type":"post","link":"https:\/\/www.sgeaj.ch\/fr\/forschungsprojekte\/heritages-botaniques-des-lumieres\/","title":{"rendered":"H\u00e9ritages botaniques des Lumi\u00e8res"},"content":{"rendered":"\n<h2 class=\"wp-block-heading\">Exploration de sources et d\u2019herbiers historiques \u00e0 l\u2019intersection des lettres et des sciences<\/h2>\n\n\n\n<p>Le projet \u00ab\u202fH\u00e9ritages botaniques des Lumi\u00e8res\u202f: exploration de sources et d\u2019herbiers historiques \u00e0 l\u2019intersection des lettres et des sciences\u202f\u00bb (projet FNS n<sup>o<\/sup>\u202f186227) porte sur les collections botaniques de Jean-Jacques Rousseau (1712-1778), Jean-Baptiste-Christophe Fus\u00e9e-Aublet (1723-1778), Jean-Fr\u00e9d\u00e9ric Chaillet (1747-1839) et plusieurs de leurs contemporains. Il envisage la botanique du XVIII<sup>e<\/sup> si\u00e8cle comme un ensemble de savoirs et de pratiques qui mobilisent diff\u00e9rents types d\u2019acteurs. L\u2019\u00e9quipe de chercheurs interroge la valeur historique et scientifique des herbiers anciens, et les possibilit\u00e9s de pr\u00e9senter en ligne ces collections complexes.<\/p>\n\n\n\n<p>Centr\u00e9e sur des botanistes aux profils compl\u00e9mentaires, la recherche se d\u00e9cline en trois sous-projets\u202f:<\/p>\n\n\n\n<ul class=\"wp-block-list\"><li>Le premier s\u2019int\u00e9resse aux herbiers de Rousseau et aux sp\u00e9cimens que le philosophe a r\u00e9colt\u00e9s ou obtenus aupr\u00e8s d\u2019autres botanistes, parmi lesquels Fus\u00e9e-Aublet. Un travail alliant botanique, histoire et informatique permettra de reconstituer ces collections, aujourd\u2019hui dispers\u00e9es, sous la forme d\u2019une base de donn\u00e9es et d\u2019un herbier virtuel consultable en ligne.<\/li><\/ul>\n\n\n\n<ul class=\"wp-block-list\"><li>\u00c0 partir du cas de Fus\u00e9e-Aublet, le second sous-projet concerne les botanistes voyageurs qui partent pour l\u2019Am\u00e9rique. Sur le plan historique, il explore la construction d\u2019un savoir des Antilles et le programme d\u2019une botanique coloniale dirig\u00e9 depuis Paris. Sur le plan scientifique, il ambitionne notamment de d\u00e9signer parmi les collections d\u2019Aublet les \u00e9chantillons d\u2019herbier ayant servi aux descriptions d\u2019esp\u00e8ces et de genres nouveaux pour la science, consign\u00e9es dans son <em>Histoire des plantes de la Guiane fran\u00e7oise<\/em> (1775).<\/li><\/ul>\n\n\n\n<ul class=\"wp-block-list\"><li>Enfin, le troisi\u00e8me sous-projet envisage la botanique \u00e0 une \u00e9chelle r\u00e9gionale. Il porte sur les naturalistes neuch\u00e2telois qui ont initi\u00e9 Rousseau \u00e0 la botanique, tels que Jean-Antoine d\u2019Ivernois (1703-1765) et Abraham Gagnebin (1707-1800), et plus particuli\u00e8rement sur Chaillet qui joue un r\u00f4le important dans l\u2019\u00e9tude de la flore helv\u00e9tique au tournant du XIX<sup>e<\/sup> si\u00e8cle.<\/li><\/ul>\n\n\n\n<p>Interdisciplinaire et collectif, le projet rassemble les comp\u00e9tences de botanistes, d\u2019historiens des sciences et d\u2019historiens de la litt\u00e9rature sp\u00e9cialis\u00e9s dans l\u2019\u00e9tude des \u00e9crits scientifiques. Soutenu par le Fonds national suisse de la recherche scientifique (instrument \u00ab\u202fSinergia\u202f\u00bb) et lanc\u00e9 \u00e0 l\u2019Universit\u00e9 de Neuch\u00e2tel en 2020, il constitue le noyau d\u2019une r\u00e9flexion sur l\u2019alliance des sciences et des lettres au XVIII<sup>e<\/sup> si\u00e8cle. Vous trouverez sur ce site une pr\u00e9sentation plus d\u00e9taill\u00e9e des <a href=\"https:\/\/botanical-legacies.unine.ch\/#axis\" target=\"_blank\" rel=\"noreferrer noopener\">axes de recherche<\/a>, les <a href=\"https:\/\/botanical-legacies.unine.ch\/#news\" target=\"_blank\" rel=\"noreferrer noopener\">publications et actualit\u00e9s<\/a> du projet et la composition de l\u2019<a href=\"https:\/\/botanical-legacies.unine.ch\/#team\" target=\"_blank\" rel=\"noreferrer noopener\">\u00e9quipe<\/a>.<\/p>\n","protected":false},"excerpt":{"rendered":"<p>Le projet \u00ab\u202fH\u00e9ritages botaniques des Lumi\u00e8res\u202f: exploration de sources et d\u2019herbiers historiques \u00e0 l\u2019intersection des lettres et des sciences\u202f\u00bb porte sur les collections botaniques de Jean-Jacques Rousseau (1712-1778), Jean-Baptiste-Christophe Fus\u00e9e-Aublet (1723-1778), Jean-Fr\u00e9d\u00e9ric Chaillet (1747-1839) et plusieurs de leurs contemporains. Il envisage la botanique du XVIIIe si\u00e8cle comme un ensemble de savoirs et de pratiques qui mobilisent diff\u00e9rents types d\u2019acteurs. L\u2019\u00e9quipe de chercheurs interroge la valeur historique et scientifique des herbiers anciens, et les possibilit\u00e9s de pr\u00e9senter en ligne ces collections complexes.<\/p>\n","protected":false},"author":7,"featured_media":6868,"comment_status":"closed","ping_status":"open","sticky":false,"template":"","format":"standard","meta":{"footnotes":""},"categories":[51,40],"tags":[],"class_list":{"0":"post-6866","1":"post","2":"type-post","3":"status-publish","4":"format-standard","5":"has-post-thumbnail","7":"category-abgeschlossene-forschungsprojekte","8":"category-forschungsprojekte","9":"czr-hentry"},"yoast_head":"<!-- This site is optimized with the Yoast SEO plugin v26.9 - https:\/\/yoast.com\/product\/yoast-seo-wordpress\/ -->\n<title>H\u00e9ritages botaniques des Lumi\u00e8res - Schweizerische Gesellschaft f\u00fcr die Erforschung des 18. Jahrhunderts (SGEAJ - SSEDS)<\/title>\n<meta name=\"robots\" content=\"index, follow, max-snippet:-1, max-image-preview:large, max-video-preview:-1\" \/>\n<link rel=\"canonical\" href=\"https:\/\/www.sgeaj.ch\/fr\/forschungsprojekte\/heritages-botaniques-des-lumieres\/\" \/>\n<meta name=\"twitter:label1\" content=\"\u00c9crit par\" \/>\n\t<meta name=\"twitter:data1\" content=\"Nadja Ackermann\" \/>\n\t<meta name=\"twitter:label2\" content=\"Dur\u00e9e de lecture estim\u00e9e\" \/>\n\t<meta name=\"twitter:data2\" content=\"3 minutes\" \/>\n<script type=\"application\/ld+json\" class=\"yoast-schema-graph\">{\"@context\":\"https:\/\/schema.org\",\"@graph\":[{\"@type\":\"Article\",\"@id\":\"https:\/\/www.sgeaj.ch\/fr\/forschungsprojekte\/heritages-botaniques-des-lumieres\/#article\",\"isPartOf\":{\"@id\":\"https:\/\/www.sgeaj.ch\/fr\/forschungsprojekte\/heritages-botaniques-des-lumieres\/\"},\"author\":{\"name\":\"Nadja Ackermann\",\"@id\":\"https:\/\/www.sgeaj.ch\/fr\/#\/schema\/person\/2cd839eed625879a17645fc9f307c8e7\"},\"headline\":\"H\u00e9ritages botaniques des Lumi\u00e8res\",\"datePublished\":\"2022-10-30T16:28:18+00:00\",\"dateModified\":\"2025-04-23T16:05:05+00:00\",\"mainEntityOfPage\":{\"@id\":\"https:\/\/www.sgeaj.ch\/fr\/forschungsprojekte\/heritages-botaniques-des-lumieres\/\"},\"wordCount\":445,\"publisher\":{\"@id\":\"https:\/\/www.sgeaj.ch\/fr\/#organization\"},\"image\":{\"@id\":\"https:\/\/www.sgeaj.ch\/fr\/forschungsprojekte\/heritages-botaniques-des-lumieres\/#primaryimage\"},\"thumbnailUrl\":\"https:\/\/www.sgeaj.ch\/wp-content\/uploads\/2022\/10\/chaillet-5-scaled.jpg\",\"articleSection\":[\"Abgeschlossene Forschungsprojekte\",\"Forschungsprojekte\"],\"inLanguage\":\"fr-FR\"},{\"@type\":\"WebPage\",\"@id\":\"https:\/\/www.sgeaj.ch\/fr\/forschungsprojekte\/heritages-botaniques-des-lumieres\/\",\"url\":\"https:\/\/www.sgeaj.ch\/fr\/forschungsprojekte\/heritages-botaniques-des-lumieres\/\",\"name\":\"H\u00e9ritages botaniques des Lumi\u00e8res - Schweizerische Gesellschaft f\u00fcr die Erforschung des 18. Jahrhunderts (SGEAJ - SSEDS)\",\"isPartOf\":{\"@id\":\"https:\/\/www.sgeaj.ch\/fr\/#website\"},\"primaryImageOfPage\":{\"@id\":\"https:\/\/www.sgeaj.ch\/fr\/forschungsprojekte\/heritages-botaniques-des-lumieres\/#primaryimage\"},\"image\":{\"@id\":\"https:\/\/www.sgeaj.ch\/fr\/forschungsprojekte\/heritages-botaniques-des-lumieres\/#primaryimage\"},\"thumbnailUrl\":\"https:\/\/www.sgeaj.ch\/wp-content\/uploads\/2022\/10\/chaillet-5-scaled.jpg\",\"datePublished\":\"2022-10-30T16:28:18+00:00\",\"dateModified\":\"2025-04-23T16:05:05+00:00\",\"inLanguage\":\"fr-FR\",\"potentialAction\":[{\"@type\":\"ReadAction\",\"target\":[\"https:\/\/www.sgeaj.ch\/fr\/forschungsprojekte\/heritages-botaniques-des-lumieres\/\"]}]},{\"@type\":\"ImageObject\",\"inLanguage\":\"fr-FR\",\"@id\":\"https:\/\/www.sgeaj.ch\/fr\/forschungsprojekte\/heritages-botaniques-des-lumieres\/#primaryimage\",\"url\":\"https:\/\/www.sgeaj.ch\/wp-content\/uploads\/2022\/10\/chaillet-5-scaled.jpg\",\"contentUrl\":\"https:\/\/www.sgeaj.ch\/wp-content\/uploads\/2022\/10\/chaillet-5-scaled.jpg\",\"width\":2560,\"height\":1707},{\"@type\":\"WebSite\",\"@id\":\"https:\/\/www.sgeaj.ch\/fr\/#website\",\"url\":\"https:\/\/www.sgeaj.ch\/fr\/\",\"name\":\"Schweizerische Gesellschaft f\u00fcr die Erforschung des 18. Jahrhunderts (SGEAJ - SSEDS)\",\"description\":\"Schweizerische Gesellschaft f\u00fcr die Erforschung des 18. Jahrhunderts\",\"publisher\":{\"@id\":\"https:\/\/www.sgeaj.ch\/fr\/#organization\"},\"potentialAction\":[{\"@type\":\"SearchAction\",\"target\":{\"@type\":\"EntryPoint\",\"urlTemplate\":\"https:\/\/www.sgeaj.ch\/fr\/?s={search_term_string}\"},\"query-input\":{\"@type\":\"PropertyValueSpecification\",\"valueRequired\":true,\"valueName\":\"search_term_string\"}}],\"inLanguage\":\"fr-FR\"},{\"@type\":\"Organization\",\"@id\":\"https:\/\/www.sgeaj.ch\/fr\/#organization\",\"name\":\"Schweizerische Gesellschaft f\u00fcr die Erforschung des 18. Jahrhunderts (SGEAJ - SSEDS)\",\"url\":\"https:\/\/www.sgeaj.ch\/fr\/\",\"logo\":{\"@type\":\"ImageObject\",\"inLanguage\":\"fr-FR\",\"@id\":\"https:\/\/www.sgeaj.ch\/fr\/#\/schema\/logo\/image\/\",\"url\":\"https:\/\/www.sgeaj.ch\/wp-content\/uploads\/2021\/06\/cropped-logo-xviiies-horiz-abreuviations-bleues.png\",\"contentUrl\":\"https:\/\/www.sgeaj.ch\/wp-content\/uploads\/2021\/06\/cropped-logo-xviiies-horiz-abreuviations-bleues.png\",\"width\":659,\"height\":335,\"caption\":\"Schweizerische Gesellschaft f\u00fcr die Erforschung des 18. Jahrhunderts (SGEAJ - SSEDS)\"},\"image\":{\"@id\":\"https:\/\/www.sgeaj.ch\/fr\/#\/schema\/logo\/image\/\"}},{\"@type\":\"Person\",\"@id\":\"https:\/\/www.sgeaj.ch\/fr\/#\/schema\/person\/2cd839eed625879a17645fc9f307c8e7\",\"name\":\"Nadja Ackermann\",\"url\":\"https:\/\/www.sgeaj.ch\/fr\/author\/naackermann\/\"}]}<\/script>\n<!-- \/ Yoast SEO plugin. -->","yoast_head_json":{"title":"H\u00e9ritages botaniques des Lumi\u00e8res - Schweizerische Gesellschaft f\u00fcr die Erforschung des 18. Jahrhunderts (SGEAJ - SSEDS)","robots":{"index":"index","follow":"follow","max-snippet":"max-snippet:-1","max-image-preview":"max-image-preview:large","max-video-preview":"max-video-preview:-1"},"canonical":"https:\/\/www.sgeaj.ch\/fr\/forschungsprojekte\/heritages-botaniques-des-lumieres\/","twitter_misc":{"\u00c9crit par":"Nadja Ackermann","Dur\u00e9e de lecture estim\u00e9e":"3 minutes"},"schema":{"@context":"https:\/\/schema.org","@graph":[{"@type":"Article","@id":"https:\/\/www.sgeaj.ch\/fr\/forschungsprojekte\/heritages-botaniques-des-lumieres\/#article","isPartOf":{"@id":"https:\/\/www.sgeaj.ch\/fr\/forschungsprojekte\/heritages-botaniques-des-lumieres\/"},"author":{"name":"Nadja Ackermann","@id":"https:\/\/www.sgeaj.ch\/fr\/#\/schema\/person\/2cd839eed625879a17645fc9f307c8e7"},"headline":"H\u00e9ritages botaniques des Lumi\u00e8res","datePublished":"2022-10-30T16:28:18+00:00","dateModified":"2025-04-23T16:05:05+00:00","mainEntityOfPage":{"@id":"https:\/\/www.sgeaj.ch\/fr\/forschungsprojekte\/heritages-botaniques-des-lumieres\/"},"wordCount":445,"publisher":{"@id":"https:\/\/www.sgeaj.ch\/fr\/#organization"},"image":{"@id":"https:\/\/www.sgeaj.ch\/fr\/forschungsprojekte\/heritages-botaniques-des-lumieres\/#primaryimage"},"thumbnailUrl":"https:\/\/www.sgeaj.ch\/wp-content\/uploads\/2022\/10\/chaillet-5-scaled.jpg","articleSection":["Abgeschlossene Forschungsprojekte","Forschungsprojekte"],"inLanguage":"fr-FR"},{"@type":"WebPage","@id":"https:\/\/www.sgeaj.ch\/fr\/forschungsprojekte\/heritages-botaniques-des-lumieres\/","url":"https:\/\/www.sgeaj.ch\/fr\/forschungsprojekte\/heritages-botaniques-des-lumieres\/","name":"H\u00e9ritages botaniques des Lumi\u00e8res - Schweizerische Gesellschaft f\u00fcr die Erforschung des 18. Jahrhunderts (SGEAJ - SSEDS)","isPartOf":{"@id":"https:\/\/www.sgeaj.ch\/fr\/#website"},"primaryImageOfPage":{"@id":"https:\/\/www.sgeaj.ch\/fr\/forschungsprojekte\/heritages-botaniques-des-lumieres\/#primaryimage"},"image":{"@id":"https:\/\/www.sgeaj.ch\/fr\/forschungsprojekte\/heritages-botaniques-des-lumieres\/#primaryimage"},"thumbnailUrl":"https:\/\/www.sgeaj.ch\/wp-content\/uploads\/2022\/10\/chaillet-5-scaled.jpg","datePublished":"2022-10-30T16:28:18+00:00","dateModified":"2025-04-23T16:05:05+00:00","inLanguage":"fr-FR","potentialAction":[{"@type":"ReadAction","target":["https:\/\/www.sgeaj.ch\/fr\/forschungsprojekte\/heritages-botaniques-des-lumieres\/"]}]},{"@type":"ImageObject","inLanguage":"fr-FR","@id":"https:\/\/www.sgeaj.ch\/fr\/forschungsprojekte\/heritages-botaniques-des-lumieres\/#primaryimage","url":"https:\/\/www.sgeaj.ch\/wp-content\/uploads\/2022\/10\/chaillet-5-scaled.jpg","contentUrl":"https:\/\/www.sgeaj.ch\/wp-content\/uploads\/2022\/10\/chaillet-5-scaled.jpg","width":2560,"height":1707},{"@type":"WebSite","@id":"https:\/\/www.sgeaj.ch\/fr\/#website","url":"https:\/\/www.sgeaj.ch\/fr\/","name":"Schweizerische Gesellschaft f\u00fcr die Erforschung des 18. Jahrhunderts (SGEAJ - SSEDS)","description":"Schweizerische Gesellschaft f\u00fcr die Erforschung des 18. Jahrhunderts","publisher":{"@id":"https:\/\/www.sgeaj.ch\/fr\/#organization"},"potentialAction":[{"@type":"SearchAction","target":{"@type":"EntryPoint","urlTemplate":"https:\/\/www.sgeaj.ch\/fr\/?s={search_term_string}"},"query-input":{"@type":"PropertyValueSpecification","valueRequired":true,"valueName":"search_term_string"}}],"inLanguage":"fr-FR"},{"@type":"Organization","@id":"https:\/\/www.sgeaj.ch\/fr\/#organization","name":"Schweizerische Gesellschaft f\u00fcr die Erforschung des 18. Jahrhunderts (SGEAJ - SSEDS)","url":"https:\/\/www.sgeaj.ch\/fr\/","logo":{"@type":"ImageObject","inLanguage":"fr-FR","@id":"https:\/\/www.sgeaj.ch\/fr\/#\/schema\/logo\/image\/","url":"https:\/\/www.sgeaj.ch\/wp-content\/uploads\/2021\/06\/cropped-logo-xviiies-horiz-abreuviations-bleues.png","contentUrl":"https:\/\/www.sgeaj.ch\/wp-content\/uploads\/2021\/06\/cropped-logo-xviiies-horiz-abreuviations-bleues.png","width":659,"height":335,"caption":"Schweizerische Gesellschaft f\u00fcr die Erforschung des 18. Jahrhunderts (SGEAJ - SSEDS)"},"image":{"@id":"https:\/\/www.sgeaj.ch\/fr\/#\/schema\/logo\/image\/"}},{"@type":"Person","@id":"https:\/\/www.sgeaj.ch\/fr\/#\/schema\/person\/2cd839eed625879a17645fc9f307c8e7","name":"Nadja Ackermann","url":"https:\/\/www.sgeaj.ch\/fr\/author\/naackermann\/"}]}},"_links":{"self":[{"href":"https:\/\/www.sgeaj.ch\/fr\/wp-json\/wp\/v2\/posts\/6866","targetHints":{"allow":["GET"]}}],"collection":[{"href":"https:\/\/www.sgeaj.ch\/fr\/wp-json\/wp\/v2\/posts"}],"about":[{"href":"https:\/\/www.sgeaj.ch\/fr\/wp-json\/wp\/v2\/types\/post"}],"author":[{"embeddable":true,"href":"https:\/\/www.sgeaj.ch\/fr\/wp-json\/wp\/v2\/users\/7"}],"replies":[{"embeddable":true,"href":"https:\/\/www.sgeaj.ch\/fr\/wp-json\/wp\/v2\/comments?post=6866"}],"version-history":[{"count":1,"href":"https:\/\/www.sgeaj.ch\/fr\/wp-json\/wp\/v2\/posts\/6866\/revisions"}],"predecessor-version":[{"id":6867,"href":"https:\/\/www.sgeaj.ch\/fr\/wp-json\/wp\/v2\/posts\/6866\/revisions\/6867"}],"wp:featuredmedia":[{"embeddable":true,"href":"https:\/\/www.sgeaj.ch\/fr\/wp-json\/wp\/v2\/media\/6868"}],"wp:attachment":[{"href":"https:\/\/www.sgeaj.ch\/fr\/wp-json\/wp\/v2\/media?parent=6866"}],"wp:term":[{"taxonomy":"category","embeddable":true,"href":"https:\/\/www.sgeaj.ch\/fr\/wp-json\/wp\/v2\/categories?post=6866"},{"taxonomy":"post_tag","embeddable":true,"href":"https:\/\/www.sgeaj.ch\/fr\/wp-json\/wp\/v2\/tags?post=6866"}],"curies":[{"name":"wp","href":"https:\/\/api.w.org\/{rel}","templated":true}]}}