{"id":6872,"date":"2022-10-31T16:37:17","date_gmt":"2022-10-31T15:37:17","guid":{"rendered":"https:\/\/www.sgeaj.ch\/?p=6872"},"modified":"2022-10-31T16:37:50","modified_gmt":"2022-10-31T15:37:50","slug":"besenvalarchiv-neu-in-solothurn","status":"publish","type":"post","link":"https:\/\/www.sgeaj.ch\/fr\/aktualitaet\/besenvalarchiv-neu-in-solothurn\/","title":{"rendered":"Besenvalarchiv neu in Solothurn"},"content":{"rendered":"\n<h3 class=\"wp-block-heading\"><strong>Das Familienarchiv der einst m\u00e4chtigen Patrizierfamilie Besenval konnte von Genf ins Staatsarchiv Solothurn \u00fcberf\u00fchrt werden.<\/strong><\/h3>\n\n\n\n<p>Das Archiv der Familie Besenval befand sich seit 1980 im Eigentum der \u00ab<a href=\"https:\/\/www.penthes.ch\/fondation\/\" target=\"_blank\" rel=\"noreferrer noopener\">Fondation pour l\u2019Histoire des Suisses dans le Monde<\/a>\u00bb in Pregny-Chamb\u00e9sy (Kanton Genf). Die Stiftung ging im Mai 2021 Konkurs. Durch Vermittlung von Andreas Affolter, Leiter des Schlosses Waldegg, und Verhandlungen des Staatsarchivs Solothurn konnte erreicht werden, dass das Familienarchiv nicht aus der Konkursmasse verkauft wurde. Stattdessen schenkte das Konkursamt des Kantons Genf Anfang Oktober 2022 die Archivalien dem Staatsarchiv Solothurn. <\/p>\n\n\n\n<p>Das aus 75 Schachteln bestehende Besenval-Archiv enth\u00e4lt Adelsbriefe, Korrespondenz, Milit\u00e4r- und Gesch\u00e4ftspapiere sowie handgeschriebene Erz\u00e4hlungen und Stammb\u00e4ume aus dem 17. bis 19 Jahrhundert. Die \u00abFondation pour l\u2019Histoire des Suisses dans le Monde\u00bb hatte noch vor ihrem Konkurs alle Dokumente digitalisieren lassen und in einer im Internet abrufbaren Datenbank zug\u00e4nglich gemacht. Das Staatsarchiv Solothurn hat diese f\u00fcr die internationale Forschung wichtige Datenbank \u00fcbernommen und betreibt sie ab Januar 2023 weiter.(<a href=\"https:\/\/www.besenval.anton.ch\/\" target=\"_blank\" rel=\"noreferrer noopener\">www.besenval.anton.ch<\/a>).<\/p>\n\n\n\n<p><strong>Weitere Ausk\u00fcnfte<\/strong><\/p>\n\n\n\n<ul class=\"wp-block-list\"><li>Stefan Frech, Staatsarchivar, 032 627 62 80<\/li><\/ul>\n\n\n\n<ul class=\"wp-block-list\"><li>Andreas Affolter, Leiter Schloss Waldegg, 032 627 63 48<\/li><\/ul>\n\n\n\n<p><strong>Weitere Informationen<\/strong><\/p>\n\n\n\n<ul class=\"wp-block-list\"><li>staatsarchiv.so.ch<\/li><\/ul>\n\n\n\n<ul class=\"wp-block-list\"><li>schloss-waldegg.so.ch<\/li><\/ul>\n","protected":false},"excerpt":{"rendered":"<p>Das Familienarchiv der einst m\u00e4chtigen Patrizierfamilie Besenval konnte von Genf ins Staatsarchiv Solothurn \u00fcberf\u00fchrt werden. Das Archiv der Familie Besenval befand sich seit 1980 im Eigentum der \u00abFondation pour l\u2019Histoire des Suisses dans le Monde\u00bb in Pregny-Chamb\u00e9sy (Kanton Genf). Die Stiftung ging im Mai 2021 Konkurs. Durch Vermittlung von Andreas Affolter, Leiter des Schlosses Waldegg, [&hellip;]<\/p>\n","protected":false},"author":7,"featured_media":6873,"comment_status":"closed","ping_status":"open","sticky":false,"template":"","format":"standard","meta":{"footnotes":""},"categories":[34,35],"tags":[],"class_list":{"0":"post-6872","1":"post","2":"type-post","3":"status-publish","4":"format-standard","5":"has-post-thumbnail","7":"category-aktualitaet","8":"category-nachrichten","9":"czr-hentry"},"yoast_head":"<!-- This site is optimized with the Yoast SEO plugin v26.9 - https:\/\/yoast.com\/product\/yoast-seo-wordpress\/ -->\n<title>Besenvalarchiv neu in Solothurn - Schweizerische Gesellschaft f\u00fcr die Erforschung des 18. Jahrhunderts (SGEAJ - SSEDS)<\/title>\n<meta name=\"robots\" content=\"index, follow, max-snippet:-1, max-image-preview:large, max-video-preview:-1\" \/>\n<link rel=\"canonical\" href=\"https:\/\/www.sgeaj.ch\/fr\/aktualitaet\/besenvalarchiv-neu-in-solothurn\/\" \/>\n<meta name=\"twitter:label1\" content=\"\u00c9crit par\" \/>\n\t<meta name=\"twitter:data1\" content=\"Nadja Ackermann\" \/>\n\t<meta name=\"twitter:label2\" content=\"Dur\u00e9e de lecture estim\u00e9e\" \/>\n\t<meta name=\"twitter:data2\" content=\"1 minute\" \/>\n<script type=\"application\/ld+json\" class=\"yoast-schema-graph\">{\"@context\":\"https:\/\/schema.org\",\"@graph\":[{\"@type\":\"Article\",\"@id\":\"https:\/\/www.sgeaj.ch\/fr\/aktualitaet\/besenvalarchiv-neu-in-solothurn\/#article\",\"isPartOf\":{\"@id\":\"https:\/\/www.sgeaj.ch\/fr\/aktualitaet\/besenvalarchiv-neu-in-solothurn\/\"},\"author\":{\"name\":\"Nadja Ackermann\",\"@id\":\"https:\/\/www.sgeaj.ch\/fr\/#\/schema\/person\/2cd839eed625879a17645fc9f307c8e7\"},\"headline\":\"Besenvalarchiv neu in Solothurn\",\"datePublished\":\"2022-10-31T15:37:17+00:00\",\"dateModified\":\"2022-10-31T15:37:50+00:00\",\"mainEntityOfPage\":{\"@id\":\"https:\/\/www.sgeaj.ch\/fr\/aktualitaet\/besenvalarchiv-neu-in-solothurn\/\"},\"wordCount\":188,\"publisher\":{\"@id\":\"https:\/\/www.sgeaj.ch\/fr\/#organization\"},\"image\":{\"@id\":\"https:\/\/www.sgeaj.ch\/fr\/aktualitaet\/besenvalarchiv-neu-in-solothurn\/#primaryimage\"},\"thumbnailUrl\":\"https:\/\/www.sgeaj.ch\/wp-content\/uploads\/2022\/10\/mm-besenval-bild-scaled.jpg\",\"articleSection\":[\"Aktualit\u00e4t\",\"Nachrichten\"],\"inLanguage\":\"fr-FR\"},{\"@type\":\"WebPage\",\"@id\":\"https:\/\/www.sgeaj.ch\/fr\/aktualitaet\/besenvalarchiv-neu-in-solothurn\/\",\"url\":\"https:\/\/www.sgeaj.ch\/fr\/aktualitaet\/besenvalarchiv-neu-in-solothurn\/\",\"name\":\"Besenvalarchiv neu in Solothurn - Schweizerische Gesellschaft f\u00fcr die Erforschung des 18. Jahrhunderts (SGEAJ - SSEDS)\",\"isPartOf\":{\"@id\":\"https:\/\/www.sgeaj.ch\/fr\/#website\"},\"primaryImageOfPage\":{\"@id\":\"https:\/\/www.sgeaj.ch\/fr\/aktualitaet\/besenvalarchiv-neu-in-solothurn\/#primaryimage\"},\"image\":{\"@id\":\"https:\/\/www.sgeaj.ch\/fr\/aktualitaet\/besenvalarchiv-neu-in-solothurn\/#primaryimage\"},\"thumbnailUrl\":\"https:\/\/www.sgeaj.ch\/wp-content\/uploads\/2022\/10\/mm-besenval-bild-scaled.jpg\",\"datePublished\":\"2022-10-31T15:37:17+00:00\",\"dateModified\":\"2022-10-31T15:37:50+00:00\",\"inLanguage\":\"fr-FR\",\"potentialAction\":[{\"@type\":\"ReadAction\",\"target\":[\"https:\/\/www.sgeaj.ch\/fr\/aktualitaet\/besenvalarchiv-neu-in-solothurn\/\"]}]},{\"@type\":\"ImageObject\",\"inLanguage\":\"fr-FR\",\"@id\":\"https:\/\/www.sgeaj.ch\/fr\/aktualitaet\/besenvalarchiv-neu-in-solothurn\/#primaryimage\",\"url\":\"https:\/\/www.sgeaj.ch\/wp-content\/uploads\/2022\/10\/mm-besenval-bild-scaled.jpg\",\"contentUrl\":\"https:\/\/www.sgeaj.ch\/wp-content\/uploads\/2022\/10\/mm-besenval-bild-scaled.jpg\",\"width\":2317,\"height\":2560},{\"@type\":\"WebSite\",\"@id\":\"https:\/\/www.sgeaj.ch\/fr\/#website\",\"url\":\"https:\/\/www.sgeaj.ch\/fr\/\",\"name\":\"Schweizerische Gesellschaft f\u00fcr die Erforschung des 18. Jahrhunderts (SGEAJ - SSEDS)\",\"description\":\"Schweizerische Gesellschaft f\u00fcr die Erforschung des 18. Jahrhunderts\",\"publisher\":{\"@id\":\"https:\/\/www.sgeaj.ch\/fr\/#organization\"},\"potentialAction\":[{\"@type\":\"SearchAction\",\"target\":{\"@type\":\"EntryPoint\",\"urlTemplate\":\"https:\/\/www.sgeaj.ch\/fr\/?s={search_term_string}\"},\"query-input\":{\"@type\":\"PropertyValueSpecification\",\"valueRequired\":true,\"valueName\":\"search_term_string\"}}],\"inLanguage\":\"fr-FR\"},{\"@type\":\"Organization\",\"@id\":\"https:\/\/www.sgeaj.ch\/fr\/#organization\",\"name\":\"Schweizerische Gesellschaft f\u00fcr die Erforschung des 18. Jahrhunderts (SGEAJ - SSEDS)\",\"url\":\"https:\/\/www.sgeaj.ch\/fr\/\",\"logo\":{\"@type\":\"ImageObject\",\"inLanguage\":\"fr-FR\",\"@id\":\"https:\/\/www.sgeaj.ch\/fr\/#\/schema\/logo\/image\/\",\"url\":\"https:\/\/www.sgeaj.ch\/wp-content\/uploads\/2021\/06\/cropped-logo-xviiies-horiz-abreuviations-bleues.png\",\"contentUrl\":\"https:\/\/www.sgeaj.ch\/wp-content\/uploads\/2021\/06\/cropped-logo-xviiies-horiz-abreuviations-bleues.png\",\"width\":659,\"height\":335,\"caption\":\"Schweizerische Gesellschaft f\u00fcr die Erforschung des 18. Jahrhunderts (SGEAJ - SSEDS)\"},\"image\":{\"@id\":\"https:\/\/www.sgeaj.ch\/fr\/#\/schema\/logo\/image\/\"}},{\"@type\":\"Person\",\"@id\":\"https:\/\/www.sgeaj.ch\/fr\/#\/schema\/person\/2cd839eed625879a17645fc9f307c8e7\",\"name\":\"Nadja Ackermann\",\"url\":\"https:\/\/www.sgeaj.ch\/fr\/author\/naackermann\/\"}]}<\/script>\n<!-- \/ Yoast SEO plugin. -->","yoast_head_json":{"title":"Besenvalarchiv neu in Solothurn - Schweizerische Gesellschaft f\u00fcr die Erforschung des 18. Jahrhunderts (SGEAJ - SSEDS)","robots":{"index":"index","follow":"follow","max-snippet":"max-snippet:-1","max-image-preview":"max-image-preview:large","max-video-preview":"max-video-preview:-1"},"canonical":"https:\/\/www.sgeaj.ch\/fr\/aktualitaet\/besenvalarchiv-neu-in-solothurn\/","twitter_misc":{"\u00c9crit par":"Nadja Ackermann","Dur\u00e9e de lecture estim\u00e9e":"1 minute"},"schema":{"@context":"https:\/\/schema.org","@graph":[{"@type":"Article","@id":"https:\/\/www.sgeaj.ch\/fr\/aktualitaet\/besenvalarchiv-neu-in-solothurn\/#article","isPartOf":{"@id":"https:\/\/www.sgeaj.ch\/fr\/aktualitaet\/besenvalarchiv-neu-in-solothurn\/"},"author":{"name":"Nadja Ackermann","@id":"https:\/\/www.sgeaj.ch\/fr\/#\/schema\/person\/2cd839eed625879a17645fc9f307c8e7"},"headline":"Besenvalarchiv neu in Solothurn","datePublished":"2022-10-31T15:37:17+00:00","dateModified":"2022-10-31T15:37:50+00:00","mainEntityOfPage":{"@id":"https:\/\/www.sgeaj.ch\/fr\/aktualitaet\/besenvalarchiv-neu-in-solothurn\/"},"wordCount":188,"publisher":{"@id":"https:\/\/www.sgeaj.ch\/fr\/#organization"},"image":{"@id":"https:\/\/www.sgeaj.ch\/fr\/aktualitaet\/besenvalarchiv-neu-in-solothurn\/#primaryimage"},"thumbnailUrl":"https:\/\/www.sgeaj.ch\/wp-content\/uploads\/2022\/10\/mm-besenval-bild-scaled.jpg","articleSection":["Aktualit\u00e4t","Nachrichten"],"inLanguage":"fr-FR"},{"@type":"WebPage","@id":"https:\/\/www.sgeaj.ch\/fr\/aktualitaet\/besenvalarchiv-neu-in-solothurn\/","url":"https:\/\/www.sgeaj.ch\/fr\/aktualitaet\/besenvalarchiv-neu-in-solothurn\/","name":"Besenvalarchiv neu in Solothurn - Schweizerische Gesellschaft f\u00fcr die Erforschung des 18. Jahrhunderts (SGEAJ - SSEDS)","isPartOf":{"@id":"https:\/\/www.sgeaj.ch\/fr\/#website"},"primaryImageOfPage":{"@id":"https:\/\/www.sgeaj.ch\/fr\/aktualitaet\/besenvalarchiv-neu-in-solothurn\/#primaryimage"},"image":{"@id":"https:\/\/www.sgeaj.ch\/fr\/aktualitaet\/besenvalarchiv-neu-in-solothurn\/#primaryimage"},"thumbnailUrl":"https:\/\/www.sgeaj.ch\/wp-content\/uploads\/2022\/10\/mm-besenval-bild-scaled.jpg","datePublished":"2022-10-31T15:37:17+00:00","dateModified":"2022-10-31T15:37:50+00:00","inLanguage":"fr-FR","potentialAction":[{"@type":"ReadAction","target":["https:\/\/www.sgeaj.ch\/fr\/aktualitaet\/besenvalarchiv-neu-in-solothurn\/"]}]},{"@type":"ImageObject","inLanguage":"fr-FR","@id":"https:\/\/www.sgeaj.ch\/fr\/aktualitaet\/besenvalarchiv-neu-in-solothurn\/#primaryimage","url":"https:\/\/www.sgeaj.ch\/wp-content\/uploads\/2022\/10\/mm-besenval-bild-scaled.jpg","contentUrl":"https:\/\/www.sgeaj.ch\/wp-content\/uploads\/2022\/10\/mm-besenval-bild-scaled.jpg","width":2317,"height":2560},{"@type":"WebSite","@id":"https:\/\/www.sgeaj.ch\/fr\/#website","url":"https:\/\/www.sgeaj.ch\/fr\/","name":"Schweizerische Gesellschaft f\u00fcr die Erforschung des 18. Jahrhunderts (SGEAJ - SSEDS)","description":"Schweizerische Gesellschaft f\u00fcr die Erforschung des 18. Jahrhunderts","publisher":{"@id":"https:\/\/www.sgeaj.ch\/fr\/#organization"},"potentialAction":[{"@type":"SearchAction","target":{"@type":"EntryPoint","urlTemplate":"https:\/\/www.sgeaj.ch\/fr\/?s={search_term_string}"},"query-input":{"@type":"PropertyValueSpecification","valueRequired":true,"valueName":"search_term_string"}}],"inLanguage":"fr-FR"},{"@type":"Organization","@id":"https:\/\/www.sgeaj.ch\/fr\/#organization","name":"Schweizerische Gesellschaft f\u00fcr die Erforschung des 18. Jahrhunderts (SGEAJ - SSEDS)","url":"https:\/\/www.sgeaj.ch\/fr\/","logo":{"@type":"ImageObject","inLanguage":"fr-FR","@id":"https:\/\/www.sgeaj.ch\/fr\/#\/schema\/logo\/image\/","url":"https:\/\/www.sgeaj.ch\/wp-content\/uploads\/2021\/06\/cropped-logo-xviiies-horiz-abreuviations-bleues.png","contentUrl":"https:\/\/www.sgeaj.ch\/wp-content\/uploads\/2021\/06\/cropped-logo-xviiies-horiz-abreuviations-bleues.png","width":659,"height":335,"caption":"Schweizerische Gesellschaft f\u00fcr die Erforschung des 18. Jahrhunderts (SGEAJ - SSEDS)"},"image":{"@id":"https:\/\/www.sgeaj.ch\/fr\/#\/schema\/logo\/image\/"}},{"@type":"Person","@id":"https:\/\/www.sgeaj.ch\/fr\/#\/schema\/person\/2cd839eed625879a17645fc9f307c8e7","name":"Nadja Ackermann","url":"https:\/\/www.sgeaj.ch\/fr\/author\/naackermann\/"}]}},"_links":{"self":[{"href":"https:\/\/www.sgeaj.ch\/fr\/wp-json\/wp\/v2\/posts\/6872","targetHints":{"allow":["GET"]}}],"collection":[{"href":"https:\/\/www.sgeaj.ch\/fr\/wp-json\/wp\/v2\/posts"}],"about":[{"href":"https:\/\/www.sgeaj.ch\/fr\/wp-json\/wp\/v2\/types\/post"}],"author":[{"embeddable":true,"href":"https:\/\/www.sgeaj.ch\/fr\/wp-json\/wp\/v2\/users\/7"}],"replies":[{"embeddable":true,"href":"https:\/\/www.sgeaj.ch\/fr\/wp-json\/wp\/v2\/comments?post=6872"}],"version-history":[{"count":3,"href":"https:\/\/www.sgeaj.ch\/fr\/wp-json\/wp\/v2\/posts\/6872\/revisions"}],"predecessor-version":[{"id":6877,"href":"https:\/\/www.sgeaj.ch\/fr\/wp-json\/wp\/v2\/posts\/6872\/revisions\/6877"}],"wp:featuredmedia":[{"embeddable":true,"href":"https:\/\/www.sgeaj.ch\/fr\/wp-json\/wp\/v2\/media\/6873"}],"wp:attachment":[{"href":"https:\/\/www.sgeaj.ch\/fr\/wp-json\/wp\/v2\/media?parent=6872"}],"wp:term":[{"taxonomy":"category","embeddable":true,"href":"https:\/\/www.sgeaj.ch\/fr\/wp-json\/wp\/v2\/categories?post=6872"},{"taxonomy":"post_tag","embeddable":true,"href":"https:\/\/www.sgeaj.ch\/fr\/wp-json\/wp\/v2\/tags?post=6872"}],"curies":[{"name":"wp","href":"https:\/\/api.w.org\/{rel}","templated":true}]}}