{"id":6884,"date":"2022-11-03T20:05:17","date_gmt":"2022-11-03T19:05:17","guid":{"rendered":"https:\/\/www.sgeaj.ch\/?p=6884"},"modified":"2022-11-03T20:05:44","modified_gmt":"2022-11-03T19:05:44","slug":"lantiquite-et-la-construction-de-lavenir","status":"publish","type":"post","link":"https:\/\/www.sgeaj.ch\/fr\/actualite\/lantiquite-et-la-construction-de-lavenir\/","title":{"rendered":"L&rsquo;Antiquit\u00e9 et la construction de l&rsquo;avenir"},"content":{"rendered":"\n<h2 class=\"wp-block-heading\"><em>L&rsquo;Antiquit\u00e9 et la construction de l&rsquo;avenir \u00e0 l\u2019\u00e2ge des Lumi\u00e8res<\/em>, congr\u00e8s de la Soci\u00e9t\u00e9 Internationale d&rsquo;\u00c9tude du Dix-Huiti\u00e8me Si\u00e8cle (ISECS \u2013 SIEDS), Rome, 3-7 juillet 2023<\/h2>\n\n\n\n<p>Au XVIII<sup>e<\/sup> si\u00e8cle, une nouvelle mani\u00e8re d\u2019interpr\u00e9ter le pass\u00e9 transforme la perspective jusqu\u2019alors dominante, ainsi que l\u2019approche de la tradition. L\u2019h\u00e9ritage de l\u2019Antiquit\u00e9 subsistait sous forme de m\u00e9moire partag\u00e9e, mais le courant critique et analytique qui caract\u00e9rise le XVIIIe si\u00e8cle conduit \u00e0 revoir de quelle fa\u00e7on se situer face \u00e0 l\u2019Antiquit\u00e9 selon des processus de ren\u00e9gociation et de modernisation. Il est vrai qu\u2019au XVIIIe si\u00e8cle on assiste au r\u00e9tablissement des bases du savoir, entendu non seulement selon des typologies de connaissance diff\u00e9rentes, mais encore selon une modification du regard sur l\u2019individu dans son existence m\u00eame. Ce changement marque une rupture profonde avec le pass\u00e9 et d\u00e9finit les conditions d\u2019\u00e9laboration et de mise en pratique d\u2019une pens\u00e9e qui se construit au XVIIIe si\u00e8cle et au cours des si\u00e8cles suivants processus qui persiste encore aujourd\u2019hui. Les hommes des Lumi\u00e8res construisent leur pr\u00e9sent en se projetant dans l\u2019avenir, dans un dialogue cr\u00e9atif avec une Antiquit\u00e9 d\u00e9sormais r\u00e9\u00e9valu\u00e9e. <\/p>\n\n\n\n<p>Le d\u00e9fi que souhaite relever le Congr\u00e8s de la SIEDS est de saisir la motivation et le sens profond de cette transformation qui concerne tous les domaines du savoir et qui peut \u00eatre examin\u00e9e selon une grande vari\u00e9t\u00e9 de points de vue et d\u2019approches m\u00e9thodologiques.<\/p>\n\n\n\n<p>La premi\u00e8re phase de l\u2019organisation du Congr\u00e8s s\u2019ouvre avec un Appel en ligne pour des sessions et des tables rondes, du 30 avril au 15 septembre 2022. Apr\u00e8s, pendant la p\u00e9riode de l\u2019Appel \u00e0 communication (<strong>du 15 octobre 2022 au 31 janvier 2023<\/strong>), il sera possible d\u2019envoyer des <strong>propositions <\/strong>soit pour une session d\u00e9j\u00e0 accept\u00e9e et encore ouverte (par exemple, une session o\u00f9 figurent moins de 4 intervenants) ou pour des sessions nouvelles, qui seront constitu\u00e9es par les organisateurs du Congr\u00e8s \u00e0 partir des propositions qui leur seront parvenues et qui auront \u00e9t\u00e9 s\u00e9lectionn\u00e9es. Les propositions peuvent \u00eatre en anglais, en fran\u00e7ais ou en italien.<\/p>\n\n\n\n<p><a href=\"https:\/\/isecs-roma2023.net\/fr\/\" target=\"_blank\" rel=\"noreferrer noopener\">Informations suppl\u00e9mentaires<\/a><\/p>\n\n\n\n<p><\/p>\n","protected":false},"excerpt":{"rendered":"<p>L&rsquo;Antiquit\u00e9 et la construction de l&rsquo;avenir \u00e0 l\u2019\u00e2ge des Lumi\u00e8res, congr\u00e8s de la Soci\u00e9t\u00e9 Internationale d&rsquo;\u00c9tude du Dix-Huiti\u00e8me Si\u00e8cle (ISECS \u2013 SIEDS), Rome, 3-7 juillet 2023 Au XVIIIe si\u00e8cle, une nouvelle mani\u00e8re d\u2019interpr\u00e9ter le pass\u00e9 transforme la perspective jusqu\u2019alors dominante, ainsi que l\u2019approche de la tradition. L\u2019h\u00e9ritage de l\u2019Antiquit\u00e9 subsistait sous forme de m\u00e9moire partag\u00e9e, [&hellip;]<\/p>\n","protected":false},"author":7,"featured_media":6882,"comment_status":"closed","ping_status":"open","sticky":false,"template":"","format":"standard","meta":{"footnotes":""},"categories":[42,26,27],"tags":[],"class_list":{"0":"post-6884","1":"post","2":"type-post","3":"status-publish","4":"format-standard","5":"has-post-thumbnail","7":"category-actualite","8":"category-call-for-papers-fr","9":"category-colloques","10":"czr-hentry"},"yoast_head":"<!-- This site is optimized with the Yoast SEO plugin v26.9 - https:\/\/yoast.com\/product\/yoast-seo-wordpress\/ -->\n<title>L&#039;Antiquit\u00e9 et la construction de l&#039;avenir - Schweizerische Gesellschaft f\u00fcr die Erforschung des 18. Jahrhunderts (SGEAJ - SSEDS)<\/title>\n<meta name=\"robots\" content=\"index, follow, max-snippet:-1, max-image-preview:large, max-video-preview:-1\" \/>\n<link rel=\"canonical\" href=\"https:\/\/www.sgeaj.ch\/fr\/actualite\/lantiquite-et-la-construction-de-lavenir\/\" \/>\n<meta name=\"twitter:label1\" content=\"\u00c9crit par\" \/>\n\t<meta name=\"twitter:data1\" content=\"Nadja Ackermann\" \/>\n\t<meta name=\"twitter:label2\" content=\"Dur\u00e9e de lecture estim\u00e9e\" \/>\n\t<meta name=\"twitter:data2\" content=\"2 minutes\" \/>\n<script type=\"application\/ld+json\" class=\"yoast-schema-graph\">{\"@context\":\"https:\/\/schema.org\",\"@graph\":[{\"@type\":\"Article\",\"@id\":\"https:\/\/www.sgeaj.ch\/fr\/actualite\/lantiquite-et-la-construction-de-lavenir\/#article\",\"isPartOf\":{\"@id\":\"https:\/\/www.sgeaj.ch\/fr\/actualite\/lantiquite-et-la-construction-de-lavenir\/\"},\"author\":{\"name\":\"Nadja Ackermann\",\"@id\":\"https:\/\/www.sgeaj.ch\/fr\/#\/schema\/person\/2cd839eed625879a17645fc9f307c8e7\"},\"headline\":\"L&rsquo;Antiquit\u00e9 et la construction de l&rsquo;avenir\",\"datePublished\":\"2022-11-03T19:05:17+00:00\",\"dateModified\":\"2022-11-03T19:05:44+00:00\",\"mainEntityOfPage\":{\"@id\":\"https:\/\/www.sgeaj.ch\/fr\/actualite\/lantiquite-et-la-construction-de-lavenir\/\"},\"wordCount\":392,\"publisher\":{\"@id\":\"https:\/\/www.sgeaj.ch\/fr\/#organization\"},\"image\":{\"@id\":\"https:\/\/www.sgeaj.ch\/fr\/actualite\/lantiquite-et-la-construction-de-lavenir\/#primaryimage\"},\"thumbnailUrl\":\"https:\/\/www.sgeaj.ch\/wp-content\/uploads\/2022\/11\/roma-18th-century-scaled.jpg\",\"articleSection\":[\"Actualit\u00e9\",\"Call for Papers\",\"Colloques\"],\"inLanguage\":\"fr-FR\"},{\"@type\":\"WebPage\",\"@id\":\"https:\/\/www.sgeaj.ch\/fr\/actualite\/lantiquite-et-la-construction-de-lavenir\/\",\"url\":\"https:\/\/www.sgeaj.ch\/fr\/actualite\/lantiquite-et-la-construction-de-lavenir\/\",\"name\":\"L'Antiquit\u00e9 et la construction de l'avenir - Schweizerische Gesellschaft f\u00fcr die Erforschung des 18. Jahrhunderts (SGEAJ - SSEDS)\",\"isPartOf\":{\"@id\":\"https:\/\/www.sgeaj.ch\/fr\/#website\"},\"primaryImageOfPage\":{\"@id\":\"https:\/\/www.sgeaj.ch\/fr\/actualite\/lantiquite-et-la-construction-de-lavenir\/#primaryimage\"},\"image\":{\"@id\":\"https:\/\/www.sgeaj.ch\/fr\/actualite\/lantiquite-et-la-construction-de-lavenir\/#primaryimage\"},\"thumbnailUrl\":\"https:\/\/www.sgeaj.ch\/wp-content\/uploads\/2022\/11\/roma-18th-century-scaled.jpg\",\"datePublished\":\"2022-11-03T19:05:17+00:00\",\"dateModified\":\"2022-11-03T19:05:44+00:00\",\"inLanguage\":\"fr-FR\",\"potentialAction\":[{\"@type\":\"ReadAction\",\"target\":[\"https:\/\/www.sgeaj.ch\/fr\/actualite\/lantiquite-et-la-construction-de-lavenir\/\"]}]},{\"@type\":\"ImageObject\",\"inLanguage\":\"fr-FR\",\"@id\":\"https:\/\/www.sgeaj.ch\/fr\/actualite\/lantiquite-et-la-construction-de-lavenir\/#primaryimage\",\"url\":\"https:\/\/www.sgeaj.ch\/wp-content\/uploads\/2022\/11\/roma-18th-century-scaled.jpg\",\"contentUrl\":\"https:\/\/www.sgeaj.ch\/wp-content\/uploads\/2022\/11\/roma-18th-century-scaled.jpg\",\"width\":2560,\"height\":1707},{\"@type\":\"WebSite\",\"@id\":\"https:\/\/www.sgeaj.ch\/fr\/#website\",\"url\":\"https:\/\/www.sgeaj.ch\/fr\/\",\"name\":\"Schweizerische Gesellschaft f\u00fcr die Erforschung des 18. Jahrhunderts (SGEAJ - SSEDS)\",\"description\":\"Schweizerische Gesellschaft f\u00fcr die Erforschung des 18. Jahrhunderts\",\"publisher\":{\"@id\":\"https:\/\/www.sgeaj.ch\/fr\/#organization\"},\"potentialAction\":[{\"@type\":\"SearchAction\",\"target\":{\"@type\":\"EntryPoint\",\"urlTemplate\":\"https:\/\/www.sgeaj.ch\/fr\/?s={search_term_string}\"},\"query-input\":{\"@type\":\"PropertyValueSpecification\",\"valueRequired\":true,\"valueName\":\"search_term_string\"}}],\"inLanguage\":\"fr-FR\"},{\"@type\":\"Organization\",\"@id\":\"https:\/\/www.sgeaj.ch\/fr\/#organization\",\"name\":\"Schweizerische Gesellschaft f\u00fcr die Erforschung des 18. Jahrhunderts (SGEAJ - SSEDS)\",\"url\":\"https:\/\/www.sgeaj.ch\/fr\/\",\"logo\":{\"@type\":\"ImageObject\",\"inLanguage\":\"fr-FR\",\"@id\":\"https:\/\/www.sgeaj.ch\/fr\/#\/schema\/logo\/image\/\",\"url\":\"https:\/\/www.sgeaj.ch\/wp-content\/uploads\/2021\/06\/cropped-logo-xviiies-horiz-abreuviations-bleues.png\",\"contentUrl\":\"https:\/\/www.sgeaj.ch\/wp-content\/uploads\/2021\/06\/cropped-logo-xviiies-horiz-abreuviations-bleues.png\",\"width\":659,\"height\":335,\"caption\":\"Schweizerische Gesellschaft f\u00fcr die Erforschung des 18. Jahrhunderts (SGEAJ - SSEDS)\"},\"image\":{\"@id\":\"https:\/\/www.sgeaj.ch\/fr\/#\/schema\/logo\/image\/\"}},{\"@type\":\"Person\",\"@id\":\"https:\/\/www.sgeaj.ch\/fr\/#\/schema\/person\/2cd839eed625879a17645fc9f307c8e7\",\"name\":\"Nadja Ackermann\",\"url\":\"https:\/\/www.sgeaj.ch\/fr\/author\/naackermann\/\"}]}<\/script>\n<!-- \/ Yoast SEO plugin. -->","yoast_head_json":{"title":"L'Antiquit\u00e9 et la construction de l'avenir - Schweizerische Gesellschaft f\u00fcr die Erforschung des 18. Jahrhunderts (SGEAJ - SSEDS)","robots":{"index":"index","follow":"follow","max-snippet":"max-snippet:-1","max-image-preview":"max-image-preview:large","max-video-preview":"max-video-preview:-1"},"canonical":"https:\/\/www.sgeaj.ch\/fr\/actualite\/lantiquite-et-la-construction-de-lavenir\/","twitter_misc":{"\u00c9crit par":"Nadja Ackermann","Dur\u00e9e de lecture estim\u00e9e":"2 minutes"},"schema":{"@context":"https:\/\/schema.org","@graph":[{"@type":"Article","@id":"https:\/\/www.sgeaj.ch\/fr\/actualite\/lantiquite-et-la-construction-de-lavenir\/#article","isPartOf":{"@id":"https:\/\/www.sgeaj.ch\/fr\/actualite\/lantiquite-et-la-construction-de-lavenir\/"},"author":{"name":"Nadja Ackermann","@id":"https:\/\/www.sgeaj.ch\/fr\/#\/schema\/person\/2cd839eed625879a17645fc9f307c8e7"},"headline":"L&rsquo;Antiquit\u00e9 et la construction de l&rsquo;avenir","datePublished":"2022-11-03T19:05:17+00:00","dateModified":"2022-11-03T19:05:44+00:00","mainEntityOfPage":{"@id":"https:\/\/www.sgeaj.ch\/fr\/actualite\/lantiquite-et-la-construction-de-lavenir\/"},"wordCount":392,"publisher":{"@id":"https:\/\/www.sgeaj.ch\/fr\/#organization"},"image":{"@id":"https:\/\/www.sgeaj.ch\/fr\/actualite\/lantiquite-et-la-construction-de-lavenir\/#primaryimage"},"thumbnailUrl":"https:\/\/www.sgeaj.ch\/wp-content\/uploads\/2022\/11\/roma-18th-century-scaled.jpg","articleSection":["Actualit\u00e9","Call for Papers","Colloques"],"inLanguage":"fr-FR"},{"@type":"WebPage","@id":"https:\/\/www.sgeaj.ch\/fr\/actualite\/lantiquite-et-la-construction-de-lavenir\/","url":"https:\/\/www.sgeaj.ch\/fr\/actualite\/lantiquite-et-la-construction-de-lavenir\/","name":"L'Antiquit\u00e9 et la construction de l'avenir - Schweizerische Gesellschaft f\u00fcr die Erforschung des 18. Jahrhunderts (SGEAJ - SSEDS)","isPartOf":{"@id":"https:\/\/www.sgeaj.ch\/fr\/#website"},"primaryImageOfPage":{"@id":"https:\/\/www.sgeaj.ch\/fr\/actualite\/lantiquite-et-la-construction-de-lavenir\/#primaryimage"},"image":{"@id":"https:\/\/www.sgeaj.ch\/fr\/actualite\/lantiquite-et-la-construction-de-lavenir\/#primaryimage"},"thumbnailUrl":"https:\/\/www.sgeaj.ch\/wp-content\/uploads\/2022\/11\/roma-18th-century-scaled.jpg","datePublished":"2022-11-03T19:05:17+00:00","dateModified":"2022-11-03T19:05:44+00:00","inLanguage":"fr-FR","potentialAction":[{"@type":"ReadAction","target":["https:\/\/www.sgeaj.ch\/fr\/actualite\/lantiquite-et-la-construction-de-lavenir\/"]}]},{"@type":"ImageObject","inLanguage":"fr-FR","@id":"https:\/\/www.sgeaj.ch\/fr\/actualite\/lantiquite-et-la-construction-de-lavenir\/#primaryimage","url":"https:\/\/www.sgeaj.ch\/wp-content\/uploads\/2022\/11\/roma-18th-century-scaled.jpg","contentUrl":"https:\/\/www.sgeaj.ch\/wp-content\/uploads\/2022\/11\/roma-18th-century-scaled.jpg","width":2560,"height":1707},{"@type":"WebSite","@id":"https:\/\/www.sgeaj.ch\/fr\/#website","url":"https:\/\/www.sgeaj.ch\/fr\/","name":"Schweizerische Gesellschaft f\u00fcr die Erforschung des 18. Jahrhunderts (SGEAJ - SSEDS)","description":"Schweizerische Gesellschaft f\u00fcr die Erforschung des 18. Jahrhunderts","publisher":{"@id":"https:\/\/www.sgeaj.ch\/fr\/#organization"},"potentialAction":[{"@type":"SearchAction","target":{"@type":"EntryPoint","urlTemplate":"https:\/\/www.sgeaj.ch\/fr\/?s={search_term_string}"},"query-input":{"@type":"PropertyValueSpecification","valueRequired":true,"valueName":"search_term_string"}}],"inLanguage":"fr-FR"},{"@type":"Organization","@id":"https:\/\/www.sgeaj.ch\/fr\/#organization","name":"Schweizerische Gesellschaft f\u00fcr die Erforschung des 18. Jahrhunderts (SGEAJ - SSEDS)","url":"https:\/\/www.sgeaj.ch\/fr\/","logo":{"@type":"ImageObject","inLanguage":"fr-FR","@id":"https:\/\/www.sgeaj.ch\/fr\/#\/schema\/logo\/image\/","url":"https:\/\/www.sgeaj.ch\/wp-content\/uploads\/2021\/06\/cropped-logo-xviiies-horiz-abreuviations-bleues.png","contentUrl":"https:\/\/www.sgeaj.ch\/wp-content\/uploads\/2021\/06\/cropped-logo-xviiies-horiz-abreuviations-bleues.png","width":659,"height":335,"caption":"Schweizerische Gesellschaft f\u00fcr die Erforschung des 18. Jahrhunderts (SGEAJ - SSEDS)"},"image":{"@id":"https:\/\/www.sgeaj.ch\/fr\/#\/schema\/logo\/image\/"}},{"@type":"Person","@id":"https:\/\/www.sgeaj.ch\/fr\/#\/schema\/person\/2cd839eed625879a17645fc9f307c8e7","name":"Nadja Ackermann","url":"https:\/\/www.sgeaj.ch\/fr\/author\/naackermann\/"}]}},"_links":{"self":[{"href":"https:\/\/www.sgeaj.ch\/fr\/wp-json\/wp\/v2\/posts\/6884","targetHints":{"allow":["GET"]}}],"collection":[{"href":"https:\/\/www.sgeaj.ch\/fr\/wp-json\/wp\/v2\/posts"}],"about":[{"href":"https:\/\/www.sgeaj.ch\/fr\/wp-json\/wp\/v2\/types\/post"}],"author":[{"embeddable":true,"href":"https:\/\/www.sgeaj.ch\/fr\/wp-json\/wp\/v2\/users\/7"}],"replies":[{"embeddable":true,"href":"https:\/\/www.sgeaj.ch\/fr\/wp-json\/wp\/v2\/comments?post=6884"}],"version-history":[{"count":2,"href":"https:\/\/www.sgeaj.ch\/fr\/wp-json\/wp\/v2\/posts\/6884\/revisions"}],"predecessor-version":[{"id":6887,"href":"https:\/\/www.sgeaj.ch\/fr\/wp-json\/wp\/v2\/posts\/6884\/revisions\/6887"}],"wp:featuredmedia":[{"embeddable":true,"href":"https:\/\/www.sgeaj.ch\/fr\/wp-json\/wp\/v2\/media\/6882"}],"wp:attachment":[{"href":"https:\/\/www.sgeaj.ch\/fr\/wp-json\/wp\/v2\/media?parent=6884"}],"wp:term":[{"taxonomy":"category","embeddable":true,"href":"https:\/\/www.sgeaj.ch\/fr\/wp-json\/wp\/v2\/categories?post=6884"},{"taxonomy":"post_tag","embeddable":true,"href":"https:\/\/www.sgeaj.ch\/fr\/wp-json\/wp\/v2\/tags?post=6884"}],"curies":[{"name":"wp","href":"https:\/\/api.w.org\/{rel}","templated":true}]}}