{"id":6901,"date":"2022-12-04T09:54:20","date_gmt":"2022-12-04T08:54:20","guid":{"rendered":"https:\/\/www.sgeaj.ch\/?p=6901"},"modified":"2022-12-04T09:54:22","modified_gmt":"2022-12-04T08:54:22","slug":"elections-de-la-sieds-2023","status":"publish","type":"post","link":"https:\/\/www.sgeaj.ch\/fr\/aktualitaet\/elections-de-la-sieds-2023\/","title":{"rendered":"\u00c9lections de la SIEDS 2023"},"content":{"rendered":"\n<p>Cher.\u00e8re.s coll\u00e8gues,<\/p>\n\n\n\n<p>Nous vous faisons parvenir la proc\u00e9dure \u00e9lectorale et le bulletin de vote postal pour les prochaines \u00e9lections de la SIEDS en 2023, qui d\u00e9termineront qui formera le prochain comit\u00e9 ex\u00e9cutif de la SIEDS. Nous donnons priorit\u00e9 au vote en ligne, mais souhaitons maintenir la possibilit\u00e9 de voter par voie postale, pour les membres ne pouvant ou ne souhaitant pas participer au vote en ligne. Les profils des candidates et candidats sont disponibles sur <a href=\"https:\/\/urldefense.com\/v3\/__https:\/oraprdnt.uqtr.uquebec.ca\/pls\/public\/gscw031?owa_no_site=307&amp;owa_no_fiche=537__;!!Dc8iu7o!1fAz_J81bvtvG2oQusqi2tFyvCnyhmfTSCfih9C9MOjdnIqbbj-7464vwpJ8gnBy58bZAgc0y5-CRwdiUzEK8EZOyOZJNwQ$\" rel=\"noreferrer noopener\" target=\"_blank\">le site internet de la SIEDS<\/a>. Merci de bien vouloir diffuser ces informations aupr\u00e8s de vos membres, et de les encourager \u00e0 participer au vote!<\/p>\n\n\n\n<div class=\"wp-block-file\"><a href=\"https:\/\/www.sgeaj.ch\/wp-content\/uploads\/2022\/12\/voting-precedures.pdf\">Voting precedures<\/a><a href=\"https:\/\/www.sgeaj.ch\/wp-content\/uploads\/2022\/12\/voting-precedures.pdf\" class=\"wp-block-file__button\" download>t\u00e9l\u00e9charger le PDF<\/a><\/div>\n\n\n\n<div class=\"wp-block-file\"><a href=\"https:\/\/www.sgeaj.ch\/wp-content\/uploads\/2022\/12\/ballot-paper.pdf\">Ballot-paper<\/a><a href=\"https:\/\/www.sgeaj.ch\/wp-content\/uploads\/2022\/12\/ballot-paper.pdf\" class=\"wp-block-file__button\" download>t\u00e9l\u00e9charger le PDF<\/a><\/div>\n","protected":false},"excerpt":{"rendered":"<p>Cher.\u00e8re.s coll\u00e8gues, Nous vous faisons parvenir la proc\u00e9dure \u00e9lectorale et le bulletin de vote postal pour les prochaines \u00e9lections de la SIEDS en 2023, qui d\u00e9termineront qui formera le prochain comit\u00e9 ex\u00e9cutif de la SIEDS. Nous donnons priorit\u00e9 au vote en ligne, mais souhaitons maintenir la possibilit\u00e9 de voter par voie postale, pour les membres [&hellip;]<\/p>\n","protected":false},"author":7,"featured_media":4231,"comment_status":"closed","ping_status":"open","sticky":false,"template":"","format":"standard","meta":{"footnotes":""},"categories":[34,35],"tags":[],"class_list":{"0":"post-6901","1":"post","2":"type-post","3":"status-publish","4":"format-standard","5":"has-post-thumbnail","7":"category-aktualitaet","8":"category-nachrichten","9":"czr-hentry"},"yoast_head":"<!-- This site is optimized with the Yoast SEO plugin v26.9 - https:\/\/yoast.com\/product\/yoast-seo-wordpress\/ -->\n<title>\u00c9lections de la SIEDS 2023 - Schweizerische Gesellschaft f\u00fcr die Erforschung des 18. Jahrhunderts (SGEAJ - SSEDS)<\/title>\n<meta name=\"robots\" content=\"index, follow, max-snippet:-1, max-image-preview:large, max-video-preview:-1\" \/>\n<link rel=\"canonical\" href=\"https:\/\/www.sgeaj.ch\/fr\/aktualitaet\/elections-de-la-sieds-2023\/\" \/>\n<meta name=\"twitter:label1\" content=\"\u00c9crit par\" \/>\n\t<meta name=\"twitter:data1\" content=\"Nadja Ackermann\" \/>\n\t<meta name=\"twitter:label2\" content=\"Dur\u00e9e de lecture estim\u00e9e\" \/>\n\t<meta name=\"twitter:data2\" content=\"1 minute\" \/>\n<script type=\"application\/ld+json\" class=\"yoast-schema-graph\">{\"@context\":\"https:\/\/schema.org\",\"@graph\":[{\"@type\":\"Article\",\"@id\":\"https:\/\/www.sgeaj.ch\/fr\/aktualitaet\/elections-de-la-sieds-2023\/#article\",\"isPartOf\":{\"@id\":\"https:\/\/www.sgeaj.ch\/fr\/aktualitaet\/elections-de-la-sieds-2023\/\"},\"author\":{\"name\":\"Nadja Ackermann\",\"@id\":\"https:\/\/www.sgeaj.ch\/fr\/#\/schema\/person\/2cd839eed625879a17645fc9f307c8e7\"},\"headline\":\"\u00c9lections de la SIEDS 2023\",\"datePublished\":\"2022-12-04T08:54:20+00:00\",\"dateModified\":\"2022-12-04T08:54:22+00:00\",\"mainEntityOfPage\":{\"@id\":\"https:\/\/www.sgeaj.ch\/fr\/aktualitaet\/elections-de-la-sieds-2023\/\"},\"wordCount\":122,\"publisher\":{\"@id\":\"https:\/\/www.sgeaj.ch\/fr\/#organization\"},\"image\":{\"@id\":\"https:\/\/www.sgeaj.ch\/fr\/aktualitaet\/elections-de-la-sieds-2023\/#primaryimage\"},\"thumbnailUrl\":\"https:\/\/www.sgeaj.ch\/wp-content\/uploads\/2020\/10\/ISECS.png\",\"articleSection\":[\"Aktualit\u00e4t\",\"Nachrichten\"],\"inLanguage\":\"fr-FR\"},{\"@type\":\"WebPage\",\"@id\":\"https:\/\/www.sgeaj.ch\/fr\/aktualitaet\/elections-de-la-sieds-2023\/\",\"url\":\"https:\/\/www.sgeaj.ch\/fr\/aktualitaet\/elections-de-la-sieds-2023\/\",\"name\":\"\u00c9lections de la SIEDS 2023 - Schweizerische Gesellschaft f\u00fcr die Erforschung des 18. Jahrhunderts (SGEAJ - SSEDS)\",\"isPartOf\":{\"@id\":\"https:\/\/www.sgeaj.ch\/fr\/#website\"},\"primaryImageOfPage\":{\"@id\":\"https:\/\/www.sgeaj.ch\/fr\/aktualitaet\/elections-de-la-sieds-2023\/#primaryimage\"},\"image\":{\"@id\":\"https:\/\/www.sgeaj.ch\/fr\/aktualitaet\/elections-de-la-sieds-2023\/#primaryimage\"},\"thumbnailUrl\":\"https:\/\/www.sgeaj.ch\/wp-content\/uploads\/2020\/10\/ISECS.png\",\"datePublished\":\"2022-12-04T08:54:20+00:00\",\"dateModified\":\"2022-12-04T08:54:22+00:00\",\"inLanguage\":\"fr-FR\",\"potentialAction\":[{\"@type\":\"ReadAction\",\"target\":[\"https:\/\/www.sgeaj.ch\/fr\/aktualitaet\/elections-de-la-sieds-2023\/\"]}]},{\"@type\":\"ImageObject\",\"inLanguage\":\"fr-FR\",\"@id\":\"https:\/\/www.sgeaj.ch\/fr\/aktualitaet\/elections-de-la-sieds-2023\/#primaryimage\",\"url\":\"https:\/\/www.sgeaj.ch\/wp-content\/uploads\/2020\/10\/ISECS.png\",\"contentUrl\":\"https:\/\/www.sgeaj.ch\/wp-content\/uploads\/2020\/10\/ISECS.png\",\"width\":772,\"height\":528},{\"@type\":\"WebSite\",\"@id\":\"https:\/\/www.sgeaj.ch\/fr\/#website\",\"url\":\"https:\/\/www.sgeaj.ch\/fr\/\",\"name\":\"Schweizerische Gesellschaft f\u00fcr die Erforschung des 18. Jahrhunderts (SGEAJ - SSEDS)\",\"description\":\"Schweizerische Gesellschaft f\u00fcr die Erforschung des 18. Jahrhunderts\",\"publisher\":{\"@id\":\"https:\/\/www.sgeaj.ch\/fr\/#organization\"},\"potentialAction\":[{\"@type\":\"SearchAction\",\"target\":{\"@type\":\"EntryPoint\",\"urlTemplate\":\"https:\/\/www.sgeaj.ch\/fr\/?s={search_term_string}\"},\"query-input\":{\"@type\":\"PropertyValueSpecification\",\"valueRequired\":true,\"valueName\":\"search_term_string\"}}],\"inLanguage\":\"fr-FR\"},{\"@type\":\"Organization\",\"@id\":\"https:\/\/www.sgeaj.ch\/fr\/#organization\",\"name\":\"Schweizerische Gesellschaft f\u00fcr die Erforschung des 18. Jahrhunderts (SGEAJ - SSEDS)\",\"url\":\"https:\/\/www.sgeaj.ch\/fr\/\",\"logo\":{\"@type\":\"ImageObject\",\"inLanguage\":\"fr-FR\",\"@id\":\"https:\/\/www.sgeaj.ch\/fr\/#\/schema\/logo\/image\/\",\"url\":\"https:\/\/www.sgeaj.ch\/wp-content\/uploads\/2021\/06\/cropped-logo-xviiies-horiz-abreuviations-bleues.png\",\"contentUrl\":\"https:\/\/www.sgeaj.ch\/wp-content\/uploads\/2021\/06\/cropped-logo-xviiies-horiz-abreuviations-bleues.png\",\"width\":659,\"height\":335,\"caption\":\"Schweizerische Gesellschaft f\u00fcr die Erforschung des 18. Jahrhunderts (SGEAJ - SSEDS)\"},\"image\":{\"@id\":\"https:\/\/www.sgeaj.ch\/fr\/#\/schema\/logo\/image\/\"}},{\"@type\":\"Person\",\"@id\":\"https:\/\/www.sgeaj.ch\/fr\/#\/schema\/person\/2cd839eed625879a17645fc9f307c8e7\",\"name\":\"Nadja Ackermann\",\"url\":\"https:\/\/www.sgeaj.ch\/fr\/author\/naackermann\/\"}]}<\/script>\n<!-- \/ Yoast SEO plugin. -->","yoast_head_json":{"title":"\u00c9lections de la SIEDS 2023 - Schweizerische Gesellschaft f\u00fcr die Erforschung des 18. Jahrhunderts (SGEAJ - SSEDS)","robots":{"index":"index","follow":"follow","max-snippet":"max-snippet:-1","max-image-preview":"max-image-preview:large","max-video-preview":"max-video-preview:-1"},"canonical":"https:\/\/www.sgeaj.ch\/fr\/aktualitaet\/elections-de-la-sieds-2023\/","twitter_misc":{"\u00c9crit par":"Nadja Ackermann","Dur\u00e9e de lecture estim\u00e9e":"1 minute"},"schema":{"@context":"https:\/\/schema.org","@graph":[{"@type":"Article","@id":"https:\/\/www.sgeaj.ch\/fr\/aktualitaet\/elections-de-la-sieds-2023\/#article","isPartOf":{"@id":"https:\/\/www.sgeaj.ch\/fr\/aktualitaet\/elections-de-la-sieds-2023\/"},"author":{"name":"Nadja Ackermann","@id":"https:\/\/www.sgeaj.ch\/fr\/#\/schema\/person\/2cd839eed625879a17645fc9f307c8e7"},"headline":"\u00c9lections de la SIEDS 2023","datePublished":"2022-12-04T08:54:20+00:00","dateModified":"2022-12-04T08:54:22+00:00","mainEntityOfPage":{"@id":"https:\/\/www.sgeaj.ch\/fr\/aktualitaet\/elections-de-la-sieds-2023\/"},"wordCount":122,"publisher":{"@id":"https:\/\/www.sgeaj.ch\/fr\/#organization"},"image":{"@id":"https:\/\/www.sgeaj.ch\/fr\/aktualitaet\/elections-de-la-sieds-2023\/#primaryimage"},"thumbnailUrl":"https:\/\/www.sgeaj.ch\/wp-content\/uploads\/2020\/10\/ISECS.png","articleSection":["Aktualit\u00e4t","Nachrichten"],"inLanguage":"fr-FR"},{"@type":"WebPage","@id":"https:\/\/www.sgeaj.ch\/fr\/aktualitaet\/elections-de-la-sieds-2023\/","url":"https:\/\/www.sgeaj.ch\/fr\/aktualitaet\/elections-de-la-sieds-2023\/","name":"\u00c9lections de la SIEDS 2023 - Schweizerische Gesellschaft f\u00fcr die Erforschung des 18. Jahrhunderts (SGEAJ - SSEDS)","isPartOf":{"@id":"https:\/\/www.sgeaj.ch\/fr\/#website"},"primaryImageOfPage":{"@id":"https:\/\/www.sgeaj.ch\/fr\/aktualitaet\/elections-de-la-sieds-2023\/#primaryimage"},"image":{"@id":"https:\/\/www.sgeaj.ch\/fr\/aktualitaet\/elections-de-la-sieds-2023\/#primaryimage"},"thumbnailUrl":"https:\/\/www.sgeaj.ch\/wp-content\/uploads\/2020\/10\/ISECS.png","datePublished":"2022-12-04T08:54:20+00:00","dateModified":"2022-12-04T08:54:22+00:00","inLanguage":"fr-FR","potentialAction":[{"@type":"ReadAction","target":["https:\/\/www.sgeaj.ch\/fr\/aktualitaet\/elections-de-la-sieds-2023\/"]}]},{"@type":"ImageObject","inLanguage":"fr-FR","@id":"https:\/\/www.sgeaj.ch\/fr\/aktualitaet\/elections-de-la-sieds-2023\/#primaryimage","url":"https:\/\/www.sgeaj.ch\/wp-content\/uploads\/2020\/10\/ISECS.png","contentUrl":"https:\/\/www.sgeaj.ch\/wp-content\/uploads\/2020\/10\/ISECS.png","width":772,"height":528},{"@type":"WebSite","@id":"https:\/\/www.sgeaj.ch\/fr\/#website","url":"https:\/\/www.sgeaj.ch\/fr\/","name":"Schweizerische Gesellschaft f\u00fcr die Erforschung des 18. Jahrhunderts (SGEAJ - SSEDS)","description":"Schweizerische Gesellschaft f\u00fcr die Erforschung des 18. Jahrhunderts","publisher":{"@id":"https:\/\/www.sgeaj.ch\/fr\/#organization"},"potentialAction":[{"@type":"SearchAction","target":{"@type":"EntryPoint","urlTemplate":"https:\/\/www.sgeaj.ch\/fr\/?s={search_term_string}"},"query-input":{"@type":"PropertyValueSpecification","valueRequired":true,"valueName":"search_term_string"}}],"inLanguage":"fr-FR"},{"@type":"Organization","@id":"https:\/\/www.sgeaj.ch\/fr\/#organization","name":"Schweizerische Gesellschaft f\u00fcr die Erforschung des 18. Jahrhunderts (SGEAJ - SSEDS)","url":"https:\/\/www.sgeaj.ch\/fr\/","logo":{"@type":"ImageObject","inLanguage":"fr-FR","@id":"https:\/\/www.sgeaj.ch\/fr\/#\/schema\/logo\/image\/","url":"https:\/\/www.sgeaj.ch\/wp-content\/uploads\/2021\/06\/cropped-logo-xviiies-horiz-abreuviations-bleues.png","contentUrl":"https:\/\/www.sgeaj.ch\/wp-content\/uploads\/2021\/06\/cropped-logo-xviiies-horiz-abreuviations-bleues.png","width":659,"height":335,"caption":"Schweizerische Gesellschaft f\u00fcr die Erforschung des 18. Jahrhunderts (SGEAJ - SSEDS)"},"image":{"@id":"https:\/\/www.sgeaj.ch\/fr\/#\/schema\/logo\/image\/"}},{"@type":"Person","@id":"https:\/\/www.sgeaj.ch\/fr\/#\/schema\/person\/2cd839eed625879a17645fc9f307c8e7","name":"Nadja Ackermann","url":"https:\/\/www.sgeaj.ch\/fr\/author\/naackermann\/"}]}},"_links":{"self":[{"href":"https:\/\/www.sgeaj.ch\/fr\/wp-json\/wp\/v2\/posts\/6901","targetHints":{"allow":["GET"]}}],"collection":[{"href":"https:\/\/www.sgeaj.ch\/fr\/wp-json\/wp\/v2\/posts"}],"about":[{"href":"https:\/\/www.sgeaj.ch\/fr\/wp-json\/wp\/v2\/types\/post"}],"author":[{"embeddable":true,"href":"https:\/\/www.sgeaj.ch\/fr\/wp-json\/wp\/v2\/users\/7"}],"replies":[{"embeddable":true,"href":"https:\/\/www.sgeaj.ch\/fr\/wp-json\/wp\/v2\/comments?post=6901"}],"version-history":[{"count":1,"href":"https:\/\/www.sgeaj.ch\/fr\/wp-json\/wp\/v2\/posts\/6901\/revisions"}],"predecessor-version":[{"id":6906,"href":"https:\/\/www.sgeaj.ch\/fr\/wp-json\/wp\/v2\/posts\/6901\/revisions\/6906"}],"wp:featuredmedia":[{"embeddable":true,"href":"https:\/\/www.sgeaj.ch\/fr\/wp-json\/wp\/v2\/media\/4231"}],"wp:attachment":[{"href":"https:\/\/www.sgeaj.ch\/fr\/wp-json\/wp\/v2\/media?parent=6901"}],"wp:term":[{"taxonomy":"category","embeddable":true,"href":"https:\/\/www.sgeaj.ch\/fr\/wp-json\/wp\/v2\/categories?post=6901"},{"taxonomy":"post_tag","embeddable":true,"href":"https:\/\/www.sgeaj.ch\/fr\/wp-json\/wp\/v2\/tags?post=6901"}],"curies":[{"name":"wp","href":"https:\/\/api.w.org\/{rel}","templated":true}]}}