{"id":6909,"date":"2022-12-14T18:53:03","date_gmt":"2022-12-14T17:53:03","guid":{"rendered":"https:\/\/www.sgeaj.ch\/?p=6909"},"modified":"2022-12-14T18:55:59","modified_gmt":"2022-12-14T17:55:59","slug":"gantet-zedelmaier-lesetraeume-traumlektueren-lire-en-reve-lire-des-reves-2022","status":"publish","type":"post","link":"https:\/\/www.sgeaj.ch\/fr\/aktualitaet\/neuerscheinungen\/gantet-zedelmaier-lesetraeume-traumlektueren-lire-en-reve-lire-des-reves-2022\/","title":{"rendered":"Gantet\/Zedelmaier, Lesetr\u00e4ume \u2013 Traumlekt\u00fcren \/ Lire en r\u00eave \u2013 lire des r\u00eaves, 2022"},"content":{"rendered":"\n<h3 class=\"wp-block-heading\">Claire Gantet \/ Helmut Zedelmaier (Hg.) Lesetr\u00e4ume \u2013 Traumlekt\u00fcren \/ Lire en r\u00eave \u2013 lire des r\u00eaves. Lesen und Traum in historischer Perspektive \/ Lire et r\u00eaver dans une perspective historique, Basel 2022<\/h3>\n\n\n\n<p>Lesen und Tr\u00e4umen verbindet auf den ersten Blick wenig. Lesen ist Kulturprodukt, Tr\u00e4umen hingegen, um es mit den Worten von C. G. Jung zu sagen, \u00abNaturprodukt\u00bb. Dennoch haben Lesen und Tr\u00e4umen Gemeinsamkeiten. Der weitgehend unerforschten Verwandtschaftsgeschichte, den Parallelen und Verbindungen von Lesen und Tr\u00e4umen widmen sich die Beitr\u00e4ge dieses Bandes in unterschiedlichen Hinsichten und historischen Perspektivierun-<br>gen: Was und wie wird im Traum gelesen? Verwandelt sich das Ich im Traum und beim Lesen? Das Buch wirft erhellende Schlaglichter im Blick auf das lange 18. Jahrhundert, als Lesetr\u00e4ume zu<br>einer Art experimenteller Werkstatt f\u00fcr die Erforschung der menschlichen Seele und ihrer \u00e4sthetischen Produktivit\u00e4t avancierten.<\/p>\n\n\n\n<p>\u00c0 premi\u00e8re vue, peu de choses lient l\u2019activit\u00e9 de la lecture \u00e0 celle du r\u00eave. Lire est un produit culturel tandis que r\u00eaver, pour reprendre les mots de C. G. Jung, est un \u00ab produit naturel \u00bb.<br>Cependant, la lecture et le r\u00eave partagent aussi des points communs. Les contributions de ce recueil explorent, sous diff\u00e9rents angles, l\u2019histoire de la parent\u00e9 entre lecture et r\u00eave, ainsi que les similitudes et les affinit\u00e9s qui les relient, autant de questions jusqu\u2019ici rarement \u00e9tudi\u00e9es. Que lit-on en r\u00eave et comment se d\u00e9roule cette lecture onirique ? Le moi se transforme-t-il dans<br>le r\u00eave ou pendant la lecture ? Ce livre \u00e9claire de quelques coups de projecteur sur le \u00ab long \u00bb XVIIIe si\u00e8cle, p\u00e9riode o\u00f9 la lecture en r\u00eave est promue au rang d\u2019atelier exp\u00e9rimental permettant de sonder l\u2019\u00e2me humaine et d\u2019\u00e9tudier sa productivit\u00e9 esth\u00e9tique.<\/p>\n\n\n\n<p><a href=\"https:\/\/schwabe.ch\/Lesetraeume-Traumlektueren\/Lire-en-reve-lire-des-reves-978-3-7965-4671-6\">Buch bestellen \/commander le livre<\/a><\/p>\n\n\n\n<div class=\"wp-block-image\"><figure class=\"alignleft size-large is-resized\"><img loading=\"lazy\" decoding=\"async\" src=\"https:\/\/www.sgeaj.ch\/wp-content\/uploads\/2022\/12\/lesetraume-703x1024.jpg\" alt=\"\" class=\"wp-image-6910\" width=\"300\" height=\"437\" srcset=\"https:\/\/www.sgeaj.ch\/wp-content\/uploads\/2022\/12\/lesetraume-703x1024.jpg 703w, https:\/\/www.sgeaj.ch\/wp-content\/uploads\/2022\/12\/lesetraume-206x300.jpg 206w, https:\/\/www.sgeaj.ch\/wp-content\/uploads\/2022\/12\/lesetraume-103x150.jpg 103w, https:\/\/www.sgeaj.ch\/wp-content\/uploads\/2022\/12\/lesetraume-768x1119.jpg 768w, https:\/\/www.sgeaj.ch\/wp-content\/uploads\/2022\/12\/lesetraume-1054x1536.jpg 1054w, https:\/\/www.sgeaj.ch\/wp-content\/uploads\/2022\/12\/lesetraume-1406x2048.jpg 1406w, https:\/\/www.sgeaj.ch\/wp-content\/uploads\/2022\/12\/lesetraume-scaled.jpg 1757w\" sizes=\"auto, (max-width: 300px) 100vw, 300px\" \/><\/figure><\/div>\n","protected":false},"excerpt":{"rendered":"<p>Claire Gantet \/ Helmut Zedelmaier (Hg.) Lesetr\u00e4ume \u2013 Traumlekt\u00fcren \/ Lire en r\u00eave \u2013 lire des r\u00eaves. Lesen und Traum in historischer Perspektive \/ Lire et r\u00eaver dans une perspective historique, Basel 2022 Lesen und Tr\u00e4umen verbindet auf den ersten Blick wenig. Lesen ist Kulturprodukt, Tr\u00e4umen hingegen, um es mit den Worten von C. G. [&hellip;]<\/p>\n","protected":false},"author":7,"featured_media":6910,"comment_status":"closed","ping_status":"open","sticky":false,"template":"","format":"standard","meta":{"footnotes":""},"categories":[34,22],"tags":[],"class_list":{"0":"post-6909","1":"post","2":"type-post","3":"status-publish","4":"format-standard","5":"has-post-thumbnail","7":"category-aktualitaet","8":"category-neuerscheinungen","9":"czr-hentry"},"yoast_head":"<!-- This site is optimized with the Yoast SEO plugin v26.9 - https:\/\/yoast.com\/product\/yoast-seo-wordpress\/ -->\n<title>Gantet\/Zedelmaier, Lesetr\u00e4ume \u2013 Traumlekt\u00fcren \/ Lire en r\u00eave \u2013 lire des r\u00eaves, 2022 - Schweizerische Gesellschaft f\u00fcr die Erforschung des 18. Jahrhunderts (SGEAJ - SSEDS)<\/title>\n<meta name=\"robots\" content=\"index, follow, max-snippet:-1, max-image-preview:large, max-video-preview:-1\" \/>\n<link rel=\"canonical\" href=\"https:\/\/www.sgeaj.ch\/fr\/aktualitaet\/neuerscheinungen\/gantet-zedelmaier-lesetraeume-traumlektueren-lire-en-reve-lire-des-reves-2022\/\" \/>\n<meta name=\"twitter:label1\" content=\"\u00c9crit par\" \/>\n\t<meta name=\"twitter:data1\" content=\"Nadja Ackermann\" \/>\n\t<meta name=\"twitter:label2\" content=\"Dur\u00e9e de lecture estim\u00e9e\" \/>\n\t<meta name=\"twitter:data2\" content=\"2 minutes\" \/>\n<script type=\"application\/ld+json\" class=\"yoast-schema-graph\">{\"@context\":\"https:\/\/schema.org\",\"@graph\":[{\"@type\":\"Article\",\"@id\":\"https:\/\/www.sgeaj.ch\/fr\/aktualitaet\/neuerscheinungen\/gantet-zedelmaier-lesetraeume-traumlektueren-lire-en-reve-lire-des-reves-2022\/#article\",\"isPartOf\":{\"@id\":\"https:\/\/www.sgeaj.ch\/fr\/aktualitaet\/neuerscheinungen\/gantet-zedelmaier-lesetraeume-traumlektueren-lire-en-reve-lire-des-reves-2022\/\"},\"author\":{\"name\":\"Nadja Ackermann\",\"@id\":\"https:\/\/www.sgeaj.ch\/fr\/#\/schema\/person\/2cd839eed625879a17645fc9f307c8e7\"},\"headline\":\"Gantet\/Zedelmaier, Lesetr\u00e4ume \u2013 Traumlekt\u00fcren \/ Lire en r\u00eave \u2013 lire des r\u00eaves, 2022\",\"datePublished\":\"2022-12-14T17:53:03+00:00\",\"dateModified\":\"2022-12-14T17:55:59+00:00\",\"mainEntityOfPage\":{\"@id\":\"https:\/\/www.sgeaj.ch\/fr\/aktualitaet\/neuerscheinungen\/gantet-zedelmaier-lesetraeume-traumlektueren-lire-en-reve-lire-des-reves-2022\/\"},\"wordCount\":314,\"publisher\":{\"@id\":\"https:\/\/www.sgeaj.ch\/fr\/#organization\"},\"image\":{\"@id\":\"https:\/\/www.sgeaj.ch\/fr\/aktualitaet\/neuerscheinungen\/gantet-zedelmaier-lesetraeume-traumlektueren-lire-en-reve-lire-des-reves-2022\/#primaryimage\"},\"thumbnailUrl\":\"https:\/\/www.sgeaj.ch\/wp-content\/uploads\/2022\/12\/lesetraume-scaled.jpg\",\"articleSection\":[\"Aktualit\u00e4t\",\"Neuerscheinungen\"],\"inLanguage\":\"fr-FR\"},{\"@type\":\"WebPage\",\"@id\":\"https:\/\/www.sgeaj.ch\/fr\/aktualitaet\/neuerscheinungen\/gantet-zedelmaier-lesetraeume-traumlektueren-lire-en-reve-lire-des-reves-2022\/\",\"url\":\"https:\/\/www.sgeaj.ch\/fr\/aktualitaet\/neuerscheinungen\/gantet-zedelmaier-lesetraeume-traumlektueren-lire-en-reve-lire-des-reves-2022\/\",\"name\":\"Gantet\/Zedelmaier, Lesetr\u00e4ume \u2013 Traumlekt\u00fcren \/ Lire en r\u00eave \u2013 lire des r\u00eaves, 2022 - Schweizerische Gesellschaft f\u00fcr die Erforschung des 18. Jahrhunderts (SGEAJ - SSEDS)\",\"isPartOf\":{\"@id\":\"https:\/\/www.sgeaj.ch\/fr\/#website\"},\"primaryImageOfPage\":{\"@id\":\"https:\/\/www.sgeaj.ch\/fr\/aktualitaet\/neuerscheinungen\/gantet-zedelmaier-lesetraeume-traumlektueren-lire-en-reve-lire-des-reves-2022\/#primaryimage\"},\"image\":{\"@id\":\"https:\/\/www.sgeaj.ch\/fr\/aktualitaet\/neuerscheinungen\/gantet-zedelmaier-lesetraeume-traumlektueren-lire-en-reve-lire-des-reves-2022\/#primaryimage\"},\"thumbnailUrl\":\"https:\/\/www.sgeaj.ch\/wp-content\/uploads\/2022\/12\/lesetraume-scaled.jpg\",\"datePublished\":\"2022-12-14T17:53:03+00:00\",\"dateModified\":\"2022-12-14T17:55:59+00:00\",\"inLanguage\":\"fr-FR\",\"potentialAction\":[{\"@type\":\"ReadAction\",\"target\":[\"https:\/\/www.sgeaj.ch\/fr\/aktualitaet\/neuerscheinungen\/gantet-zedelmaier-lesetraeume-traumlektueren-lire-en-reve-lire-des-reves-2022\/\"]}]},{\"@type\":\"ImageObject\",\"inLanguage\":\"fr-FR\",\"@id\":\"https:\/\/www.sgeaj.ch\/fr\/aktualitaet\/neuerscheinungen\/gantet-zedelmaier-lesetraeume-traumlektueren-lire-en-reve-lire-des-reves-2022\/#primaryimage\",\"url\":\"https:\/\/www.sgeaj.ch\/wp-content\/uploads\/2022\/12\/lesetraume-scaled.jpg\",\"contentUrl\":\"https:\/\/www.sgeaj.ch\/wp-content\/uploads\/2022\/12\/lesetraume-scaled.jpg\",\"width\":1757,\"height\":2560},{\"@type\":\"WebSite\",\"@id\":\"https:\/\/www.sgeaj.ch\/fr\/#website\",\"url\":\"https:\/\/www.sgeaj.ch\/fr\/\",\"name\":\"Schweizerische Gesellschaft f\u00fcr die Erforschung des 18. Jahrhunderts (SGEAJ - SSEDS)\",\"description\":\"Schweizerische Gesellschaft f\u00fcr die Erforschung des 18. Jahrhunderts\",\"publisher\":{\"@id\":\"https:\/\/www.sgeaj.ch\/fr\/#organization\"},\"potentialAction\":[{\"@type\":\"SearchAction\",\"target\":{\"@type\":\"EntryPoint\",\"urlTemplate\":\"https:\/\/www.sgeaj.ch\/fr\/?s={search_term_string}\"},\"query-input\":{\"@type\":\"PropertyValueSpecification\",\"valueRequired\":true,\"valueName\":\"search_term_string\"}}],\"inLanguage\":\"fr-FR\"},{\"@type\":\"Organization\",\"@id\":\"https:\/\/www.sgeaj.ch\/fr\/#organization\",\"name\":\"Schweizerische Gesellschaft f\u00fcr die Erforschung des 18. Jahrhunderts (SGEAJ - SSEDS)\",\"url\":\"https:\/\/www.sgeaj.ch\/fr\/\",\"logo\":{\"@type\":\"ImageObject\",\"inLanguage\":\"fr-FR\",\"@id\":\"https:\/\/www.sgeaj.ch\/fr\/#\/schema\/logo\/image\/\",\"url\":\"https:\/\/www.sgeaj.ch\/wp-content\/uploads\/2021\/06\/cropped-logo-xviiies-horiz-abreuviations-bleues.png\",\"contentUrl\":\"https:\/\/www.sgeaj.ch\/wp-content\/uploads\/2021\/06\/cropped-logo-xviiies-horiz-abreuviations-bleues.png\",\"width\":659,\"height\":335,\"caption\":\"Schweizerische Gesellschaft f\u00fcr die Erforschung des 18. Jahrhunderts (SGEAJ - SSEDS)\"},\"image\":{\"@id\":\"https:\/\/www.sgeaj.ch\/fr\/#\/schema\/logo\/image\/\"}},{\"@type\":\"Person\",\"@id\":\"https:\/\/www.sgeaj.ch\/fr\/#\/schema\/person\/2cd839eed625879a17645fc9f307c8e7\",\"name\":\"Nadja Ackermann\",\"url\":\"https:\/\/www.sgeaj.ch\/fr\/author\/naackermann\/\"}]}<\/script>\n<!-- \/ Yoast SEO plugin. -->","yoast_head_json":{"title":"Gantet\/Zedelmaier, Lesetr\u00e4ume \u2013 Traumlekt\u00fcren \/ Lire en r\u00eave \u2013 lire des r\u00eaves, 2022 - Schweizerische Gesellschaft f\u00fcr die Erforschung des 18. Jahrhunderts (SGEAJ - SSEDS)","robots":{"index":"index","follow":"follow","max-snippet":"max-snippet:-1","max-image-preview":"max-image-preview:large","max-video-preview":"max-video-preview:-1"},"canonical":"https:\/\/www.sgeaj.ch\/fr\/aktualitaet\/neuerscheinungen\/gantet-zedelmaier-lesetraeume-traumlektueren-lire-en-reve-lire-des-reves-2022\/","twitter_misc":{"\u00c9crit par":"Nadja Ackermann","Dur\u00e9e de lecture estim\u00e9e":"2 minutes"},"schema":{"@context":"https:\/\/schema.org","@graph":[{"@type":"Article","@id":"https:\/\/www.sgeaj.ch\/fr\/aktualitaet\/neuerscheinungen\/gantet-zedelmaier-lesetraeume-traumlektueren-lire-en-reve-lire-des-reves-2022\/#article","isPartOf":{"@id":"https:\/\/www.sgeaj.ch\/fr\/aktualitaet\/neuerscheinungen\/gantet-zedelmaier-lesetraeume-traumlektueren-lire-en-reve-lire-des-reves-2022\/"},"author":{"name":"Nadja Ackermann","@id":"https:\/\/www.sgeaj.ch\/fr\/#\/schema\/person\/2cd839eed625879a17645fc9f307c8e7"},"headline":"Gantet\/Zedelmaier, Lesetr\u00e4ume \u2013 Traumlekt\u00fcren \/ Lire en r\u00eave \u2013 lire des r\u00eaves, 2022","datePublished":"2022-12-14T17:53:03+00:00","dateModified":"2022-12-14T17:55:59+00:00","mainEntityOfPage":{"@id":"https:\/\/www.sgeaj.ch\/fr\/aktualitaet\/neuerscheinungen\/gantet-zedelmaier-lesetraeume-traumlektueren-lire-en-reve-lire-des-reves-2022\/"},"wordCount":314,"publisher":{"@id":"https:\/\/www.sgeaj.ch\/fr\/#organization"},"image":{"@id":"https:\/\/www.sgeaj.ch\/fr\/aktualitaet\/neuerscheinungen\/gantet-zedelmaier-lesetraeume-traumlektueren-lire-en-reve-lire-des-reves-2022\/#primaryimage"},"thumbnailUrl":"https:\/\/www.sgeaj.ch\/wp-content\/uploads\/2022\/12\/lesetraume-scaled.jpg","articleSection":["Aktualit\u00e4t","Neuerscheinungen"],"inLanguage":"fr-FR"},{"@type":"WebPage","@id":"https:\/\/www.sgeaj.ch\/fr\/aktualitaet\/neuerscheinungen\/gantet-zedelmaier-lesetraeume-traumlektueren-lire-en-reve-lire-des-reves-2022\/","url":"https:\/\/www.sgeaj.ch\/fr\/aktualitaet\/neuerscheinungen\/gantet-zedelmaier-lesetraeume-traumlektueren-lire-en-reve-lire-des-reves-2022\/","name":"Gantet\/Zedelmaier, Lesetr\u00e4ume \u2013 Traumlekt\u00fcren \/ Lire en r\u00eave \u2013 lire des r\u00eaves, 2022 - Schweizerische Gesellschaft f\u00fcr die Erforschung des 18. Jahrhunderts (SGEAJ - SSEDS)","isPartOf":{"@id":"https:\/\/www.sgeaj.ch\/fr\/#website"},"primaryImageOfPage":{"@id":"https:\/\/www.sgeaj.ch\/fr\/aktualitaet\/neuerscheinungen\/gantet-zedelmaier-lesetraeume-traumlektueren-lire-en-reve-lire-des-reves-2022\/#primaryimage"},"image":{"@id":"https:\/\/www.sgeaj.ch\/fr\/aktualitaet\/neuerscheinungen\/gantet-zedelmaier-lesetraeume-traumlektueren-lire-en-reve-lire-des-reves-2022\/#primaryimage"},"thumbnailUrl":"https:\/\/www.sgeaj.ch\/wp-content\/uploads\/2022\/12\/lesetraume-scaled.jpg","datePublished":"2022-12-14T17:53:03+00:00","dateModified":"2022-12-14T17:55:59+00:00","inLanguage":"fr-FR","potentialAction":[{"@type":"ReadAction","target":["https:\/\/www.sgeaj.ch\/fr\/aktualitaet\/neuerscheinungen\/gantet-zedelmaier-lesetraeume-traumlektueren-lire-en-reve-lire-des-reves-2022\/"]}]},{"@type":"ImageObject","inLanguage":"fr-FR","@id":"https:\/\/www.sgeaj.ch\/fr\/aktualitaet\/neuerscheinungen\/gantet-zedelmaier-lesetraeume-traumlektueren-lire-en-reve-lire-des-reves-2022\/#primaryimage","url":"https:\/\/www.sgeaj.ch\/wp-content\/uploads\/2022\/12\/lesetraume-scaled.jpg","contentUrl":"https:\/\/www.sgeaj.ch\/wp-content\/uploads\/2022\/12\/lesetraume-scaled.jpg","width":1757,"height":2560},{"@type":"WebSite","@id":"https:\/\/www.sgeaj.ch\/fr\/#website","url":"https:\/\/www.sgeaj.ch\/fr\/","name":"Schweizerische Gesellschaft f\u00fcr die Erforschung des 18. Jahrhunderts (SGEAJ - SSEDS)","description":"Schweizerische Gesellschaft f\u00fcr die Erforschung des 18. Jahrhunderts","publisher":{"@id":"https:\/\/www.sgeaj.ch\/fr\/#organization"},"potentialAction":[{"@type":"SearchAction","target":{"@type":"EntryPoint","urlTemplate":"https:\/\/www.sgeaj.ch\/fr\/?s={search_term_string}"},"query-input":{"@type":"PropertyValueSpecification","valueRequired":true,"valueName":"search_term_string"}}],"inLanguage":"fr-FR"},{"@type":"Organization","@id":"https:\/\/www.sgeaj.ch\/fr\/#organization","name":"Schweizerische Gesellschaft f\u00fcr die Erforschung des 18. Jahrhunderts (SGEAJ - SSEDS)","url":"https:\/\/www.sgeaj.ch\/fr\/","logo":{"@type":"ImageObject","inLanguage":"fr-FR","@id":"https:\/\/www.sgeaj.ch\/fr\/#\/schema\/logo\/image\/","url":"https:\/\/www.sgeaj.ch\/wp-content\/uploads\/2021\/06\/cropped-logo-xviiies-horiz-abreuviations-bleues.png","contentUrl":"https:\/\/www.sgeaj.ch\/wp-content\/uploads\/2021\/06\/cropped-logo-xviiies-horiz-abreuviations-bleues.png","width":659,"height":335,"caption":"Schweizerische Gesellschaft f\u00fcr die Erforschung des 18. Jahrhunderts (SGEAJ - SSEDS)"},"image":{"@id":"https:\/\/www.sgeaj.ch\/fr\/#\/schema\/logo\/image\/"}},{"@type":"Person","@id":"https:\/\/www.sgeaj.ch\/fr\/#\/schema\/person\/2cd839eed625879a17645fc9f307c8e7","name":"Nadja Ackermann","url":"https:\/\/www.sgeaj.ch\/fr\/author\/naackermann\/"}]}},"_links":{"self":[{"href":"https:\/\/www.sgeaj.ch\/fr\/wp-json\/wp\/v2\/posts\/6909","targetHints":{"allow":["GET"]}}],"collection":[{"href":"https:\/\/www.sgeaj.ch\/fr\/wp-json\/wp\/v2\/posts"}],"about":[{"href":"https:\/\/www.sgeaj.ch\/fr\/wp-json\/wp\/v2\/types\/post"}],"author":[{"embeddable":true,"href":"https:\/\/www.sgeaj.ch\/fr\/wp-json\/wp\/v2\/users\/7"}],"replies":[{"embeddable":true,"href":"https:\/\/www.sgeaj.ch\/fr\/wp-json\/wp\/v2\/comments?post=6909"}],"version-history":[{"count":3,"href":"https:\/\/www.sgeaj.ch\/fr\/wp-json\/wp\/v2\/posts\/6909\/revisions"}],"predecessor-version":[{"id":6915,"href":"https:\/\/www.sgeaj.ch\/fr\/wp-json\/wp\/v2\/posts\/6909\/revisions\/6915"}],"wp:featuredmedia":[{"embeddable":true,"href":"https:\/\/www.sgeaj.ch\/fr\/wp-json\/wp\/v2\/media\/6910"}],"wp:attachment":[{"href":"https:\/\/www.sgeaj.ch\/fr\/wp-json\/wp\/v2\/media?parent=6909"}],"wp:term":[{"taxonomy":"category","embeddable":true,"href":"https:\/\/www.sgeaj.ch\/fr\/wp-json\/wp\/v2\/categories?post=6909"},{"taxonomy":"post_tag","embeddable":true,"href":"https:\/\/www.sgeaj.ch\/fr\/wp-json\/wp\/v2\/tags?post=6909"}],"curies":[{"name":"wp","href":"https:\/\/api.w.org\/{rel}","templated":true}]}}