{"id":6970,"date":"2023-01-24T18:13:34","date_gmt":"2023-01-24T17:13:34","guid":{"rendered":"https:\/\/www.sgeaj.ch\/?p=6970"},"modified":"2023-01-24T18:16:04","modified_gmt":"2023-01-24T17:16:04","slug":"les-formes-du-temps-au-siecle-des-lumieres-seminaire-pour-les-jeunes-chercheurs-dix-huitiemistes-sieds-rome-27-30-juin-2023","status":"publish","type":"post","link":"https:\/\/www.sgeaj.ch\/fr\/aktualitaet\/les-formes-du-temps-au-siecle-des-lumieres-seminaire-pour-les-jeunes-chercheurs-dix-huitiemistes-sieds-rome-27-30-juin-2023\/","title":{"rendered":"Les formes du temps au si\u00e8cle des Lumi\u00e8res, S\u00e9minaire pour les jeunes chercheurs dix-huiti\u00e8mistes (SIEDS), Rome, 27-30 juin 2023"},"content":{"rendered":"\n<p>La Soci\u00e9t\u00e9 Internationale d\u2019\u00c9tudes du Dix-huiti\u00e8me Si\u00e8cle (SIEDS) a le plaisir d\u2019annoncer le<br>S\u00e9minaire international 2023 pour les jeunes chercheurs dix-huiti\u00e8mistes. Les coll\u00e8gues de tous les domaines des \u00e9tudes du XVIIIe si\u00e8cle sont invit\u00e9s \u00e0 soumettre des r\u00e9sum\u00e9s pour cet<br>\u00e9v\u00e9nement qui aura la dur\u00e9e d\u2019une semaine. <\/p>\n\n\n\n<p><br>En 2023, la rencontre aura lieu \u00e0 Monte Porzio Catone (Rome) dans la semaine pr\u00e9c\u00e9dant<br>le Congr\u00e8s international de la SIEDS \u00e0 Rome (www.isecs-roma2023.net). La rencontre aura lieu<br>sous le patronage de la SISSD, \u00abSociet\u00e0 Italiana di Studi sul Secolo XVIII\u00bb. Le S\u00e9minaire<br>international se tiendra du 27 au 30 juin 2023 et sera dirig\u00e9 par Gabriella Catalano, Chiara<br>Lucrezio Monticelli, Elisabetta Marino et Paolo Quintili. Le S\u00e9minaire se d\u00e9roulera \u00e0 Villa<br>Mondragone, une villa patricienne construite au XVIe si\u00e8cle dans la ville m\u00e9tropolitaine de Rome, et appartenant \u00e0 Universit\u00e9 de \u201cTor Vergata\u201d depuis 1981 (https:\/\/www.villamondragone.it)<\/p>\n\n\n\n<p>Cette ann\u00e9e, le th\u00e8me du s\u00e9minaire sera : Les formes du temps au si\u00e8cle des Lumi\u00e8res.<br>Le S\u00e9minaire comparera les diff\u00e9rentes exp\u00e9riences du Temps au dix-huiti\u00e8me si\u00e8cle. Nous<br>voulons favoriser le dialogue sur l\u2019un des th\u00e8mes qui ont orient\u00e9 la recherche sur les Lumi\u00e8res, identifi\u00e9 \u00e0 travers des cat\u00e9gories temporelles, visant de temps en temps \u00e0 marquer des c\u00e9sures, des changements, des continuit\u00e9s et des passages. Enfin, et surtout, la cat\u00e9gorie de la Modernit\u00e9 co\u00efncide avec une id\u00e9e d\u2019acc\u00e9l\u00e9ration impos\u00e9e par la R\u00e9volution fran\u00e7aise, qui englobe le monde de la technologie et de la connaissance. Cela signifie que la notion et la cognition du temps prennent une dimension sp\u00e9cifique, m\u00eame dans les diff\u00e9rentes significations qui sont sugg\u00e9r\u00e9es. Les diff\u00e9rentes formes du Temps (et de l\u2019Histoire) impliquent les objets du monde et les ph\u00e9nom\u00e8nes de la nature, le regard et les \u00e9motions. Lin\u00e9arit\u00e9 et cyclicit\u00e9, temps v\u00e9cu et temps per\u00e7u repr\u00e9sentent des mani\u00e8res de faire face \u00e0 cette acc\u00e9l\u00e9ration qui prend de plus en plus d\u2019importance en cette fin de si\u00e8cle.<\/p>\n\n\n\n<p>Date limite : La date limite de soumission des propositions est le <strong>31 janvier 2023<\/strong>. Les<br>candidatures doivent \u00eatre envoy\u00e9es par voie \u00e9lectronique, avec la proposition et le CV en pi\u00e8ce<br>jointe, \u00e0 l\u2019adresse suivante : earlycareerseminar@isecs-roma2023.net<\/p>\n\n\n\n<p><a href=\"https:\/\/www.isecs-roma2023.net\/fr\/contenu\/jeunes-chercheurs\/115\" target=\"_blank\" rel=\"noreferrer noopener\">Plus d&rsquo;information<\/a><\/p>\n","protected":false},"excerpt":{"rendered":"<p>La Soci\u00e9t\u00e9 Internationale d\u2019\u00c9tudes du Dix-huiti\u00e8me Si\u00e8cle (SIEDS) a le plaisir d\u2019annoncer leS\u00e9minaire international 2023 pour les jeunes chercheurs dix-huiti\u00e8mistes. Les coll\u00e8gues de tous les domaines des \u00e9tudes du XVIIIe si\u00e8cle sont invit\u00e9s \u00e0 soumettre des r\u00e9sum\u00e9s pour cet\u00e9v\u00e9nement qui aura la dur\u00e9e d\u2019une semaine. En 2023, la rencontre aura lieu \u00e0 Monte Porzio Catone [&hellip;]<\/p>\n","protected":false},"author":7,"featured_media":6881,"comment_status":"closed","ping_status":"open","sticky":false,"template":"","format":"standard","meta":{"footnotes":""},"categories":[34,23],"tags":[],"class_list":{"0":"post-6970","1":"post","2":"type-post","3":"status-publish","4":"format-standard","5":"has-post-thumbnail","7":"category-aktualitaet","8":"category-call-for-papers","9":"czr-hentry"},"yoast_head":"<!-- This site is optimized with the Yoast SEO plugin v26.9 - https:\/\/yoast.com\/product\/yoast-seo-wordpress\/ -->\n<title>Les formes du temps au si\u00e8cle des Lumi\u00e8res, S\u00e9minaire pour les jeunes chercheurs dix-huiti\u00e8mistes (SIEDS), Rome, 27-30 juin 2023 - Schweizerische Gesellschaft f\u00fcr die Erforschung des 18. Jahrhunderts (SGEAJ - SSEDS)<\/title>\n<meta name=\"robots\" content=\"index, follow, max-snippet:-1, max-image-preview:large, max-video-preview:-1\" \/>\n<link rel=\"canonical\" href=\"https:\/\/www.sgeaj.ch\/fr\/aktualitaet\/les-formes-du-temps-au-siecle-des-lumieres-seminaire-pour-les-jeunes-chercheurs-dix-huitiemistes-sieds-rome-27-30-juin-2023\/\" \/>\n<meta name=\"twitter:label1\" content=\"\u00c9crit par\" \/>\n\t<meta name=\"twitter:data1\" content=\"Nadja Ackermann\" \/>\n\t<meta name=\"twitter:label2\" content=\"Dur\u00e9e de lecture estim\u00e9e\" \/>\n\t<meta name=\"twitter:data2\" content=\"2 minutes\" \/>\n<script type=\"application\/ld+json\" class=\"yoast-schema-graph\">{\"@context\":\"https:\/\/schema.org\",\"@graph\":[{\"@type\":\"Article\",\"@id\":\"https:\/\/www.sgeaj.ch\/fr\/aktualitaet\/les-formes-du-temps-au-siecle-des-lumieres-seminaire-pour-les-jeunes-chercheurs-dix-huitiemistes-sieds-rome-27-30-juin-2023\/#article\",\"isPartOf\":{\"@id\":\"https:\/\/www.sgeaj.ch\/fr\/aktualitaet\/les-formes-du-temps-au-siecle-des-lumieres-seminaire-pour-les-jeunes-chercheurs-dix-huitiemistes-sieds-rome-27-30-juin-2023\/\"},\"author\":{\"name\":\"Nadja Ackermann\",\"@id\":\"https:\/\/www.sgeaj.ch\/fr\/#\/schema\/person\/2cd839eed625879a17645fc9f307c8e7\"},\"headline\":\"Les formes du temps au si\u00e8cle des Lumi\u00e8res, S\u00e9minaire pour les jeunes chercheurs dix-huiti\u00e8mistes (SIEDS), Rome, 27-30 juin 2023\",\"datePublished\":\"2023-01-24T17:13:34+00:00\",\"dateModified\":\"2023-01-24T17:16:04+00:00\",\"mainEntityOfPage\":{\"@id\":\"https:\/\/www.sgeaj.ch\/fr\/aktualitaet\/les-formes-du-temps-au-siecle-des-lumieres-seminaire-pour-les-jeunes-chercheurs-dix-huitiemistes-sieds-rome-27-30-juin-2023\/\"},\"wordCount\":422,\"publisher\":{\"@id\":\"https:\/\/www.sgeaj.ch\/fr\/#organization\"},\"image\":{\"@id\":\"https:\/\/www.sgeaj.ch\/fr\/aktualitaet\/les-formes-du-temps-au-siecle-des-lumieres-seminaire-pour-les-jeunes-chercheurs-dix-huitiemistes-sieds-rome-27-30-juin-2023\/#primaryimage\"},\"thumbnailUrl\":\"https:\/\/www.sgeaj.ch\/wp-content\/uploads\/2022\/11\/roma-18th-century-scaled.jpg\",\"articleSection\":[\"Aktualit\u00e4t\",\"Call for Papers\"],\"inLanguage\":\"fr-FR\"},{\"@type\":\"WebPage\",\"@id\":\"https:\/\/www.sgeaj.ch\/fr\/aktualitaet\/les-formes-du-temps-au-siecle-des-lumieres-seminaire-pour-les-jeunes-chercheurs-dix-huitiemistes-sieds-rome-27-30-juin-2023\/\",\"url\":\"https:\/\/www.sgeaj.ch\/fr\/aktualitaet\/les-formes-du-temps-au-siecle-des-lumieres-seminaire-pour-les-jeunes-chercheurs-dix-huitiemistes-sieds-rome-27-30-juin-2023\/\",\"name\":\"Les formes du temps au si\u00e8cle des Lumi\u00e8res, S\u00e9minaire pour les jeunes chercheurs dix-huiti\u00e8mistes (SIEDS), Rome, 27-30 juin 2023 - Schweizerische Gesellschaft f\u00fcr die Erforschung des 18. Jahrhunderts (SGEAJ - SSEDS)\",\"isPartOf\":{\"@id\":\"https:\/\/www.sgeaj.ch\/fr\/#website\"},\"primaryImageOfPage\":{\"@id\":\"https:\/\/www.sgeaj.ch\/fr\/aktualitaet\/les-formes-du-temps-au-siecle-des-lumieres-seminaire-pour-les-jeunes-chercheurs-dix-huitiemistes-sieds-rome-27-30-juin-2023\/#primaryimage\"},\"image\":{\"@id\":\"https:\/\/www.sgeaj.ch\/fr\/aktualitaet\/les-formes-du-temps-au-siecle-des-lumieres-seminaire-pour-les-jeunes-chercheurs-dix-huitiemistes-sieds-rome-27-30-juin-2023\/#primaryimage\"},\"thumbnailUrl\":\"https:\/\/www.sgeaj.ch\/wp-content\/uploads\/2022\/11\/roma-18th-century-scaled.jpg\",\"datePublished\":\"2023-01-24T17:13:34+00:00\",\"dateModified\":\"2023-01-24T17:16:04+00:00\",\"inLanguage\":\"fr-FR\",\"potentialAction\":[{\"@type\":\"ReadAction\",\"target\":[\"https:\/\/www.sgeaj.ch\/fr\/aktualitaet\/les-formes-du-temps-au-siecle-des-lumieres-seminaire-pour-les-jeunes-chercheurs-dix-huitiemistes-sieds-rome-27-30-juin-2023\/\"]}]},{\"@type\":\"ImageObject\",\"inLanguage\":\"fr-FR\",\"@id\":\"https:\/\/www.sgeaj.ch\/fr\/aktualitaet\/les-formes-du-temps-au-siecle-des-lumieres-seminaire-pour-les-jeunes-chercheurs-dix-huitiemistes-sieds-rome-27-30-juin-2023\/#primaryimage\",\"url\":\"https:\/\/www.sgeaj.ch\/wp-content\/uploads\/2022\/11\/roma-18th-century-scaled.jpg\",\"contentUrl\":\"https:\/\/www.sgeaj.ch\/wp-content\/uploads\/2022\/11\/roma-18th-century-scaled.jpg\",\"width\":2560,\"height\":1707},{\"@type\":\"WebSite\",\"@id\":\"https:\/\/www.sgeaj.ch\/fr\/#website\",\"url\":\"https:\/\/www.sgeaj.ch\/fr\/\",\"name\":\"Schweizerische Gesellschaft f\u00fcr die Erforschung des 18. Jahrhunderts (SGEAJ - SSEDS)\",\"description\":\"Schweizerische Gesellschaft f\u00fcr die Erforschung des 18. Jahrhunderts\",\"publisher\":{\"@id\":\"https:\/\/www.sgeaj.ch\/fr\/#organization\"},\"potentialAction\":[{\"@type\":\"SearchAction\",\"target\":{\"@type\":\"EntryPoint\",\"urlTemplate\":\"https:\/\/www.sgeaj.ch\/fr\/?s={search_term_string}\"},\"query-input\":{\"@type\":\"PropertyValueSpecification\",\"valueRequired\":true,\"valueName\":\"search_term_string\"}}],\"inLanguage\":\"fr-FR\"},{\"@type\":\"Organization\",\"@id\":\"https:\/\/www.sgeaj.ch\/fr\/#organization\",\"name\":\"Schweizerische Gesellschaft f\u00fcr die Erforschung des 18. Jahrhunderts (SGEAJ - SSEDS)\",\"url\":\"https:\/\/www.sgeaj.ch\/fr\/\",\"logo\":{\"@type\":\"ImageObject\",\"inLanguage\":\"fr-FR\",\"@id\":\"https:\/\/www.sgeaj.ch\/fr\/#\/schema\/logo\/image\/\",\"url\":\"https:\/\/www.sgeaj.ch\/wp-content\/uploads\/2021\/06\/cropped-logo-xviiies-horiz-abreuviations-bleues.png\",\"contentUrl\":\"https:\/\/www.sgeaj.ch\/wp-content\/uploads\/2021\/06\/cropped-logo-xviiies-horiz-abreuviations-bleues.png\",\"width\":659,\"height\":335,\"caption\":\"Schweizerische Gesellschaft f\u00fcr die Erforschung des 18. Jahrhunderts (SGEAJ - SSEDS)\"},\"image\":{\"@id\":\"https:\/\/www.sgeaj.ch\/fr\/#\/schema\/logo\/image\/\"}},{\"@type\":\"Person\",\"@id\":\"https:\/\/www.sgeaj.ch\/fr\/#\/schema\/person\/2cd839eed625879a17645fc9f307c8e7\",\"name\":\"Nadja Ackermann\",\"url\":\"https:\/\/www.sgeaj.ch\/fr\/author\/naackermann\/\"}]}<\/script>\n<!-- \/ Yoast SEO plugin. -->","yoast_head_json":{"title":"Les formes du temps au si\u00e8cle des Lumi\u00e8res, S\u00e9minaire pour les jeunes chercheurs dix-huiti\u00e8mistes (SIEDS), Rome, 27-30 juin 2023 - Schweizerische Gesellschaft f\u00fcr die Erforschung des 18. Jahrhunderts (SGEAJ - SSEDS)","robots":{"index":"index","follow":"follow","max-snippet":"max-snippet:-1","max-image-preview":"max-image-preview:large","max-video-preview":"max-video-preview:-1"},"canonical":"https:\/\/www.sgeaj.ch\/fr\/aktualitaet\/les-formes-du-temps-au-siecle-des-lumieres-seminaire-pour-les-jeunes-chercheurs-dix-huitiemistes-sieds-rome-27-30-juin-2023\/","twitter_misc":{"\u00c9crit par":"Nadja Ackermann","Dur\u00e9e de lecture estim\u00e9e":"2 minutes"},"schema":{"@context":"https:\/\/schema.org","@graph":[{"@type":"Article","@id":"https:\/\/www.sgeaj.ch\/fr\/aktualitaet\/les-formes-du-temps-au-siecle-des-lumieres-seminaire-pour-les-jeunes-chercheurs-dix-huitiemistes-sieds-rome-27-30-juin-2023\/#article","isPartOf":{"@id":"https:\/\/www.sgeaj.ch\/fr\/aktualitaet\/les-formes-du-temps-au-siecle-des-lumieres-seminaire-pour-les-jeunes-chercheurs-dix-huitiemistes-sieds-rome-27-30-juin-2023\/"},"author":{"name":"Nadja Ackermann","@id":"https:\/\/www.sgeaj.ch\/fr\/#\/schema\/person\/2cd839eed625879a17645fc9f307c8e7"},"headline":"Les formes du temps au si\u00e8cle des Lumi\u00e8res, S\u00e9minaire pour les jeunes chercheurs dix-huiti\u00e8mistes (SIEDS), Rome, 27-30 juin 2023","datePublished":"2023-01-24T17:13:34+00:00","dateModified":"2023-01-24T17:16:04+00:00","mainEntityOfPage":{"@id":"https:\/\/www.sgeaj.ch\/fr\/aktualitaet\/les-formes-du-temps-au-siecle-des-lumieres-seminaire-pour-les-jeunes-chercheurs-dix-huitiemistes-sieds-rome-27-30-juin-2023\/"},"wordCount":422,"publisher":{"@id":"https:\/\/www.sgeaj.ch\/fr\/#organization"},"image":{"@id":"https:\/\/www.sgeaj.ch\/fr\/aktualitaet\/les-formes-du-temps-au-siecle-des-lumieres-seminaire-pour-les-jeunes-chercheurs-dix-huitiemistes-sieds-rome-27-30-juin-2023\/#primaryimage"},"thumbnailUrl":"https:\/\/www.sgeaj.ch\/wp-content\/uploads\/2022\/11\/roma-18th-century-scaled.jpg","articleSection":["Aktualit\u00e4t","Call for Papers"],"inLanguage":"fr-FR"},{"@type":"WebPage","@id":"https:\/\/www.sgeaj.ch\/fr\/aktualitaet\/les-formes-du-temps-au-siecle-des-lumieres-seminaire-pour-les-jeunes-chercheurs-dix-huitiemistes-sieds-rome-27-30-juin-2023\/","url":"https:\/\/www.sgeaj.ch\/fr\/aktualitaet\/les-formes-du-temps-au-siecle-des-lumieres-seminaire-pour-les-jeunes-chercheurs-dix-huitiemistes-sieds-rome-27-30-juin-2023\/","name":"Les formes du temps au si\u00e8cle des Lumi\u00e8res, S\u00e9minaire pour les jeunes chercheurs dix-huiti\u00e8mistes (SIEDS), Rome, 27-30 juin 2023 - Schweizerische Gesellschaft f\u00fcr die Erforschung des 18. Jahrhunderts (SGEAJ - SSEDS)","isPartOf":{"@id":"https:\/\/www.sgeaj.ch\/fr\/#website"},"primaryImageOfPage":{"@id":"https:\/\/www.sgeaj.ch\/fr\/aktualitaet\/les-formes-du-temps-au-siecle-des-lumieres-seminaire-pour-les-jeunes-chercheurs-dix-huitiemistes-sieds-rome-27-30-juin-2023\/#primaryimage"},"image":{"@id":"https:\/\/www.sgeaj.ch\/fr\/aktualitaet\/les-formes-du-temps-au-siecle-des-lumieres-seminaire-pour-les-jeunes-chercheurs-dix-huitiemistes-sieds-rome-27-30-juin-2023\/#primaryimage"},"thumbnailUrl":"https:\/\/www.sgeaj.ch\/wp-content\/uploads\/2022\/11\/roma-18th-century-scaled.jpg","datePublished":"2023-01-24T17:13:34+00:00","dateModified":"2023-01-24T17:16:04+00:00","inLanguage":"fr-FR","potentialAction":[{"@type":"ReadAction","target":["https:\/\/www.sgeaj.ch\/fr\/aktualitaet\/les-formes-du-temps-au-siecle-des-lumieres-seminaire-pour-les-jeunes-chercheurs-dix-huitiemistes-sieds-rome-27-30-juin-2023\/"]}]},{"@type":"ImageObject","inLanguage":"fr-FR","@id":"https:\/\/www.sgeaj.ch\/fr\/aktualitaet\/les-formes-du-temps-au-siecle-des-lumieres-seminaire-pour-les-jeunes-chercheurs-dix-huitiemistes-sieds-rome-27-30-juin-2023\/#primaryimage","url":"https:\/\/www.sgeaj.ch\/wp-content\/uploads\/2022\/11\/roma-18th-century-scaled.jpg","contentUrl":"https:\/\/www.sgeaj.ch\/wp-content\/uploads\/2022\/11\/roma-18th-century-scaled.jpg","width":2560,"height":1707},{"@type":"WebSite","@id":"https:\/\/www.sgeaj.ch\/fr\/#website","url":"https:\/\/www.sgeaj.ch\/fr\/","name":"Schweizerische Gesellschaft f\u00fcr die Erforschung des 18. Jahrhunderts (SGEAJ - SSEDS)","description":"Schweizerische Gesellschaft f\u00fcr die Erforschung des 18. Jahrhunderts","publisher":{"@id":"https:\/\/www.sgeaj.ch\/fr\/#organization"},"potentialAction":[{"@type":"SearchAction","target":{"@type":"EntryPoint","urlTemplate":"https:\/\/www.sgeaj.ch\/fr\/?s={search_term_string}"},"query-input":{"@type":"PropertyValueSpecification","valueRequired":true,"valueName":"search_term_string"}}],"inLanguage":"fr-FR"},{"@type":"Organization","@id":"https:\/\/www.sgeaj.ch\/fr\/#organization","name":"Schweizerische Gesellschaft f\u00fcr die Erforschung des 18. Jahrhunderts (SGEAJ - SSEDS)","url":"https:\/\/www.sgeaj.ch\/fr\/","logo":{"@type":"ImageObject","inLanguage":"fr-FR","@id":"https:\/\/www.sgeaj.ch\/fr\/#\/schema\/logo\/image\/","url":"https:\/\/www.sgeaj.ch\/wp-content\/uploads\/2021\/06\/cropped-logo-xviiies-horiz-abreuviations-bleues.png","contentUrl":"https:\/\/www.sgeaj.ch\/wp-content\/uploads\/2021\/06\/cropped-logo-xviiies-horiz-abreuviations-bleues.png","width":659,"height":335,"caption":"Schweizerische Gesellschaft f\u00fcr die Erforschung des 18. Jahrhunderts (SGEAJ - SSEDS)"},"image":{"@id":"https:\/\/www.sgeaj.ch\/fr\/#\/schema\/logo\/image\/"}},{"@type":"Person","@id":"https:\/\/www.sgeaj.ch\/fr\/#\/schema\/person\/2cd839eed625879a17645fc9f307c8e7","name":"Nadja Ackermann","url":"https:\/\/www.sgeaj.ch\/fr\/author\/naackermann\/"}]}},"_links":{"self":[{"href":"https:\/\/www.sgeaj.ch\/fr\/wp-json\/wp\/v2\/posts\/6970","targetHints":{"allow":["GET"]}}],"collection":[{"href":"https:\/\/www.sgeaj.ch\/fr\/wp-json\/wp\/v2\/posts"}],"about":[{"href":"https:\/\/www.sgeaj.ch\/fr\/wp-json\/wp\/v2\/types\/post"}],"author":[{"embeddable":true,"href":"https:\/\/www.sgeaj.ch\/fr\/wp-json\/wp\/v2\/users\/7"}],"replies":[{"embeddable":true,"href":"https:\/\/www.sgeaj.ch\/fr\/wp-json\/wp\/v2\/comments?post=6970"}],"version-history":[{"count":1,"href":"https:\/\/www.sgeaj.ch\/fr\/wp-json\/wp\/v2\/posts\/6970\/revisions"}],"predecessor-version":[{"id":6971,"href":"https:\/\/www.sgeaj.ch\/fr\/wp-json\/wp\/v2\/posts\/6970\/revisions\/6971"}],"wp:featuredmedia":[{"embeddable":true,"href":"https:\/\/www.sgeaj.ch\/fr\/wp-json\/wp\/v2\/media\/6881"}],"wp:attachment":[{"href":"https:\/\/www.sgeaj.ch\/fr\/wp-json\/wp\/v2\/media?parent=6970"}],"wp:term":[{"taxonomy":"category","embeddable":true,"href":"https:\/\/www.sgeaj.ch\/fr\/wp-json\/wp\/v2\/categories?post=6970"},{"taxonomy":"post_tag","embeddable":true,"href":"https:\/\/www.sgeaj.ch\/fr\/wp-json\/wp\/v2\/tags?post=6970"}],"curies":[{"name":"wp","href":"https:\/\/api.w.org\/{rel}","templated":true}]}}